{"id":9520,"date":"2016-11-21T10:53:29","date_gmt":"2016-11-21T18:53:29","guid":{"rendered":"http:\/\/fatherbroom.com\/es\/?p=9520"},"modified":"2016-11-21T16:13:52","modified_gmt":"2016-11-22T00:13:52","slug":"misa-para-los-ninos-del-catecismo","status":"publish","type":"post","link":"https:\/\/fatherbroom.com\/es\/2016\/11\/misa-para-los-ninos-del-catecismo\/","title":{"rendered":"MISA PARA LOS NI\u00d1OS DEL CATECISMO"},"content":{"rendered":"<div class=\"powerpress_player\" id=\"powerpress_player_6939\"><!--[if lt IE 9]><script>document.createElement('audio');<\/script><![endif]-->\n<audio class=\"wp-audio-shortcode\" id=\"audio-9520-1\" preload=\"none\" style=\"width: 100%;\" controls=\"controls\"><source type=\"audio\/mpeg\" src=\"http:\/\/media.blubrry.com\/amdg_es\/fatherbroom.com\/es\/wp-content\/media\/sites\/3\/mp3\/MISA-DE-CATECISMO-CONOCER-A-DIOS.mp3?_=1\" \/><a href=\"http:\/\/media.blubrry.com\/amdg_es\/fatherbroom.com\/es\/wp-content\/media\/sites\/3\/mp3\/MISA-DE-CATECISMO-CONOCER-A-DIOS.mp3\">http:\/\/media.blubrry.com\/amdg_es\/fatherbroom.com\/es\/wp-content\/media\/sites\/3\/mp3\/MISA-DE-CATECISMO-CONOCER-A-DIOS.mp3<\/a><\/audio><\/div><p class=\"powerpress_links powerpress_links_mp3\" style=\"margin-bottom: 1px !important;\">Podcast: <a href=\"http:\/\/media.blubrry.com\/amdg_es\/fatherbroom.com\/es\/wp-content\/media\/sites\/3\/mp3\/MISA-DE-CATECISMO-CONOCER-A-DIOS.mp3\" class=\"powerpress_link_pinw\" target=\"_blank\" title=\"Reproducir en una nueva ventana\" onclick=\"return powerpress_pinw('https:\/\/fatherbroom.com\/es\/?powerpress_pinw=9520-podcast');\" rel=\"nofollow\">Reproducir en una nueva ventana<\/a> | <a href=\"http:\/\/media.blubrry.com\/amdg_es\/fatherbroom.com\/es\/wp-content\/media\/sites\/3\/mp3\/MISA-DE-CATECISMO-CONOCER-A-DIOS.mp3\" class=\"powerpress_link_d\" title=\"Descargar\" rel=\"nofollow\" download=\"MISA-DE-CATECISMO-CONOCER-A-DIOS.mp3\">Descargar<\/a><\/p><p class=\"powerpress_links powerpress_subscribe_links\">Suscr\u00edbete: <a href=\"https:\/\/itunes.apple.com\/us\/podcast\/padre-escobitas-podcast\/id1133834441?mt=2&amp;ls=1#episodeGuid=http%3A%2F%2Ffatherbroom.com%2Fes%2F%3Fp%3D9520\" class=\"powerpress_link_subscribe powerpress_link_subscribe_itunes\" target=\"_blank\" title=\"Suscr\u00edbete en Apple Podcasts\" rel=\"nofollow\">Apple Podcasts<\/a> | <a href=\"https:\/\/fatherbroom.com\/es\/feed\/podcast\/\" class=\"powerpress_link_subscribe powerpress_link_subscribe_rss\" target=\"_blank\" title=\"Suscr\u00edbete v\u00eda RSS\" rel=\"nofollow\">RSS<\/a><\/p><p><img loading=\"lazy\" decoding=\"async\" src=\"http:\/\/fatherbroom.com\/es\/wp-content\/media\/sites\/3\/jpg\/1279135848_f6d1.jpg\" alt=\"Misa de ni\u00f1os\" width=\"293\" height=\"201\" class=\"aligncenter  wp-image-9865\" \/><br \/><img loading=\"lazy\" decoding=\"async\" src=\"http:\/\/fatherbroom.com\/es\/wp-content\/media\/sites\/3\/jpg\/The-Sign-of-the-Cross-1.jpg\" alt=\"Ense\u00f1emos a nuestros ni\u00f1os\" width=\"288\" height=\"192\" class=\"aligncenter  wp-image-9024\" \/><br \/><span>Jes\u00fas dijo: <em>\u00ab<\/em><\/span><em>Dejad\u00a0a los\u00a0ni\u00f1os\u00a0venir a\u00a0m\u00ed<\/em><span><em>, y no se lo impid\u00e1is; porque de los tales es el reino de los cielos.\u00bb<\/em><\/p>\n<p><\/span><\/p>\n<p>Hoy el Padre Broom ense\u00f1a a los ni\u00f1os c\u00f3mo hacer la se\u00f1al y la doctrina b\u00e1sica de nuestra fe cat\u00f3lica.<\/p>\n<p><span>Padre Ed Broom, Oblato de la Virgen Mar<\/span><span>\u00ed<\/span><span>a, es vice-p<\/span><span>\u00e1<\/span><span>rroco en la parroquia de San Pedro Chanel en Hawaiian Gardens, California. Para leer art<\/span><span>\u00ed<\/span><span>culos o escuchar en ingl<\/span><span>\u00e9<\/span><span>s o espa<\/span><span>\u00f1<\/span><span>ol, por favor vaya a <a href=\"http:\/\/www.fatherbroom.com\">www.fatherbroom.com<\/a><\/span><\/p>\n<div><\/div>\n<div class=\"synved-social-container synved-social-container-share\" style=\"text-align: center\"><a class=\"synved-social-button synved-social-button-share synved-social-size-48 synved-social-resolution-single synved-social-provider-facebook nolightbox\" data-provider=\"facebook\" target=\"_blank\" rel=\"nofollow\" title=\"Share on Facebook\" href=\"https:\/\/www.facebook.com\/sharer.php?u=https%3A%2F%2Ffatherbroom.com%2Fes%2Fwp-json%2Fwp%2Fv2%2Fposts%2F9520&#038;t=MISA%20PARA%20LOS%20NI%C3%91OS%20DEL%20CATECISMO&#038;s=100&#038;p&#091;url&#093;=https%3A%2F%2Ffatherbroom.com%2Fes%2Fwp-json%2Fwp%2Fv2%2Fposts%2F9520&#038;p&#091;images&#093;&#091;0&#093;=http%3A%2F%2Ffatherbroom.com%2Fes%2Fwp-content%2Fmedia%2Fsites%2F3%2Fjpg%2FThe-Sign-of-the-Cross-1.jpg&#038;p&#091;title&#093;=MISA%20PARA%20LOS%20NI%C3%91OS%20DEL%20CATECISMO\" style=\"font-size: 0px;width:48px;height:48px;margin:0;margin-bottom:5px;margin-right:5px\"><img loading=\"lazy\" decoding=\"async\" alt=\"Facebook\" title=\"Share on Facebook\" class=\"synved-share-image synved-social-image synved-social-image-share\" width=\"48\" height=\"48\" style=\"display: inline;width:48px;height:48px;margin: 0;padding: 0;border: none;box-shadow: none\" src=\"https:\/\/fatherbroom.com\/es\/wp-content\/plugins\/social-media-feather\/synved-social\/image\/social\/regular\/96x96\/facebook.png\" \/><\/a><a class=\"synved-social-button synved-social-button-share synved-social-size-48 synved-social-resolution-single synved-social-provider-twitter nolightbox\" data-provider=\"twitter\" target=\"_blank\" rel=\"nofollow\" title=\"Share on Twitter\" href=\"https:\/\/twitter.com\/intent\/tweet?url=https%3A%2F%2Ffatherbroom.com%2Fes%2Fwp-json%2Fwp%2Fv2%2Fposts%2F9520&#038;text=Hey%20check%20this%20out\" style=\"font-size: 0px;width:48px;height:48px;margin:0;margin-bottom:5px;margin-right:5px\"><img loading=\"lazy\" decoding=\"async\" alt=\"twitter\" title=\"Share on Twitter\" class=\"synved-share-image synved-social-image synved-social-image-share\" width=\"48\" height=\"48\" style=\"display: inline;width:48px;height:48px;margin: 0;padding: 0;border: none;box-shadow: none\" src=\"https:\/\/fatherbroom.com\/es\/wp-content\/plugins\/social-media-feather\/synved-social\/image\/social\/regular\/96x96\/twitter.png\" \/><\/a><a class=\"synved-social-button synved-social-button-share synved-social-size-48 synved-social-resolution-single synved-social-provider-reddit nolightbox\" data-provider=\"reddit\" target=\"_blank\" rel=\"nofollow\" title=\"Share on Reddit\" href=\"https:\/\/www.reddit.com\/submit?url=https%3A%2F%2Ffatherbroom.com%2Fes%2Fwp-json%2Fwp%2Fv2%2Fposts%2F9520&#038;title=MISA%20PARA%20LOS%20NI%C3%91OS%20DEL%20CATECISMO\" style=\"font-size: 0px;width:48px;height:48px;margin:0;margin-bottom:5px;margin-right:5px\"><img loading=\"lazy\" decoding=\"async\" alt=\"reddit\" title=\"Share on Reddit\" class=\"synved-share-image synved-social-image synved-social-image-share\" width=\"48\" height=\"48\" style=\"display: inline;width:48px;height:48px;margin: 0;padding: 0;border: none;box-shadow: none\" src=\"https:\/\/fatherbroom.com\/es\/wp-content\/plugins\/social-media-feather\/synved-social\/image\/social\/regular\/96x96\/reddit.png\" \/><\/a><a class=\"synved-social-button synved-social-button-share synved-social-size-48 synved-social-resolution-single synved-social-provider-pinterest nolightbox\" data-provider=\"pinterest\" target=\"_blank\" rel=\"nofollow\" title=\"Pin it with Pinterest\" href=\"https:\/\/pinterest.com\/pin\/create\/button\/?url=https%3A%2F%2Ffatherbroom.com%2Fes%2Fwp-json%2Fwp%2Fv2%2Fposts%2F9520&#038;media=http%3A%2F%2Ffatherbroom.com%2Fes%2Fwp-content%2Fmedia%2Fsites%2F3%2Fjpg%2FThe-Sign-of-the-Cross-1.jpg&#038;description=MISA%20PARA%20LOS%20NI%C3%91OS%20DEL%20CATECISMO\" style=\"font-size: 0px;width:48px;height:48px;margin:0;margin-bottom:5px;margin-right:5px\"><img loading=\"lazy\" decoding=\"async\" alt=\"pinterest\" title=\"Pin it with Pinterest\" class=\"synved-share-image synved-social-image synved-social-image-share\" width=\"48\" height=\"48\" style=\"display: inline;width:48px;height:48px;margin: 0;padding: 0;border: none;box-shadow: none\" src=\"https:\/\/fatherbroom.com\/es\/wp-content\/plugins\/social-media-feather\/synved-social\/image\/social\/regular\/96x96\/pinterest.png\" \/><\/a><a class=\"synved-social-button synved-social-button-share synved-social-size-48 synved-social-resolution-single synved-social-provider-linkedin nolightbox\" data-provider=\"linkedin\" target=\"_blank\" rel=\"nofollow\" title=\"Share on Linkedin\" href=\"https:\/\/www.linkedin.com\/shareArticle?mini=true&#038;url=https%3A%2F%2Ffatherbroom.com%2Fes%2Fwp-json%2Fwp%2Fv2%2Fposts%2F9520&#038;title=MISA%20PARA%20LOS%20NI%C3%91OS%20DEL%20CATECISMO\" style=\"font-size: 0px;width:48px;height:48px;margin:0;margin-bottom:5px;margin-right:5px\"><img loading=\"lazy\" decoding=\"async\" alt=\"linkedin\" title=\"Share on Linkedin\" class=\"synved-share-image synved-social-image synved-social-image-share\" width=\"48\" height=\"48\" style=\"display: inline;width:48px;height:48px;margin: 0;padding: 0;border: none;box-shadow: none\" src=\"https:\/\/fatherbroom.com\/es\/wp-content\/plugins\/social-media-feather\/synved-social\/image\/social\/regular\/96x96\/linkedin.png\" \/><\/a><a class=\"synved-social-button synved-social-button-share synved-social-size-48 synved-social-resolution-single synved-social-provider-mail nolightbox\" data-provider=\"mail\" rel=\"nofollow\" title=\"Share by email\" href=\"mailto:?subject=MISA%20PARA%20LOS%20NI%C3%91OS%20DEL%20CATECISMO&#038;body=Hey%20check%20this%20out:%20https%3A%2F%2Ffatherbroom.com%2Fes%2Fwp-json%2Fwp%2Fv2%2Fposts%2F9520\" style=\"font-size: 0px;width:48px;height:48px;margin:0;margin-bottom:5px\"><img loading=\"lazy\" decoding=\"async\" alt=\"mail\" title=\"Share by email\" class=\"synved-share-image synved-social-image synved-social-image-share\" width=\"48\" height=\"48\" style=\"display: inline;width:48px;height:48px;margin: 0;padding: 0;border: none;box-shadow: none\" src=\"https:\/\/fatherbroom.com\/es\/wp-content\/plugins\/social-media-feather\/synved-social\/image\/social\/regular\/96x96\/mail.png\" \/><\/a><\/div>","protected":false},"excerpt":{"rendered":"<p>Jes\u00fas dijo: \u00abDejad\u00a0a los\u00a0ni\u00f1os\u00a0venir a\u00a0m\u00ed, y no se lo impid\u00e1is; porque de los tales es el reino de los cielos.\u00bb Hoy el Padre Broom ense\u00f1a a los ni\u00f1os c\u00f3mo hacer la se\u00f1al y la doctrina b\u00e1sica de nuestra fe cat\u00f3lica. Padre Ed Broom, Oblato de la Virgen Mar\u00eda, es vice-p\u00e1rroco en la parroquia de San [&hellip;]<\/p>\n","protected":false},"author":7,"featured_media":0,"comment_status":"open","ping_status":"open","sticky":false,"template":"","format":"standard","meta":{"_genesis_hide_title":false,"_genesis_hide_breadcrumbs":false,"_genesis_hide_singular_image":false,"_genesis_hide_footer_widgets":false,"_genesis_custom_body_class":"","_genesis_custom_post_class":"","_genesis_layout":"","footnotes":""},"categories":[3],"tags":[90,89,37],"class_list":{"0":"post-9520","1":"post","2":"type-post","3":"status-publish","4":"format-standard","6":"category-podcast","7":"tag-catolica","8":"tag-doctrina","9":"tag-misa","10":"entry"},"_links":{"self":[{"href":"https:\/\/fatherbroom.com\/es\/wp-json\/wp\/v2\/posts\/9520","targetHints":{"allow":["GET"]}}],"collection":[{"href":"https:\/\/fatherbroom.com\/es\/wp-json\/wp\/v2\/posts"}],"about":[{"href":"https:\/\/fatherbroom.com\/es\/wp-json\/wp\/v2\/types\/post"}],"author":[{"embeddable":true,"href":"https:\/\/fatherbroom.com\/es\/wp-json\/wp\/v2\/users\/7"}],"replies":[{"embeddable":true,"href":"https:\/\/fatherbroom.com\/es\/wp-json\/wp\/v2\/comments?post=9520"}],"version-history":[{"count":7,"href":"https:\/\/fatherbroom.com\/es\/wp-json\/wp\/v2\/posts\/9520\/revisions"}],"predecessor-version":[{"id":10134,"href":"https:\/\/fatherbroom.com\/es\/wp-json\/wp\/v2\/posts\/9520\/revisions\/10134"}],"wp:attachment":[{"href":"https:\/\/fatherbroom.com\/es\/wp-json\/wp\/v2\/media?parent=9520"}],"wp:term":[{"taxonomy":"category","embeddable":true,"href":"https:\/\/fatherbroom.com\/es\/wp-json\/wp\/v2\/categories?post=9520"},{"taxonomy":"post_tag","embeddable":true,"href":"https:\/\/fatherbroom.com\/es\/wp-json\/wp\/v2\/tags?post=9520"}],"curies":[{"name":"wp","href":"https:\/\/api.w.org\/{rel}","templated":true}]}}