{"id":33603,"date":"2022-06-12T06:15:26","date_gmt":"2022-06-12T13:15:26","guid":{"rendered":"http:\/\/fatherbroom.com\/es\/?p=33603"},"modified":"2022-06-12T06:30:57","modified_gmt":"2022-06-12T13:30:57","slug":"lecturas-del-dia-12-de-junio-2022","status":"publish","type":"post","link":"https:\/\/fatherbroom.com\/es\/2022\/06\/lecturas-del-dia-12-de-junio-2022\/","title":{"rendered":"LECTURAS DEL DIA | 12 DE JUNIO 2022"},"content":{"rendered":"\n<p><strong>\u00abPara cosas m\u00e1s grandes has nacido\u00bb. (Ven. Madre Luisita)<\/strong><\/p>\n\n\n\n<p><strong>DOMINGO 12 DE JUNIO Jn 16,12-15 SOLEMNIDAD DE LA SANT\u00cdSIMA TRINIDAD Verso del aleluya: \u00abGloria al Padre, al Hijo y al Esp\u00edritu Santo; al Dios que es, que era y que ha de venir\u00bb.<\/strong><\/p>\n\n\n\n<p><strong>Somos templos de la Sant\u00edsima Trinidad en virtud de nuestro Bautismo: \u00abYo os bautizo en el nombre del Padre, del Hijo y del Esp\u00edritu Santo. Am\u00e9n\u00bb. Tenemos un Dios tres veces santo que nos ha creado por amor, para amar a Dios a su vez, y para estar con Dios por toda la eternidad: el Padre, el Hijo y el Esp\u00edritu Santo. \u00a1Meditemos en esto con gran Gratitud y Alegr\u00eda!<\/strong><\/p>\n\n\n\n<p><strong>RECORDANDO LAS GRACIAS DE NUESTRO BAUTISMO por el P. Ed Broom, OMV<\/strong><\/p>\n\n\n\n<p><strong>El tiempo de Navidad termina con la Fiesta del Bautismo de Nuestro Se\u00f1or y Salvador Jesucristo en el r\u00edo Jord\u00e1n a sus 30 a\u00f1os, dado por San Juan Bautista. Las nubes se rasgaron, la paloma se pos\u00f3 sobre Jes\u00fas y se oy\u00f3 claramente la voz del Padre celestial: \u00abEste es mi Hijo amado en quien me complazco\u00bb. (Mt. 3:13-17)<\/strong><\/p>\n\n\n\n<p><strong>El Bautismo de Nuestro Se\u00f1or y Salvador Jesucristo nos convoca a todos los que hemos recibido el gran don y la gracia del Sacramento del Bautismo a renovar nuestras promesas bautismales. Escuchad y meditad las profundas pero sencillas palabras tomadas del Catecismo de la Iglesia Cat\u00f3lica sobre el Sacramento del Bautismo:<\/strong><\/p>\n\n\n\n<p><strong>\u00abEl Santo Bautismo es la base de toda la vida cristiana, la puerta de entrada a la vida en el Esp\u00edritu (vitae spiritualis ianua), y la puerta que da acceso a los dem\u00e1s sacramentos. Por el Bautismo somos liberados del pecado y renacemos como hijos de Dios; nos convertimos en miembros de Cristo, nos incorporamos a la Iglesia y nos hacemos part\u00edcipes de su misi\u00f3n: El Bautismo es el sacramento de la regeneraci\u00f3n por el agua y la palabra\u00bb. (Catecismo de la Iglesia Cat\u00f3lica # 1213)<\/strong><\/p>\n\n\n\n<p><strong>Espiritualmente y sobrenaturalmente, todo comenz\u00f3 en el momento de nuestro propio bautismo, cuando el ministro derram\u00f3 agua sobre nuestra frente y pronunci\u00f3 las palabras: \u00abYo te bautizo en el nombre del Padre y del Hijo y del Esp\u00edritu Santo. Am\u00e9n\u00bb.<\/strong><\/p>\n\n\n\n<p><strong>Las gracias fueron un diluvio, por no decir otra cosa. Escucha todo lo que ocurri\u00f3 el d\u00eda y el momento de tu bautismo. Transformado en hijo o hija de Dios, hermano o hermana de Jesucristo, amigo \u00edntimo del Esp\u00edritu Santo, templo e icono de la Sant\u00edsima Trinidad: todas estas gracias personales las recibimos en relaci\u00f3n con la Sant\u00edsima Trinidad al ser bautizados.<\/strong><\/p>\n\n\n\n<p><strong>Sin embargo, otras gracias y dones descendieron sobre nosotros de forma invisible, pero muy real. A continuaci\u00f3n, las numerosas virtudes de las que se impregn\u00f3 nuestra alma en el momento de nuestro Bautismo: las tres virtudes teologales de la fe, la esperanza y la caridad; luego las virtudes morales o cardinales de la justicia, la templanza, la prudencia y la fortaleza. Y al mismo tiempo recibimos los siete dones del Esp\u00edritu Santo: Sabidur\u00eda, ciencia, inteligencia, consejo, fortaleza, piedad y temor del Se\u00f1or.<\/strong><\/p>\n\n\n\n<p><strong>Por si fuera poco, en el momento del Bautismo nos convertimos en miembros de la Iglesia, el Cuerpo M\u00edstico de Cristo, exorcizado de la presencia del enemigo maligno (el demonio). Adem\u00e1s, con el Bautismo recibimos el derecho y el privilegio a las muchas inspiraciones celestiales que vienen del esp\u00edritu de Dios, y si vivimos nuestras promesas bautismales, \u00a1un d\u00eda la vida eterna en el cielo ser\u00e1 nuestra! \u00a1Qu\u00e9 generoso es nuestro buen Dios!<\/strong><\/p>\n\n\n\n<p><strong>Dado que todo comenz\u00f3 espiritualmente con el Bautismo, estamos llamados a vivir nuestro propio bautismo renunciando al demonio y a sus seducciones; tambi\u00e9n estamos llamados a renunciar al mundo y a sus seducciones, as\u00ed como a los bajos impulsos de nuestra naturaleza inferior que llamamos carne. En una palabra, desde el Bautismo todos estamos llamados a llevar una vida de santidad, recordando las palabras de Jes\u00fas que dijo: \u00abSed santos como vuestro Padre celestial es santo\u00bb. (Mt 5,48)<\/strong><\/p>\n\n\n\n<p><strong>\u00bfCu\u00e1les son los modos concretos en que podemos recordar nuestro bautismo, o el de los miembros de nuestra familia, y vivir con mayor energ\u00eda e intenci\u00f3n las responsabilidades que se derivan del gran Sacramento del Bautismo? Te ofrecemos cinco para tu meditaci\u00f3n, reflexi\u00f3n y aplicaci\u00f3n pr\u00e1ctica en tu caminar diario con el Se\u00f1or Jes\u00fas, que se bautiz\u00f3 en el r\u00edo Jord\u00e1n dejando un ejemplo para nosotros.<\/strong><\/p>\n\n\n\n<p><strong>1. El Bautismo de Jes\u00fas.&nbsp; Cada a\u00f1o que celebramos el Bautismo de Jes\u00fas, el sacerdote, en el contexto del Santo Sacrificio de la Misa, bendice al pueblo con agua bendita. En ese momento, debemos renovar nuestro propio compromiso bautismal con fe, fervor y empe\u00f1o en renunciar al pecado y seguir a Jes\u00fas con una determinaci\u00f3n decidida. Debemos esforzarnos por dejar la levadura muerta del pecado y vivir en la santidad de la luz de Cristo, que s\u00ed es la Luz del mundo.<\/strong><\/p>\n\n\n\n<p><strong>2. Bautizos de padres e hijos. Podr\u00eda ser una ense\u00f1anza y un momento catequ\u00e9tico muy poderoso por parte de los padres -especialmente con los m\u00e1s peque\u00f1os- celebrar la fecha del Bautismo de su hijo del mismo modo que celebrar\u00edan su cumplea\u00f1os natural. En efecto, el bautismo es nuestro segundo nacimiento. \u00bfPor qu\u00e9 no comprar una tarta y encender las velas, seg\u00fan el n\u00famero de a\u00f1os, y celebrar el nacimiento espiritual de su hijo? Sin embargo, todo esto debe hacerse en el contexto de la fe y la tequesis. Los padres pueden aprovechar este momento para explicar lo que es el Bautismo, lo que hace a nuestra alma y las responsabilidades que se derivan del Sacramento del Bautismo.<\/strong><\/p>\n\n\n\n<p><strong>3. La se\u00f1al de la cruz. Hacer la se\u00f1al de la cruz con fe y reverencia puede ser un medio eficaz para aumentar nuestra conciencia del Sacramento del Bautismo. El carisma fundamental de la gran m\u00edstica carmelita, la Beata Isabel de la Trinidad, era la conciencia aguda y viva de la Sant\u00edsima Trinidad que viv\u00eda en su alma por medio de la gracia. Por eso, cada vez que hacemos la se\u00f1al de la Trinidad y decimos: \u00abEn el nombre del Padre, del Hijo y del Esp\u00edritu Santo\u00bb, podemos recordar nuestra dignidad desde el Bautismo, que somos hijos de Dios Padre, hermanos de Jesucristo y amigos del Esp\u00edritu Santo. En efecto, cu\u00e1ntos pecados evitar\u00edamos cometer con nuestros cuerpos -templos de la Sant\u00edsima Trinidad- si fu\u00e9ramos conscientes de nuestra dignidad y de nuestro destino. No s\u00f3lo somos iconos vivos de la Trinidad a partir del Bautismo, sino que nuestro destino eterno es vivir en el seno de la Sant\u00edsima Trinidad por toda la eternidad.&nbsp;<\/strong><\/p>\n\n\n\n<p><strong>4. Agua bendita. Toda familia cat\u00f3lica-cristiana deber\u00eda tener agua bendita en su casa. Mejor a\u00fan, ser\u00eda tener agua bendita en una peque\u00f1a pila de agua bendita en todas las habitaciones. As\u00ed, al llegar o salir, cada miembro de la familia podr\u00eda bendecirse con agua bendita para protegerse de los esp\u00edritus malignos y para obtener la gracia de vivir seg\u00fan la dignidad que brota de nuestro Bautismo. \u00a1El agua bendita es un recuerdo \u00absanto\u00bb de Dios en nuestras vidas!<\/strong><\/p>\n\n\n\n<p><strong>5. Padres y Padrinos: Recuerden y vivan su responsabilidad. Los padrinos de un ni\u00f1o o adulto bautizado representan una familia mucho m\u00e1s amplia: la que pertenece a la Iglesia, que es la familia de Dios. Entre las muchas funciones de los padrinos, destaquemos dos funciones principales: 1) Oraci\u00f3n-Los padrinos deben rezar por sus ahijados, ojal\u00e1 todos los d\u00edas al menos un Ave Mar\u00eda, mejor a\u00fan un Rosario; 2) Buen ejemplo-Los padrinos est\u00e1n llamados a vivir el simbolismo de la vela encendida-es decir, est\u00e1n llamados a irradiar la luz del buen ejemplo en todo lo que dicen y hacen. El buen ejemplo ejerce una poderosa influencia sobre los dem\u00e1s; pensemos en el ejemplo de la Santa Madre Teresa de Calcuta, as\u00ed como en el de San Juan Pablo II: \u00a1qu\u00e9 antorchas ardientes en un mundo inmerso en la oscuridad del pecado! Los padres tienen un papel y una responsabilidad m\u00e1s amplia y seria que los padrinos. Es cierto que los padres deben rezar y dar buen ejemplo a sus hijos, pero deben ir mucho m\u00e1s all\u00e1 de estas dos funciones. Los padres tambi\u00e9n est\u00e1n llamados a educar a sus hij y en todos los aspectos: el car\u00e1cter y la formaci\u00f3n humana, la formaci\u00f3n de su mente, coraz\u00f3n, voluntad y alma. En una palabra, los padres deben formar a sus hijos para que sean excelentes ciudadanos de este mundo y futuros ciudadanos del reino de los cielos.<\/strong><\/p>\n\n\n\n<p><strong>En conclusi\u00f3n, recordemos nuestra gran dignidad y nuestro gran destino; y todo comienza en el momento en que recibimos el Sacramento del Bautismo. \u00bfDignidad? Somos templos de la Sant\u00edsima Trinidad una vez bautizados. \u00bfDestino? Nuestro objetivo final en la vida es estar unidos a la Sant\u00edsima Trinidad para siempre en el cielo. Que la Virgen, que es Hija de Dios Padre, Madre de Dios Hijo y Esposa m\u00edstica del Esp\u00edritu Santo, nos alcance la gracia de vivir plenamente el Sacramento del Bautismo en nuestra vida. Am\u00e9n.<\/strong><\/p>\n<div class=\"synved-social-container synved-social-container-share\" style=\"text-align: center\"><a class=\"synved-social-button synved-social-button-share synved-social-size-48 synved-social-resolution-single synved-social-provider-facebook nolightbox\" data-provider=\"facebook\" target=\"_blank\" rel=\"nofollow\" title=\"Share on Facebook\" href=\"https:\/\/www.facebook.com\/sharer.php?u=https%3A%2F%2Ffatherbroom.com%2Fes%2Fwp-json%2Fwp%2Fv2%2Fposts%2F33603&#038;t=LECTURAS%20DEL%20DIA%20%7C%2012%20DE%20JUNIO%202022&#038;s=100&#038;p&#091;url&#093;=https%3A%2F%2Ffatherbroom.com%2Fes%2Fwp-json%2Fwp%2Fv2%2Fposts%2F33603&#038;p&#091;images&#093;&#091;0&#093;=&#038;p&#091;title&#093;=LECTURAS%20DEL%20DIA%20%7C%2012%20DE%20JUNIO%202022\" style=\"font-size: 0px;width:48px;height:48px;margin:0;margin-bottom:5px;margin-right:5px\"><img loading=\"lazy\" decoding=\"async\" alt=\"Facebook\" title=\"Share on Facebook\" class=\"synved-share-image synved-social-image synved-social-image-share\" width=\"48\" height=\"48\" style=\"display: inline;width:48px;height:48px;margin: 0;padding: 0;border: none;box-shadow: none\" src=\"https:\/\/fatherbroom.com\/es\/wp-content\/plugins\/social-media-feather\/synved-social\/image\/social\/regular\/96x96\/facebook.png\" \/><\/a><a class=\"synved-social-button synved-social-button-share synved-social-size-48 synved-social-resolution-single synved-social-provider-twitter nolightbox\" data-provider=\"twitter\" target=\"_blank\" rel=\"nofollow\" title=\"Share on Twitter\" href=\"https:\/\/twitter.com\/intent\/tweet?url=https%3A%2F%2Ffatherbroom.com%2Fes%2Fwp-json%2Fwp%2Fv2%2Fposts%2F33603&#038;text=Hey%20check%20this%20out\" style=\"font-size: 0px;width:48px;height:48px;margin:0;margin-bottom:5px;margin-right:5px\"><img loading=\"lazy\" decoding=\"async\" alt=\"twitter\" title=\"Share on Twitter\" class=\"synved-share-image synved-social-image synved-social-image-share\" width=\"48\" height=\"48\" style=\"display: inline;width:48px;height:48px;margin: 0;padding: 0;border: none;box-shadow: none\" src=\"https:\/\/fatherbroom.com\/es\/wp-content\/plugins\/social-media-feather\/synved-social\/image\/social\/regular\/96x96\/twitter.png\" \/><\/a><a class=\"synved-social-button synved-social-button-share synved-social-size-48 synved-social-resolution-single synved-social-provider-reddit nolightbox\" data-provider=\"reddit\" target=\"_blank\" rel=\"nofollow\" title=\"Share on Reddit\" href=\"https:\/\/www.reddit.com\/submit?url=https%3A%2F%2Ffatherbroom.com%2Fes%2Fwp-json%2Fwp%2Fv2%2Fposts%2F33603&#038;title=LECTURAS%20DEL%20DIA%20%7C%2012%20DE%20JUNIO%202022\" style=\"font-size: 0px;width:48px;height:48px;margin:0;margin-bottom:5px;margin-right:5px\"><img loading=\"lazy\" decoding=\"async\" alt=\"reddit\" title=\"Share on Reddit\" class=\"synved-share-image synved-social-image synved-social-image-share\" width=\"48\" height=\"48\" style=\"display: inline;width:48px;height:48px;margin: 0;padding: 0;border: none;box-shadow: none\" src=\"https:\/\/fatherbroom.com\/es\/wp-content\/plugins\/social-media-feather\/synved-social\/image\/social\/regular\/96x96\/reddit.png\" \/><\/a><a class=\"synved-social-button synved-social-button-share synved-social-size-48 synved-social-resolution-single synved-social-provider-pinterest nolightbox\" data-provider=\"pinterest\" target=\"_blank\" rel=\"nofollow\" title=\"Pin it with Pinterest\" href=\"https:\/\/pinterest.com\/pin\/create\/button\/?url=https%3A%2F%2Ffatherbroom.com%2Fes%2Fwp-json%2Fwp%2Fv2%2Fposts%2F33603&#038;media=&#038;description=LECTURAS%20DEL%20DIA%20%7C%2012%20DE%20JUNIO%202022\" style=\"font-size: 0px;width:48px;height:48px;margin:0;margin-bottom:5px;margin-right:5px\"><img loading=\"lazy\" decoding=\"async\" alt=\"pinterest\" title=\"Pin it with Pinterest\" class=\"synved-share-image synved-social-image synved-social-image-share\" width=\"48\" height=\"48\" style=\"display: inline;width:48px;height:48px;margin: 0;padding: 0;border: none;box-shadow: none\" src=\"https:\/\/fatherbroom.com\/es\/wp-content\/plugins\/social-media-feather\/synved-social\/image\/social\/regular\/96x96\/pinterest.png\" \/><\/a><a class=\"synved-social-button synved-social-button-share synved-social-size-48 synved-social-resolution-single synved-social-provider-linkedin nolightbox\" data-provider=\"linkedin\" target=\"_blank\" rel=\"nofollow\" title=\"Share on Linkedin\" href=\"https:\/\/www.linkedin.com\/shareArticle?mini=true&#038;url=https%3A%2F%2Ffatherbroom.com%2Fes%2Fwp-json%2Fwp%2Fv2%2Fposts%2F33603&#038;title=LECTURAS%20DEL%20DIA%20%7C%2012%20DE%20JUNIO%202022\" style=\"font-size: 0px;width:48px;height:48px;margin:0;margin-bottom:5px;margin-right:5px\"><img loading=\"lazy\" decoding=\"async\" alt=\"linkedin\" title=\"Share on Linkedin\" class=\"synved-share-image synved-social-image synved-social-image-share\" width=\"48\" height=\"48\" style=\"display: inline;width:48px;height:48px;margin: 0;padding: 0;border: none;box-shadow: none\" src=\"https:\/\/fatherbroom.com\/es\/wp-content\/plugins\/social-media-feather\/synved-social\/image\/social\/regular\/96x96\/linkedin.png\" \/><\/a><a class=\"synved-social-button synved-social-button-share synved-social-size-48 synved-social-resolution-single synved-social-provider-mail nolightbox\" data-provider=\"mail\" rel=\"nofollow\" title=\"Share by email\" href=\"mailto:?subject=LECTURAS%20DEL%20DIA%20%7C%2012%20DE%20JUNIO%202022&#038;body=Hey%20check%20this%20out:%20https%3A%2F%2Ffatherbroom.com%2Fes%2Fwp-json%2Fwp%2Fv2%2Fposts%2F33603\" style=\"font-size: 0px;width:48px;height:48px;margin:0;margin-bottom:5px\"><img loading=\"lazy\" decoding=\"async\" alt=\"mail\" title=\"Share by email\" class=\"synved-share-image synved-social-image synved-social-image-share\" width=\"48\" height=\"48\" style=\"display: inline;width:48px;height:48px;margin: 0;padding: 0;border: none;box-shadow: none\" src=\"https:\/\/fatherbroom.com\/es\/wp-content\/plugins\/social-media-feather\/synved-social\/image\/social\/regular\/96x96\/mail.png\" \/><\/a><\/div>","protected":false},"excerpt":{"rendered":"<p>\u00abPara cosas m\u00e1s grandes has nacido\u00bb. (Ven. Madre Luisita) DOMINGO 12 DE JUNIO Jn 16,12-15 SOLEMNIDAD DE LA SANT\u00cdSIMA TRINIDAD Verso del aleluya: \u00abGloria al Padre, al Hijo y al Esp\u00edritu Santo; al Dios que es, que era y que ha de venir\u00bb. Somos templos de la Sant\u00edsima Trinidad en virtud de nuestro Bautismo: \u00abYo [&hellip;]<\/p>\n","protected":false},"author":16,"featured_media":0,"comment_status":"closed","ping_status":"closed","sticky":false,"template":"","format":"standard","meta":{"_genesis_hide_title":false,"_genesis_hide_breadcrumbs":false,"_genesis_hide_singular_image":false,"_genesis_hide_footer_widgets":false,"_genesis_custom_body_class":"","_genesis_custom_post_class":"","_genesis_layout":"","footnotes":""},"categories":[277],"tags":[],"class_list":{"0":"post-33603","1":"post","2":"type-post","3":"status-publish","4":"format-standard","6":"category-lecturas-del-dia","7":"entry"},"_links":{"self":[{"href":"https:\/\/fatherbroom.com\/es\/wp-json\/wp\/v2\/posts\/33603","targetHints":{"allow":["GET"]}}],"collection":[{"href":"https:\/\/fatherbroom.com\/es\/wp-json\/wp\/v2\/posts"}],"about":[{"href":"https:\/\/fatherbroom.com\/es\/wp-json\/wp\/v2\/types\/post"}],"author":[{"embeddable":true,"href":"https:\/\/fatherbroom.com\/es\/wp-json\/wp\/v2\/users\/16"}],"replies":[{"embeddable":true,"href":"https:\/\/fatherbroom.com\/es\/wp-json\/wp\/v2\/comments?post=33603"}],"version-history":[{"count":2,"href":"https:\/\/fatherbroom.com\/es\/wp-json\/wp\/v2\/posts\/33603\/revisions"}],"predecessor-version":[{"id":33605,"href":"https:\/\/fatherbroom.com\/es\/wp-json\/wp\/v2\/posts\/33603\/revisions\/33605"}],"wp:attachment":[{"href":"https:\/\/fatherbroom.com\/es\/wp-json\/wp\/v2\/media?parent=33603"}],"wp:term":[{"taxonomy":"category","embeddable":true,"href":"https:\/\/fatherbroom.com\/es\/wp-json\/wp\/v2\/categories?post=33603"},{"taxonomy":"post_tag","embeddable":true,"href":"https:\/\/fatherbroom.com\/es\/wp-json\/wp\/v2\/tags?post=33603"}],"curies":[{"name":"wp","href":"https:\/\/api.w.org\/{rel}","templated":true}]}}