{"id":33600,"date":"2022-06-11T07:21:52","date_gmt":"2022-06-11T14:21:52","guid":{"rendered":"http:\/\/fatherbroom.com\/es\/?p=33600"},"modified":"2022-06-11T07:45:01","modified_gmt":"2022-06-11T14:45:01","slug":"lecturas-del-dia-11-de-junio-2022","status":"publish","type":"post","link":"https:\/\/fatherbroom.com\/es\/2022\/06\/lecturas-del-dia-11-de-junio-2022\/","title":{"rendered":"LECTURAS DEL DIA | 11 DE JUNIO 2022"},"content":{"rendered":"\n<p><strong>\u00abPara cosas m\u00e1s grandes has nacido\u00bb. (Ven. Madre Luisita)<\/strong><\/p>\n\n\n\n<p><strong>S\u00c1BADO, 11 de Junio Mt 10, 7-13 Verso de aleluya: \u00abId y ense\u00f1ad a todas las naciones, dice el Se\u00f1or; yo estoy con vosotros siempre, hasta el fin del mundo\u00bb.<\/strong><\/p>\n\n\n\n<p><strong>\u00bfC\u00f3mo est\u00e1 Jes\u00fas siempre con nosotros? En su Cuerpo M\u00edstico la Iglesia, especialmente en su Presencia Real en la Sant\u00edsima Eucarist\u00eda.&nbsp;<\/strong><\/p>\n\n\n\n<p><strong>CIC 1324. La Eucarist\u00eda es \u00abfuente y cumbre de la vida cristiana\u00bb. \u00abLos dem\u00e1s sacramentos, y en realidad todos los ministerios eclesi\u00e1sticos y las obras de apostolado, est\u00e1n vinculados a la Eucarist\u00eda y se orientan hacia ella. Porque en la bendita Eucarist\u00eda est\u00e1 contenido todo el bien espiritual de la Iglesia, es decir, Cristo mismo, nuestra Pascua.\u00bb<\/strong><\/p>\n\n\n\n<p><strong>MAR\u00cdA Y EL AMOR A LA SANTA EUCARIST\u00cdA Por el P. Ed Broom, OMV<\/strong><\/p>\n\n\n\n<p><strong>Una de las citas m\u00e1s famosas de los Documentos del Vaticano II, la Constituci\u00f3n Dogm\u00e1tica Sacrosanctum Concilium -que se refiere a la Liturgia, m\u00e1s espec\u00edficamente al Santo Sacrificio de la Misa- es que la Misa es la fuente y la cumbre de nuestra vida. En otras palabras, el punto m\u00e1s alto, el pin\u00e1culo, la c\u00faspide, el cenit de nuestra vida terrenal se hace realidad con la celebraci\u00f3n de la Santa Misa.<\/strong><\/p>\n\n\n\n<p><strong>En el momento de la Consagraci\u00f3n en la Misa, cuando el sacerdote pronuncia las palabras: \u00abTomad y comed esto es mi Cuerpo; tomad y bebed esto es mi Sangre; haced esto en memoria m\u00eda\u00bb, Jes\u00fas se hace realmente presente en el Altar en su Cuerpo, Sangre, Alma y Divinidad.&nbsp;<\/strong><\/p>\n\n\n\n<p><strong>Tanto el Santo Sacrificio de la Misa como la celebraci\u00f3n de la Sagrada Eucarist\u00eda pueden relacionarse y conectarse con la Sant\u00edsima Virgen Mar\u00eda, y de diversas maneras. Presentemos algunas formas para nuestra reflexi\u00f3n, oraci\u00f3n y meditaci\u00f3n.<\/strong><\/p>\n\n\n\n<p><strong>1. EL S\u00cd DE MAR\u00cdA EN LA ANUNCIACI\u00d3N Y NUESTRA SANTA COMUNI\u00d3N&nbsp;<\/strong><\/p>\n\n\n\n<p><strong>San Juan Pablo II nos ofrece una brillante visi\u00f3n m\u00edstica y eucar\u00edstica sobre la relaci\u00f3n entre la Anunciaci\u00f3n y nuestra digna recepci\u00f3n de la Sagrada Eucarist\u00eda. El ex Santo Pont\u00edfice se\u00f1ala que cuando la Sant\u00edsima Virgen Mar\u00eda dio su consentimiento al Arc\u00e1ngel Gabriel en el momento de la Anunciaci\u00f3n con las palabras: \u00abHe aqu\u00ed la esclava del Se\u00f1or; h\u00e1gase en m\u00ed seg\u00fan tu palabra\u00bb. (Lc. 1,38), en ese momento Mar\u00eda fue eclipsada por el Esp\u00edritu Santo y recibi\u00f3 a Jes\u00fas en su seno y en lo m\u00e1s profundo de su pur\u00edsimo e Inmaculado Coraz\u00f3n. San Juan Pablo II hace este paralelismo. Cuando asistimos a la Misa y nos acercamos al altar para recibir la Sagrada Comuni\u00f3n y respondemos diciendo AM\u00c9N a la recepci\u00f3n de la Sagrada Comuni\u00f3n, es similar al S\u00cd de Mar\u00eda al Arc\u00e1ngel Gabriel. Tanto el S\u00cd de Mar\u00eda como nuestro AM\u00c9N tienen como resultado la recepci\u00f3n de Jes\u00fas en nuestro ser m\u00e1s \u00edntimo. El S\u00cd de Mar\u00eda tuvo como resultado la Encarnaci\u00f3n de Jes\u00fas en su Coraz\u00f3n y en su vientre. Nuestro AM\u00c9N da como resultado que Jes\u00fas descienda a lo m\u00e1s profundo de nuestro coraz\u00f3n y de nuestra alma en la Santa Comuni\u00f3n.&nbsp;<\/strong><\/p>\n\n\n\n<p><strong>Para concluir en este punto: si realmente tenemos un ardiente deseo de recibir a Jes\u00fas con mayor pureza de coraz\u00f3n, mayor fervor y mayor amor, entonces debemos hacer el esfuerzo y esforzarnos por recibir la Santa Comuni\u00f3n a trav\u00e9s de la presencia e intercesi\u00f3n de Mar\u00eda en el momento en que recibimos a nuestro Se\u00f1or Eucar\u00edstico. Como Mar\u00eda, sin duda, recibi\u00f3 a Jes\u00fas con una fe viva, una profunda humildad y un amor ardiente, as\u00ed puede conseguir para nosotros Comuniones m\u00e1s eficaces, que nos ayuden a vivir la expresi\u00f3n paulina: \u00abYa no vivo yo, sino que es Cristo quien vive en m\u00ed\u00bb. (Gal. 2,20)<\/strong><\/p>\n\n\n\n<p><strong>2. LA VISITA DE MAR\u00cdA A ISABEL Y LOS EFECTOS DE LA SANTA COMUNI\u00d3N&nbsp;<\/strong><\/p>\n\n\n\n<p><strong>Como continuaci\u00f3n del Misterio de la Anunciaci\u00f3n y de que Mar\u00eda reciba a Jes\u00fas diciendo S\u00cd a Dios, tenemos el Misterio de la Visitaci\u00f3n. \u00bfCu\u00e1l es la lecci\u00f3n que Mar\u00eda nos ense\u00f1a en la Visitaci\u00f3n relacionada con el Santo Sacrificio de la Misa y la Santa Comuni\u00f3n? Simplemente esto: Mar\u00eda nos ense\u00f1a que recibir a Jes\u00fas en nuestros corazones debe ser una poderosa motivaci\u00f3n para que todos nosotros no guardemos a Jes\u00fas para nosotros mismos de manera ego\u00edsta. Al contrario, la recepci\u00f3n de Jes\u00fas en la Sagrada Comuni\u00f3n debe dar lugar a una explosi\u00f3n de caridad fraterna y de servicio en nuestro coraz\u00f3n, en el sentido de que no podemos guardar a Jes\u00fas para nosotros mismos, sino que sentimos la irresistible motivaci\u00f3n de llevarlo a los dem\u00e1s con nuestras palabras y nuestras obras. Al recibir a Jes\u00fas en la Anunciaci\u00f3n, Mar\u00eda no pudo esperar, sino que se apresur\u00f3 a llevar a Jes\u00fas a su prima Isabel, que llevaba en su seno a San Juan Bautista. \u00a1Que nosotros tambi\u00e9n vayamos deprisa a llevar a los dem\u00e1s el amor de Jes\u00fas que acabamos de recibir!<\/strong><\/p>\n\n\n\n<p><strong>3. LA VISITACI\u00d3N Y MAR\u00cdA COMO PATRONA DE LAS PROCESIONES EUCAR\u00cdSTICAS-CORPUS CHRISTI&nbsp;<\/strong><\/p>\n\n\n\n<p><strong>La Sant\u00edsima Virgen Mar\u00eda, despu\u00e9s de concebir a Jes\u00fas en su seno, viaj\u00f3 aproximadamente 80 millas para visitar a su prima Isabel en la ciudad de Ain Karem. Estaba situada en el campo de las colinas, por lo que Mar\u00eda tuvo que subir, ascender al atravesar el terreno. Sin embargo, cabe destacar que durante este largo viaje de la Sant\u00edsima Virgen Mar\u00eda, que evidentemente dur\u00f3 varios d\u00edas, llevaba a Jes\u00fas en su interior. As\u00ed que, en un sentido muy real, Mar\u00eda era un Tabern\u00e1culo vivo; Mar\u00eda era una Custodia viva; \u00a1Mar\u00eda era un Santuario vivo! M\u00e1s a\u00fan, se puede decir que la Sant\u00edsima Virgen Mar\u00eda era tambi\u00e9n un Corpus Christi vivo y en movimiento. O si se quiere, Mar\u00eda en su propio ser, con Jes\u00fas vivo en su seno, era una Procesi\u00f3n Eucar\u00edstica viva. Inmediatamente despu\u00e9s de recibir a Jes\u00fas en la Sagrada Comuni\u00f3n, nosotros tambi\u00e9n somos un Corpus Christi en movimiento, \u00a1tambi\u00e9n somos una Procesi\u00f3n Eucar\u00edstica viva! As\u00ed, Mar\u00eda nos ense\u00f1a a recibir a Jes\u00fas en la Sagrada Comuni\u00f3n con una fe viva, una profunda humildad y un amor ardiente que se traslada a nuestra vida cotidiana y a nuestros encuentros diarios.&nbsp;<\/strong><\/p>\n\n\n\n<p><strong>Adem\u00e1s, Mar\u00eda estaba constantemente en comuni\u00f3n o conversando con Jes\u00fas que viv\u00eda dentro de ella.&nbsp;<\/strong><\/p>\n\n\n\n<p><strong>As\u00ed, Mar\u00eda nos ense\u00f1a a seguir -con fe, amor y devoci\u00f3n- visitando, conversando y adorando a Jes\u00fas que est\u00e1 realmente presente en nosotros despu\u00e9s de recibir la Sagrada Comuni\u00f3n, que est\u00e1 realmente presente en el Sant\u00edsimo Sacramento, realmente presente en el Sagrario, y realmente presente en la Custodia. \u00ab\u00a1Oh, venid a adorarle!\u00bb&nbsp;<\/strong><\/p>\n\n\n\n<p><strong>4. MAR\u00cdA SALUDA A ISABEL.&nbsp;<\/strong><\/p>\n\n\n\n<p><strong>Pero no termina ah\u00ed. Al llegar a la casa de Isabel y Zacar\u00edas, Mar\u00eda saluda a Isabel, seguramente con la palabra SHALOM (PAZ). Tan pronto como Mar\u00eda habla, el beb\u00e9 en el vientre de Isabel, Juan el Bautista, salta de alegr\u00eda y se libera de la esclavitud del pecado original, \u00a1todo por la palabra de Mar\u00eda y la presencia silenciosa de Jes\u00fas en el vientre de Mar\u00eda! Que, como Juan el Bautista, por intercesi\u00f3n de Mar\u00eda, nuestros encuentros con Jes\u00fas en la Sagrada Comuni\u00f3n sean momentos de gran alegr\u00eda, momentos de profunda conversi\u00f3n, momentos de creciente amistad con Jes\u00fas, nuestro Se\u00f1or Eucar\u00edstico. Y que podamos llevar esta alegr\u00eda a los dem\u00e1s.<\/strong><\/p>\n\n\n\n<p><strong>En resumen, hay muchas lecciones para nosotros aqu\u00ed, espl\u00e9ndidas lecciones para que todos meditemos y tratemos de poner en pr\u00e1ctica en nuestra vida diaria. Recemos sobre tres. Que el S\u00cd de Mar\u00eda al recibir a Jes\u00fas en su seno y su Coraz\u00f3n Inmaculado nos motive a recibir a Jes\u00fas con mayor amor, fervor y frecuencia en la Santa Comuni\u00f3n. Que el amor de Mar\u00eda por Jes\u00fas expresado en su amor por el pr\u00f3jimo, nos motive a dar los frutos de nuestras Sagradas Comuniones en el servicio amoroso a nuestro pr\u00f3jimo. Que Nuestra Se\u00f1ora, como Tabern\u00e1culo Viviente de Jes\u00fas Encarnado, nos atraiga como un im\u00e1n al Tabern\u00e1culo para visitar a Jes\u00fas Eucar\u00edstico, hablar con Jes\u00fas Eucar\u00edstico, confiar nuestras preocupaciones a Jes\u00fas Eucar\u00edstico y amar a Jes\u00fas Eucar\u00edstico con todo nuestro coraz\u00f3n, mente, alma y fuerza. Am\u00e9n.<\/strong><\/p>\n<div class=\"synved-social-container synved-social-container-share\" style=\"text-align: center\"><a class=\"synved-social-button synved-social-button-share synved-social-size-48 synved-social-resolution-single synved-social-provider-facebook nolightbox\" data-provider=\"facebook\" target=\"_blank\" rel=\"nofollow\" title=\"Share on Facebook\" href=\"https:\/\/www.facebook.com\/sharer.php?u=https%3A%2F%2Ffatherbroom.com%2Fes%2Fwp-json%2Fwp%2Fv2%2Fposts%2F33600&#038;t=LECTURAS%20DEL%20DIA%20%7C%2011%20DE%20JUNIO%202022&#038;s=100&#038;p&#091;url&#093;=https%3A%2F%2Ffatherbroom.com%2Fes%2Fwp-json%2Fwp%2Fv2%2Fposts%2F33600&#038;p&#091;images&#093;&#091;0&#093;=&#038;p&#091;title&#093;=LECTURAS%20DEL%20DIA%20%7C%2011%20DE%20JUNIO%202022\" style=\"font-size: 0px;width:48px;height:48px;margin:0;margin-bottom:5px;margin-right:5px\"><img loading=\"lazy\" decoding=\"async\" alt=\"Facebook\" title=\"Share on Facebook\" class=\"synved-share-image synved-social-image synved-social-image-share\" width=\"48\" height=\"48\" style=\"display: inline;width:48px;height:48px;margin: 0;padding: 0;border: none;box-shadow: none\" src=\"https:\/\/fatherbroom.com\/es\/wp-content\/plugins\/social-media-feather\/synved-social\/image\/social\/regular\/96x96\/facebook.png\" \/><\/a><a class=\"synved-social-button synved-social-button-share synved-social-size-48 synved-social-resolution-single synved-social-provider-twitter nolightbox\" data-provider=\"twitter\" target=\"_blank\" rel=\"nofollow\" title=\"Share on Twitter\" href=\"https:\/\/twitter.com\/intent\/tweet?url=https%3A%2F%2Ffatherbroom.com%2Fes%2Fwp-json%2Fwp%2Fv2%2Fposts%2F33600&#038;text=Hey%20check%20this%20out\" style=\"font-size: 0px;width:48px;height:48px;margin:0;margin-bottom:5px;margin-right:5px\"><img loading=\"lazy\" decoding=\"async\" alt=\"twitter\" title=\"Share on Twitter\" class=\"synved-share-image synved-social-image synved-social-image-share\" width=\"48\" height=\"48\" style=\"display: inline;width:48px;height:48px;margin: 0;padding: 0;border: none;box-shadow: none\" src=\"https:\/\/fatherbroom.com\/es\/wp-content\/plugins\/social-media-feather\/synved-social\/image\/social\/regular\/96x96\/twitter.png\" \/><\/a><a class=\"synved-social-button synved-social-button-share synved-social-size-48 synved-social-resolution-single synved-social-provider-reddit nolightbox\" data-provider=\"reddit\" target=\"_blank\" rel=\"nofollow\" title=\"Share on Reddit\" href=\"https:\/\/www.reddit.com\/submit?url=https%3A%2F%2Ffatherbroom.com%2Fes%2Fwp-json%2Fwp%2Fv2%2Fposts%2F33600&#038;title=LECTURAS%20DEL%20DIA%20%7C%2011%20DE%20JUNIO%202022\" style=\"font-size: 0px;width:48px;height:48px;margin:0;margin-bottom:5px;margin-right:5px\"><img loading=\"lazy\" decoding=\"async\" alt=\"reddit\" title=\"Share on Reddit\" class=\"synved-share-image synved-social-image synved-social-image-share\" width=\"48\" height=\"48\" style=\"display: inline;width:48px;height:48px;margin: 0;padding: 0;border: none;box-shadow: none\" src=\"https:\/\/fatherbroom.com\/es\/wp-content\/plugins\/social-media-feather\/synved-social\/image\/social\/regular\/96x96\/reddit.png\" \/><\/a><a class=\"synved-social-button synved-social-button-share synved-social-size-48 synved-social-resolution-single synved-social-provider-pinterest nolightbox\" data-provider=\"pinterest\" target=\"_blank\" rel=\"nofollow\" title=\"Pin it with Pinterest\" href=\"https:\/\/pinterest.com\/pin\/create\/button\/?url=https%3A%2F%2Ffatherbroom.com%2Fes%2Fwp-json%2Fwp%2Fv2%2Fposts%2F33600&#038;media=&#038;description=LECTURAS%20DEL%20DIA%20%7C%2011%20DE%20JUNIO%202022\" style=\"font-size: 0px;width:48px;height:48px;margin:0;margin-bottom:5px;margin-right:5px\"><img loading=\"lazy\" decoding=\"async\" alt=\"pinterest\" title=\"Pin it with Pinterest\" class=\"synved-share-image synved-social-image synved-social-image-share\" width=\"48\" height=\"48\" style=\"display: inline;width:48px;height:48px;margin: 0;padding: 0;border: none;box-shadow: none\" src=\"https:\/\/fatherbroom.com\/es\/wp-content\/plugins\/social-media-feather\/synved-social\/image\/social\/regular\/96x96\/pinterest.png\" \/><\/a><a class=\"synved-social-button synved-social-button-share synved-social-size-48 synved-social-resolution-single synved-social-provider-linkedin nolightbox\" data-provider=\"linkedin\" target=\"_blank\" rel=\"nofollow\" title=\"Share on Linkedin\" href=\"https:\/\/www.linkedin.com\/shareArticle?mini=true&#038;url=https%3A%2F%2Ffatherbroom.com%2Fes%2Fwp-json%2Fwp%2Fv2%2Fposts%2F33600&#038;title=LECTURAS%20DEL%20DIA%20%7C%2011%20DE%20JUNIO%202022\" style=\"font-size: 0px;width:48px;height:48px;margin:0;margin-bottom:5px;margin-right:5px\"><img loading=\"lazy\" decoding=\"async\" alt=\"linkedin\" title=\"Share on Linkedin\" class=\"synved-share-image synved-social-image synved-social-image-share\" width=\"48\" height=\"48\" style=\"display: inline;width:48px;height:48px;margin: 0;padding: 0;border: none;box-shadow: none\" src=\"https:\/\/fatherbroom.com\/es\/wp-content\/plugins\/social-media-feather\/synved-social\/image\/social\/regular\/96x96\/linkedin.png\" \/><\/a><a class=\"synved-social-button synved-social-button-share synved-social-size-48 synved-social-resolution-single synved-social-provider-mail nolightbox\" data-provider=\"mail\" rel=\"nofollow\" title=\"Share by email\" href=\"mailto:?subject=LECTURAS%20DEL%20DIA%20%7C%2011%20DE%20JUNIO%202022&#038;body=Hey%20check%20this%20out:%20https%3A%2F%2Ffatherbroom.com%2Fes%2Fwp-json%2Fwp%2Fv2%2Fposts%2F33600\" style=\"font-size: 0px;width:48px;height:48px;margin:0;margin-bottom:5px\"><img loading=\"lazy\" decoding=\"async\" alt=\"mail\" title=\"Share by email\" class=\"synved-share-image synved-social-image synved-social-image-share\" width=\"48\" height=\"48\" style=\"display: inline;width:48px;height:48px;margin: 0;padding: 0;border: none;box-shadow: none\" src=\"https:\/\/fatherbroom.com\/es\/wp-content\/plugins\/social-media-feather\/synved-social\/image\/social\/regular\/96x96\/mail.png\" \/><\/a><\/div>","protected":false},"excerpt":{"rendered":"<p>\u00abPara cosas m\u00e1s grandes has nacido\u00bb. (Ven. Madre Luisita) S\u00c1BADO, 11 de Junio Mt 10, 7-13 Verso de aleluya: \u00abId y ense\u00f1ad a todas las naciones, dice el Se\u00f1or; yo estoy con vosotros siempre, hasta el fin del mundo\u00bb. \u00bfC\u00f3mo est\u00e1 Jes\u00fas siempre con nosotros? En su Cuerpo M\u00edstico la Iglesia, especialmente en su Presencia [&hellip;]<\/p>\n","protected":false},"author":16,"featured_media":0,"comment_status":"closed","ping_status":"closed","sticky":false,"template":"","format":"standard","meta":{"_genesis_hide_title":false,"_genesis_hide_breadcrumbs":false,"_genesis_hide_singular_image":false,"_genesis_hide_footer_widgets":false,"_genesis_custom_body_class":"","_genesis_custom_post_class":"","_genesis_layout":"","footnotes":""},"categories":[277],"tags":[],"class_list":{"0":"post-33600","1":"post","2":"type-post","3":"status-publish","4":"format-standard","6":"category-lecturas-del-dia","7":"entry"},"_links":{"self":[{"href":"https:\/\/fatherbroom.com\/es\/wp-json\/wp\/v2\/posts\/33600","targetHints":{"allow":["GET"]}}],"collection":[{"href":"https:\/\/fatherbroom.com\/es\/wp-json\/wp\/v2\/posts"}],"about":[{"href":"https:\/\/fatherbroom.com\/es\/wp-json\/wp\/v2\/types\/post"}],"author":[{"embeddable":true,"href":"https:\/\/fatherbroom.com\/es\/wp-json\/wp\/v2\/users\/16"}],"replies":[{"embeddable":true,"href":"https:\/\/fatherbroom.com\/es\/wp-json\/wp\/v2\/comments?post=33600"}],"version-history":[{"count":2,"href":"https:\/\/fatherbroom.com\/es\/wp-json\/wp\/v2\/posts\/33600\/revisions"}],"predecessor-version":[{"id":33602,"href":"https:\/\/fatherbroom.com\/es\/wp-json\/wp\/v2\/posts\/33600\/revisions\/33602"}],"wp:attachment":[{"href":"https:\/\/fatherbroom.com\/es\/wp-json\/wp\/v2\/media?parent=33600"}],"wp:term":[{"taxonomy":"category","embeddable":true,"href":"https:\/\/fatherbroom.com\/es\/wp-json\/wp\/v2\/categories?post=33600"},{"taxonomy":"post_tag","embeddable":true,"href":"https:\/\/fatherbroom.com\/es\/wp-json\/wp\/v2\/tags?post=33600"}],"curies":[{"name":"wp","href":"https:\/\/api.w.org\/{rel}","templated":true}]}}