{"id":33377,"date":"2022-05-10T08:43:17","date_gmt":"2022-05-10T15:43:17","guid":{"rendered":"http:\/\/fatherbroom.com\/es\/?p=33377"},"modified":"2022-05-10T09:31:38","modified_gmt":"2022-05-10T16:31:38","slug":"lecturas-del-dia-10-de-mayo-2022","status":"publish","type":"post","link":"https:\/\/fatherbroom.com\/es\/2022\/05\/lecturas-del-dia-10-de-mayo-2022\/","title":{"rendered":"LECTURAS DEL DIA | 10 DE MAYO 2022"},"content":{"rendered":"\n<p><strong>MARTES de la Cuarta Semana de Pascua.<\/strong><\/p>\n\n\n\n<p><strong>\u00abPara cosas m\u00e1s grandes has nacido\u00bb. (Ven. Madre Luisita)<\/strong><\/p>\n\n\n\n<p><strong>MARTES, 10 de mayo Jn 10, 22-30 Jes\u00fas dijo: \u00abMis ovejas oyen mi voz; yo las conozco y me siguen. Yo les doy vida eterna y no perecer\u00e1n jam\u00e1s. Nadie las puede arrebatar de mi mano\u00bb.&nbsp;&nbsp;<\/strong><\/p>\n\n\n\n<p><strong>Jes\u00fas es el Buen Pastor y nosotros somos sus ovejas. \u00c9l nos conoce y nosotros le seguimos, especialmente en los dos sacramentos que podemos y se nos anima a recibir con frecuencia y fervientemente para nuestra salvaci\u00f3n eterna: la confesi\u00f3n para el perd\u00f3n de nuestros pecados, y la Santa Comuni\u00f3n, donde realmente consumimos el Cuerpo, la Sangre, el Alma y la Divinidad de Jes\u00fas en cada Santa Comuni\u00f3n y nos convertimos en uno con \u00c9l, \u00a1uno con Dios mismo!<\/strong><\/p>\n\n\n\n<p><strong>Los pasajes b\u00edblicos y las meditaciones de dos d\u00edas que nos ofrece el P. Ed nos ayudan a profundizar en el Antiguo y el Nuevo Testamento para ver c\u00f3mo Dios prepar\u00f3 para toda la eternidad el Regalo de todos los Regalos, \u00a1\u00c9l mismo en la Sant\u00edsima Eucarist\u00eda!<\/strong><\/p>\n\n\n\n<p><strong>SEGUNDA PARTE DE UNA MEDITACI\u00d3N EN DOS PARTES REPARTIDAS EN DOS D\u00cdAS&#8230;<\/strong><\/p>\n\n\n\n<p><strong>15 MEDITACIONES B\u00cdBLICAS PARA LA ADORACI\u00d3N EUCAR\u00cdSTICA por el P. Ed Broom, OMV<\/strong><\/p>\n\n\n\n<p><strong>SEGUNDA PARTE: Enfoque en el Nuevo Testamento. P\u00e1rrafos 8 a 15. LEER Y MEDITAR sobre los vers\u00edculos b\u00edblicos citados y el comentario del P. Ed para cada d\u00eda.<\/strong><\/p>\n\n\n\n<p><strong>8. Volver a Juan 6:1 a 70<\/strong><\/p>\n\n\n\n<p><strong>De nuevo volvemos al important\u00edsimo cap\u00edtulo de Juan 6. Este largo cap\u00edtulo ofrece tres temas esenciales para nuestra meditaci\u00f3n:<\/strong><\/p>\n\n\n\n<p><strong>1) Jes\u00fas multiplica los panes. Aqu\u00ed Jes\u00fas realiza un milagro natural para la multitud y para nosotros, a fin de disponer y preparar nuestras mentes, corazones y almas para el milagro de la Eucarist\u00eda.<\/strong><\/p>\n\n\n\n<p><strong>2) Jes\u00fas camina sobre las aguas. Si realmente creemos en el Se\u00f1or, tambi\u00e9n nosotros podemos realizar milagros. Milagros de salvaci\u00f3n a trav\u00e9s de nuestras oraciones y sacrificios. \u00abSe\u00f1or, creo, pero fortalece mi fe\u00bb. (Mc 9,24)<\/strong><\/p>\n\n\n\n<p><strong>3) Finalmente, cerca de 2\/3 del cap\u00edtulo 6 de San Juan es el Discurso del Pan de Vida. Esta magn\u00edfica predicaci\u00f3n de Jes\u00fas ense\u00f1a sin tartamudear, con la mayor claridad, que si queremos vivir eternamente debemos alimentarnos del Pan de Vida. Por supuesto, \u00a1se refiere a la Eucarist\u00eda y a la Santa Cena!<\/strong><\/p>\n\n\n\n<p><strong>9. Mateo 26:17-30 Instituci\u00f3n de la Eucarist\u00eda&nbsp;&nbsp;<\/strong><\/p>\n\n\n\n<p><strong>En el contexto de la \u00daltima Cena, Jes\u00fas celebra la Primera Misa en esa noche de Jueves Santo. En el mismo contexto, Jes\u00fas instituye y ordena a los primeros sacerdotes; \u00e9stos son los Ap\u00f3stoles. Con asombro y agradecimiento, elevemos nuestro coraz\u00f3n en alabanza al Se\u00f1or por este sublime don.<\/strong><\/p>\n\n\n\n<p><strong>Supliquemos una mayor fe y amor a la Eucarist\u00eda, as\u00ed como imploremos al Se\u00f1or sacerdotes buenos y santos.<\/strong><\/p>\n\n\n\n<p><strong>10. Apocalipsis 3:14-21 Jes\u00fas est\u00e1 de pie y llama a la puerta<\/strong><\/p>\n\n\n\n<p><strong>Este corto pero desafiante pasaje presenta a Jes\u00fas como un peregrino-viajero que llama a la puerta. El due\u00f1o puede optar por dejar la puerta cerrada e ignorar la llamada del viajero o puede abrir la puerta al cansado viajero e invitarle a cenar.<\/strong><\/p>\n\n\n\n<p><strong>El Se\u00f1or Eucar\u00edstico llama ahora a la puerta de tu coraz\u00f3n. \u00bfCu\u00e1l ser\u00e1 tu respuesta? La cena es la Cena del Se\u00f1or: la Santa Misa y la Santa Comuni\u00f3n.<\/strong><\/p>\n\n\n\n<p><strong>11. I Corintios 11:17-34 Abuso eucar\u00edstico<\/strong><\/p>\n\n\n\n<p><strong>\u00a1Este pasaje de la Carta de San Pablo a los Corintios estalla! Desgraciadamente, en esta comunidad cristiana primitiva hab\u00eda miembros que abusaban de la Eucarist\u00eda. Los m\u00e1s pudientes com\u00edan y beb\u00edan, incluso se emborrachaban, y descuidaban a los pobres. Despu\u00e9s de este esc\u00e1ndalo, com\u00edan el Cuerpo y beb\u00edan la Sangre del Se\u00f1or, y San Pablo dice para su propia condena.<\/strong><\/p>\n\n\n\n<p><strong>Este pasaje b\u00edblico nos da el fundamento de la importancia de recibir la Eucarist\u00eda, el Cuerpo y la Sangre de Jes\u00fas, en estado de gracia. De lo contrario, podr\u00edamos estar comiendo y bebiendo, no para nuestra salvaci\u00f3n, \u00a1sino para nuestra condenaci\u00f3n!<\/strong><\/p>\n\n\n\n<p><strong>12. Lucas 24:13-35 El camino de Ema\u00fas<\/strong><\/p>\n\n\n\n<p><strong>Hermoso y conmovedor pasaje pascual, en pocas palabras este pasaje nos ofrece un resumen de la Santa Misa en miniatura. Dos disc\u00edpulos, que se alejan de Jerusal\u00e9n despu\u00e9s de la crucifixi\u00f3n y muerte de Cristo, se encuentran en el fondo de la desolaci\u00f3n hasta que un extra\u00f1o se une a ellos. Ese \u00abextra\u00f1o\u00bb es Jes\u00fas resucitado, no reconocido por ellos. El camino hacia su casa de Ema\u00fas, hablando con Jes\u00fas y escuch\u00e1ndole, es la Liturgia de la Palabra. La Fracci\u00f3n del Pan en la casa es la Liturgia de la Eucarist\u00eda. En la fracci\u00f3n del pan reconocen al Se\u00f1or Jes\u00fas y regresan a Jerusal\u00e9n a toda prisa para compartir su alegr\u00eda con los Ap\u00f3stoles y los dem\u00e1s disc\u00edpulos.<\/strong><\/p>\n\n\n\n<p><strong>Una interpretaci\u00f3n clave: cuando vivimos y caminamos sin Jes\u00fas, vivimos y caminamos en la m\u00e1s absoluta oscuridad, desolaci\u00f3n y tristeza. Sin embargo, una vez que Jes\u00fas, el Hijo de Dios y la Luz del Mundo, atraviesa las nubes y alumbra nuestro camino, las nubes de la tristeza se disipan y experimentamos una alegr\u00eda desbordante y abundante. \u00ab\u00bfNo ard\u00eda nuestro coraz\u00f3n mientras hablaba con nosotros en el camino y nos explicaba la Palabra de Dios?\u00bb<\/strong><\/p>\n\n\n\n<p><strong>13. Mt 6,5-14 El Padre Nuestro&nbsp;<\/strong><\/p>\n\n\n\n<p><strong>En el Padrenuestro hay siete peticiones. Una de ellas se refiere a la Eucarist\u00eda y a la Santa Cena. \u00abDanos hoy nuestro pan de cada d\u00eda&#8230;.\u00bb Una de las formas en que esto puede interpretarse es el desaf\u00edo, en la medida en que sea posible seg\u00fan nuestras obligaciones diarias, de asistir a la Misa y recibir la Sagrada Comuni\u00f3n incluso a diario.<\/strong><\/p>\n\n\n\n<p><strong>En otras palabras, este pan de cada d\u00eda podr\u00eda interpretarse como la misa y la comuni\u00f3n diarias. Los que han adquirido el h\u00e1bito de la Misa y la Comuni\u00f3n diarias descubren que no pueden vivir sin este alimento. Pru\u00e9balo: \u00a1misa diaria y comuni\u00f3n diaria!<\/strong><\/p>\n\n\n\n<p><strong>14. Lucas 1,26-38 Recibir a Jes\u00fas como lo hizo Mar\u00eda<\/strong><\/p>\n\n\n\n<p><strong>Cuando la Virgen dio su consentimiento a Dios por medio del Arc\u00e1ngel Gabriel con las palabras de su Fiat\/S\u00ed: \u00abHe aqu\u00ed la esclava del Se\u00f1or; h\u00e1gase en m\u00ed seg\u00fan tu palabra\u00bb, en ese mismo momento, \u00abla Palabra se hizo carne y habit\u00f3 entre nosotros\u00bb. (Jn 1,14)<\/strong><\/p>\n\n\n\n<p><strong>El Papa San Juan Pablo II hace un paralelismo entre el S\u00cd de Mar\u00eda a Dios y nuestro AM\u00c9N cuando recibimos a Jes\u00fas en la Sagrada Comuni\u00f3n. En este sentido, el S\u00cd de Mar\u00eda result\u00f3 en recibir a Jes\u00fas en su coraz\u00f3n, mente, cuerpo y alma; as\u00ed tambi\u00e9n nuestro AM\u00c9N cuando recibimos a Jes\u00fas en la Misa resulta en que Jes\u00fas entra en el centro mismo de nuestro ser. \u00a1Por eso, es importante pedirle a Mar\u00eda la gracia de recibir a Jes\u00fas con una fe, una devoci\u00f3n y un amor m\u00e1s profundos en cada Santa Comuni\u00f3n!<\/strong><\/p>\n\n\n\n<p><strong>15. Lucas 1,39-56 El Magnificat<\/strong><\/p>\n\n\n\n<p><strong>Concluimos con una nota mariana tomada del gran amante de Mar\u00eda, San Luis de Montfort, que nos dio la Verdadera Devoci\u00f3n a Mar\u00eda. En relaci\u00f3n con la Misa, la Sagrada Comuni\u00f3n y la Eucarist\u00eda, San Luis dice que una de las mejores maneras en que podemos rendir una adecuada acci\u00f3n de gracias a Jes\u00fas despu\u00e9s de recibirlo en la Sagrada Comuni\u00f3n es rezando el Magnificat de Mar\u00eda. \u00abMi alma proclama la grandeza del Se\u00f1or y mi esp\u00edritu se alegra en Dios mi Salvador&#8230;.\u00bb<\/strong><\/p>\n\n\n\n<p><strong>Que por la intercesi\u00f3n del pur\u00edsimo e Inmaculado Coraz\u00f3n de Mar\u00eda crezc\u00e1is todos en la fe, en la creencia, en la devoci\u00f3n y en el amor a Jes\u00fas en las misas y comuniones frecuentes. En efecto, Jes\u00fas es el Pan de la Vida, y quien come su Cuerpo y bebe su Sangre tendr\u00e1 una vida eterna de alegr\u00eda, paz y felicidad para siempre en el Cielo.<\/strong><\/p>\n\n\n\n<p><strong>\u00ab\u00a1Oh Sacramento sant\u00edsimo, oh Sacramento divino, toda alabanza y toda acci\u00f3n de gracias sean en todo momento tuyas!\u00bb<\/strong><\/p>\n<div class=\"synved-social-container synved-social-container-share\" style=\"text-align: center\"><a class=\"synved-social-button synved-social-button-share synved-social-size-48 synved-social-resolution-single synved-social-provider-facebook nolightbox\" data-provider=\"facebook\" target=\"_blank\" rel=\"nofollow\" title=\"Share on Facebook\" href=\"https:\/\/www.facebook.com\/sharer.php?u=https%3A%2F%2Ffatherbroom.com%2Fes%2Fwp-json%2Fwp%2Fv2%2Fposts%2F33377&#038;t=LECTURAS%20DEL%20DIA%20%7C%2010%20DE%20MAYO%202022&#038;s=100&#038;p&#091;url&#093;=https%3A%2F%2Ffatherbroom.com%2Fes%2Fwp-json%2Fwp%2Fv2%2Fposts%2F33377&#038;p&#091;images&#093;&#091;0&#093;=&#038;p&#091;title&#093;=LECTURAS%20DEL%20DIA%20%7C%2010%20DE%20MAYO%202022\" style=\"font-size: 0px;width:48px;height:48px;margin:0;margin-bottom:5px;margin-right:5px\"><img loading=\"lazy\" decoding=\"async\" alt=\"Facebook\" title=\"Share on Facebook\" class=\"synved-share-image synved-social-image synved-social-image-share\" width=\"48\" height=\"48\" style=\"display: inline;width:48px;height:48px;margin: 0;padding: 0;border: none;box-shadow: none\" src=\"https:\/\/fatherbroom.com\/es\/wp-content\/plugins\/social-media-feather\/synved-social\/image\/social\/regular\/96x96\/facebook.png\" \/><\/a><a class=\"synved-social-button synved-social-button-share synved-social-size-48 synved-social-resolution-single synved-social-provider-twitter nolightbox\" data-provider=\"twitter\" target=\"_blank\" rel=\"nofollow\" title=\"Share on Twitter\" href=\"https:\/\/twitter.com\/intent\/tweet?url=https%3A%2F%2Ffatherbroom.com%2Fes%2Fwp-json%2Fwp%2Fv2%2Fposts%2F33377&#038;text=Hey%20check%20this%20out\" style=\"font-size: 0px;width:48px;height:48px;margin:0;margin-bottom:5px;margin-right:5px\"><img loading=\"lazy\" decoding=\"async\" alt=\"twitter\" title=\"Share on Twitter\" class=\"synved-share-image synved-social-image synved-social-image-share\" width=\"48\" height=\"48\" style=\"display: inline;width:48px;height:48px;margin: 0;padding: 0;border: none;box-shadow: none\" src=\"https:\/\/fatherbroom.com\/es\/wp-content\/plugins\/social-media-feather\/synved-social\/image\/social\/regular\/96x96\/twitter.png\" \/><\/a><a class=\"synved-social-button synved-social-button-share synved-social-size-48 synved-social-resolution-single synved-social-provider-reddit nolightbox\" data-provider=\"reddit\" target=\"_blank\" rel=\"nofollow\" title=\"Share on Reddit\" href=\"https:\/\/www.reddit.com\/submit?url=https%3A%2F%2Ffatherbroom.com%2Fes%2Fwp-json%2Fwp%2Fv2%2Fposts%2F33377&#038;title=LECTURAS%20DEL%20DIA%20%7C%2010%20DE%20MAYO%202022\" style=\"font-size: 0px;width:48px;height:48px;margin:0;margin-bottom:5px;margin-right:5px\"><img loading=\"lazy\" decoding=\"async\" alt=\"reddit\" title=\"Share on Reddit\" class=\"synved-share-image synved-social-image synved-social-image-share\" width=\"48\" height=\"48\" style=\"display: inline;width:48px;height:48px;margin: 0;padding: 0;border: none;box-shadow: none\" src=\"https:\/\/fatherbroom.com\/es\/wp-content\/plugins\/social-media-feather\/synved-social\/image\/social\/regular\/96x96\/reddit.png\" \/><\/a><a class=\"synved-social-button synved-social-button-share synved-social-size-48 synved-social-resolution-single synved-social-provider-pinterest nolightbox\" data-provider=\"pinterest\" target=\"_blank\" rel=\"nofollow\" title=\"Pin it with Pinterest\" href=\"https:\/\/pinterest.com\/pin\/create\/button\/?url=https%3A%2F%2Ffatherbroom.com%2Fes%2Fwp-json%2Fwp%2Fv2%2Fposts%2F33377&#038;media=&#038;description=LECTURAS%20DEL%20DIA%20%7C%2010%20DE%20MAYO%202022\" style=\"font-size: 0px;width:48px;height:48px;margin:0;margin-bottom:5px;margin-right:5px\"><img loading=\"lazy\" decoding=\"async\" alt=\"pinterest\" title=\"Pin it with Pinterest\" class=\"synved-share-image synved-social-image synved-social-image-share\" width=\"48\" height=\"48\" style=\"display: inline;width:48px;height:48px;margin: 0;padding: 0;border: none;box-shadow: none\" src=\"https:\/\/fatherbroom.com\/es\/wp-content\/plugins\/social-media-feather\/synved-social\/image\/social\/regular\/96x96\/pinterest.png\" \/><\/a><a class=\"synved-social-button synved-social-button-share synved-social-size-48 synved-social-resolution-single synved-social-provider-linkedin nolightbox\" data-provider=\"linkedin\" target=\"_blank\" rel=\"nofollow\" title=\"Share on Linkedin\" href=\"https:\/\/www.linkedin.com\/shareArticle?mini=true&#038;url=https%3A%2F%2Ffatherbroom.com%2Fes%2Fwp-json%2Fwp%2Fv2%2Fposts%2F33377&#038;title=LECTURAS%20DEL%20DIA%20%7C%2010%20DE%20MAYO%202022\" style=\"font-size: 0px;width:48px;height:48px;margin:0;margin-bottom:5px;margin-right:5px\"><img loading=\"lazy\" decoding=\"async\" alt=\"linkedin\" title=\"Share on Linkedin\" class=\"synved-share-image synved-social-image synved-social-image-share\" width=\"48\" height=\"48\" style=\"display: inline;width:48px;height:48px;margin: 0;padding: 0;border: none;box-shadow: none\" src=\"https:\/\/fatherbroom.com\/es\/wp-content\/plugins\/social-media-feather\/synved-social\/image\/social\/regular\/96x96\/linkedin.png\" \/><\/a><a class=\"synved-social-button synved-social-button-share synved-social-size-48 synved-social-resolution-single synved-social-provider-mail nolightbox\" data-provider=\"mail\" rel=\"nofollow\" title=\"Share by email\" href=\"mailto:?subject=LECTURAS%20DEL%20DIA%20%7C%2010%20DE%20MAYO%202022&#038;body=Hey%20check%20this%20out:%20https%3A%2F%2Ffatherbroom.com%2Fes%2Fwp-json%2Fwp%2Fv2%2Fposts%2F33377\" style=\"font-size: 0px;width:48px;height:48px;margin:0;margin-bottom:5px\"><img loading=\"lazy\" decoding=\"async\" alt=\"mail\" title=\"Share by email\" class=\"synved-share-image synved-social-image synved-social-image-share\" width=\"48\" height=\"48\" style=\"display: inline;width:48px;height:48px;margin: 0;padding: 0;border: none;box-shadow: none\" src=\"https:\/\/fatherbroom.com\/es\/wp-content\/plugins\/social-media-feather\/synved-social\/image\/social\/regular\/96x96\/mail.png\" \/><\/a><\/div>","protected":false},"excerpt":{"rendered":"<p>MARTES de la Cuarta Semana de Pascua. \u00abPara cosas m\u00e1s grandes has nacido\u00bb. (Ven. Madre Luisita) MARTES, 10 de mayo Jn 10, 22-30 Jes\u00fas dijo: \u00abMis ovejas oyen mi voz; yo las conozco y me siguen. Yo les doy vida eterna y no perecer\u00e1n jam\u00e1s. Nadie las puede arrebatar de mi mano\u00bb.&nbsp;&nbsp; Jes\u00fas es el [&hellip;]<\/p>\n","protected":false},"author":16,"featured_media":0,"comment_status":"closed","ping_status":"closed","sticky":false,"template":"","format":"standard","meta":{"_genesis_hide_title":false,"_genesis_hide_breadcrumbs":false,"_genesis_hide_singular_image":false,"_genesis_hide_footer_widgets":false,"_genesis_custom_body_class":"","_genesis_custom_post_class":"","_genesis_layout":"","footnotes":""},"categories":[277],"tags":[],"class_list":{"0":"post-33377","1":"post","2":"type-post","3":"status-publish","4":"format-standard","6":"category-lecturas-del-dia","7":"entry"},"_links":{"self":[{"href":"https:\/\/fatherbroom.com\/es\/wp-json\/wp\/v2\/posts\/33377","targetHints":{"allow":["GET"]}}],"collection":[{"href":"https:\/\/fatherbroom.com\/es\/wp-json\/wp\/v2\/posts"}],"about":[{"href":"https:\/\/fatherbroom.com\/es\/wp-json\/wp\/v2\/types\/post"}],"author":[{"embeddable":true,"href":"https:\/\/fatherbroom.com\/es\/wp-json\/wp\/v2\/users\/16"}],"replies":[{"embeddable":true,"href":"https:\/\/fatherbroom.com\/es\/wp-json\/wp\/v2\/comments?post=33377"}],"version-history":[{"count":2,"href":"https:\/\/fatherbroom.com\/es\/wp-json\/wp\/v2\/posts\/33377\/revisions"}],"predecessor-version":[{"id":33379,"href":"https:\/\/fatherbroom.com\/es\/wp-json\/wp\/v2\/posts\/33377\/revisions\/33379"}],"wp:attachment":[{"href":"https:\/\/fatherbroom.com\/es\/wp-json\/wp\/v2\/media?parent=33377"}],"wp:term":[{"taxonomy":"category","embeddable":true,"href":"https:\/\/fatherbroom.com\/es\/wp-json\/wp\/v2\/categories?post=33377"},{"taxonomy":"post_tag","embeddable":true,"href":"https:\/\/fatherbroom.com\/es\/wp-json\/wp\/v2\/tags?post=33377"}],"curies":[{"name":"wp","href":"https:\/\/api.w.org\/{rel}","templated":true}]}}