{"id":33353,"date":"2022-05-06T06:04:18","date_gmt":"2022-05-06T13:04:18","guid":{"rendered":"http:\/\/fatherbroom.com\/es\/?p=33353"},"modified":"2022-05-06T06:26:54","modified_gmt":"2022-05-06T13:26:54","slug":"lecturas-del-dia-6-de-mayo-2022","status":"publish","type":"post","link":"https:\/\/fatherbroom.com\/es\/2022\/05\/lecturas-del-dia-6-de-mayo-2022\/","title":{"rendered":"LECTURAS DEL DIA | 6 DE MAYO 2022"},"content":{"rendered":"\n<p><strong>VIERNES de la Tercera Semana de Pascua<\/strong><\/p>\n\n\n\n<p><strong>\u00abPara cosas m\u00e1s grandes has nacido\u00bb. (Ven. Madre Luisita)<\/strong><\/p>\n\n\n\n<p><strong>VIERNES, 6 de mayo Jn 6, 52-59 Jes\u00fas dijo: \u00abEl que come mi Carne y bebe mi Sangre tiene vida eterna, y yo lo resucitar\u00e9 en el \u00faltimo d\u00eda. Porque mi Carne es verdadera comida y mi Sangre es verdadera bebida. Quien come mi carne y bebe mi Sangre permanece en m\u00ed y yo en \u00e9l\u00bb.<\/strong><\/p>\n\n\n\n<p><strong>CIC 1324. La Eucarist\u00eda es \u00abfuente y cumbre de la vida cristiana\u00bb. \u00abLos dem\u00e1s sacramentos, y en realidad todos los ministerios eclesi\u00e1sticos y las obras de apostolado, est\u00e1n unidos a la Eucarist\u00eda y se orientan hacia ella. Porque en la bendita Eucarist\u00eda est\u00e1 contenido todo el bien espiritual de la Iglesia, es decir, Cristo mismo, nuestra Pascua.\u00bb<\/strong><\/p>\n\n\n\n<p><strong>CIC 1419.&nbsp; Habiendo pasado de este mundo al Padre, Cristo nos da en la Eucarist\u00eda la prenda de la gloria con \u00e9l. La participaci\u00f3n en el Santo Sacrificio nos identifica con su Coraz\u00f3n, sostiene nuestras fuerzas a lo largo de la peregrinaci\u00f3n de esta vida, nos hace anhelar la vida eterna y nos une ya a la Iglesia del cielo, a la Sant\u00edsima Virgen Mar\u00eda y a todos los santos.<\/strong><\/p>\n\n\n\n<p><strong>NUESTRA MINA DE ORO ESPIRITUAL: JES\u00daS EN NUESTROS CORAZONES Por el P. Ed Broom, OMV<\/strong><\/p>\n\n\n\n<p><strong>El momento de mayor importancia en nuestra vida, sin duda, es cuando tenemos la Presencia Eucar\u00edstica de Jes\u00fas en nuestros corazones. La Presencia Real no podr\u00eda ser un t\u00e9rmino mejor para describirla. Al recibir la Eucarist\u00eda, la Santa Comuni\u00f3n, tenemos realmente la Presencia Real de Jes\u00fas en lo m\u00e1s profundo de nuestro coraz\u00f3n, mente, cuerpo y alma. Real y verdaderamente, el Cuerpo, la Sangre, el Alma y la Divinidad de Jes\u00fas, el Hijo Eterno de Dios Padre, impregna, imbuye y penetra todo nuestro ser con Su Presencia Real.<\/strong><\/p>\n\n\n\n<p><strong>Al entrar en el 36\u00ba a\u00f1o de mi sacerdocio, soy muy consciente del triste hecho de que muchas personas, despu\u00e9s de recibir la Sagrada Comuni\u00f3n-Jes\u00fas en sus almas, con demasiada frecuencia no saben qu\u00e9 hacer&#8230; Jugueteando con sus manos, hurgando en sus u\u00f1as, mirando su tel\u00e9fono, mir\u00e1ndome fijamente, contemplando su reloj, es a menudo la actitud de muchos justo despu\u00e9s de recibir a Jes\u00fas en Su Presencia Real en la Santa Comuni\u00f3n.<\/strong><\/p>\n\n\n\n<p><strong>Esta postura corporal fr\u00edvola, distra\u00edda y aburrida delata el hecho evidente de que muchos, demasiados, cat\u00f3licos practicantes han perdido la creencia y la fe en la Presencia Real del Se\u00f1or Eucar\u00edstico. Debido a una catequesis diluida y demasiado sentimental, \u00a1quiz\u00e1s muchos nunca aprendieron lo que es realmente la Eucarist\u00eda! \u00a1C\u00f3mo podemos describir esto de otra manera que no sea una crisis de identidad cat\u00f3lica en toda regla! Como cat\u00f3licos, si no conocemos o creemos en la Eucarist\u00eda como el verdadero Cuerpo, Sangre, Alma y Divinidad de Jes\u00fas, \u00a1entonces no somos cat\u00f3licos!<\/strong><\/p>\n\n\n\n<p><strong>El impulso esencial y el prop\u00f3sito de este breve ensayo es ayudarnos a creer firmemente en la Presencia Real de Jes\u00fas en la Misa, en la Eucarist\u00eda, en la Santa Comuni\u00f3n. Luego, en consecuencia, esforzarnos con toda la fibra de nuestro ser para recibir a Jes\u00fas con m\u00e1s fe, devoci\u00f3n y amor. De lejos, no hay acci\u00f3n m\u00e1s grande bajo el sol que podamos hacer que recibir a Jes\u00fas en la Santa Eucarist\u00eda. Sin embargo, debemos recibirlo con m\u00e1s fe y confianza, as\u00ed como con pureza de coraz\u00f3n, devoci\u00f3n, hambre y amor. Una Santa Comuni\u00f3n bien recibida puede transformarnos en grandes santos.&nbsp;&nbsp;<\/strong><\/p>\n\n\n\n<p><strong>LA GRACIA DISPOSITIVA. La falta de frutos en la recepci\u00f3n de la Sagrada Comuni\u00f3n no se debe al Sacramento que recibimos, sino a la falta de disposici\u00f3n adecuada para recibir al Se\u00f1or de los Se\u00f1ores y al Rey de los Reyes. Cuanto mejor sea la disposici\u00f3n de nuestro coraz\u00f3n, m\u00e1s abundantes y copiosas ser\u00e1n las gracias que le siguen.<\/strong><\/p>\n\n\n\n<p><strong>Los siguientes puntos consisten en lo que podemos hacer y c\u00f3mo debemos actuar al recibir la Sant\u00edsima Eucarist\u00eda, la Presencia Real: el Cuerpo, la Sangre, el Alma y la Divinidad de nuestro Se\u00f1or Eucar\u00edstico. \u00a1Cada Santa Comuni\u00f3n que recibimos debe ser recibida como si fuera nuestra primera, nuestra \u00faltima e incluso nuestra \u00fanica Santa Comuni\u00f3n!<\/strong><\/p>\n\n\n\n<p><strong>1. \u00a1ALABADO SEA EL SE\u00d1OR!&nbsp;&nbsp;&nbsp;<\/strong><\/p>\n\n\n\n<p><strong>Jes\u00fas Eucar\u00edstico es verdaderamente Dios. Por eso, la forma m\u00e1s elevada de oraci\u00f3n que podemos ofrecerle es la de la alabanza. Une todo tu ser con los \u00e1ngeles y los santos del Cielo y alaba al Se\u00f1or con todo tu coraz\u00f3n. Como introducci\u00f3n, puedes incluso recitar las Alabanzas Divinas: \u00abBendito sea Dios; bendito sea su Santo Nombre; bendito sea Jesucristo, verdadero Dios y verdadero hombre; bendito sea el Nombre de Jes\u00fas; bendito sea su Sacrat\u00edsimo Coraz\u00f3n; bendita sea su Precios\u00edsima Sangre; bendito sea Jes\u00fas en el Sant\u00edsimo Sacramento del Altar\u00bb. \u00a1Suplica a los \u00e1ngeles y a los santos que te ayuden a rezar esta oraci\u00f3n de alabanza eucar\u00edstica con amor y fervor!<\/strong><\/p>\n\n\n\n<p><strong>2. AGRADECER AL SE\u00d1OR.&nbsp;&nbsp;<\/strong><\/p>\n\n\n\n<p><strong>Eucarist\u00eda significa en realidad Acci\u00f3n de Gracias.&nbsp; \u00bfQu\u00e9 tenemos que no hayamos recibido de nuestro Divino Benefactor, Dios mismo? Todo el bien que tenemos en nuestra persona total es una manifestaci\u00f3n generosa y pr\u00f3diga del amor de Dios por nosotros. Lo \u00fanico que Dios no nos ha dado son nuestros pecados; \u00a1los hemos elegido nosotros! Que la oraci\u00f3n del salmista resuene en lo m\u00e1s profundo de nuestro coraz\u00f3n despu\u00e9s de la Santa Comuni\u00f3n: \u00abDad gracias al Se\u00f1or porque es bueno; su amor es eterno\u00bb. (Sal 136,1)<\/strong><\/p>\n\n\n\n<p><strong>3. PEDIR PERD\u00d3N AL SE\u00d1OR&nbsp;&nbsp;<\/strong><\/p>\n\n\n\n<p><strong>Qu\u00e9 cierta es la Sagrada Escritura: \u00abEl justo cae siete veces al d\u00eda\u00bb. (Prov 24,16) A causa de nuestros muchos pecados, hemos ca\u00eddo en muchas ocasiones, lugares y circunstancias lejos de la gloria de Dios. Como David, que cometi\u00f3 adulterio y el asesinato de un inocente, y luego sufri\u00f3 una compunci\u00f3n de coraz\u00f3n, pidamos misericordia para nosotros y para todo el mundo rezando parte del Salmo 51: \u00abSe\u00f1or, ten piedad de m\u00ed, ten piedad de m\u00ed. Mi pecado est\u00e1 siempre ante mis ojos&#8230; Un coraz\u00f3n humilde y contrito no lo despreciar\u00e1s&#8230; env\u00eda tu esp\u00edritu y ser\u00e1n creados, y renovar\u00e1s la faz de la tierra\u00bb.<\/strong><\/p>\n\n\n\n<p><strong>4. CONVERTIRSE EN BARTIMEO EL MENDIGO.&nbsp;&nbsp;&nbsp;<\/strong><\/p>\n\n\n\n<p><strong>El gran San Agust\u00edn afirmaba: \u00abTodos somos mendigos ante el Se\u00f1or\u00bb. Imitemos a Bartimeo, el mendigo ciego, e imploremos al Se\u00f1or que nos ayude en nuestra desesperada necesidad. La Sagrada Comuni\u00f3n es realmente Jes\u00fas la Luz del mundo; supliquemos a Jes\u00fas que nos quite las escamas de los ojos para poder contemplar su Rostro cada vez con mayor claridad.<\/strong><\/p>\n\n\n\n<p><strong>5. PEDIR PARA LOS DEM\u00c1S LAS GRACIAS QUE NECESITAN.&nbsp;&nbsp;<\/strong><\/p>\n\n\n\n<p><strong>Nuestra recepci\u00f3n de la Sagrada Comuni\u00f3n debe ser cat\u00f3lica, es decir, universal. San Pablo afirma: \u00abEl amor de Dios nos obliga\u00bb. (2 Cor 5,14). Este amor debe ser universal y omnipresente, de modo que roguemos y recemos por las muchas gracias que tantas personas necesitan desesperadamente. Ahora que el Coraz\u00f3n Eucar\u00edstico de Jes\u00fas late en nuestro coraz\u00f3n, hagamos caso a las palabras del mismo Jes\u00fas \u00abPedid y recibir\u00e9is; buscad y encontrar\u00e9is; llamad y se os abrir\u00e1 la puerta\u00bb. (Mt 7,7)<\/strong><\/p>\n\n\n\n<p><strong>6. INTERCEDER POR LOS PECADORES EN SU LECHO DE MUERTE&nbsp;&nbsp;<\/strong><\/p>\n\n\n\n<p><strong>Una categor\u00eda de personas que a menudo necesitan desesperadamente oraciones son aquellos individuos que se encuentran en sus \u00faltimos momentos, en su \u00faltima y definitiva agon\u00eda. El momento m\u00e1s importante de nuestra vida es, con mucho, el momento de nuestra muerte, que determinar\u00e1 nuestro destino eterno: el cielo o el infierno por los siglos de los siglos. En nuestra acci\u00f3n de gracias despu\u00e9s de recibir la Eucarist\u00eda el Se\u00f1or Jes\u00fas, que dijo desde la cruz: \u00abPadre, perd\u00f3nalos porque no saben lo que hacen\u00bb, (Lc 23,34) roguemos por la conversi\u00f3n y la salvaci\u00f3n de los pecadores en el lecho de muerte. Qui\u00e9n sabe cu\u00e1ntas almas se salvar\u00e1n gracias a nuestras fervientes oraciones eucar\u00edsticas despu\u00e9s de recibir a nuestro Salvador Eucar\u00edstico Misericordioso.<\/strong><\/p>\n\n\n\n<p><strong>7. DESCANSA EN EL SAGRADO CORAZ\u00d3N DE JES\u00daS&nbsp; Jes\u00fas dijo: \u00abVenid a m\u00ed todos los que encontr\u00e1is la vida pesada y encontrar\u00e9is descanso para vuestras almas; porque mi yugo es f\u00e1cil y mi carga, ligera\u00bb. (Mt 11,28-30) Despu\u00e9s de recibir la Sagrada Comuni\u00f3n, podemos imitar a San Juan el Discipulo Amado simplemente descansando amorosa y tranquilamente en el Sagrado Coraz\u00f3n de Jes\u00fas, \u00a1el mejor lugar de descanso!<\/strong><\/p>\n\n\n\n<p><strong>8. ECHAD VUESTRAS PREOCUPACIONES SOBRE EL SE\u00d1OR.&nbsp;&nbsp;<\/strong><\/p>\n\n\n\n<p><strong>San Pedro expresa sentimientos humanos muy importantes y situaciones que todos experimentamos en el curso de nuestras vidas cada semana, quiz\u00e1s incluso cada d\u00eda: problemas, preocupaciones, ansiedades y confusi\u00f3n. La Carta de San Pedro expresa este estado del alma y el remedio en este corto pero claro concepto \u00abEchad vuestras preocupaciones sobre el Se\u00f1or, porque \u00c9l cuida de vosotros\u00bb. (1 Pe 5-7) Al latir el Coraz\u00f3n Eucar\u00edstico de Jes\u00fas en nuestro coraz\u00f3n, \u00c9l ayudar\u00e1 a aliviar nuestras preocupaciones elimin\u00e1ndolas o, al menos, ayud\u00e1ndonos a llevar nuestras cruces actuales. \u00a1Jes\u00fas es nuestro Mejor Amigo que nunca nos fallar\u00e1!<\/strong><\/p>\n\n\n\n<p><strong>9. \u00a1PIDE UN TRASPLANTE DE CORAZ\u00d3N!&nbsp;<\/strong><\/p>\n\n\n\n<p><strong>Nuestro coraz\u00f3n, nuestra mente y nuestra alma pueden compararse con un jard\u00edn. En medio de las rosas, los tulipanes y los narcisos florecen las feas y demasiado frecuentes malas hierbas. Si se da permiso a las malas hierbas para que crezcan, florezcan y se extiendan, \u00a1en cuesti\u00f3n de tiempo asfixiar\u00e1n a las hermosas flores! La analog\u00eda del jard\u00edn se aplica a nuestras virtudes y pecados. Las flores son nuestras virtudes; la ciza\u00f1a son nuestros pecados. Si no se arrancan, los vicios dominar\u00e1n en nuestra vida y el pecado reinar\u00e1. Al recibir la Sagrada Comuni\u00f3n, debemos suplicar al Se\u00f1or Jes\u00fas que arranque y extermine la ciza\u00f1a del pecado en nosotros, para que las flores de las virtudes puedan florecer. \u00a1Que el Coraz\u00f3n Eucar\u00edstico de Jes\u00fas trasplante nuestro coraz\u00f3n y nos haga santos!<\/strong><\/p>\n\n\n\n<p><strong>10. NUESTRA SE\u00d1ORA DE LA EUCARIST\u00cdA Y DE LA ACCI\u00d3N DE GRACIAS&nbsp;<\/strong><\/p>\n\n\n\n<p><strong>Por \u00faltimo, roguemos al Coraz\u00f3n Inmaculado de Mar\u00eda que nos ayude a hablar al Coraz\u00f3n de Jes\u00fas para alabarlo, amarlo y adorarlo. San Luis de Montfort sugiere rezar el C\u00e1ntico de Alabanza de Mar\u00eda, el Magnificat, como nuestra acci\u00f3n de gracias por el Coraz\u00f3n Eucar\u00edstico de Jes\u00fas que late en el fondo de nuestra alma. Que las palabras de Mar\u00eda resuenen en nuestro coraz\u00f3n despu\u00e9s de recibir a Jes\u00fas en la Sagrada Comuni\u00f3n: \u00abMi alma proclama la grandeza del Se\u00f1or y mi esp\u00edritu se alegra en Dios, mi Salvador&#8230;\u00bb (Lc 1, 46-55)<\/strong><\/p>\n\n\n\n<p><strong>En conclusi\u00f3n, el gesto m\u00e1s importante de nuestra vida es recibir a Jes\u00fas Eucarist\u00eda en lo m\u00e1s profundo de nuestro coraz\u00f3n y de nuestra alma en la Sagrada Comuni\u00f3n. Entonces, los minutos posteriores a la Sagrada Comuni\u00f3n se convierten en los momentos m\u00e1s preciosos de toda nuestra existencia humana: nuestra uni\u00f3n y conversaci\u00f3n con Jes\u00fas realmente presente en nosotros. Esforc\u00e9monos con toda la fibra de nuestro ser para prepararnos mejor para recibir a Jes\u00fas Eucar\u00edstico en la Sagrada Comuni\u00f3n, pero tambi\u00e9n para mejorar nuestra GRATIFICACI\u00d3N am\u00e1ndole y hablando con \u00c9l sinceramente desde lo m\u00e1s profundo de nuestra mente y nuestro coraz\u00f3n. Nuestra santificaci\u00f3n -nuestro crecimiento en la gracia, nuestro crecimiento en la virtud, la superaci\u00f3n de nuestros viciod, y nuestra perseverancia final- puede depender realmente del modo en que respondemos al Se\u00f1or Jes\u00fas despu\u00e9s de recibirlo en la Santa Comuni\u00f3n. \u00a1Que la Virgen de la Eucarist\u00eda, con los \u00e1ngeles y los santos, venga en nuestra ayuda! Am\u00e9n.<\/strong><\/p>\n<div class=\"synved-social-container synved-social-container-share\" style=\"text-align: center\"><a class=\"synved-social-button synved-social-button-share synved-social-size-48 synved-social-resolution-single synved-social-provider-facebook nolightbox\" data-provider=\"facebook\" target=\"_blank\" rel=\"nofollow\" title=\"Share on Facebook\" href=\"https:\/\/www.facebook.com\/sharer.php?u=https%3A%2F%2Ffatherbroom.com%2Fes%2Fwp-json%2Fwp%2Fv2%2Fposts%2F33353&#038;t=LECTURAS%20DEL%20DIA%20%7C%206%20DE%20MAYO%202022&#038;s=100&#038;p&#091;url&#093;=https%3A%2F%2Ffatherbroom.com%2Fes%2Fwp-json%2Fwp%2Fv2%2Fposts%2F33353&#038;p&#091;images&#093;&#091;0&#093;=&#038;p&#091;title&#093;=LECTURAS%20DEL%20DIA%20%7C%206%20DE%20MAYO%202022\" style=\"font-size: 0px;width:48px;height:48px;margin:0;margin-bottom:5px;margin-right:5px\"><img loading=\"lazy\" decoding=\"async\" alt=\"Facebook\" title=\"Share on Facebook\" class=\"synved-share-image synved-social-image synved-social-image-share\" width=\"48\" height=\"48\" style=\"display: inline;width:48px;height:48px;margin: 0;padding: 0;border: none;box-shadow: none\" src=\"https:\/\/fatherbroom.com\/es\/wp-content\/plugins\/social-media-feather\/synved-social\/image\/social\/regular\/96x96\/facebook.png\" \/><\/a><a class=\"synved-social-button synved-social-button-share synved-social-size-48 synved-social-resolution-single synved-social-provider-twitter nolightbox\" data-provider=\"twitter\" target=\"_blank\" rel=\"nofollow\" title=\"Share on Twitter\" href=\"https:\/\/twitter.com\/intent\/tweet?url=https%3A%2F%2Ffatherbroom.com%2Fes%2Fwp-json%2Fwp%2Fv2%2Fposts%2F33353&#038;text=Hey%20check%20this%20out\" style=\"font-size: 0px;width:48px;height:48px;margin:0;margin-bottom:5px;margin-right:5px\"><img loading=\"lazy\" decoding=\"async\" alt=\"twitter\" title=\"Share on Twitter\" class=\"synved-share-image synved-social-image synved-social-image-share\" width=\"48\" height=\"48\" style=\"display: inline;width:48px;height:48px;margin: 0;padding: 0;border: none;box-shadow: none\" src=\"https:\/\/fatherbroom.com\/es\/wp-content\/plugins\/social-media-feather\/synved-social\/image\/social\/regular\/96x96\/twitter.png\" \/><\/a><a class=\"synved-social-button synved-social-button-share synved-social-size-48 synved-social-resolution-single synved-social-provider-reddit nolightbox\" data-provider=\"reddit\" target=\"_blank\" rel=\"nofollow\" title=\"Share on Reddit\" href=\"https:\/\/www.reddit.com\/submit?url=https%3A%2F%2Ffatherbroom.com%2Fes%2Fwp-json%2Fwp%2Fv2%2Fposts%2F33353&#038;title=LECTURAS%20DEL%20DIA%20%7C%206%20DE%20MAYO%202022\" style=\"font-size: 0px;width:48px;height:48px;margin:0;margin-bottom:5px;margin-right:5px\"><img loading=\"lazy\" decoding=\"async\" alt=\"reddit\" title=\"Share on Reddit\" class=\"synved-share-image synved-social-image synved-social-image-share\" width=\"48\" height=\"48\" style=\"display: inline;width:48px;height:48px;margin: 0;padding: 0;border: none;box-shadow: none\" src=\"https:\/\/fatherbroom.com\/es\/wp-content\/plugins\/social-media-feather\/synved-social\/image\/social\/regular\/96x96\/reddit.png\" \/><\/a><a class=\"synved-social-button synved-social-button-share synved-social-size-48 synved-social-resolution-single synved-social-provider-pinterest nolightbox\" data-provider=\"pinterest\" target=\"_blank\" rel=\"nofollow\" title=\"Pin it with Pinterest\" href=\"https:\/\/pinterest.com\/pin\/create\/button\/?url=https%3A%2F%2Ffatherbroom.com%2Fes%2Fwp-json%2Fwp%2Fv2%2Fposts%2F33353&#038;media=&#038;description=LECTURAS%20DEL%20DIA%20%7C%206%20DE%20MAYO%202022\" style=\"font-size: 0px;width:48px;height:48px;margin:0;margin-bottom:5px;margin-right:5px\"><img loading=\"lazy\" decoding=\"async\" alt=\"pinterest\" title=\"Pin it with Pinterest\" class=\"synved-share-image synved-social-image synved-social-image-share\" width=\"48\" height=\"48\" style=\"display: inline;width:48px;height:48px;margin: 0;padding: 0;border: none;box-shadow: none\" src=\"https:\/\/fatherbroom.com\/es\/wp-content\/plugins\/social-media-feather\/synved-social\/image\/social\/regular\/96x96\/pinterest.png\" \/><\/a><a class=\"synved-social-button synved-social-button-share synved-social-size-48 synved-social-resolution-single synved-social-provider-linkedin nolightbox\" data-provider=\"linkedin\" target=\"_blank\" rel=\"nofollow\" title=\"Share on Linkedin\" href=\"https:\/\/www.linkedin.com\/shareArticle?mini=true&#038;url=https%3A%2F%2Ffatherbroom.com%2Fes%2Fwp-json%2Fwp%2Fv2%2Fposts%2F33353&#038;title=LECTURAS%20DEL%20DIA%20%7C%206%20DE%20MAYO%202022\" style=\"font-size: 0px;width:48px;height:48px;margin:0;margin-bottom:5px;margin-right:5px\"><img loading=\"lazy\" decoding=\"async\" alt=\"linkedin\" title=\"Share on Linkedin\" class=\"synved-share-image synved-social-image synved-social-image-share\" width=\"48\" height=\"48\" style=\"display: inline;width:48px;height:48px;margin: 0;padding: 0;border: none;box-shadow: none\" src=\"https:\/\/fatherbroom.com\/es\/wp-content\/plugins\/social-media-feather\/synved-social\/image\/social\/regular\/96x96\/linkedin.png\" \/><\/a><a class=\"synved-social-button synved-social-button-share synved-social-size-48 synved-social-resolution-single synved-social-provider-mail nolightbox\" data-provider=\"mail\" rel=\"nofollow\" title=\"Share by email\" href=\"mailto:?subject=LECTURAS%20DEL%20DIA%20%7C%206%20DE%20MAYO%202022&#038;body=Hey%20check%20this%20out:%20https%3A%2F%2Ffatherbroom.com%2Fes%2Fwp-json%2Fwp%2Fv2%2Fposts%2F33353\" style=\"font-size: 0px;width:48px;height:48px;margin:0;margin-bottom:5px\"><img loading=\"lazy\" decoding=\"async\" alt=\"mail\" title=\"Share by email\" class=\"synved-share-image synved-social-image synved-social-image-share\" width=\"48\" height=\"48\" style=\"display: inline;width:48px;height:48px;margin: 0;padding: 0;border: none;box-shadow: none\" src=\"https:\/\/fatherbroom.com\/es\/wp-content\/plugins\/social-media-feather\/synved-social\/image\/social\/regular\/96x96\/mail.png\" \/><\/a><\/div>","protected":false},"excerpt":{"rendered":"<p>VIERNES de la Tercera Semana de Pascua \u00abPara cosas m\u00e1s grandes has nacido\u00bb. (Ven. Madre Luisita) VIERNES, 6 de mayo Jn 6, 52-59 Jes\u00fas dijo: \u00abEl que come mi Carne y bebe mi Sangre tiene vida eterna, y yo lo resucitar\u00e9 en el \u00faltimo d\u00eda. Porque mi Carne es verdadera comida y mi Sangre es [&hellip;]<\/p>\n","protected":false},"author":16,"featured_media":0,"comment_status":"closed","ping_status":"closed","sticky":false,"template":"","format":"standard","meta":{"_genesis_hide_title":false,"_genesis_hide_breadcrumbs":false,"_genesis_hide_singular_image":false,"_genesis_hide_footer_widgets":false,"_genesis_custom_body_class":"","_genesis_custom_post_class":"","_genesis_layout":"","footnotes":""},"categories":[277],"tags":[],"class_list":{"0":"post-33353","1":"post","2":"type-post","3":"status-publish","4":"format-standard","6":"category-lecturas-del-dia","7":"entry"},"_links":{"self":[{"href":"https:\/\/fatherbroom.com\/es\/wp-json\/wp\/v2\/posts\/33353","targetHints":{"allow":["GET"]}}],"collection":[{"href":"https:\/\/fatherbroom.com\/es\/wp-json\/wp\/v2\/posts"}],"about":[{"href":"https:\/\/fatherbroom.com\/es\/wp-json\/wp\/v2\/types\/post"}],"author":[{"embeddable":true,"href":"https:\/\/fatherbroom.com\/es\/wp-json\/wp\/v2\/users\/16"}],"replies":[{"embeddable":true,"href":"https:\/\/fatherbroom.com\/es\/wp-json\/wp\/v2\/comments?post=33353"}],"version-history":[{"count":3,"href":"https:\/\/fatherbroom.com\/es\/wp-json\/wp\/v2\/posts\/33353\/revisions"}],"predecessor-version":[{"id":33356,"href":"https:\/\/fatherbroom.com\/es\/wp-json\/wp\/v2\/posts\/33353\/revisions\/33356"}],"wp:attachment":[{"href":"https:\/\/fatherbroom.com\/es\/wp-json\/wp\/v2\/media?parent=33353"}],"wp:term":[{"taxonomy":"category","embeddable":true,"href":"https:\/\/fatherbroom.com\/es\/wp-json\/wp\/v2\/categories?post=33353"},{"taxonomy":"post_tag","embeddable":true,"href":"https:\/\/fatherbroom.com\/es\/wp-json\/wp\/v2\/tags?post=33353"}],"curies":[{"name":"wp","href":"https:\/\/api.w.org\/{rel}","templated":true}]}}