{"id":33301,"date":"2022-04-25T07:08:40","date_gmt":"2022-04-25T14:08:40","guid":{"rendered":"http:\/\/fatherbroom.com\/es\/?p=33301"},"modified":"2022-04-25T07:36:34","modified_gmt":"2022-04-25T14:36:34","slug":"lecturas-del-dia-25-de-abril-2022","status":"publish","type":"post","link":"https:\/\/fatherbroom.com\/es\/2022\/04\/lecturas-del-dia-25-de-abril-2022\/","title":{"rendered":"LECTURAS DEL DIA | 25 DE ABRIL 2022"},"content":{"rendered":"\n<p><strong>Dia de San Marcos Evangelista<\/strong><\/p>\n\n\n\n<p><strong>\u00abPara cosas m\u00e1s grandes has nacido\u00bb. (Ven. Madre Luisita)<\/strong><\/p>\n\n\n\n<p><strong>LUNES, 25 de abril Mc. 16, 15-20 \u00abEl Se\u00f1or Jes\u00fas, despu\u00e9s de hablarles, fue llevado al cielo y se sent\u00f3 a la derecha de Dios\u00bb.<\/strong><\/p>\n\n\n\n<p><strong>Los Ap\u00f3stoles se quedan atr\u00e1s sin saber qu\u00e9 hacer con ellos. Hasta Pentecost\u00e9s, con la presencia de Mar\u00eda y la unci\u00f3n del Esp\u00edritu Santo, no son capaces de lanzarse a la labor de predicaci\u00f3n y ense\u00f1anza para salvar almas. Sus actos se recogen en los Hechos de los Ap\u00f3stoles, donde vemos c\u00f3mo arraiga la Iglesia naciente.&nbsp;<\/strong><\/p>\n\n\n\n<p><strong>Que la presencia de Mar\u00eda y la unci\u00f3n del Esp\u00edritu Santo en nuestras vidas nos mueva a una mayor generosidad y celo para trabajar con Jes\u00fas por la salvaci\u00f3n de las almas inmortales.&nbsp;&nbsp;<\/strong><\/p>\n\n\n\n<p><strong>Hoy, San Ignacio nos plantea tres preguntas: \u00bfQu\u00e9 he hecho por Cristo? \u00bfQu\u00e9 estoy haciendo por Cristo? \u00bfQu\u00e9 m\u00e1s har\u00e9 por Cristo?<\/strong><\/p>\n\n\n\n<p><strong>TRABAJAR CON JES\u00daS PARA SALVAR ALMAS por el P. Ed Broom, OMV<\/strong><\/p>\n\n\n\n<p><strong>Si realmente amamos a Dios, entonces debemos amar lo que Dios m\u00e1s ama. Y eso es: la salvaci\u00f3n de las almas inmortales. En toda la creaci\u00f3n, tanto el hombre como la mujer est\u00e1n en la c\u00faspide o cenit de la creaci\u00f3n en el mundo natural. Todo el resto de la creaci\u00f3n -piedras, plantas y animales- dejar\u00e1 de existir alg\u00fan d\u00eda. No as\u00ed la persona humana.<\/strong><\/p>\n\n\n\n<p><strong>MOMENTO DE LA CONCEPCI\u00d3N.&nbsp; En el mismo momento de la concepci\u00f3n, Dios interviene de forma muy poderosa. Infunde un alma inmortal en esa peque\u00f1a persona. Por alma inmortal entendemos una entidad espiritual que contiene en su interior memoria, entendimiento, imaginaci\u00f3n y voluntad, el poder de elegir. Adem\u00e1s, esta alma creada por Dios vivir\u00e1 para siempre, m\u00e1s all\u00e1 de los l\u00edmites del tiempo y del espacio. Este pensamiento es alucinante y asombra a la imaginaci\u00f3n.<\/strong><\/p>\n\n\n\n<p><strong>DOS CAMINOS.&nbsp; El Salmo 1 habla de dos caminos diferentes: uno conduce a la paz, la fecundidad y la bondad; el otro, como la paja, se lo lleva el viento. Expresado en otras palabras, la persona humana al final de su vida se salvar\u00e1 y se unir\u00e1 a Dios para siempre en el cielo o se perder\u00e1 y se condenar\u00e1 a los sufrimientos eternos del infierno. No hay otra posibilidad.<\/strong><\/p>\n\n\n\n<p><strong>EL TIEMPO ES ESENCIAL.&nbsp; Nuestra vida en la tierra es muy corta, \u00a1muy corta! Si comparamos nuestra existencia humana con toda la eternidad, es apenas un grano de arena en el inmenso oc\u00e9ano de la eternidad. San Agust\u00edn explic\u00f3 el concepto de eternidad con estas densas pero poderosas palabras \u00abNuestra vida en comparaci\u00f3n con la eternidad es un mero parpadeo\u00bb. El salmista expresa as\u00ed la eternidad \u00abLa vida del hombre en la tierra es como la flor del campo que levanta la cabeza por la ma\u00f1ana y se marchita y muere al ponerse el sol\u00bb. (Sal 103,15) \u00bfHas observado alguna vez el humo de una pipa, de un cigarro, o incluso de una chimenea; sale y se disipa en poco tiempo? San Pedro, el primer Vicario de Cristo, ten\u00eda unas palabras que decir&nbsp;<\/strong><\/p>\n\n\n\n<p><strong>sobre este tema tan oportuno: \u00abPara el Se\u00f1or, un d\u00eda es como mil a\u00f1os, y mil a\u00f1os como un d\u00eda\u00bb. (2 Pe 3,8)<\/strong><\/p>\n\n\n\n<p><strong>EL VALOR INFINITO DEL ALMA HUMANA&nbsp; El Doctor Ang\u00e9lico, Santo Tom\u00e1s de Aquino, afirm\u00f3 que un alma humana, creada a imagen y semejanza de Dios, vale m\u00e1s que todo el universo creado. Para demostrar la importancia de la afirmaci\u00f3n de Aquino, recordemos la sobria pero important\u00edsima verdad de que Jes\u00fas derram\u00f3 hasta la \u00faltima gota de su precios\u00edsima Sangre para salvar a toda la humanidad. San Ignacio de Loyola, en los Ejercicios Espirituales, subraya el hecho de que si fueras la \u00fanica persona en todo el mundo creado, Jes\u00fas habr\u00eda sufrido todos los dolores insoportables de su amarga pasi\u00f3n por la salvaci\u00f3n de tu alma inmortal solamente. \u00a1Qu\u00e9 importante eres a los ojos de Dios!<\/strong><\/p>\n\n\n\n<p><strong>EL CELO APOST\u00d3LICO EN LA VIDA DE LOS SANTOS&nbsp; En la vida de los santos se ve claramente el fuego ardiente que ard\u00eda en sus corazones para hacer todo lo posible por colaborar con Jes\u00fas en la salvaci\u00f3n de las almas inmortales. En efecto, si realmente amamos a Jes\u00fas, debemos amar lo que \u00c9l m\u00e1s ama: la salvaci\u00f3n de las almas inmortales. Algunos ejemplos para ilustrar este punto<\/strong><\/p>\n\n\n\n<p><strong>EL SANTO PADRE PIO.&nbsp; \u00bfPor qu\u00e9 San Padre P\u00edo recibi\u00f3 y acept\u00f3 voluntariamente de Jes\u00fas las cinco llagas de Cristo en su cuerpo que llamamos los estigmas, no durante un d\u00eda, ni una semana, ni un mes, sino durante cincuenta largos a\u00f1os en los que hubo d\u00edas en los que sufri\u00f3 intensamente? Los viernes, este gran santo moderno realmente derram\u00f3 sangre de estas heridas, y en todos los d\u00edas de la Cuaresma. Una vez, un ingenuo le pregunt\u00f3 al Padre P\u00edo si las heridas le dol\u00edan. \u00c9l brome\u00f3: \u00ab\u00a1No, son adornos de Navidad!\u00bb Por supuesto que causaban dolor, y un dolor muy intenso. &nbsp; \u00bfPor qu\u00e9 raz\u00f3n este hombre sufri\u00f3 tanto durante tanto tiempo? La respuesta es clara y directa: \u00a1porque amaba a Jes\u00fas y amaba trabajar con Jes\u00fas para la conversi\u00f3n y salvaci\u00f3n de las almas, as\u00ed como para reparar los pecados!<\/strong><\/p>\n\n\n\n<p><strong>LA CURA DEL ARS (San Juan Mar\u00eda Vianney).&nbsp; \u00bfC\u00f3mo es posible que este hombre pasara m\u00e1s de cuarenta a\u00f1os como sacerdote, la mayor parte del tiempo clavado en el confesionario? Pasaba 12 horas, 15 horas, incluso hasta 18 horas al d\u00eda en el confesionario reconciliando a los pecadores con Dios. Dorm\u00eda en el suelo unas tres horas por noche y com\u00eda un par de patatas al d\u00eda. Tambi\u00e9n debemos mencionar el hecho de que el Cura de Ars ten\u00eda frecuentes combates y batallas con el diablo. \u00bfPor qu\u00e9 un hombre se someter\u00eda a tantas privaciones, sacrificios y sufrimientos? \u00bfPor qu\u00e9? La respuesta, una vez m\u00e1s, es sencilla: amaba a Dios y deseaba ardientemente colaborar con \u00e9l en la salvaci\u00f3n de las almas inmortales.<\/strong><\/p>\n\n\n\n<p><strong>SANTA JACINTA MARTO.&nbsp; Esta fue una de las pastorcitas que tuvo el privilegio de ver y comunicarse con el \u00c1ngel de la Guarda de Portugal tres veces. Luego, con su hermano y su prima, vio y se comunic\u00f3 con la Virgen seis veces, desde el 13 de mayo hasta el 13 de octubre de 1917. Esta ni\u00f1a, que nunca aprendi\u00f3 a leer ni a escribir, lleg\u00f3 a convertirse en una peque\u00f1a Alma V\u00edctima, lo que significa que ofreci\u00f3 voluntariamente todos sus sufrimientos a Jes\u00fas a trav\u00e9s del Coraz\u00f3n Inmaculado de Mar\u00eda para la conversi\u00f3n de los pecadores y la salvaci\u00f3n de las almas. Las diversas formas de sus sacrificios son asombrosas. He aqu\u00ed algunas de ellas.<\/strong><\/p>\n\n\n\n<p><strong>COMIDA.&nbsp; Dej\u00f3 de comer su comida favorita: las dulces uvas de las laderas de Portugal.<\/strong><\/p>\n\n\n\n<p><strong>DIVERSI\u00d3N Y ENTRETENIMIENTO.&nbsp; Le encantaba bailar (un baile inocente). Tambi\u00e9n sacrific\u00f3 esto.<\/strong><\/p>\n\n\n\n<p><strong>HAMBRE.&nbsp; De hecho, daba su almuerzo a los ni\u00f1os m\u00e1s pobres cuando iba a los pastos a cuidar de sus ovejas.<\/strong><\/p>\n\n\n\n<p><strong>TEMOR.&nbsp; En un d\u00eda caluroso de verano, Jacinta, con Luc\u00eda y Francisco, se sacrificaba bebiendo agua fresca y fr\u00eda para sufrir m\u00e1s por Cristo.<\/strong><\/p>\n\n\n\n<p><strong>PENITENCIA CORPORAL.&nbsp; Jacinta, al igual que Luc\u00eda y Francisco, llevaba una cuerda \u00e1spera alrededor de su peque\u00f1a cintura que le rozaba la piel caus\u00e1ndole grandes molestias.<\/strong><\/p>\n\n\n\n<p><strong>DOLORES DE CABEZA.&nbsp; En una ocasi\u00f3n la cabeza le lat\u00eda violentamente caus\u00e1ndole un gran dolor y comenz\u00f3 a quejarse. Francisco, su hermano, le record\u00f3 que deb\u00eda ofrecer eso tambi\u00e9n como sacrificio. Ella lo hizo de buena gana.<\/strong><\/p>\n\n\n\n<p><strong>SUFRIMIENTO Y MUERTE.&nbsp; Jacinta sufr\u00eda en un Hospital, lejos de sus padres, en cierto modo abandonada. La Virgen se le apareci\u00f3 y le pregunt\u00f3 si estar\u00eda dispuesta a sufrir un poco m\u00e1s por la salvaci\u00f3n de las almas. Jacinta dijo voluntariamente que s\u00ed. All\u00ed muri\u00f3 sola a los nueve a\u00f1os.<\/strong><\/p>\n\n\n\n<p><strong>Todos estos sacrificios heroicos los realiz\u00f3 Jacinta de buen grado, despu\u00e9s de que la Virgen le mostrara, al igual que a Luc\u00eda y a Francisco, una visi\u00f3n gr\u00e1fica del infierno, donde van los pobres pecadores que tienen tan pocos para rezar por ellos. Esta visi\u00f3n motiv\u00f3 a Jacinta a entregar su vida a Jes\u00fas, a trav\u00e9s del Coraz\u00f3n Inmaculado de Mar\u00eda, como lo que el Santo Papa Juan Pablo II llam\u00f3 una peque\u00f1a alma v\u00edctima para la salvaci\u00f3n de las almas.<\/strong><\/p>\n\n\n\n<p><strong>AHORA NOS TOCA A NOSOTROS&nbsp; Ahora nos toca a ti y a m\u00ed entrar en nuestro coraz\u00f3n en conversaci\u00f3n con Dios, en presencia del Coraz\u00f3n Doloroso e Inmaculado de Mar\u00eda, para discernir con sinceridad y verdad: \u00bfqu\u00e9 podemos hacer para trabajar con Jes\u00fas y Mar\u00eda por la salvaci\u00f3n de las almas inmortales? Nuestra Se\u00f1ora de F\u00e1tima afirm\u00f3 con gran tristeza Muchas almas se pierden para toda la eternidad porque la gente no ofrece oraciones y sacrificios por ellas. Si amamos a Dios, \u00a1debemos amar lo que Dios m\u00e1s ama! \u00bfQu\u00e9 es eso? Es claramente esto: LA SALVACI\u00d3N DE LAS ALMAS INMORTALES. Un alma vale m\u00e1s que todo el universo creado. El Sagrado Coraz\u00f3n de Jes\u00fas y el Inmaculado Coraz\u00f3n de Mar\u00eda esperan su respuesta ahora mismo.<\/strong><\/p>\n<div class=\"synved-social-container synved-social-container-share\" style=\"text-align: center\"><a class=\"synved-social-button synved-social-button-share synved-social-size-48 synved-social-resolution-single synved-social-provider-facebook nolightbox\" data-provider=\"facebook\" target=\"_blank\" rel=\"nofollow\" title=\"Share on Facebook\" href=\"https:\/\/www.facebook.com\/sharer.php?u=https%3A%2F%2Ffatherbroom.com%2Fes%2Fwp-json%2Fwp%2Fv2%2Fposts%2F33301&#038;t=LECTURAS%20DEL%20DIA%20%7C%2025%20DE%20ABRIL%202022&#038;s=100&#038;p&#091;url&#093;=https%3A%2F%2Ffatherbroom.com%2Fes%2Fwp-json%2Fwp%2Fv2%2Fposts%2F33301&#038;p&#091;images&#093;&#091;0&#093;=&#038;p&#091;title&#093;=LECTURAS%20DEL%20DIA%20%7C%2025%20DE%20ABRIL%202022\" style=\"font-size: 0px;width:48px;height:48px;margin:0;margin-bottom:5px;margin-right:5px\"><img loading=\"lazy\" decoding=\"async\" alt=\"Facebook\" title=\"Share on Facebook\" class=\"synved-share-image synved-social-image synved-social-image-share\" width=\"48\" height=\"48\" style=\"display: inline;width:48px;height:48px;margin: 0;padding: 0;border: none;box-shadow: none\" src=\"https:\/\/fatherbroom.com\/es\/wp-content\/plugins\/social-media-feather\/synved-social\/image\/social\/regular\/96x96\/facebook.png\" \/><\/a><a class=\"synved-social-button synved-social-button-share synved-social-size-48 synved-social-resolution-single synved-social-provider-twitter nolightbox\" data-provider=\"twitter\" target=\"_blank\" rel=\"nofollow\" title=\"Share on Twitter\" href=\"https:\/\/twitter.com\/intent\/tweet?url=https%3A%2F%2Ffatherbroom.com%2Fes%2Fwp-json%2Fwp%2Fv2%2Fposts%2F33301&#038;text=Hey%20check%20this%20out\" style=\"font-size: 0px;width:48px;height:48px;margin:0;margin-bottom:5px;margin-right:5px\"><img loading=\"lazy\" decoding=\"async\" alt=\"twitter\" title=\"Share on Twitter\" class=\"synved-share-image synved-social-image synved-social-image-share\" width=\"48\" height=\"48\" style=\"display: inline;width:48px;height:48px;margin: 0;padding: 0;border: none;box-shadow: none\" src=\"https:\/\/fatherbroom.com\/es\/wp-content\/plugins\/social-media-feather\/synved-social\/image\/social\/regular\/96x96\/twitter.png\" \/><\/a><a class=\"synved-social-button synved-social-button-share synved-social-size-48 synved-social-resolution-single synved-social-provider-reddit nolightbox\" data-provider=\"reddit\" target=\"_blank\" rel=\"nofollow\" title=\"Share on Reddit\" href=\"https:\/\/www.reddit.com\/submit?url=https%3A%2F%2Ffatherbroom.com%2Fes%2Fwp-json%2Fwp%2Fv2%2Fposts%2F33301&#038;title=LECTURAS%20DEL%20DIA%20%7C%2025%20DE%20ABRIL%202022\" style=\"font-size: 0px;width:48px;height:48px;margin:0;margin-bottom:5px;margin-right:5px\"><img loading=\"lazy\" decoding=\"async\" alt=\"reddit\" title=\"Share on Reddit\" class=\"synved-share-image synved-social-image synved-social-image-share\" width=\"48\" height=\"48\" style=\"display: inline;width:48px;height:48px;margin: 0;padding: 0;border: none;box-shadow: none\" src=\"https:\/\/fatherbroom.com\/es\/wp-content\/plugins\/social-media-feather\/synved-social\/image\/social\/regular\/96x96\/reddit.png\" \/><\/a><a class=\"synved-social-button synved-social-button-share synved-social-size-48 synved-social-resolution-single synved-social-provider-pinterest nolightbox\" data-provider=\"pinterest\" target=\"_blank\" rel=\"nofollow\" title=\"Pin it with Pinterest\" href=\"https:\/\/pinterest.com\/pin\/create\/button\/?url=https%3A%2F%2Ffatherbroom.com%2Fes%2Fwp-json%2Fwp%2Fv2%2Fposts%2F33301&#038;media=&#038;description=LECTURAS%20DEL%20DIA%20%7C%2025%20DE%20ABRIL%202022\" style=\"font-size: 0px;width:48px;height:48px;margin:0;margin-bottom:5px;margin-right:5px\"><img loading=\"lazy\" decoding=\"async\" alt=\"pinterest\" title=\"Pin it with Pinterest\" class=\"synved-share-image synved-social-image synved-social-image-share\" width=\"48\" height=\"48\" style=\"display: inline;width:48px;height:48px;margin: 0;padding: 0;border: none;box-shadow: none\" src=\"https:\/\/fatherbroom.com\/es\/wp-content\/plugins\/social-media-feather\/synved-social\/image\/social\/regular\/96x96\/pinterest.png\" \/><\/a><a class=\"synved-social-button synved-social-button-share synved-social-size-48 synved-social-resolution-single synved-social-provider-linkedin nolightbox\" data-provider=\"linkedin\" target=\"_blank\" rel=\"nofollow\" title=\"Share on Linkedin\" href=\"https:\/\/www.linkedin.com\/shareArticle?mini=true&#038;url=https%3A%2F%2Ffatherbroom.com%2Fes%2Fwp-json%2Fwp%2Fv2%2Fposts%2F33301&#038;title=LECTURAS%20DEL%20DIA%20%7C%2025%20DE%20ABRIL%202022\" style=\"font-size: 0px;width:48px;height:48px;margin:0;margin-bottom:5px;margin-right:5px\"><img loading=\"lazy\" decoding=\"async\" alt=\"linkedin\" title=\"Share on Linkedin\" class=\"synved-share-image synved-social-image synved-social-image-share\" width=\"48\" height=\"48\" style=\"display: inline;width:48px;height:48px;margin: 0;padding: 0;border: none;box-shadow: none\" src=\"https:\/\/fatherbroom.com\/es\/wp-content\/plugins\/social-media-feather\/synved-social\/image\/social\/regular\/96x96\/linkedin.png\" \/><\/a><a class=\"synved-social-button synved-social-button-share synved-social-size-48 synved-social-resolution-single synved-social-provider-mail nolightbox\" data-provider=\"mail\" rel=\"nofollow\" title=\"Share by email\" href=\"mailto:?subject=LECTURAS%20DEL%20DIA%20%7C%2025%20DE%20ABRIL%202022&#038;body=Hey%20check%20this%20out:%20https%3A%2F%2Ffatherbroom.com%2Fes%2Fwp-json%2Fwp%2Fv2%2Fposts%2F33301\" style=\"font-size: 0px;width:48px;height:48px;margin:0;margin-bottom:5px\"><img loading=\"lazy\" decoding=\"async\" alt=\"mail\" title=\"Share by email\" class=\"synved-share-image synved-social-image synved-social-image-share\" width=\"48\" height=\"48\" style=\"display: inline;width:48px;height:48px;margin: 0;padding: 0;border: none;box-shadow: none\" src=\"https:\/\/fatherbroom.com\/es\/wp-content\/plugins\/social-media-feather\/synved-social\/image\/social\/regular\/96x96\/mail.png\" \/><\/a><\/div>","protected":false},"excerpt":{"rendered":"<p>Dia de San Marcos Evangelista \u00abPara cosas m\u00e1s grandes has nacido\u00bb. (Ven. Madre Luisita) LUNES, 25 de abril Mc. 16, 15-20 \u00abEl Se\u00f1or Jes\u00fas, despu\u00e9s de hablarles, fue llevado al cielo y se sent\u00f3 a la derecha de Dios\u00bb. Los Ap\u00f3stoles se quedan atr\u00e1s sin saber qu\u00e9 hacer con ellos. Hasta Pentecost\u00e9s, con la presencia [&hellip;]<\/p>\n","protected":false},"author":16,"featured_media":0,"comment_status":"closed","ping_status":"closed","sticky":false,"template":"","format":"standard","meta":{"_genesis_hide_title":false,"_genesis_hide_breadcrumbs":false,"_genesis_hide_singular_image":false,"_genesis_hide_footer_widgets":false,"_genesis_custom_body_class":"","_genesis_custom_post_class":"","_genesis_layout":"","footnotes":""},"categories":[277],"tags":[],"class_list":{"0":"post-33301","1":"post","2":"type-post","3":"status-publish","4":"format-standard","6":"category-lecturas-del-dia","7":"entry"},"_links":{"self":[{"href":"https:\/\/fatherbroom.com\/es\/wp-json\/wp\/v2\/posts\/33301","targetHints":{"allow":["GET"]}}],"collection":[{"href":"https:\/\/fatherbroom.com\/es\/wp-json\/wp\/v2\/posts"}],"about":[{"href":"https:\/\/fatherbroom.com\/es\/wp-json\/wp\/v2\/types\/post"}],"author":[{"embeddable":true,"href":"https:\/\/fatherbroom.com\/es\/wp-json\/wp\/v2\/users\/16"}],"replies":[{"embeddable":true,"href":"https:\/\/fatherbroom.com\/es\/wp-json\/wp\/v2\/comments?post=33301"}],"version-history":[{"count":3,"href":"https:\/\/fatherbroom.com\/es\/wp-json\/wp\/v2\/posts\/33301\/revisions"}],"predecessor-version":[{"id":33304,"href":"https:\/\/fatherbroom.com\/es\/wp-json\/wp\/v2\/posts\/33301\/revisions\/33304"}],"wp:attachment":[{"href":"https:\/\/fatherbroom.com\/es\/wp-json\/wp\/v2\/media?parent=33301"}],"wp:term":[{"taxonomy":"category","embeddable":true,"href":"https:\/\/fatherbroom.com\/es\/wp-json\/wp\/v2\/categories?post=33301"},{"taxonomy":"post_tag","embeddable":true,"href":"https:\/\/fatherbroom.com\/es\/wp-json\/wp\/v2\/tags?post=33301"}],"curies":[{"name":"wp","href":"https:\/\/api.w.org\/{rel}","templated":true}]}}