{"id":32187,"date":"2022-01-25T20:37:00","date_gmt":"2022-01-26T04:37:00","guid":{"rendered":"http:\/\/fatherbroom.com\/es\/?p=32187"},"modified":"2022-01-30T20:06:13","modified_gmt":"2022-01-31T04:06:13","slug":"san-juan-evangelista-y-el-sacerdocio","status":"publish","type":"post","link":"https:\/\/fatherbroom.com\/es\/2022\/01\/san-juan-evangelista-y-el-sacerdocio\/","title":{"rendered":"SAN JUAN EVANGELISTA Y EL SACERDOCIO"},"content":{"rendered":"\n<p><strong>En la portada del libro In Sinu Jesu, figura Nuestro Se\u00f1or y Salvador Jes\u00fas en la \u00daltima Cena. Con el pan en una mano y en la otra el signo de la bendici\u00f3n aparece tambi\u00e9n un Ap\u00f3stol apoyado en su hombro: la persona de San Juan Evangelista. Sobre la mesa, delante de Jes\u00fas y de San Juan, hay un c\u00e1liz.<\/strong><\/p>\n\n\n\n<figure class=\"wp-block-image size-large is-style-default\"><img loading=\"lazy\" decoding=\"async\" width=\"2040\" height=\"1138\" src=\"http:\/\/fatherbroom.com\/es\/wp-content\/media\/sites\/3\/png\/Screen-Shot-2021-03-15-at-2.15.34-PM.png\" alt=\"\" class=\"wp-image-32195\" \/><\/figure>\n\n\n\n<p><strong>Esta escena art\u00edsticamente b\u00edblica retrata en modo gr\u00e1fico dos Sacramentos que fueron instituidos en el contexto de la \u00daltima Cena: el Sacramento de la Sant\u00edsima Eucarist\u00eda, as\u00ed como el Sacramento del Orden. Ambos est\u00e1n \u00edntimamente entrelazados. Sin el Sacramento del Orden, la Sagrada Eucarist\u00eda no puede existir. El Cura de Ars expres\u00f3 esta verdad m\u00e1s o menos con estas palabras: \u00abSin sacerdote, no hay Misa; sin Misa, no hay Consagraci\u00f3n; sin Consagraci\u00f3n, no hay Presencia Real de Jes\u00fas; sin Presencia Real de Jes\u00fas, no hay Santa Comuni\u00f3n, y nos convertimos en hu\u00e9rfanos espirituales\u00bb.<\/strong><\/p>\n\n\n\n<p><strong>La existencia y el propio car\u00e1cter de la Iglesia depende del sacerdocio, no como algo secundario, ornamental o adorno, sino como algo imprescindible. Por ello, corresponde a todos, tanto a los laicos como a los que est\u00e1n conferidos las \u00d3rdenes Sagradas, la obligaci\u00f3n de rezar por m\u00e1s sacerdotes, y no s\u00f3lo por la cuant\u00eda, sino por sacerdotes santos, dotados del Sacramento de las \u00d3rdenes Sagradas, que se esfuercen sinceramente por alcanzar la santidad de vida.<\/strong><\/p>\n\n\n\n<p><strong>Las personas dependen directamente de la gracia de Dios, pero la gracia de Dios emana y se derrama a trav\u00e9s del vaso del Sacerdocio. Dios puede actuar incluso a trav\u00e9s de un sacerdote pobre o mediocre. Ahora bien, la gracia de Dios suele manifestar su fuerza y su vigor m\u00e1s abundantemente a trav\u00e9s del sacerdote que se esfuerza honestamente cada d\u00eda por alcanzar la aut\u00e9ntica santidad de vida.<\/strong><\/p>\n\n\n\n<p><strong>\u00bfC\u00f3mo es posible que un lugar de abandono, saqueado y devastado por la Revoluci\u00f3n Francesa, se haya transformado en una comunidad de personas fervientes y santas, siendo este lugar la peque\u00f1a ciudad de Ars? Hay una respuesta sencilla y directa: la santidad de aquel sacerdote que rog\u00f3 al Se\u00f1or que le enviara cualquier sufrimiento para salvar a su parroquia y a sus feligreses. Ese sacerdote era San Juan Mar\u00eda Vianney, conocido com\u00fanmente como el Cura de Ars.<\/strong><\/p>\n\n\n\n<p>=<\/p>\n<div class=\"synved-social-container synved-social-container-share\" style=\"text-align: center\"><a class=\"synved-social-button synved-social-button-share synved-social-size-48 synved-social-resolution-single synved-social-provider-facebook nolightbox\" data-provider=\"facebook\" target=\"_blank\" rel=\"nofollow\" title=\"Share on Facebook\" href=\"https:\/\/www.facebook.com\/sharer.php?u=https%3A%2F%2Ffatherbroom.com%2Fes%2Fwp-json%2Fwp%2Fv2%2Fposts%2F32187&#038;t=SAN%20JUAN%20EVANGELISTA%20Y%20EL%20SACERDOCIO&#038;s=100&#038;p&#091;url&#093;=https%3A%2F%2Ffatherbroom.com%2Fes%2Fwp-json%2Fwp%2Fv2%2Fposts%2F32187&#038;p&#091;images&#093;&#091;0&#093;=http%3A%2F%2Ffatherbroom.com%2Fes%2Fwp-content%2Fmedia%2Fsites%2F3%2Fpng%2FScreen-Shot-2021-03-15-at-2.15.34-PM.png&#038;p&#091;title&#093;=SAN%20JUAN%20EVANGELISTA%20Y%20EL%20SACERDOCIO\" style=\"font-size: 0px;width:48px;height:48px;margin:0;margin-bottom:5px;margin-right:5px\"><img loading=\"lazy\" decoding=\"async\" alt=\"Facebook\" title=\"Share on Facebook\" class=\"synved-share-image synved-social-image synved-social-image-share\" width=\"48\" height=\"48\" style=\"display: inline;width:48px;height:48px;margin: 0;padding: 0;border: none;box-shadow: none\" src=\"https:\/\/fatherbroom.com\/es\/wp-content\/plugins\/social-media-feather\/synved-social\/image\/social\/regular\/96x96\/facebook.png\" \/><\/a><a class=\"synved-social-button synved-social-button-share synved-social-size-48 synved-social-resolution-single synved-social-provider-twitter nolightbox\" data-provider=\"twitter\" target=\"_blank\" rel=\"nofollow\" title=\"Share on Twitter\" href=\"https:\/\/twitter.com\/intent\/tweet?url=https%3A%2F%2Ffatherbroom.com%2Fes%2Fwp-json%2Fwp%2Fv2%2Fposts%2F32187&#038;text=Hey%20check%20this%20out\" style=\"font-size: 0px;width:48px;height:48px;margin:0;margin-bottom:5px;margin-right:5px\"><img loading=\"lazy\" decoding=\"async\" alt=\"twitter\" title=\"Share on Twitter\" class=\"synved-share-image synved-social-image synved-social-image-share\" width=\"48\" height=\"48\" style=\"display: inline;width:48px;height:48px;margin: 0;padding: 0;border: none;box-shadow: none\" src=\"https:\/\/fatherbroom.com\/es\/wp-content\/plugins\/social-media-feather\/synved-social\/image\/social\/regular\/96x96\/twitter.png\" \/><\/a><a class=\"synved-social-button synved-social-button-share synved-social-size-48 synved-social-resolution-single synved-social-provider-reddit nolightbox\" data-provider=\"reddit\" target=\"_blank\" rel=\"nofollow\" title=\"Share on Reddit\" href=\"https:\/\/www.reddit.com\/submit?url=https%3A%2F%2Ffatherbroom.com%2Fes%2Fwp-json%2Fwp%2Fv2%2Fposts%2F32187&#038;title=SAN%20JUAN%20EVANGELISTA%20Y%20EL%20SACERDOCIO\" style=\"font-size: 0px;width:48px;height:48px;margin:0;margin-bottom:5px;margin-right:5px\"><img loading=\"lazy\" decoding=\"async\" alt=\"reddit\" title=\"Share on Reddit\" class=\"synved-share-image synved-social-image synved-social-image-share\" width=\"48\" height=\"48\" style=\"display: inline;width:48px;height:48px;margin: 0;padding: 0;border: none;box-shadow: none\" src=\"https:\/\/fatherbroom.com\/es\/wp-content\/plugins\/social-media-feather\/synved-social\/image\/social\/regular\/96x96\/reddit.png\" \/><\/a><a class=\"synved-social-button synved-social-button-share synved-social-size-48 synved-social-resolution-single synved-social-provider-pinterest nolightbox\" data-provider=\"pinterest\" target=\"_blank\" rel=\"nofollow\" title=\"Pin it with Pinterest\" href=\"https:\/\/pinterest.com\/pin\/create\/button\/?url=https%3A%2F%2Ffatherbroom.com%2Fes%2Fwp-json%2Fwp%2Fv2%2Fposts%2F32187&#038;media=http%3A%2F%2Ffatherbroom.com%2Fes%2Fwp-content%2Fmedia%2Fsites%2F3%2Fpng%2FScreen-Shot-2021-03-15-at-2.15.34-PM.png&#038;description=SAN%20JUAN%20EVANGELISTA%20Y%20EL%20SACERDOCIO\" style=\"font-size: 0px;width:48px;height:48px;margin:0;margin-bottom:5px;margin-right:5px\"><img loading=\"lazy\" decoding=\"async\" alt=\"pinterest\" title=\"Pin it with Pinterest\" class=\"synved-share-image synved-social-image synved-social-image-share\" width=\"48\" height=\"48\" style=\"display: inline;width:48px;height:48px;margin: 0;padding: 0;border: none;box-shadow: none\" src=\"https:\/\/fatherbroom.com\/es\/wp-content\/plugins\/social-media-feather\/synved-social\/image\/social\/regular\/96x96\/pinterest.png\" \/><\/a><a class=\"synved-social-button synved-social-button-share synved-social-size-48 synved-social-resolution-single synved-social-provider-linkedin nolightbox\" data-provider=\"linkedin\" target=\"_blank\" rel=\"nofollow\" title=\"Share on Linkedin\" href=\"https:\/\/www.linkedin.com\/shareArticle?mini=true&#038;url=https%3A%2F%2Ffatherbroom.com%2Fes%2Fwp-json%2Fwp%2Fv2%2Fposts%2F32187&#038;title=SAN%20JUAN%20EVANGELISTA%20Y%20EL%20SACERDOCIO\" style=\"font-size: 0px;width:48px;height:48px;margin:0;margin-bottom:5px;margin-right:5px\"><img loading=\"lazy\" decoding=\"async\" alt=\"linkedin\" title=\"Share on Linkedin\" class=\"synved-share-image synved-social-image synved-social-image-share\" width=\"48\" height=\"48\" style=\"display: inline;width:48px;height:48px;margin: 0;padding: 0;border: none;box-shadow: none\" src=\"https:\/\/fatherbroom.com\/es\/wp-content\/plugins\/social-media-feather\/synved-social\/image\/social\/regular\/96x96\/linkedin.png\" \/><\/a><a class=\"synved-social-button synved-social-button-share synved-social-size-48 synved-social-resolution-single synved-social-provider-mail nolightbox\" data-provider=\"mail\" rel=\"nofollow\" title=\"Share by email\" href=\"mailto:?subject=SAN%20JUAN%20EVANGELISTA%20Y%20EL%20SACERDOCIO&#038;body=Hey%20check%20this%20out:%20https%3A%2F%2Ffatherbroom.com%2Fes%2Fwp-json%2Fwp%2Fv2%2Fposts%2F32187\" style=\"font-size: 0px;width:48px;height:48px;margin:0;margin-bottom:5px\"><img loading=\"lazy\" decoding=\"async\" alt=\"mail\" title=\"Share by email\" class=\"synved-share-image synved-social-image synved-social-image-share\" width=\"48\" height=\"48\" style=\"display: inline;width:48px;height:48px;margin: 0;padding: 0;border: none;box-shadow: none\" src=\"https:\/\/fatherbroom.com\/es\/wp-content\/plugins\/social-media-feather\/synved-social\/image\/social\/regular\/96x96\/mail.png\" \/><\/a><\/div>","protected":false},"excerpt":{"rendered":"<p>En la portada del libro In Sinu Jesu, figura Nuestro Se\u00f1or y Salvador Jes\u00fas en la \u00daltima Cena. Con el pan en una mano y en la otra el signo de la bendici\u00f3n aparece tambi\u00e9n un Ap\u00f3stol apoyado en su hombro: la persona de San Juan Evangelista. Sobre la mesa, delante de Jes\u00fas y de [&hellip;]<\/p>\n","protected":false},"author":7,"featured_media":0,"comment_status":"closed","ping_status":"closed","sticky":false,"template":"","format":"standard","meta":{"_genesis_hide_title":false,"_genesis_hide_breadcrumbs":false,"_genesis_hide_singular_image":false,"_genesis_hide_footer_widgets":false,"_genesis_custom_body_class":"","_genesis_custom_post_class":"","_genesis_layout":"","footnotes":""},"categories":[2],"tags":[],"class_list":{"0":"post-32187","1":"post","2":"type-post","3":"status-publish","4":"format-standard","6":"category-blog","7":"entry"},"_links":{"self":[{"href":"https:\/\/fatherbroom.com\/es\/wp-json\/wp\/v2\/posts\/32187","targetHints":{"allow":["GET"]}}],"collection":[{"href":"https:\/\/fatherbroom.com\/es\/wp-json\/wp\/v2\/posts"}],"about":[{"href":"https:\/\/fatherbroom.com\/es\/wp-json\/wp\/v2\/types\/post"}],"author":[{"embeddable":true,"href":"https:\/\/fatherbroom.com\/es\/wp-json\/wp\/v2\/users\/7"}],"replies":[{"embeddable":true,"href":"https:\/\/fatherbroom.com\/es\/wp-json\/wp\/v2\/comments?post=32187"}],"version-history":[{"count":8,"href":"https:\/\/fatherbroom.com\/es\/wp-json\/wp\/v2\/posts\/32187\/revisions"}],"predecessor-version":[{"id":32200,"href":"https:\/\/fatherbroom.com\/es\/wp-json\/wp\/v2\/posts\/32187\/revisions\/32200"}],"wp:attachment":[{"href":"https:\/\/fatherbroom.com\/es\/wp-json\/wp\/v2\/media?parent=32187"}],"wp:term":[{"taxonomy":"category","embeddable":true,"href":"https:\/\/fatherbroom.com\/es\/wp-json\/wp\/v2\/categories?post=32187"},{"taxonomy":"post_tag","embeddable":true,"href":"https:\/\/fatherbroom.com\/es\/wp-json\/wp\/v2\/tags?post=32187"}],"curies":[{"name":"wp","href":"https:\/\/api.w.org\/{rel}","templated":true}]}}