{"id":31143,"date":"2022-01-26T01:46:00","date_gmt":"2022-01-26T09:46:00","guid":{"rendered":"http:\/\/fatherbroom.com\/es\/?p=31143"},"modified":"2022-01-26T08:17:59","modified_gmt":"2022-01-26T16:17:59","slug":"lecturas-del-dia-26-de-enero-2022","status":"publish","type":"post","link":"https:\/\/fatherbroom.com\/es\/2022\/01\/lecturas-del-dia-26-de-enero-2022\/","title":{"rendered":"LECTURAS DEL DIA | 26 DE ENERO 2022"},"content":{"rendered":"\n<p class=\"has-medium-font-size\"><strong>Memoria de Santos Timoteo y Tito, obispos<\/strong><\/p>\n\n\n\n<figure class=\"wp-block-image size-large is-style-default\"><a href=\"https:\/\/bible.usccb.org\/es\/bible\/lecturas\/012622.cfm\"><img loading=\"lazy\" decoding=\"async\" width=\"1784\" height=\"676\" src=\"http:\/\/fatherbroom.com\/es\/wp-content\/media\/sites\/3\/png\/Screen-Shot-2022-01-18-at-9.47.15-AM.png\" alt=\"\" class=\"wp-image-31146\" \/><\/a><\/figure>\n\n\n\n<figure class=\"wp-block-image size-large is-style-default\"><a href=\"https:\/\/www.vatican.va\/archive\/catechism_sp\/p122a4p2_sp.html\"><img loading=\"lazy\" decoding=\"async\" width=\"1784\" height=\"670\" src=\"http:\/\/fatherbroom.com\/es\/wp-content\/media\/sites\/3\/png\/Screen-Shot-2022-01-18-at-9.47.50-AM.png\" alt=\"\" class=\"wp-image-31149\" \/><\/a><\/figure>\n\n\n\n<figure class=\"wp-block-image size-large is-style-default\"><img loading=\"lazy\" decoding=\"async\" width=\"1776\" height=\"520\" src=\"http:\/\/fatherbroom.com\/es\/wp-content\/media\/sites\/3\/png\/Screen-Shot-2022-01-18-at-9.48.15-AM.png\" alt=\"\" class=\"wp-image-31151\" \/><\/figure>\n\n\n\n<p><strong>\u00abPara cosas m\u00e1s grandes has nacido\u00bb. (Ven. Madre Luisita)<\/strong><\/p>\n\n\n\n<p><strong>MI\u00c9RCOLES 26 DE ENERO Lc 10, 1-9 EVANGELIO DE LOS SANTOS TIMOTEO Y TITO \u00abLa mies es abundante, pero los obreros son pocos; pedid, pues, al due\u00f1o de la mies que env\u00ede obreros para su cosecha\u00bb.<\/strong><\/p>\n\n\n\n<p><strong>Este d\u00eda en el que se honra a los santos Timoteo y Tito, compa\u00f1eros de viaje de San Pablo y primeros obispos de la Iglesia, nos recuerda las palabras de Jes\u00fas: \u00abLa mies es abundante, pero los obreros son pocos\u00bb. Apreciemos a los sacerdotes y recemos por m\u00e1s sacerdotes. \u00a1Hoy, el P. Ed abre nuestras mentes y nuestros corazones para contemplar la riqueza de la llamada del sacerdote!&nbsp;<\/strong><\/p>\n\n\n\n<p><strong>SAN JUAN EVANGELISTA Y EL SACERDOCIO por el P. Ed Broom, OMV<\/strong><\/p>\n\n\n\n<p><strong>En la portada del libro In Sinu Jesu, se representa a Nuestro Se\u00f1or y Salvador Jes\u00fas en la \u00daltima Cena. Con el pan en una mano y el signo de la bendici\u00f3n en la otra se puede ver tambi\u00e9n a un Ap\u00f3stol apoyado en su hombro: la persona de San Juan Evangelista. En la mesa, delante de Jes\u00fas y de San Juan, hay un c\u00e1liz.<\/strong><\/p>\n\n\n\n<p><strong>Esta escena art\u00edstica b\u00edblica retrata en versi\u00f3n gr\u00e1fica dos Sacramentos que fueron instituidos en el contexto de la \u00daltima Cena: el Sacramento de la Sant\u00edsima Eucarist\u00eda, as\u00ed como el Sacramento del Orden. Ambos est\u00e1n \u00edntimamente interconectados. Sin el Sacramento del Orden, la Sagrada Eucarist\u00eda no puede existir. El Cura de Ars expres\u00f3 esta verdad m\u00e1s o menos con estas palabras: \u00abSin sacerdote, no hay Misa; sin Misa, no hay Consagraci\u00f3n; sin Consagraci\u00f3n, no hay Presencia Real de Jes\u00fas; sin Presencia Real de Jes\u00fas, no hay Santa Comuni\u00f3n, y nos convertimos en hu\u00e9rfanos espirituales\u00bb.<\/strong><\/p>\n\n\n\n<p><strong>Para que la Iglesia exista y funcione plenamente, el Sacerdocio no es secundario o accesorio u ornamental, sino que el Sacerdocio es esencial. Por tanto, corresponde a todos, tanto a los laicos como a los que est\u00e1n dotados de las \u00d3rdenes Sagradas, rezar por m\u00e1s sacerdotes, pero no simplemente por la cantidad, sino por sacerdotes santos, aquellos dotados del Sacramento de las \u00d3rdenes Sagradas que se esfuerzan sinceramente por alcanzar la santidad de vida.<\/strong><\/p>\n\n\n\n<p><strong>Las personas dependen directamente de la gracia de Dios, pero la gracia de Dios emana y se derrama a trav\u00e9s del vaso del Sacerdocio. Dios puede actuar incluso a trav\u00e9s de un sacerdote pobre o mediocre. Sin embargo, normalmente la gracia de Dios manifiesta su fuerza y su vigor m\u00e1s abundantemente a trav\u00e9s del sacerdote que se esfuerza honestamente cada d\u00eda por la aut\u00e9ntica santidad de vida.<\/strong><\/p>\n\n\n\n<p><strong>\u00bfC\u00f3mo es posible que un lugar de mala muerte, saqueado y devastado por la Revoluci\u00f3n Francesa, se transforme en una comunidad de gente ferviente y santa, siendo este lugar la peque\u00f1a ciudad de Ars? La respuesta es sencilla y directa: la santidad de aquel sacerdote que rog\u00f3 al Se\u00f1or que le enviara cualquier sufrimiento para salvar su parroquia y sus feligreses. Ese sacerdote fue San Juan Mar\u00eda Vianney, conocido com\u00fanmente como el Cura de Ars.<\/strong><\/p>\n\n\n\n<p><strong>Volviendo a San Juan Evangelista, \u00bfpor qu\u00e9 este santo cuya imagen aparece en la portada del libro In Sinu Jesu se convierte en la puerta de entrada a lo que se est\u00e1 convirtiendo en un cl\u00e1sico espiritual moderno?<\/strong><\/p>\n\n\n\n<p><strong>En este libro, escrito por un monje benedictino irland\u00e9s, la persona de San Juan Evangelista vuelve una y otra vez. La raz\u00f3n fundamental de la frecuente presencia de San Juan Evangelista es esta sencilla raz\u00f3n: San Juan, tambi\u00e9n apodado por Jes\u00fas con su hermano Santiago como Boanerges -que significa \u00abhijos del trueno\u00bb-, es un modelo para todos los sacerdotes, as\u00ed como para los obispos.&nbsp;<\/strong><\/p>\n\n\n\n<p><strong>Por lo tanto, recemos fervientemente por todos los sacerdotes a Jes\u00fas el Sumo Sacerdote, a Mar\u00eda la Madre de los sacerdotes, pero tambi\u00e9n a San Juan Evangelista para que los sacerdotes contemplen y recen a este santo para que les ayude a crecer en santidad en su vocaci\u00f3n y estado-el del santo sacerdocio.<\/strong><\/p>\n\n\n\n<p><strong>Los siguientes puntos acent\u00faan y destacan las caracter\u00edsticas de San Juan Evangelista como modelo, amigo, patr\u00f3n e intercesor de los sacerdotes. Incluso el peor de los sacerdotes, viviendo en cualquier pa\u00eds, situaci\u00f3n o medio social del mundo, puede llegar a ser un sacerdote superestrella. Esto depende de una condici\u00f3n primordial: confiar infinitamente en la misericordia de Dios y rogar al Se\u00f1or Jes\u00fas, a Mar\u00eda y a San Juan un coraz\u00f3n nuevo. \u00a1Nunca es demasiado tarde! San Pablo nos recuerda: \u00abDonde abunda el pecado, sobreabunda la misericordia de Dios\u00bb. (Romanos 5:20) Jes\u00fas le dijo a Santa Faustina que el peor pecador puede convertirse en el mayor santo con una condici\u00f3n CONFIANZA INFINITA EN LA INFINITA MISERICORDIA DE DIOS.<\/strong><\/p>\n\n\n\n<p><strong>\u00bfCu\u00e1les son entonces las caracter\u00edsticas de San Juan Evangelista como modelo y patr\u00f3n para los sacerdotes? Son muchas. Que los sacerdotes lo utilicen para meditar; que los laicos lo utilicen en sus fervientes oraciones por los sacerdotes y futuros sacerdotes.<\/strong><\/p>\n\n\n\n<p><strong>1. San Juan Evangelista fue elegido por Jesucristo para ser su seguidor como sacerdote: Jesucristo, el modelo de todos los sacerdotes y el propio Sumo Sacerdote, que elige a algunas personas para que le sigan en la vocaci\u00f3n sacerdotal. Esta elecci\u00f3n proviene simplemente de un amor puro y gratuito que Jes\u00fas ten\u00eda por San Juan, as\u00ed como por todos los sacerdotes. Por supuesto, los elegidos deben decir S\u00cd a la llamada. El amor de Dios debe ser aceptado libremente y sin coacci\u00f3n.&nbsp;&nbsp;<\/strong><\/p>\n\n\n\n<p><strong>2. JUAN PAS\u00d3 TODA LA TARDE CON JES\u00daS. (Jn 1,38-39) En el Evangelio de San Juan, en el primer cap\u00edtulo despu\u00e9s del hermoso Pr\u00f3logo, Juan el Bautista se\u00f1ala a Jes\u00fas como el Cordero de Dios a dos de sus disc\u00edpulos -Juan y Andr\u00e9s-. Ellos siguen a Jes\u00fas y \u00c9l se da la vuelta pregunt\u00e1ndoles \u00bfqu\u00e9 buscan? Entonces Jes\u00fas les invita a pasar la tarde con \u00c9l. Todo empez\u00f3 aquel d\u00eda hacia las cuatro de la tarde -como se encarga de se\u00f1alar San Juan-, una hora cr\u00edtica que cambi\u00f3 radicalmente sus vidas. Al igual que Juan, el sacerdote debi\u00f3 experimentar ese d\u00eda especial, esa hora, ese momento preciso en que Jes\u00fas se hizo real para \u00e9l. Ese preciso momento fue aquel instante de gracia en el que, como Juan el Evangelista, el sacerdote se convenci\u00f3 del amor personal que Jes\u00fas le tiene.<\/strong><\/p>\n\n\n\n<p><strong>3. DE PESCADORES EN EL LAGO DE GALILEA A PESCADORES DE HOMBRES&nbsp; Jes\u00fas estaba predicando en la orilla del lago de Galilea, luego en la barca de Pedro a la multitud que estaba en la orilla. Terminada la predicaci\u00f3n, Jes\u00fas le dijo a Pedro que se adentrara en las profundidades y echara las redes. Obediente a la orden del Maestro, Pedro ech\u00f3 las redes y pesc\u00f3 tantos peces que tuvo que llamar a Santiago y a Juan para que le ayudaran a arrastrar los peces hasta la orilla. Entonces Jes\u00fas hizo la llamada definitiva: \u00abNo teng\u00e1is miedo. Desde ahora ser\u00e9is pescadores de hombres\u00bb. En ese momento, Pedro, Santiago y Juan lo dejaron todo para seguir a Jes\u00fas. Como San Juan, en este momento tambi\u00e9n cr\u00edtico el sacerdote debe aprender la verdadera libertad que supone dejarlo todo para seguir a Cristo. El dinero, las posesiones, el poder, la fama, los bienes materiales&#8230; todo se entrega libremente por algo mucho m\u00e1s grande: una din\u00e1mica y profunda Amistad con Jes\u00fas. En efecto, al tener a Jes\u00fas como centro de sus vidas, lo tienen todo. El sacerdote que se centra en Cristo como centro de toda su existencia experimentar\u00e1 un estado perpetuo de alegr\u00eda en lo m\u00e1s profundo de su alma.<\/strong><\/p>\n\n\n\n<p><strong>4. LA EXPERIENCIA DE LA TRANSFIGURACI\u00d3N.&nbsp; Pedro, Santiago y Juan tuvieron el privilegio de experimentar un anticipo del Cielo. En la cima del monte Tabor, ba\u00f1ado y transfigurado en luz, Jes\u00fas habl\u00f3 libremente con Mois\u00e9s y El\u00edas. Entonces se oy\u00f3 claramente la voz de Dios Padre: \u00abEste es mi Hijo amado: escuchadle\u00bb. (Mt 17,5) Jes\u00fas estaba animando a sus tres mejores amigos con un anticipo de la gloria celestial. El sacerdote vive en la tierra, pero con la mente y el coraz\u00f3n dirigidos a la gloria del Cielo. La virtud de la esperanza animar\u00e1 al sacerdote por encima de las pruebas y cruces diarias que forman parte del seguimiento de Cristo.<\/strong><\/p>\n\n\n\n<p><strong>5. BOANERGES-HIJOS DEL TRUENO.&nbsp; De una manera muy cari\u00f1osa, amable y encantadora, Jes\u00fas dio a dos de sus mejores amigos, Santiago y Juan, un apodo: \u00a1\u00a1\u00a1Boanerges, que significa Hijos del trueno!!! \u00a1El sacerdote debe ser un hijo del trueno en el sentido de que debe tronar contra el pecado, y tener un rugido de trueno y fuego en su coraz\u00f3n por amor a Jes\u00fas! El mismo Se\u00f1or Jes\u00fas declar\u00f3: \u00abHe venido a echar fuego en la tierra y no estar\u00e9 tranquilo hasta que ese fuego se encienda\u00bb. (Lc 12,49)<\/strong><\/p>\n\n\n\n<p><strong>6. LA \u00daLTIMA CENA: JUAN DESCANSA EN EL CORAZ\u00d3N DE JES\u00daS&nbsp; Uno de los santos patronos del Sagrado Coraz\u00f3n de Jes\u00fas no es otro que San Juan Evangelista. \u00bfPor qu\u00e9? Una de las principales razones es que all\u00ed, en la \u00daltima Cena, San Juan se inclin\u00f3 para apoyar su cabeza en el Sagrado Coraz\u00f3n de Jes\u00fas. Juan escuch\u00f3 los latidos de amor de Jes\u00fas. Todo sacerdote est\u00e1 llamado a acercarse a Cristo y a descansar en su Sagrado Coraz\u00f3n. Jes\u00fas invita: \u00abVenid todos a m\u00ed y os har\u00e9 descansar, porque soy manso y humilde de coraz\u00f3n, y encontrar\u00e9is descanso para vuestras almas. Porque mi yugo es f\u00e1cil y mi carga es ligera\u00bb. (Mt 11,28-30) Al igual que&nbsp;<\/strong><\/p>\n\n\n\n<p><strong>Juan, que el sacerdote encuentre descanso en el Sagrado Coraz\u00f3n de Jes\u00fas, su verdadero refugio y cobijo contra las tormentas de la vida.<\/strong><\/p>\n\n\n\n<p><strong>7. EN LA ORACI\u00d3N, JUAN SE DUERME&nbsp; Es una verdad b\u00edblica-evang\u00e9lica: Juan se durmi\u00f3 cuando Jes\u00fas realmente necesitaba su oraci\u00f3n y su amistad. Juan no era perfecto. Existe el peligro perenne para todos los cat\u00f3licos -y esto incluye al sacerdote- de dormirse en la oraci\u00f3n cuando deber\u00edamos estar bien despiertos y vigilantes. La raz\u00f3n principal de la ca\u00edda de un sacerdote es precisamente \u00e9sta: la falta de oraci\u00f3n y la falta de oraci\u00f3n ferviente. En efecto, la oraci\u00f3n es verdaderamente la amistad con Jes\u00fas. Que los sacerdotes aprendan el arte de orar incluso en los momentos dif\u00edciles de desolaci\u00f3n. En efecto, el esp\u00edritu est\u00e1 dispuesto, pero la carne es d\u00e9bil.<\/strong><\/p>\n\n\n\n<p><strong>8. AL PIE DE LA CRUZ&nbsp; All\u00ed, al pie de la cruz del Calvario, aquel primer Viernes Santo, estaban presentes tres de los mejores amigos de Jes\u00fas: La Magdalena, Juan el Evangelista y la Madre de Jes\u00fas, Nuestra Se\u00f1ora de los Dolores. El venerable arzobispo Fulton J. Sheen describe a los tres como representantes de tres estilos de vida diferentes: Mar\u00eda Magdalena representa al verdadero Penitente-el pecador arrepentido y apenado por los pecados de su pasado.&nbsp; Nuestra Se\u00f1ora representa la Inocencia total-la Inmaculada. San Juan, seg\u00fan Sheen, representa el Sacerdocio. Bastante comprensible dado que Juan est\u00e1 bajo la cruz, como si ofreciera a Jes\u00fas, la V\u00edctima Inocente, a Dios Padre por la salvaci\u00f3n del mundo. Cada misa que se ofrece, en cualquier tiempo o lugar, el sacerdote transporta al Calvario con Jes\u00fas colgado en la cruz. \u00a1Los frutos del Calvario y de la Misa son intemporales e infinitos!<\/strong><\/p>\n\n\n\n<p><strong>9. JES\u00daS: MAR\u00cdA Y SAN JUAN.&nbsp; Desde el p\u00falpito de la cruz, Jes\u00fas pronuncia su \u00faltimo y m\u00e1s grande serm\u00f3n. Estas ser\u00edan sus famosas \u00abSiete \u00faltimas palabras&#8230;\u00bb. Una de estas palabras o frases cortas fue dirigida a Su Madre Mar\u00eda y a Su Disc\u00edpulo Amado, San Juan. Jes\u00fas dijo: \u00abMujer, he aqu\u00ed a tu hijo; hijo, he aqu\u00ed a tu Madre; entonces el disc\u00edpulo amado tom\u00f3 a Mar\u00eda en su casa\u00bb. (Jn 19,26-27) Como San Juan, el Disc\u00edpulo Amado y Ap\u00f3stol, todo sacerdote debe invitar a Mar\u00eda a su casa. Por casa, en un sentido espiritual pero muy profundo, se entiende su propio coraz\u00f3n. Juan invit\u00f3 a Mar\u00eda a su coraz\u00f3n para que fuera su Madre amorosa para siempre. Todo hombre de \u00e9xito debe tener una mujer detr\u00e1s de \u00e9l. En el caso del sacerdote esa mujer es la Sant\u00edsima Virgen Mar\u00eda-su amorosa y tierna Madre Celestial.<\/strong><\/p>\n\n\n\n<p><strong>10. SU CORAZ\u00d3N FUE ATRAVESADO POR LA LANZA: LA SANGRE Y EL AGUA SALIERON A BORBOTONES.&nbsp; Despu\u00e9s de que Jes\u00fas exhal\u00f3 su \u00faltimo aliento, el soldado se acerc\u00f3 y le atraves\u00f3 el costado con la lanza; entonces salieron sangre y agua a borbotones. San Juan fue testigo presencial de este desgarrador acontecimiento. La Iglesia ense\u00f1a que la sangre y el agua simbolizan la Iglesia y su vida sacramental. M\u00e1s concretamente, la Sangre y el agua simbolizan el Bautismo y la Confesi\u00f3n (el agua), y la Sant\u00edsima Eucarist\u00eda (la Sangre).&nbsp; El sacerdote debe estar motivado con gran amor para celebrar el Santo Sacrificio de la Misa. Adem\u00e1s, el sacerdote debe tener un gran deseo de devolver las almas errantes a Jes\u00fas el Buen Pastor por medio del Sacramento de la Reconciliaci\u00f3n.<\/strong><\/p>\n\n\n\n<p><strong>Nuestra oraci\u00f3n, deseo y esperanza es que San Juan Evangelista, presentado como modelo para los sacerdotes en In Sinu Jes\u00fas, sirva como modelo y patr\u00f3n para que cada sacerdote medite, ore e imite. M\u00e1s que nada, San Juan permiti\u00f3 que el amor de Jes\u00fas penetrara en todo su ser, hasta la fibra misma de su ser. Para San Juan, y ojal\u00e1 para todo sacerdote, Jes\u00fas es el fin de todo, el alfa y el omega, el Principio y el Fundamento de su existencia. Para San Juan, Jes\u00fas fue su Se\u00f1or y Dios, su Maestro y Profesor, su Redentor y Salvador, y sobre todo, su Mejor Amigo. Que todos los sacerdotes tomen a San Juan como modelo de sacerdote en el que modelar la esencia de su vida sacerdotal. \u00a1\u00a1\u00a1En efecto, Jes\u00fas es y ser\u00e1 siempre el MEJOR AMIGO QUE NUNCA NOS FALLAR\u00c1!!!<\/strong><\/p>\n<div class=\"synved-social-container synved-social-container-share\" style=\"text-align: center\"><a class=\"synved-social-button synved-social-button-share synved-social-size-48 synved-social-resolution-single synved-social-provider-facebook nolightbox\" data-provider=\"facebook\" target=\"_blank\" rel=\"nofollow\" title=\"Share on Facebook\" href=\"https:\/\/www.facebook.com\/sharer.php?u=https%3A%2F%2Ffatherbroom.com%2Fes%2Fwp-json%2Fwp%2Fv2%2Fposts%2F31143&#038;t=LECTURAS%20DEL%20DIA%20%7C%2026%20DE%20ENERO%202022&#038;s=100&#038;p&#091;url&#093;=https%3A%2F%2Ffatherbroom.com%2Fes%2Fwp-json%2Fwp%2Fv2%2Fposts%2F31143&#038;p&#091;images&#093;&#091;0&#093;=http%3A%2F%2Ffatherbroom.com%2Fes%2Fwp-content%2Fmedia%2Fsites%2F3%2Fpng%2FScreen-Shot-2022-01-18-at-9.47.15-AM.png&#038;p&#091;title&#093;=LECTURAS%20DEL%20DIA%20%7C%2026%20DE%20ENERO%202022\" style=\"font-size: 0px;width:48px;height:48px;margin:0;margin-bottom:5px;margin-right:5px\"><img loading=\"lazy\" decoding=\"async\" alt=\"Facebook\" title=\"Share on Facebook\" class=\"synved-share-image synved-social-image synved-social-image-share\" width=\"48\" height=\"48\" style=\"display: inline;width:48px;height:48px;margin: 0;padding: 0;border: none;box-shadow: none\" src=\"https:\/\/fatherbroom.com\/es\/wp-content\/plugins\/social-media-feather\/synved-social\/image\/social\/regular\/96x96\/facebook.png\" \/><\/a><a class=\"synved-social-button synved-social-button-share synved-social-size-48 synved-social-resolution-single synved-social-provider-twitter nolightbox\" data-provider=\"twitter\" target=\"_blank\" rel=\"nofollow\" title=\"Share on Twitter\" href=\"https:\/\/twitter.com\/intent\/tweet?url=https%3A%2F%2Ffatherbroom.com%2Fes%2Fwp-json%2Fwp%2Fv2%2Fposts%2F31143&#038;text=Hey%20check%20this%20out\" style=\"font-size: 0px;width:48px;height:48px;margin:0;margin-bottom:5px;margin-right:5px\"><img loading=\"lazy\" decoding=\"async\" alt=\"twitter\" title=\"Share on Twitter\" class=\"synved-share-image synved-social-image synved-social-image-share\" width=\"48\" height=\"48\" style=\"display: inline;width:48px;height:48px;margin: 0;padding: 0;border: none;box-shadow: none\" src=\"https:\/\/fatherbroom.com\/es\/wp-content\/plugins\/social-media-feather\/synved-social\/image\/social\/regular\/96x96\/twitter.png\" \/><\/a><a class=\"synved-social-button synved-social-button-share synved-social-size-48 synved-social-resolution-single synved-social-provider-reddit nolightbox\" data-provider=\"reddit\" target=\"_blank\" rel=\"nofollow\" title=\"Share on Reddit\" href=\"https:\/\/www.reddit.com\/submit?url=https%3A%2F%2Ffatherbroom.com%2Fes%2Fwp-json%2Fwp%2Fv2%2Fposts%2F31143&#038;title=LECTURAS%20DEL%20DIA%20%7C%2026%20DE%20ENERO%202022\" style=\"font-size: 0px;width:48px;height:48px;margin:0;margin-bottom:5px;margin-right:5px\"><img loading=\"lazy\" decoding=\"async\" alt=\"reddit\" title=\"Share on Reddit\" class=\"synved-share-image synved-social-image synved-social-image-share\" width=\"48\" height=\"48\" style=\"display: inline;width:48px;height:48px;margin: 0;padding: 0;border: none;box-shadow: none\" src=\"https:\/\/fatherbroom.com\/es\/wp-content\/plugins\/social-media-feather\/synved-social\/image\/social\/regular\/96x96\/reddit.png\" \/><\/a><a class=\"synved-social-button synved-social-button-share synved-social-size-48 synved-social-resolution-single synved-social-provider-pinterest nolightbox\" data-provider=\"pinterest\" target=\"_blank\" rel=\"nofollow\" title=\"Pin it with Pinterest\" href=\"https:\/\/pinterest.com\/pin\/create\/button\/?url=https%3A%2F%2Ffatherbroom.com%2Fes%2Fwp-json%2Fwp%2Fv2%2Fposts%2F31143&#038;media=http%3A%2F%2Ffatherbroom.com%2Fes%2Fwp-content%2Fmedia%2Fsites%2F3%2Fpng%2FScreen-Shot-2022-01-18-at-9.47.15-AM.png&#038;description=LECTURAS%20DEL%20DIA%20%7C%2026%20DE%20ENERO%202022\" style=\"font-size: 0px;width:48px;height:48px;margin:0;margin-bottom:5px;margin-right:5px\"><img loading=\"lazy\" decoding=\"async\" alt=\"pinterest\" title=\"Pin it with Pinterest\" class=\"synved-share-image synved-social-image synved-social-image-share\" width=\"48\" height=\"48\" style=\"display: inline;width:48px;height:48px;margin: 0;padding: 0;border: none;box-shadow: none\" src=\"https:\/\/fatherbroom.com\/es\/wp-content\/plugins\/social-media-feather\/synved-social\/image\/social\/regular\/96x96\/pinterest.png\" \/><\/a><a class=\"synved-social-button synved-social-button-share synved-social-size-48 synved-social-resolution-single synved-social-provider-linkedin nolightbox\" data-provider=\"linkedin\" target=\"_blank\" rel=\"nofollow\" title=\"Share on Linkedin\" href=\"https:\/\/www.linkedin.com\/shareArticle?mini=true&#038;url=https%3A%2F%2Ffatherbroom.com%2Fes%2Fwp-json%2Fwp%2Fv2%2Fposts%2F31143&#038;title=LECTURAS%20DEL%20DIA%20%7C%2026%20DE%20ENERO%202022\" style=\"font-size: 0px;width:48px;height:48px;margin:0;margin-bottom:5px;margin-right:5px\"><img loading=\"lazy\" decoding=\"async\" alt=\"linkedin\" title=\"Share on Linkedin\" class=\"synved-share-image synved-social-image synved-social-image-share\" width=\"48\" height=\"48\" style=\"display: inline;width:48px;height:48px;margin: 0;padding: 0;border: none;box-shadow: none\" src=\"https:\/\/fatherbroom.com\/es\/wp-content\/plugins\/social-media-feather\/synved-social\/image\/social\/regular\/96x96\/linkedin.png\" \/><\/a><a class=\"synved-social-button synved-social-button-share synved-social-size-48 synved-social-resolution-single synved-social-provider-mail nolightbox\" data-provider=\"mail\" rel=\"nofollow\" title=\"Share by email\" href=\"mailto:?subject=LECTURAS%20DEL%20DIA%20%7C%2026%20DE%20ENERO%202022&#038;body=Hey%20check%20this%20out:%20https%3A%2F%2Ffatherbroom.com%2Fes%2Fwp-json%2Fwp%2Fv2%2Fposts%2F31143\" style=\"font-size: 0px;width:48px;height:48px;margin:0;margin-bottom:5px\"><img loading=\"lazy\" decoding=\"async\" alt=\"mail\" title=\"Share by email\" class=\"synved-share-image synved-social-image synved-social-image-share\" width=\"48\" height=\"48\" style=\"display: inline;width:48px;height:48px;margin: 0;padding: 0;border: none;box-shadow: none\" src=\"https:\/\/fatherbroom.com\/es\/wp-content\/plugins\/social-media-feather\/synved-social\/image\/social\/regular\/96x96\/mail.png\" \/><\/a><\/div>","protected":false},"excerpt":{"rendered":"<p>Memoria de Santos Timoteo y Tito, obispos \u00abPara cosas m\u00e1s grandes has nacido\u00bb. (Ven. Madre Luisita) MI\u00c9RCOLES 26 DE ENERO Lc 10, 1-9 EVANGELIO DE LOS SANTOS TIMOTEO Y TITO \u00abLa mies es abundante, pero los obreros son pocos; pedid, pues, al due\u00f1o de la mies que env\u00ede obreros para su cosecha\u00bb. Este d\u00eda en [&hellip;]<\/p>\n","protected":false},"author":7,"featured_media":0,"comment_status":"closed","ping_status":"closed","sticky":false,"template":"","format":"standard","meta":{"_genesis_hide_title":false,"_genesis_hide_breadcrumbs":false,"_genesis_hide_singular_image":false,"_genesis_hide_footer_widgets":false,"_genesis_custom_body_class":"","_genesis_custom_post_class":"","_genesis_layout":"","footnotes":""},"categories":[277],"tags":[],"class_list":{"0":"post-31143","1":"post","2":"type-post","3":"status-publish","4":"format-standard","6":"category-lecturas-del-dia","7":"entry"},"_links":{"self":[{"href":"https:\/\/fatherbroom.com\/es\/wp-json\/wp\/v2\/posts\/31143","targetHints":{"allow":["GET"]}}],"collection":[{"href":"https:\/\/fatherbroom.com\/es\/wp-json\/wp\/v2\/posts"}],"about":[{"href":"https:\/\/fatherbroom.com\/es\/wp-json\/wp\/v2\/types\/post"}],"author":[{"embeddable":true,"href":"https:\/\/fatherbroom.com\/es\/wp-json\/wp\/v2\/users\/7"}],"replies":[{"embeddable":true,"href":"https:\/\/fatherbroom.com\/es\/wp-json\/wp\/v2\/comments?post=31143"}],"version-history":[{"count":7,"href":"https:\/\/fatherbroom.com\/es\/wp-json\/wp\/v2\/posts\/31143\/revisions"}],"predecessor-version":[{"id":32178,"href":"https:\/\/fatherbroom.com\/es\/wp-json\/wp\/v2\/posts\/31143\/revisions\/32178"}],"wp:attachment":[{"href":"https:\/\/fatherbroom.com\/es\/wp-json\/wp\/v2\/media?parent=31143"}],"wp:term":[{"taxonomy":"category","embeddable":true,"href":"https:\/\/fatherbroom.com\/es\/wp-json\/wp\/v2\/categories?post=31143"},{"taxonomy":"post_tag","embeddable":true,"href":"https:\/\/fatherbroom.com\/es\/wp-json\/wp\/v2\/tags?post=31143"}],"curies":[{"name":"wp","href":"https:\/\/api.w.org\/{rel}","templated":true}]}}