{"id":310,"date":"2011-12-05T04:23:00","date_gmt":"2011-12-05T04:23:00","guid":{"rendered":"http:\/\/fatherbroom.com\/es\/2011\/12\/perla\/"},"modified":"2019-06-25T11:43:26","modified_gmt":"2019-06-25T18:43:26","slug":"perla","status":"publish","type":"post","link":"https:\/\/fatherbroom.com\/es\/2011\/12\/perla\/","title":{"rendered":"PERLA"},"content":{"rendered":"<p>\n\u00a0 <br \/>\n\u00a0Jes\u00fas habla acerca de la perla de valor infinito, veamos cu\u00e1l es con este acr\u00f3nimo&#8230;<\/p>\n<p><strong>P<\/strong> = PLEGARIA!\u00a0\u00a0 Esfu\u00e9rcese por crecer \u00a0en su vida de oraci\u00f3n cada d\u00eda, y h\u00e1galo de la mano de la Sant\u00edsima Virgen Mar\u00eda!<\/p>\n<p><strong>E<\/strong> = EUCARIST\u00cdA. \u00a0 Sin duda, la Sagrada Eucarist\u00eda es lo m\u00e1s precioso, es la perla de valor infinito.\u00a0 Trate de ir a misa y recibir la Eucarist\u00eda constantemente lo m\u00e1s que sea posible porque porque as\u00ed el tesoro habitar\u00e1 en lo m\u00e1s \u00edntimo de su coraz\u00f3n! <\/p>\n<p><strong>R<\/strong> = REPARACI\u00d3N! \u00a0 Estamos llamados a acompa\u00f1ar al Se\u00f1or en su dolor; Jes\u00fas sufri\u00f3 por \u00a0nuestros pecados y los pecados de la humanidad. \u00a0Podemos hacer alguna acci\u00f3n concreto de reparaci\u00f3n a trav\u00e9s de la penitencia. \u00a0El amor y sacrificio son sin\u00f3nimos!<\/p>\n<p><strong>L<\/strong> =LA CARIDAD \u00a0(AMOR)! Si hemos encontrado la perla del valor infinito en la oraci\u00f3n, tambi\u00e9n debemos reconocerlo en nuestros hermanos y hermanas, y mostrar hacia ellos el amor, la compasi\u00f3n, la misericordia.\u00a0 Recuerdan las palabras de Jes\u00fas que dice&#8230; <em>\u00abLes aseguro que cada vez que lo hicieron con el m\u00e1s peque\u00f1o de mis hermanos, lo hicieron conmigo\u00bb<\/em>.(Mateo 25)<\/p>\n<p><strong>A<\/strong> = ADORACI\u00d3N. \u00a0Adem\u00e1s de recibir a Jes\u00fas la \u00abPerla\u00bb preciosa en la Sagrada Comuni\u00f3n, trate de imitar a los Reyes Magos&#8211;los Sabios&#8212;y pasar alg\u00fan tiempo en adoraci\u00f3n.\u00a0 \u00abO vamos adorarlo&#8230;.\u00bb<\/p>\n<div class=\"synved-social-container synved-social-container-share\" style=\"text-align: center\"><a class=\"synved-social-button synved-social-button-share synved-social-size-48 synved-social-resolution-single synved-social-provider-facebook nolightbox\" data-provider=\"facebook\" target=\"_blank\" rel=\"nofollow\" title=\"Share on Facebook\" href=\"https:\/\/www.facebook.com\/sharer.php?u=https%3A%2F%2Ffatherbroom.com%2Fes%2Fwp-json%2Fwp%2Fv2%2Fposts%2F310&#038;t=PERLA&#038;s=100&#038;p&#091;url&#093;=https%3A%2F%2Ffatherbroom.com%2Fes%2Fwp-json%2Fwp%2Fv2%2Fposts%2F310&#038;p&#091;images&#093;&#091;0&#093;=&#038;p&#091;title&#093;=PERLA\" style=\"font-size: 0px;width:48px;height:48px;margin:0;margin-bottom:5px;margin-right:5px\"><img loading=\"lazy\" decoding=\"async\" alt=\"Facebook\" title=\"Share on Facebook\" class=\"synved-share-image synved-social-image synved-social-image-share\" width=\"48\" height=\"48\" style=\"display: inline;width:48px;height:48px;margin: 0;padding: 0;border: none;box-shadow: none\" src=\"https:\/\/fatherbroom.com\/es\/wp-content\/plugins\/social-media-feather\/synved-social\/image\/social\/regular\/96x96\/facebook.png\" \/><\/a><a class=\"synved-social-button synved-social-button-share synved-social-size-48 synved-social-resolution-single synved-social-provider-twitter nolightbox\" data-provider=\"twitter\" target=\"_blank\" rel=\"nofollow\" title=\"Share on Twitter\" href=\"https:\/\/twitter.com\/intent\/tweet?url=https%3A%2F%2Ffatherbroom.com%2Fes%2Fwp-json%2Fwp%2Fv2%2Fposts%2F310&#038;text=Hey%20check%20this%20out\" style=\"font-size: 0px;width:48px;height:48px;margin:0;margin-bottom:5px;margin-right:5px\"><img loading=\"lazy\" decoding=\"async\" alt=\"twitter\" title=\"Share on Twitter\" class=\"synved-share-image synved-social-image synved-social-image-share\" width=\"48\" height=\"48\" style=\"display: inline;width:48px;height:48px;margin: 0;padding: 0;border: none;box-shadow: none\" src=\"https:\/\/fatherbroom.com\/es\/wp-content\/plugins\/social-media-feather\/synved-social\/image\/social\/regular\/96x96\/twitter.png\" \/><\/a><a class=\"synved-social-button synved-social-button-share synved-social-size-48 synved-social-resolution-single synved-social-provider-reddit nolightbox\" data-provider=\"reddit\" target=\"_blank\" rel=\"nofollow\" title=\"Share on Reddit\" href=\"https:\/\/www.reddit.com\/submit?url=https%3A%2F%2Ffatherbroom.com%2Fes%2Fwp-json%2Fwp%2Fv2%2Fposts%2F310&#038;title=PERLA\" style=\"font-size: 0px;width:48px;height:48px;margin:0;margin-bottom:5px;margin-right:5px\"><img loading=\"lazy\" decoding=\"async\" alt=\"reddit\" title=\"Share on Reddit\" class=\"synved-share-image synved-social-image synved-social-image-share\" width=\"48\" height=\"48\" style=\"display: inline;width:48px;height:48px;margin: 0;padding: 0;border: none;box-shadow: none\" src=\"https:\/\/fatherbroom.com\/es\/wp-content\/plugins\/social-media-feather\/synved-social\/image\/social\/regular\/96x96\/reddit.png\" \/><\/a><a class=\"synved-social-button synved-social-button-share synved-social-size-48 synved-social-resolution-single synved-social-provider-pinterest nolightbox\" data-provider=\"pinterest\" target=\"_blank\" rel=\"nofollow\" title=\"Pin it with Pinterest\" href=\"https:\/\/pinterest.com\/pin\/create\/button\/?url=https%3A%2F%2Ffatherbroom.com%2Fes%2Fwp-json%2Fwp%2Fv2%2Fposts%2F310&#038;media=&#038;description=PERLA\" style=\"font-size: 0px;width:48px;height:48px;margin:0;margin-bottom:5px;margin-right:5px\"><img loading=\"lazy\" decoding=\"async\" alt=\"pinterest\" title=\"Pin it with Pinterest\" class=\"synved-share-image synved-social-image synved-social-image-share\" width=\"48\" height=\"48\" style=\"display: inline;width:48px;height:48px;margin: 0;padding: 0;border: none;box-shadow: none\" src=\"https:\/\/fatherbroom.com\/es\/wp-content\/plugins\/social-media-feather\/synved-social\/image\/social\/regular\/96x96\/pinterest.png\" \/><\/a><a class=\"synved-social-button synved-social-button-share synved-social-size-48 synved-social-resolution-single synved-social-provider-linkedin nolightbox\" data-provider=\"linkedin\" target=\"_blank\" rel=\"nofollow\" title=\"Share on Linkedin\" href=\"https:\/\/www.linkedin.com\/shareArticle?mini=true&#038;url=https%3A%2F%2Ffatherbroom.com%2Fes%2Fwp-json%2Fwp%2Fv2%2Fposts%2F310&#038;title=PERLA\" style=\"font-size: 0px;width:48px;height:48px;margin:0;margin-bottom:5px;margin-right:5px\"><img loading=\"lazy\" decoding=\"async\" alt=\"linkedin\" title=\"Share on Linkedin\" class=\"synved-share-image synved-social-image synved-social-image-share\" width=\"48\" height=\"48\" style=\"display: inline;width:48px;height:48px;margin: 0;padding: 0;border: none;box-shadow: none\" src=\"https:\/\/fatherbroom.com\/es\/wp-content\/plugins\/social-media-feather\/synved-social\/image\/social\/regular\/96x96\/linkedin.png\" \/><\/a><a class=\"synved-social-button synved-social-button-share synved-social-size-48 synved-social-resolution-single synved-social-provider-mail nolightbox\" data-provider=\"mail\" rel=\"nofollow\" title=\"Share by email\" href=\"mailto:?subject=PERLA&#038;body=Hey%20check%20this%20out:%20https%3A%2F%2Ffatherbroom.com%2Fes%2Fwp-json%2Fwp%2Fv2%2Fposts%2F310\" style=\"font-size: 0px;width:48px;height:48px;margin:0;margin-bottom:5px\"><img loading=\"lazy\" decoding=\"async\" alt=\"mail\" title=\"Share by email\" class=\"synved-share-image synved-social-image synved-social-image-share\" width=\"48\" height=\"48\" style=\"display: inline;width:48px;height:48px;margin: 0;padding: 0;border: none;box-shadow: none\" src=\"https:\/\/fatherbroom.com\/es\/wp-content\/plugins\/social-media-feather\/synved-social\/image\/social\/regular\/96x96\/mail.png\" \/><\/a><\/div>","protected":false},"excerpt":{"rendered":"<p>\u00a0 \u00a0Jes\u00fas habla acerca de la perla de valor infinito, veamos cu\u00e1l es con este acr\u00f3nimo&#8230; P = PLEGARIA!\u00a0\u00a0 Esfu\u00e9rcese por crecer \u00a0en su vida de oraci\u00f3n cada d\u00eda, y h\u00e1galo de la mano de la Sant\u00edsima Virgen Mar\u00eda! E = EUCARIST\u00cdA. \u00a0 Sin duda, la Sagrada Eucarist\u00eda es lo m\u00e1s precioso, es la perla [&hellip;]<\/p>\n","protected":false},"author":7,"featured_media":0,"comment_status":"open","ping_status":"open","sticky":false,"template":"","format":"standard","meta":{"_genesis_hide_title":false,"_genesis_hide_breadcrumbs":false,"_genesis_hide_singular_image":false,"_genesis_hide_footer_widgets":false,"_genesis_custom_body_class":"","_genesis_custom_post_class":"","_genesis_layout":"","footnotes":""},"categories":[2],"tags":[],"class_list":{"0":"post-310","1":"post","2":"type-post","3":"status-publish","4":"format-standard","6":"category-blog","7":"entry"},"_links":{"self":[{"href":"https:\/\/fatherbroom.com\/es\/wp-json\/wp\/v2\/posts\/310","targetHints":{"allow":["GET"]}}],"collection":[{"href":"https:\/\/fatherbroom.com\/es\/wp-json\/wp\/v2\/posts"}],"about":[{"href":"https:\/\/fatherbroom.com\/es\/wp-json\/wp\/v2\/types\/post"}],"author":[{"embeddable":true,"href":"https:\/\/fatherbroom.com\/es\/wp-json\/wp\/v2\/users\/7"}],"replies":[{"embeddable":true,"href":"https:\/\/fatherbroom.com\/es\/wp-json\/wp\/v2\/comments?post=310"}],"version-history":[{"count":3,"href":"https:\/\/fatherbroom.com\/es\/wp-json\/wp\/v2\/posts\/310\/revisions"}],"predecessor-version":[{"id":20665,"href":"https:\/\/fatherbroom.com\/es\/wp-json\/wp\/v2\/posts\/310\/revisions\/20665"}],"wp:attachment":[{"href":"https:\/\/fatherbroom.com\/es\/wp-json\/wp\/v2\/media?parent=310"}],"wp:term":[{"taxonomy":"category","embeddable":true,"href":"https:\/\/fatherbroom.com\/es\/wp-json\/wp\/v2\/categories?post=310"},{"taxonomy":"post_tag","embeddable":true,"href":"https:\/\/fatherbroom.com\/es\/wp-json\/wp\/v2\/tags?post=310"}],"curies":[{"name":"wp","href":"https:\/\/api.w.org\/{rel}","templated":true}]}}