{"id":29366,"date":"2021-11-01T02:13:00","date_gmt":"2021-11-01T09:13:00","guid":{"rendered":"http:\/\/fatherbroom.com\/es\/?p=29366"},"modified":"2021-11-01T08:15:09","modified_gmt":"2021-11-01T15:15:09","slug":"lecturas-del-dia-1-de-noviembre-2021","status":"publish","type":"post","link":"https:\/\/fatherbroom.com\/es\/2021\/11\/lecturas-del-dia-1-de-noviembre-2021\/","title":{"rendered":"LECTURAS DEL DIA | 1 DE NOVIEMBRE 2021"},"content":{"rendered":"\n<p class=\"has-medium-font-size\"><strong>Solemnidad de Todos los santos<\/strong><\/p>\n\n\n\n<figure class=\"wp-block-image size-large is-style-default\"><img loading=\"lazy\" decoding=\"async\" width=\"1024\" height=\"389\" src=\"http:\/\/fatherbroom.com\/es\/wp-content\/media\/sites\/3\/png\/Screen-Shot-2021-10-26-at-2.14.38-PM-1024x389.png\" alt=\"\" class=\"wp-image-29369\" srcset=\"https:\/\/fatherbroom.com\/es\/wp-content\/media\/sites\/3\/png\/Screen-Shot-2021-10-26-at-2.14.38-PM-1024x389.png 1024w, https:\/\/fatherbroom.com\/es\/wp-content\/media\/sites\/3\/png\/Screen-Shot-2021-10-26-at-2.14.38-PM-300x114.png 300w, https:\/\/fatherbroom.com\/es\/wp-content\/media\/sites\/3\/png\/Screen-Shot-2021-10-26-at-2.14.38-PM-768x292.png 768w, https:\/\/fatherbroom.com\/es\/wp-content\/media\/sites\/3\/png\/Screen-Shot-2021-10-26-at-2.14.38-PM.png 1306w\" sizes=\"auto, (max-width: 1024px) 100vw, 1024px\" \/><\/figure>\n\n\n\n<figure class=\"wp-block-image size-large is-style-default\"><a href=\"https:\/\/www.vatican.va\/archive\/catechism_sp\/p122a3p3_sp.html\"><img loading=\"lazy\" decoding=\"async\" width=\"1024\" height=\"390\" src=\"http:\/\/fatherbroom.com\/es\/wp-content\/media\/sites\/3\/png\/Screen-Shot-2021-10-26-at-2.15.14-PM-1024x390.png\" alt=\"\" class=\"wp-image-29372\" srcset=\"https:\/\/fatherbroom.com\/es\/wp-content\/media\/sites\/3\/png\/Screen-Shot-2021-10-26-at-2.15.14-PM-1024x390.png 1024w, https:\/\/fatherbroom.com\/es\/wp-content\/media\/sites\/3\/png\/Screen-Shot-2021-10-26-at-2.15.14-PM-300x114.png 300w, https:\/\/fatherbroom.com\/es\/wp-content\/media\/sites\/3\/png\/Screen-Shot-2021-10-26-at-2.15.14-PM-768x292.png 768w, https:\/\/fatherbroom.com\/es\/wp-content\/media\/sites\/3\/png\/Screen-Shot-2021-10-26-at-2.15.14-PM.png 1308w\" sizes=\"auto, (max-width: 1024px) 100vw, 1024px\" \/><\/a><\/figure>\n\n\n\n<figure class=\"wp-block-image size-large is-style-default\"><img loading=\"lazy\" decoding=\"async\" width=\"1024\" height=\"310\" src=\"http:\/\/fatherbroom.com\/es\/wp-content\/media\/sites\/3\/png\/Screen-Shot-2021-10-26-at-2.15.42-PM-1024x310.png\" alt=\"\" class=\"wp-image-29376\" srcset=\"https:\/\/fatherbroom.com\/es\/wp-content\/media\/sites\/3\/png\/Screen-Shot-2021-10-26-at-2.15.42-PM-1024x310.png 1024w, https:\/\/fatherbroom.com\/es\/wp-content\/media\/sites\/3\/png\/Screen-Shot-2021-10-26-at-2.15.42-PM-300x91.png 300w, https:\/\/fatherbroom.com\/es\/wp-content\/media\/sites\/3\/png\/Screen-Shot-2021-10-26-at-2.15.42-PM-768x232.png 768w, https:\/\/fatherbroom.com\/es\/wp-content\/media\/sites\/3\/png\/Screen-Shot-2021-10-26-at-2.15.42-PM.png 1302w\" sizes=\"auto, (max-width: 1024px) 100vw, 1024px\" \/><\/figure>\n\n\n\n<p><strong>\u00abPara cosas m\u00e1s grandes has nacido\u00bb. (Ven. Madre Luisita)&nbsp;&nbsp;&nbsp;&nbsp;<\/strong><\/p>\n\n\n\n<p><strong>Lunes, 1 de noviembre Mt. 5,1-12a SOLEMNIDAD DE TODOS LOS SANTOS Jes\u00fas dijo: \u00abAmar\u00e1s al Se\u00f1or tu Dios con todo tu coraz\u00f3n, con toda tu alma, con toda tu mente y con todas tus fuerzas\u00bb. La segunda es \u00e9sta: \u00abAmar\u00e1s a tu pr\u00f3jimo como a ti mismo\u00bb.<\/strong><\/p>\n\n\n\n<p><strong>No hay manera m\u00e1s segura y eficaz de amar a Dios con todo el coraz\u00f3n, con toda el alma, con toda la mente y con todas las fuerzas, que participando activa, consciente y plenamente en el Santo Sacrificio de la Misa, todos los d\u00edas, si es humanamente posible.<\/strong><\/p>\n\n\n\n<p><strong>Y al poner a nuestro pr\u00f3jimo y sus necesidades en el altar de la Santa Misa, \u00a1tambi\u00e9n los estamos amando y sirviendo!<\/strong><\/p>\n\n\n\n<p><strong>GRACIAS EXTRAORDINARIAS QUE FLUYEN DE LA MISA por el P. Ed Broom, OMV<\/strong><\/p>\n\n\n\n<p><strong>\u00bfPor qu\u00e9 es que montones de cat\u00f3licos est\u00e1n huyendo de la Iglesia Cat\u00f3lica como ratas que escapan de un barco que se hunde? \u00bfPor qu\u00e9 es que el grupo religioso m\u00e1s grande en los Estados Unidos, M\u00e9xico, Filipinas y Europa son los cat\u00f3licos no practicantes? \u00bfPor qu\u00e9 hay tantos cat\u00f3licos enfadados, descontentos y desilusionados con la Iglesia a la que pertenecen? Se pueden ofrecer enormes razones para la p\u00e9rdida de muchos cat\u00f3licos que sol\u00edan practicar su fe, muchos de los cuales fueron bautizados, confirmados y casados en la Iglesia. Muchas de las razones dadas tienen una explicaci\u00f3n v\u00e1lida hasta cierto punto.<\/strong><\/p>\n\n\n\n<p><strong>Sin embargo, hay que afirmar con toda sinceridad que una de las principales razones, si no la principal, debe ser la falta de comprensi\u00f3n, creencia y fe en la realidad del Santo Sacrificio de la Misa. Muchos han olvidado lo que es la Santa Misa. Muchos no creen en la Presencia Real de la Eucarist\u00eda una vez consagrada la hostia. M\u00e1s a\u00fan, hay muchos que nunca creyeron en primer lugar debido a una catequesis d\u00e9bil, diluida, aguada o err\u00f3nea, y especialmente en la explicaci\u00f3n de la Santa Misa, la Eucarist\u00eda y la Santa Comuni\u00f3n.<\/strong><\/p>\n\n\n\n<p><strong>En este breve ensayo quisi\u00e9ramos motivar a los cat\u00f3licos que creen en la Santa Misa y en la Eucarist\u00eda a fortificar y reforzar a\u00fan m\u00e1s su fe. Adem\u00e1s, queremos invitar a los que se han alejado a que vuelvan; nunca es demasiado tarde, y el Padre amoroso que encontramos en la par\u00e1bola del hijo pr\u00f3digo (Lc 15, 11-32) siempre tiene los brazos abiertos para recibir a sus hijos e hijas errantes.<\/strong><\/p>\n\n\n\n<p><strong>Para abrir el apetito, expondremos brevemente s\u00f3lo algunas de las extraordinarias gracias que se desprenden de la celebraci\u00f3n del Santo Sacrificio de la Misa para motivar a todos a amar la Santa Misa, y a participar m\u00e1s activa, consciente y plenamente. Adem\u00e1s, invitamos a todos a convertirse en ardientes y fervientes Ap\u00f3stoles de la Misa. Os animamos a invitar a las muchas ovejas errantes y perdidas a volver a los brazos del amoroso Buen Pastor.&nbsp;<\/strong><\/p>\n\n\n\n<p><strong>De hecho, si realmente comprendi\u00e9ramos, aunque sea en un grado limitado, lo que sucede en la Santa Misa, pondr\u00edamos la Santa Misa en el centro mismo de nuestras vidas, el coraz\u00f3n de nuestro d\u00eda, nuestra raz\u00f3n de ser, es decir, la raz\u00f3n de nuestra existencia. Y como consecuencia, vendr\u00edamos a Misa&nbsp;<\/strong><\/p>\n\n\n\n<p><strong>todos los d\u00edas hasta que Dios nos llame desde el tiempo a la vida eterna.<\/strong><\/p>\n\n\n\n<p><strong>Lo que sigue son breves notas, ideas o conceptos de lo que realmente sucede cada vez que se celebra el Santo&nbsp;<\/strong><\/p>\n\n\n\n<p><strong>Sacrificio de la Misa, aunque lo celebre alg\u00fan sacerdote an\u00f3nimo en alg\u00fan pa\u00eds desamparado, celebrando la Misa aunque est\u00e9 solo. En verdad, cada Misa celebrada tiene un valorLa acci\u00f3n m\u00e1s grande que la persona humana puede hacer en este lado de la eternidad es asistir a la Santa Misa y recibir a Jes\u00fas en la Eucarist\u00eda en estado de gracia.<\/strong><\/p>\n\n\n\n<p><strong>GRACIAS QUE EMANAN DEL SANTO SACRIFICIO DE LA MISA<\/strong><\/p>\n\n\n\n<p><strong>1. LA SALVACI\u00d3N DE LAS ALMAS&nbsp; Jes\u00fas expres\u00f3 en t\u00e9rminos claros e inequ\u00edvocos que nuestra salvaci\u00f3n depende de la Eucarist\u00eda, el Pan de Vida. Las palabras de Jes\u00fas son indiscutibles: \u00abYo soy el Pan de Vida. El que come mi Carne y bebe mi Sangre tiene vida eterna y yo lo resucitar\u00e9 en el \u00faltimo d\u00eda\u00bb. (Jn 6: 35, 54 &#8211; Discurso del Pan de Vida)<\/strong><\/p>\n\n\n\n<p><strong>2. LAS ALMAS DEL PURGATORIO SON PURIFICADAS.&nbsp; Sin duda, el medio m\u00e1s eficaz por el que las almas del Purgatorio pueden ser purificadas de los efectos residuales de sus pecados veniales y mortales que no han sido expiados (expiados) suficientemente, es a trav\u00e9s del Santo Sacrificio de la Misa.<\/strong><\/p>\n\n\n\n<p><strong>3. LAS ALMAS DEL PURGATORIO TOTALMENTE LIBERADAS &#8211; ACCESO AL CIELO.&nbsp; Como continuaci\u00f3n del concepto anterior, la Misa y la Sagrada Comuni\u00f3n ofrecidas espec\u00edficamente por el alma o las almas del Purgatorio pueden catapultarlas al Cielo para estar con el Se\u00f1or por toda la eternidad. L\u00e1stima que muchas personas recen y ofrezcan oraciones, sacrificios y misas por las almas del purgatorio s\u00f3lo en el mes de noviembre.&nbsp;<\/strong><\/p>\n\n\n\n<p><strong>4. EL CALVARIO SE RENUEVA Y SE REVIVE&nbsp; Qu\u00e9 dif\u00edcil es comprender la relaci\u00f3n entre el Santo Sacrificio de la Misa y el Sacrificio que Jes\u00fas ofreci\u00f3 de s\u00ed mismo en el Calvario aquel primer Viernes Santo. Sin embargo, \u00a1es una realidad! \u00a1En cada Misa, el Se\u00f1or Jes\u00fas crucificado se ofrece a Dios Padre como V\u00edctima inmaculada para la salvaci\u00f3n del mundo!<\/strong><\/p>\n\n\n\n<p><strong>5. . LOS PECADOS VENIALES PUEDEN SER PURIFICADOS EN EL CONTEXTO DE LA SANTA MISA.&nbsp; Es un grave error, a menudo cometido por muchos, privarse de la recepci\u00f3n de la Sagrada Comuni\u00f3n porque se es consciente de haber cometido pecados veniales, y s\u00f3lo pecados veniales. Por el contrario, en el Rito Penitencial, al comienzo de la Misa, se pide perd\u00f3n por los pecados veniales, y \u00e9stos son perdonados mediante el rezo orante y contrito del Confiteor. Al final del Acto Penitencial el sacerdote imparte la absoluci\u00f3n de los pecados venialota: Los pecados mortales tienen que ser confesados al sacerdote antes de recibir la Sagrada Comuni\u00f3n).<\/strong><\/p>\n\n\n\n<p><strong>6. FUEGO QUE QUEMA LA BASIRA\/LA PAJA.\u00a0 En el momento de recibir la Sagrada Comuni\u00f3n, la mera recepci\u00f3n de la misma puede ser comparada con el fuego que quema la escoria, la basura, la maleza o la paja. El amor que arde en el Sacrat\u00edsimo Coraz\u00f3n de Jes\u00fas quema la paja de nuestros pecados veniales. El Catecismo del Concilio de Trento lo expresa con este concepto. La comuni\u00f3n frecuente es el ant\u00eddoto para nuestras dolencias cotidianas.<\/strong><\/p>\n\n\n\n<p><strong>7. LA BENDITA TRINIDAD ES ALABADA DE LA MANERA M\u00c1S SUBLIME. San Ignacio de Loyola, en Principio y Fundamentos, especifica el fin primordial de nuestra existencia, el porqu\u00e9 de nuestro prop\u00f3sito en la vida. El santo utiliza las siguientes palabras: \u00abPosiblemente el fin primordial del Santo Sacrificio de la Misa es alabar a Dios Padre, por la ofrenda de Dios Hijo, mediante el poder del Esp\u00edritu Santo. Esto se expresa m\u00e1s claramente en la DOXOLOG\u00cdA: \u00abPor \u00c9l, y con \u00c9l, y en \u00c9l, oh Dios, Padre todopoderoso, en la unidad del Esp\u00edritu Santo, toda la gloria y el honor es tuyo, por los siglos de los siglos\u00bb. Am\u00e9n.<\/strong><\/p>\n\n\n\n<p><strong>8. LOS PECADOS PERSONALES PUEDEN SER EXPIADOS&nbsp; Aunque su sacerdote-confesor no se lo imponga como penitencia en el Sacramento de la Confesi\u00f3n, el hecho de que un penitente asista a la Misa, y reciba la Sagrada Comuni\u00f3n en reparaci\u00f3n o expiaci\u00f3n de sus pecados personales, puede ser la mayor y m\u00e1s eficaz penitencia posible. Para reparar los pecados pasados, no hay nada m\u00e1s poderoso, agradable y propicio a Dios que asistir a la Misa y comulgar.<\/strong><\/p>\n\n\n\n<p><strong>9. PECADO FAMILIAR\/PECADOS SOCIALES EXPIADOS.&nbsp; En un plano m\u00e1s amplio, los pecados de toda la humanidad tienen su remedio, reparaci\u00f3n y expiaci\u00f3n m\u00e1s poderosamente remitidos a trav\u00e9s del Santo Sacrificio de la Misa. La oraci\u00f3n de la Coronilla de la Divina Misericordia puede rezarse junto con el Santo Sacrificio de la Misa&#8230; \u00abPadre Eterno, te ofrezco el Cuerpo, la Sangre, el Alma y la Divinidad de tu amad\u00edsimo Hijo, nuestro Se\u00f1or y Salvador Jesucristo, en expiaci\u00f3n de nuestros pecados y de los del mundo entero.\u00bb<\/strong><\/p>\n\n\n\n<p><strong>10. INTERVENCI\u00d3N DE LOS \u00c1NGELES.&nbsp; En el Santo Sacrificio de la Misa intervienen tambi\u00e9n los \u00e1ngeles. En el Sanctus, unimos nuestras oraciones con los coros de \u00e1ngeles al decir: \u00abSanto, santo&#8230;.\u00bb El elocuente y brillante Padre de la Iglesia, San Juan Cris\u00f3stomo afirma que numerosos \u00e1ngeles rodean el Sagrario en vigilia ante su Se\u00f1or y Rey Eucar\u00edstico. Por cierto, los \u00e1ngeles pueden ayudarnos inmensamente a prestar m\u00e1s atenci\u00f3n y a participar m\u00e1s plenamente en el Santo Sacrificio de la Misa si pedimos su ayuda.<\/strong><\/p>\n\n\n\n<p><strong>Los mayores amantes del Santo Sacrificio de la Misa fueron y son los santos. Las gracias extraordinarias que recibieron llegaron a trav\u00e9s de Jes\u00fas en su Cuerpo M\u00edstico, la Iglesia. Sin embargo, fue a trav\u00e9s del Santo Sacrificio de la Misa que la reserva infinita de gracias inund\u00f3 sus almas, sus vidas, sus sufrimientos y sus extraordinarias empresas y \u00e9xitos apost\u00f3licos.<\/strong><\/p>\n\n\n\n<p><strong>Concluiremos nuestro breve ensayo sobre las gracias extraordinarias que brotan de la Misa citando a algunos de los santos, los m\u00e1s grandes amantes de Dios y los m\u00e1s grandes amantes del Santo Sacrificio de la Misa. Os invitamos a meditar en oraci\u00f3n las palabras de los santos, a conversar con ellos como si fueran vuestros amigos m\u00e1s queridos y a esforzaros por imitar su amor a Dios y a la Santa Misa.<\/strong><\/p>\n\n\n\n<p><strong>PALABRAS INSPIRADAS DE LOS SANTOS Y EL SANTO SACRIFICIO DE LA MISA<\/strong><\/p>\n\n\n\n<p><strong>1.&nbsp; \u00abEl hombre debe temblar, el mundo debe estremecerse y el cielo debe conmoverse profundamente cuando el Hijo de Dios aparece en el altar en manos del sacerdote\u00bb. (San Francisco de As\u00eds)<\/strong><\/p>\n\n\n\n<p><strong>2. \u00abSer\u00eda m\u00e1s f\u00e1cil para el mundo sobrevivir sin el sol que hacerlo sin la Santa Misa\u00bb. (San Padre P\u00edo de Pietrelcina)<\/strong><\/p>\n\n\n\n<p><strong>3. \u00abNinguna lengua humana puede enumerar los favores que se remontan al Sacrificio de la Misa. El pecador se reconcilia con Dios; el justo se vuelve m\u00e1s recto; los pecados se borran; los vicios se desarraigan; la virtud y el m\u00e9rito aumentan; y los planes de los demonios se frustran.\u00bb&nbsp; (San Lorenzo Justiniano)<\/strong><\/p>\n\n\n\n<p><strong>4. \u00abOh, gente enga\u00f1ada, \u00bfqu\u00e9 hac\u00e9is? \u00bfPor qu\u00e9 no os apresur\u00e1is a ir a las iglesias para escuchar todas las misas que pod\u00e1is? \u00bfPor qu\u00e9 no imit\u00e1is a los \u00e1ngeles, que, cuando se celebra una Santa Misa, bajan en mir\u00edadas desde el Para\u00edso y toman sus puestos alrededor de nuestros altares en adoraci\u00f3n para interceder por nosotros?\u00bb (San Leonardo de Puerto Mauricio)<\/strong><\/p>\n\n\n\n<p><strong>5. \u00abSabe, oh cristiano, que la misa es el acto m\u00e1s santo de la religi\u00f3n. No puedes hacer nada para glorificar m\u00e1s a Dios, ni beneficiar m\u00e1s a tu alma, que asistiendo devotamente a ella, y asistiendo tan a menudo como sea posible.\u00bb (San Pedro Juli\u00e1n Eymard)<\/strong><\/p>\n\n\n\n<p><strong>Copyright 2021 Oblatos de la Virgen Mar\u00eda \/ Iglesia de San Pedro Chanel, Hawaiian Gardens, CA<\/strong><\/p>\n<div class=\"synved-social-container synved-social-container-share\" style=\"text-align: center\"><a class=\"synved-social-button synved-social-button-share synved-social-size-48 synved-social-resolution-single synved-social-provider-facebook nolightbox\" data-provider=\"facebook\" target=\"_blank\" rel=\"nofollow\" title=\"Share on Facebook\" href=\"https:\/\/www.facebook.com\/sharer.php?u=https%3A%2F%2Ffatherbroom.com%2Fes%2Fwp-json%2Fwp%2Fv2%2Fposts%2F29366&#038;t=LECTURAS%20DEL%20DIA%20%7C%201%20DE%20NOVIEMBRE%202021&#038;s=100&#038;p&#091;url&#093;=https%3A%2F%2Ffatherbroom.com%2Fes%2Fwp-json%2Fwp%2Fv2%2Fposts%2F29366&#038;p&#091;images&#093;&#091;0&#093;=http%3A%2F%2Ffatherbroom.com%2Fes%2Fwp-content%2Fmedia%2Fsites%2F3%2Fpng%2FScreen-Shot-2021-10-26-at-2.14.38-PM-1024x389.png&#038;p&#091;title&#093;=LECTURAS%20DEL%20DIA%20%7C%201%20DE%20NOVIEMBRE%202021\" style=\"font-size: 0px;width:48px;height:48px;margin:0;margin-bottom:5px;margin-right:5px\"><img loading=\"lazy\" decoding=\"async\" alt=\"Facebook\" title=\"Share on Facebook\" class=\"synved-share-image synved-social-image synved-social-image-share\" width=\"48\" height=\"48\" style=\"display: inline;width:48px;height:48px;margin: 0;padding: 0;border: none;box-shadow: none\" src=\"https:\/\/fatherbroom.com\/es\/wp-content\/plugins\/social-media-feather\/synved-social\/image\/social\/regular\/96x96\/facebook.png\" \/><\/a><a class=\"synved-social-button synved-social-button-share synved-social-size-48 synved-social-resolution-single synved-social-provider-twitter nolightbox\" data-provider=\"twitter\" target=\"_blank\" rel=\"nofollow\" title=\"Share on Twitter\" href=\"https:\/\/twitter.com\/intent\/tweet?url=https%3A%2F%2Ffatherbroom.com%2Fes%2Fwp-json%2Fwp%2Fv2%2Fposts%2F29366&#038;text=Hey%20check%20this%20out\" style=\"font-size: 0px;width:48px;height:48px;margin:0;margin-bottom:5px;margin-right:5px\"><img loading=\"lazy\" decoding=\"async\" alt=\"twitter\" title=\"Share on Twitter\" class=\"synved-share-image synved-social-image synved-social-image-share\" width=\"48\" height=\"48\" style=\"display: inline;width:48px;height:48px;margin: 0;padding: 0;border: none;box-shadow: none\" src=\"https:\/\/fatherbroom.com\/es\/wp-content\/plugins\/social-media-feather\/synved-social\/image\/social\/regular\/96x96\/twitter.png\" \/><\/a><a class=\"synved-social-button synved-social-button-share synved-social-size-48 synved-social-resolution-single synved-social-provider-reddit nolightbox\" data-provider=\"reddit\" target=\"_blank\" rel=\"nofollow\" title=\"Share on Reddit\" href=\"https:\/\/www.reddit.com\/submit?url=https%3A%2F%2Ffatherbroom.com%2Fes%2Fwp-json%2Fwp%2Fv2%2Fposts%2F29366&#038;title=LECTURAS%20DEL%20DIA%20%7C%201%20DE%20NOVIEMBRE%202021\" style=\"font-size: 0px;width:48px;height:48px;margin:0;margin-bottom:5px;margin-right:5px\"><img loading=\"lazy\" decoding=\"async\" alt=\"reddit\" title=\"Share on Reddit\" class=\"synved-share-image synved-social-image synved-social-image-share\" width=\"48\" height=\"48\" style=\"display: inline;width:48px;height:48px;margin: 0;padding: 0;border: none;box-shadow: none\" src=\"https:\/\/fatherbroom.com\/es\/wp-content\/plugins\/social-media-feather\/synved-social\/image\/social\/regular\/96x96\/reddit.png\" \/><\/a><a class=\"synved-social-button synved-social-button-share synved-social-size-48 synved-social-resolution-single synved-social-provider-pinterest nolightbox\" data-provider=\"pinterest\" target=\"_blank\" rel=\"nofollow\" title=\"Pin it with Pinterest\" href=\"https:\/\/pinterest.com\/pin\/create\/button\/?url=https%3A%2F%2Ffatherbroom.com%2Fes%2Fwp-json%2Fwp%2Fv2%2Fposts%2F29366&#038;media=http%3A%2F%2Ffatherbroom.com%2Fes%2Fwp-content%2Fmedia%2Fsites%2F3%2Fpng%2FScreen-Shot-2021-10-26-at-2.14.38-PM-1024x389.png&#038;description=LECTURAS%20DEL%20DIA%20%7C%201%20DE%20NOVIEMBRE%202021\" style=\"font-size: 0px;width:48px;height:48px;margin:0;margin-bottom:5px;margin-right:5px\"><img loading=\"lazy\" decoding=\"async\" alt=\"pinterest\" title=\"Pin it with Pinterest\" class=\"synved-share-image synved-social-image synved-social-image-share\" width=\"48\" height=\"48\" style=\"display: inline;width:48px;height:48px;margin: 0;padding: 0;border: none;box-shadow: none\" src=\"https:\/\/fatherbroom.com\/es\/wp-content\/plugins\/social-media-feather\/synved-social\/image\/social\/regular\/96x96\/pinterest.png\" \/><\/a><a class=\"synved-social-button synved-social-button-share synved-social-size-48 synved-social-resolution-single synved-social-provider-linkedin nolightbox\" data-provider=\"linkedin\" target=\"_blank\" rel=\"nofollow\" title=\"Share on Linkedin\" href=\"https:\/\/www.linkedin.com\/shareArticle?mini=true&#038;url=https%3A%2F%2Ffatherbroom.com%2Fes%2Fwp-json%2Fwp%2Fv2%2Fposts%2F29366&#038;title=LECTURAS%20DEL%20DIA%20%7C%201%20DE%20NOVIEMBRE%202021\" style=\"font-size: 0px;width:48px;height:48px;margin:0;margin-bottom:5px;margin-right:5px\"><img loading=\"lazy\" decoding=\"async\" alt=\"linkedin\" title=\"Share on Linkedin\" class=\"synved-share-image synved-social-image synved-social-image-share\" width=\"48\" height=\"48\" style=\"display: inline;width:48px;height:48px;margin: 0;padding: 0;border: none;box-shadow: none\" src=\"https:\/\/fatherbroom.com\/es\/wp-content\/plugins\/social-media-feather\/synved-social\/image\/social\/regular\/96x96\/linkedin.png\" \/><\/a><a class=\"synved-social-button synved-social-button-share synved-social-size-48 synved-social-resolution-single synved-social-provider-mail nolightbox\" data-provider=\"mail\" rel=\"nofollow\" title=\"Share by email\" href=\"mailto:?subject=LECTURAS%20DEL%20DIA%20%7C%201%20DE%20NOVIEMBRE%202021&#038;body=Hey%20check%20this%20out:%20https%3A%2F%2Ffatherbroom.com%2Fes%2Fwp-json%2Fwp%2Fv2%2Fposts%2F29366\" style=\"font-size: 0px;width:48px;height:48px;margin:0;margin-bottom:5px\"><img loading=\"lazy\" decoding=\"async\" alt=\"mail\" title=\"Share by email\" class=\"synved-share-image synved-social-image synved-social-image-share\" width=\"48\" height=\"48\" style=\"display: inline;width:48px;height:48px;margin: 0;padding: 0;border: none;box-shadow: none\" src=\"https:\/\/fatherbroom.com\/es\/wp-content\/plugins\/social-media-feather\/synved-social\/image\/social\/regular\/96x96\/mail.png\" \/><\/a><\/div>","protected":false},"excerpt":{"rendered":"<p>Solemnidad de Todos los santos \u00abPara cosas m\u00e1s grandes has nacido\u00bb. (Ven. Madre Luisita)&nbsp;&nbsp;&nbsp;&nbsp; Lunes, 1 de noviembre Mt. 5,1-12a SOLEMNIDAD DE TODOS LOS SANTOS Jes\u00fas dijo: \u00abAmar\u00e1s al Se\u00f1or tu Dios con todo tu coraz\u00f3n, con toda tu alma, con toda tu mente y con todas tus fuerzas\u00bb. La segunda es \u00e9sta: \u00abAmar\u00e1s a [&hellip;]<\/p>\n","protected":false},"author":7,"featured_media":0,"comment_status":"closed","ping_status":"closed","sticky":false,"template":"","format":"standard","meta":{"_genesis_hide_title":false,"_genesis_hide_breadcrumbs":false,"_genesis_hide_singular_image":false,"_genesis_hide_footer_widgets":false,"_genesis_custom_body_class":"","_genesis_custom_post_class":"","_genesis_layout":"","footnotes":""},"categories":[277],"tags":[],"class_list":{"0":"post-29366","1":"post","2":"type-post","3":"status-publish","4":"format-standard","6":"category-lecturas-del-dia","7":"entry"},"_links":{"self":[{"href":"https:\/\/fatherbroom.com\/es\/wp-json\/wp\/v2\/posts\/29366","targetHints":{"allow":["GET"]}}],"collection":[{"href":"https:\/\/fatherbroom.com\/es\/wp-json\/wp\/v2\/posts"}],"about":[{"href":"https:\/\/fatherbroom.com\/es\/wp-json\/wp\/v2\/types\/post"}],"author":[{"embeddable":true,"href":"https:\/\/fatherbroom.com\/es\/wp-json\/wp\/v2\/users\/7"}],"replies":[{"embeddable":true,"href":"https:\/\/fatherbroom.com\/es\/wp-json\/wp\/v2\/comments?post=29366"}],"version-history":[{"count":9,"href":"https:\/\/fatherbroom.com\/es\/wp-json\/wp\/v2\/posts\/29366\/revisions"}],"predecessor-version":[{"id":29599,"href":"https:\/\/fatherbroom.com\/es\/wp-json\/wp\/v2\/posts\/29366\/revisions\/29599"}],"wp:attachment":[{"href":"https:\/\/fatherbroom.com\/es\/wp-json\/wp\/v2\/media?parent=29366"}],"wp:term":[{"taxonomy":"category","embeddable":true,"href":"https:\/\/fatherbroom.com\/es\/wp-json\/wp\/v2\/categories?post=29366"},{"taxonomy":"post_tag","embeddable":true,"href":"https:\/\/fatherbroom.com\/es\/wp-json\/wp\/v2\/tags?post=29366"}],"curies":[{"name":"wp","href":"https:\/\/api.w.org\/{rel}","templated":true}]}}