{"id":28959,"date":"2021-10-15T01:21:00","date_gmt":"2021-10-15T08:21:00","guid":{"rendered":"http:\/\/fatherbroom.com\/es\/?p=28959"},"modified":"2021-10-15T12:24:21","modified_gmt":"2021-10-15T19:24:21","slug":"lecturas-del-dia-15-de-octubre-2021","status":"publish","type":"post","link":"https:\/\/fatherbroom.com\/es\/2021\/10\/lecturas-del-dia-15-de-octubre-2021\/","title":{"rendered":"LECTURAS DEL DIA | 15 DE OCTUBRE 2021"},"content":{"rendered":"\n<p class=\"has-medium-font-size\"><strong>Memoria de Santa Teresa de Jes\u00fas, virgen y doctora de la Iglesia<\/strong><\/p>\n\n\n\n<figure class=\"wp-block-image size-large is-style-default\"><a href=\"https:\/\/bible.usccb.org\/es\/bible\/lecturas\/101521.cfm\"><img loading=\"lazy\" decoding=\"async\" width=\"1024\" height=\"389\" src=\"http:\/\/fatherbroom.com\/es\/wp-content\/media\/sites\/3\/png\/Screen-Shot-2021-10-04-at-10.21.31-AM-1024x389.png\" alt=\"\" class=\"wp-image-28960\" srcset=\"https:\/\/fatherbroom.com\/es\/wp-content\/media\/sites\/3\/png\/Screen-Shot-2021-10-04-at-10.21.31-AM-1024x389.png 1024w, https:\/\/fatherbroom.com\/es\/wp-content\/media\/sites\/3\/png\/Screen-Shot-2021-10-04-at-10.21.31-AM-300x114.png 300w, https:\/\/fatherbroom.com\/es\/wp-content\/media\/sites\/3\/png\/Screen-Shot-2021-10-04-at-10.21.31-AM-768x292.png 768w, https:\/\/fatherbroom.com\/es\/wp-content\/media\/sites\/3\/png\/Screen-Shot-2021-10-04-at-10.21.31-AM.png 1216w\" sizes=\"auto, (max-width: 1024px) 100vw, 1024px\" \/><\/a><\/figure>\n\n\n\n<figure class=\"wp-block-image size-large is-style-default\"><a href=\"https:\/\/www.vatican.va\/archive\/catechism_sp\/p1s2a3p2_sp.html\"><img loading=\"lazy\" decoding=\"async\" width=\"1024\" height=\"386\" src=\"http:\/\/fatherbroom.com\/es\/wp-content\/media\/sites\/3\/png\/Screen-Shot-2021-10-04-at-10.23.19-AM-1024x386.png\" alt=\"\" class=\"wp-image-28961\" srcset=\"https:\/\/fatherbroom.com\/es\/wp-content\/media\/sites\/3\/png\/Screen-Shot-2021-10-04-at-10.23.19-AM-1024x386.png 1024w, https:\/\/fatherbroom.com\/es\/wp-content\/media\/sites\/3\/png\/Screen-Shot-2021-10-04-at-10.23.19-AM-300x113.png 300w, https:\/\/fatherbroom.com\/es\/wp-content\/media\/sites\/3\/png\/Screen-Shot-2021-10-04-at-10.23.19-AM-768x289.png 768w, https:\/\/fatherbroom.com\/es\/wp-content\/media\/sites\/3\/png\/Screen-Shot-2021-10-04-at-10.23.19-AM.png 1216w\" sizes=\"auto, (max-width: 1024px) 100vw, 1024px\" \/><\/a><\/figure>\n\n\n\n<figure class=\"wp-block-image size-large is-style-default\"><img loading=\"lazy\" decoding=\"async\" width=\"1024\" height=\"307\" src=\"http:\/\/fatherbroom.com\/es\/wp-content\/media\/sites\/3\/png\/Screen-Shot-2021-10-04-at-10.23.46-AM-1024x307.png\" alt=\"\" class=\"wp-image-28963\" srcset=\"https:\/\/fatherbroom.com\/es\/wp-content\/media\/sites\/3\/png\/Screen-Shot-2021-10-04-at-10.23.46-AM-1024x307.png 1024w, https:\/\/fatherbroom.com\/es\/wp-content\/media\/sites\/3\/png\/Screen-Shot-2021-10-04-at-10.23.46-AM-300x90.png 300w, https:\/\/fatherbroom.com\/es\/wp-content\/media\/sites\/3\/png\/Screen-Shot-2021-10-04-at-10.23.46-AM-768x230.png 768w, https:\/\/fatherbroom.com\/es\/wp-content\/media\/sites\/3\/png\/Screen-Shot-2021-10-04-at-10.23.46-AM.png 1216w\" sizes=\"auto, (max-width: 1024px) 100vw, 1024px\" \/><\/figure>\n\n\n\n<p><strong>\u00abPara cosas m\u00e1s grandes has nacido\u00bb. (Ven. Madre Luisita)&nbsp;&nbsp;&nbsp;&nbsp;&nbsp;&nbsp;&nbsp;&nbsp;&nbsp;&nbsp;&nbsp;&nbsp;&nbsp;&nbsp;&nbsp;&nbsp;&nbsp;&nbsp;&nbsp;&nbsp;&nbsp;&nbsp;&nbsp;&nbsp;&nbsp;&nbsp;&nbsp;&nbsp;&nbsp;<\/strong><\/p>\n\n\n\n<p><strong>Viernes, 15 de octubre Lc. 12, 1-7 \u00abOs digo, amigos m\u00edos, que no teng\u00e1is miedo de los que matan el cuerpo, pero despu\u00e9s no pueden hacer nada m\u00e1s. Yo os mostrar\u00e9 a qui\u00e9n hay que temer. Temed al que despu\u00e9s de matar tiene el poder de arrojar a la Gehena; s\u00ed, os digo, temed a ese\u00bb.<\/strong><\/p>\n\n\n\n<p><strong>Jes\u00fas nos advierte que no debemos temer la muerte de nuestro cuerpo, sino la muerte de nuestra alma.<\/strong><\/p>\n\n\n\n<p><strong>Por eso, conociendo la debilidad de nuestra naturaleza ca\u00edda, Cristo nos dio el sacramento de la confesi\u00f3n, para devolver a nuestra alma muerta en pecado mortal una nueva vida en gracia.<\/strong><\/p>\n\n\n\n<p><strong>Por eso, en la Misa tenemos el Servicio Penitencial, para reconocer y arrepentirnos de nuestros pecados veniales, que luego son perdonados, para recibir m\u00e1s dignamente la Eucarist\u00eda: el Cuerpo, la Sangre, el Alma y la Divinidad de Jes\u00fas, Nuestro Se\u00f1or y Salvador.<\/strong><\/p>\n\n\n\n<p><strong>Hoy meditaremos en profundidad este don de la misericordia de Dios: el acto penitencial.<\/strong><\/p>\n\n\n\n<p><strong>LA MISERICORDIA DE DIOS HACIA SUS POBRES PECADORES: MEDITANDO EN EL ACTO PENITENCIAL EN LA MISA por el P. Ed Broom, OMV<\/strong><\/p>\n\n\n\n<p><strong>Inmediatamente despu\u00e9s del saludo que nos ofrece el sacerdote, la Congregaci\u00f3n es invitada con unos breves momentos de silencio a un Examen de Conciencia. Todos debemos admitir, reconocer y confesar humildemente que moral y espiritualmente nos quedamos cortos en muchos aspectos. En pocas palabras, todos somos pecadores. Sin embargo, esa es precisamente la raz\u00f3n de la venida de Jes\u00fas a la tierra.&nbsp;&nbsp;<\/strong><\/p>\n\n\n\n<p><strong>El prop\u00f3sito de la encarnaci\u00f3n de Jes\u00fas, su nacimiento, sus breves treinta y tres a\u00f1os en la tierra que culminaron con su pasi\u00f3n, muerte y resurrecci\u00f3n fue venir a salvarnos del pecado y sus consecuencias. En realidad el Nombre de Jes\u00fas significa \u00abSalvador\u00bb.&nbsp; El prop\u00f3sito principal de la venida y presencia de Jes\u00fas entre nosotros es precisamente ese: salvarnos del pecado, salvarnos de las garras del diablo, salvarnos de la tristeza y salvarnos del castigo eterno del infierno.<\/strong><\/p>\n\n\n\n<p><strong>RECONOCIMIENTO HUMILDE DEL PECADO.&nbsp; El Papa Venerable P\u00edo XII hizo esta triste pero verdadera afirmaci\u00f3n: \u00abEl pecado del siglo es la p\u00e9rdida del sentido del pecado\u00bb. Si nunca llegamos a la realidad y concluimos que somos realmente pecadores, entonces es imposible que Jes\u00fas, que vino a salvarnos del pecado, nos salve realmente. El enfermo nunca ser\u00e1 curado por el m\u00e9dico hasta que le diga sus s\u00edntomas, d\u00f3nde y cu\u00e1ndo y c\u00f3mo se ha producido esa dolencia. Los pecadores deben admitir humildemente que cometen pecados y que hacen da\u00f1o a Dios y a s\u00ed mismos, as\u00ed como a los dem\u00e1s, al pecar.<\/strong><\/p>\n\n\n\n<p><strong>RITO PENITENCIAL.&nbsp; El Rito Penitencial es un momento crucial en los Ritos Introductorios del Santo Sacrificio de la Misa. Antes de rezar el Rito Penitencial, debe haber al menos un breve tiempo de silencio. Por cierto, el sagrado Silencio en la Misa debe ser comprendido, valorado, apreciado y vivido.&nbsp; En efecto, Dios se comunica con nosotros en el silencio.<\/strong><\/p>\n\n\n\n<p><strong>EL PORQU\u00c9 DEL SILENCIO.&nbsp; Puede parecer obvio -pero desgraciadamente no para todos- que esos breves momentos de silencio deben utilizarse como medio para examinar nuestra propia conciencia personal\/individual. (Es el momento de la verdad, en el que nos damos cuenta de que somos pecadores y de que tenemos una gran necesidad de la misericordia infinita de Dios. Pero alegr\u00e9monos de las palabras alentadoras de la Escritura, de San Pablo a los Romanos: \u00abDonde abunda el pecado, sobreabunda la misericordia de Dios\u00bb. (Romanos 5:20)<\/strong><\/p>\n\n\n\n<p><strong>ORACI\u00d3N PENITENCIAL.&nbsp; Lo que sigue naturalmente a este Sagrado Silencio es la Oraci\u00f3n Penitencial. En una palabra, esta Oraci\u00f3n Penitencial es realmente un Acto de Contrici\u00f3n que hacemos, suplicando humildemente la misericordia de Dios porque todos nosotros somos pecadores -\u00a1a excepci\u00f3n de Jes\u00fas y de su Inmaculada Madre Mar\u00eda! Jes\u00fas desea ardientemente derramar su infinita misericordia sobre toda la humanidad pecadora.<\/strong><\/p>\n\n\n\n<p><strong>VARIEDAD.&nbsp; El proverbio suena verdadero durante todo el curso de la Santa Misa:&nbsp; \u00ab\u00a1La variedad es la sal de la vida!\u00bb. As\u00ed como hay varias opciones en el Saludo Introductorio, tambi\u00e9n hay varias opciones que el sacerdote-celebrante puede elegir con respecto al Rito Penitencial.<\/strong><\/p>\n\n\n\n<p><strong>CONFITEOR \/ \u00abCONFIESO&#8230;\u00bb Probablemente el Acto Penitencial m\u00e1s utilizado, elegido por la mayor\u00eda de los sacerdotes y rezado por la Congregaci\u00f3n, es el del Confiteor &#8211; \u00abMe confieso&#8230;\u00bb- que en gran parte se atribuye al gran pecador convertido en gran santo -San Agust\u00edn-.<\/strong><\/p>\n\n\n\n<p><strong>Confieso a Dios todopoderoso<\/strong><\/p>\n\n\n\n<p><strong>y a ustedes, mis hermanos y hermanas,<\/strong><\/p>\n\n\n\n<p><strong>que he pecado mucho<\/strong><\/p>\n\n\n\n<p><strong>en mis pensamientos y en mis palabras,<\/strong><\/p>\n\n\n\n<p><strong>en lo que he hecho,<\/strong><\/p>\n\n\n\n<p><strong>y en lo que he dejado de hacer;<\/strong><\/p>\n\n\n\n<p><strong>por mi culpa, por mi culpa,<\/strong><\/p>\n\n\n\n<p><strong>por mi grav\u00edsima culpa;<\/strong><\/p>\n\n\n\n<p><strong>por eso pido a la bendita Mar\u00eda siempre Virgen,<\/strong><\/p>\n\n\n\n<p><strong>a todos los \u00e1ngeles y santos,<\/strong><\/p>\n\n\n\n<p><strong>y a vosotros, mis hermanos y hermanas,<\/strong><\/p>\n\n\n\n<p><strong>que recen por m\u00ed al Se\u00f1or Dios nuestro.<\/strong><\/p>\n\n\n\n<p><strong>MEDITACI\u00d3N. Ser\u00eda una espl\u00e9ndida pr\u00e1ctica de espiritualidad, incluso en t\u00e9rminos ignacianos, un maravilloso ejercicio espiritual pasar un largo per\u00edodo de tiempo meditando lentamente sobre el contenido, las frases y las palabras del Confiteor. De hecho, se puede obtener mucho fruto de este ejercicio espiritual.<\/strong><\/p>\n\n\n\n<p><strong>\u00bfCu\u00e1les son, pues, algunas pepitas de oro que podemos extraer de nuestra meditaci\u00f3n sobre el Acto de Contrici\u00f3n en la Misa o, si se quiere, del Confiteor? Las siguientes son algunas:<\/strong><\/p>\n\n\n\n<p><strong>1. 1. HUMILDAD. En primer lugar, admito humildemente que soy un pecador, sin negarlo, sino admiti\u00e9ndolo y confes\u00e1ndolo humildemente. Similar al Rey David en el Salmo 51 que admite su pecado de adulterio y asesinato en el Salmo humildemente inspirado, sin duda uno de los mejores Actos de Contrici\u00f3n jam\u00e1s compuestos.<\/strong><\/p>\n\n\n\n<p><strong>2. EL PECADO OFENDE A DIOS. Esta humilde admisi\u00f3n del pecado se dirige primero a Dios. Este es el orden adecuado, que cuando pecamos, primero y ante todo reconozcamos que nuestro pecado es teol\u00f3gico: es una ofensa a Dios Todopoderoso.<\/strong><\/p>\n\n\n\n<p><strong>3. DIMENSI\u00d3N SOCIAL DEL PECADO. Luego confesamos no s\u00f3lo a Dios sino tambi\u00e9n a nuestros hermanos que hemos pecado. El pecado no s\u00f3lo ofende a Dios Todopoderoso, sino que tiene una dimensi\u00f3n social. Despu\u00e9s de que Ad\u00e1n y Eva pecaran, Ca\u00edn mat\u00f3 a su hermano Abel. Nuestro pecado tiene repercusiones m\u00e1s amplias, como el efecto de onda conc\u00e9ntrica de una piedra lanzada en medio de un estanque. Respondiendo a la pregunta que Ca\u00edn hace a Dios: \u00ab\u00bfSoy yo el guardi\u00e1n de mi hermano?\u00bb La respuesta es un resonante \u00a1\u00a1\u00a1S\u00cd!!! Somos responsables de nuestros actos, ya sean buenos o malos. Estamos llamados a esforzarnos siempre por dar buen ejemplo a todos nuestros hermanos, pero lamentablemente a veces damos esc\u00e1ndalo. Por ello rogamos a nuestro Dios todopoderoso y misericordioso que nos perdone y se apiade de nosotros.<\/strong><\/p>\n\n\n\n<p><strong>4. CUATRO FORMAS O MANERAS DIFERENTES EN QUE PODEMOS PECAR. Contin\u00faa el Acto Lit\u00fargico de Contrici\u00f3n, que nos ayuda a hacer un profundo Examen de Conciencia, ofreciendo cuatro maneras diferentes en las que podemos pecar realmente. Esas cuatro formas son las siguientes: PENSAMIENTO, PALABRA, HECHO, y OMISI\u00d3N. \u00a1Vaya! Aqu\u00ed hay mucho material para reflexionar; mejor a\u00fan, mucho material para examinar nuestra conciencia e incluso para motivarnos a recurrir a la Confesi\u00f3n Sacramental m\u00e1s pronto que tarde.<\/strong><\/p>\n\n\n\n<p><strong>5. PENSAMIENTOS. En efecto, hay una batalla por nuestra mente, \u00a1hoy m\u00e1s que nunca! En privado, \u00bfpor qu\u00e9 no hacer un minucioso Examen de Conciencia sobre tu mundo de pensamientos? Este mundo interior del pensamiento se podr\u00eda comparar casi con una enorme selva. Hay mucho bien, pero mezclado con feos monstruos. Todos debemos admitir humildemente que no siempre estamos 100% orgullosos de nuestro mundo de pensamientos. Con demasiada frecuencia, nuestro mundo de pensamientos apesta a pecado debido a lo que ponemos en nuestra mente a trav\u00e9s de la visi\u00f3n impura, la lectura, la mirada, la contemplaci\u00f3n y la famosa imaginaci\u00f3n errante y descontrolada. Por supuesto, no todos los malos pensamientos son pecaminosos. Sin embargo, si consentimos los malos pensamientos impuros o pecaminosos -la lujuria, la avaricia, la envidia, la ira, el orgullo- se transforman en verdaderos pecados que deben ser llevados al Sacramento de la Confesi\u00f3n. Nuestro objetivo y meta final debe ser poner en pr\u00e1ctica dos versos paulinos: \u00abPoneos en la mente de Cristo\u00bb y \u00abTen\u00e9is la mente de Cristo\u00bb(1Cor 2,16) \u00a1La recepci\u00f3n de la Sagrada Comuni\u00f3n es el medio m\u00e1s eficaz para poner en pr\u00e1ctica y activar estos dos imperativos paulinos!<\/strong><\/p>\n\n\n\n<p><strong>6. PALABRAS. Jes\u00fas afirma inequ\u00edvocamente: \u00abDe la abundancia del coraz\u00f3n habla la boca\u00bb (Lc 6,45), y \u00abtoda palabra que salga de nuestra boca ser\u00e1 juzgada\u00bb (Mt 12,36). Aunque este ejercicio puede ser muy doloroso, puedes repasar tu d\u00eda, desde el principio hasta el final, y revisar todas las palabras que salieron de tu boca, que en realidad es tu coraz\u00f3n. \u00bfFueron palabras expresadas con ira o amargura? \u00bfFueron motivadas por el orgullo o la envidia? \u00bfHer\u00edan a los dem\u00e1s? \u00bfFueron desagradables a Dios? Esta puede ser una experiencia algo dolorosa pero necesaria y reveladora.<\/strong><\/p>\n\n\n\n<p><strong>7. HECHOS &#8211; LO QUE HE HECHO.&nbsp; En nuestro amplio abanico de experiencias hay muchas obras buenas que podemos hacer. Debemos esforzarnos por vivir las Obras de Misericordia Corporales y Espirituales. (Leer Mt. 25:31-46) Sin embargo, en nuestras acciones con demasiada frecuencia nos quedamos cortos. La palabra griega para pecado es Hamartia, que significa \u00abno darle Al&nbsp; blanco\u00bb. Como en el caso de un arquero, con arco, flecha a la punteria. A menudo, nuestras acciones no s\u00f3lo no dan en el blanco, sino que dan en el blanco equivocado y pueden causar un gran da\u00f1o. La mentira, el adulterio, las acciones violentas, el robo, la bebida y las drogas, y tantas otras.<\/strong><\/p>\n\n\n\n<p><strong>8. OMISI\u00d3N. Es muy probable que muchos de nosotros, posiblemente debido a una conciencia poco formada, nunca hayamos sido realmente conscientes de cu\u00e1ntos pecados hemos cometido por omisi\u00f3n. Por omisi\u00f3n entendemos sencillamente lo siguiente: no hacer o no llevar a cabo lo que deber\u00edamos hacer. Somos negligentes en las obligaciones de nuestro estado de vida. La causa fundamental o el pecado capital es, con demasiada frecuencia, la pereza o la holgazaner\u00eda. Cu\u00e1ntos padres pecan por ser negligentes en la Educaci\u00f3n Religiosa de sus hijos. Retrasando los bautismos, confesiones poco frecuentes, primeras comuniones tard\u00edas, y con demasiada frecuencia no ense\u00f1ando y formando a sus hijos en el important\u00edsimo arte de la oraci\u00f3n.<\/strong><\/p>\n\n\n\n<p><strong>9. POR MI CULPA (\u00a1\u00a13 VECES!!) La oraci\u00f3n contin\u00faa con la admisi\u00f3n humilde y personal de que mi pecado es m\u00edo y no de otros. En otras palabras, no culpamos a nadie m\u00e1s que a nosotros mismos -como el rey David en el Salmo 51- por los pecados que hemos cometido. Debemos aceptar y asumir la responsabilidad personal de nuestros propios pecados personales y no se\u00f1alar con el dedo a los dem\u00e1s.<\/strong><\/p>\n\n\n\n<p><strong>10. A continuaci\u00f3n, la Iglesia nos invita a todos a realizar un gesto penitencial concreto golpeando nuestro pecho con el pu\u00f1o tres veces. Qu\u00e9 importante es que nos demos cuenta de la importancia de comprometer toda nuestra persona en la oraci\u00f3n: nuestra mente, nuestros afectos e incluso nuestro cuerpo en nuestra experiencia de oraci\u00f3n.<\/strong><\/p>\n\n\n\n<p><strong>11. PEDIR LAS ORACIONES DE TODOS.&nbsp; A continuaci\u00f3n, esta breve pero poderosa Oraci\u00f3n Penitencial concluye de manera que nos convertimos en mendigos, implorando, suplicando a los dem\u00e1s que intercedan por nosotros y que recen por nosotros. San Agust\u00edn nos recuerda que todos somos mendigos ante Dios. Todos debemos implorar constantemente su infinita misericordia en todo momento y lugar. Repasemos la lista de aquellas personas que queremos que recen por nosotros.<\/strong><\/p>\n\n\n\n<p><strong>12. MAR\u00cdA SANTISIMA SIEMPRE VIRGEN.&nbsp; La Virgen tiene muchos t\u00edtulos, pero los m\u00e1s pertinentes en el contexto de esta oraci\u00f3n son los t\u00edtulos: \u00abNuestra Se\u00f1ora, Refugio de los pecadores\u00bb y \u00abNuestra Se\u00f1ora de la Misericordia, nuestra vida, nuestra dulzura y nuestra esperanza\u00bb. Levantar los ojos a Mar\u00eda e implorar sus oraciones para alcanzar la misericordia y el perd\u00f3n de nuestros pecados es una oraci\u00f3n muy eficaz.<\/strong><\/p>\n\n\n\n<p><strong>13. LOS \u00c1NGELES. \u00bfCon qu\u00e9 frecuencia rezas a los \u00c1ngeles? Conocemos los nombres de tres de los Arc\u00e1ngeles: Miguel, Gabriel y Rafael. Sin embargo, hay mir\u00edadas y mir\u00edadas de \u00e1ngeles en el Cielo que esperan que les recemos para que corran en nuestro auxilio. No nos olvidemos de ellos. \u00a1Invoca a todos los \u00e1ngeles!<\/strong><\/p>\n\n\n\n<p><strong>14. LOS SANTOS.&nbsp; Por \u00faltimo, para completar esta aventura familiar, no debemos dejar de invitar a nuestros amigos celestiales, gu\u00edas, modelos e intercesores, es decir, a los SANTOS, a que recen por nosotros. Mientras vivieron en la tierra, fueron pecadores que lucharon y permitieron que la gracia de Dios venciera sus propias tendencias pecaminosas. Ahora disfrutan de la gloria de Dios y corren al rescate de los que, en la tierra, les llaman en su necesidad. En efecto, \u00bfcu\u00e1ntas gracias perdidas y descuidadas por nuestra parte por la simple raz\u00f3n de que nos olvidamos de invitar a los santos a estar con nosotros, a caminar con nosotros, a interceder por nosotros, a rezar por nosotros y a echarnos una mano? \u00a1Recibamos un poco de ayuda de nuestros amigos!<\/strong><\/p>\n\n\n\n<p><strong>15. NUESTROS HERMANOS Y HERMANAS Concluimos en el \u00e1mbito de la oraci\u00f3n de intercesi\u00f3n para rogar a nuestros hermanos y hermanas que viven -en realidad los que est\u00e1n con nosotros en la misa en esta celebraci\u00f3n espec\u00edfica- que recen e intercedan por nosotros. Qu\u00e9 hermosa es la Iglesia que es verdaderamente una familia. Es una familia unida por el amor. Este amor parte y fluye de Dios mismo, que es amor, en palabras de San Juan en una de sus Cartas. Pero este amor se expande hacia el amor y las oraciones de Nuestra Se\u00f1ora por nosotros, y los \u00e1ngeles y su poderosa presencia, y luego los santos, los h\u00e9roes victoriosos de Dios. Por \u00faltimo, la Iglesia Militante, los soldados de Cristo que a\u00fan viven y que est\u00e1n invitados a participar en la guerra espiritual. En efecto, todos formamos parte de una familia maravillosa, la Iglesia, que es verdaderamente la familia de Dios.<\/strong><\/p>\n\n\n\n<p><strong>En resumen, dedica un tiempo a la oraci\u00f3n silenciosa, saboreando este Confiteor-Acto de Contrici\u00f3n. Util\u00edzalo para examinar tu propia conciencia. Deja que la luz de la gracia penetrante de Dios ilumine y purifique tu mente mientras te preparas para escuchar la palabra de Dios y recibir a Jes\u00fas en lo m\u00e1s profundo de tu coraz\u00f3n.<\/strong><\/p>\n<div class=\"synved-social-container synved-social-container-share\" style=\"text-align: center\"><a class=\"synved-social-button synved-social-button-share synved-social-size-48 synved-social-resolution-single synved-social-provider-facebook nolightbox\" data-provider=\"facebook\" target=\"_blank\" rel=\"nofollow\" title=\"Share on Facebook\" href=\"https:\/\/www.facebook.com\/sharer.php?u=https%3A%2F%2Ffatherbroom.com%2Fes%2Fwp-json%2Fwp%2Fv2%2Fposts%2F28959&#038;t=LECTURAS%20DEL%20DIA%20%7C%2015%20DE%20OCTUBRE%202021&#038;s=100&#038;p&#091;url&#093;=https%3A%2F%2Ffatherbroom.com%2Fes%2Fwp-json%2Fwp%2Fv2%2Fposts%2F28959&#038;p&#091;images&#093;&#091;0&#093;=http%3A%2F%2Ffatherbroom.com%2Fes%2Fwp-content%2Fmedia%2Fsites%2F3%2Fpng%2FScreen-Shot-2021-10-04-at-10.21.31-AM-1024x389.png&#038;p&#091;title&#093;=LECTURAS%20DEL%20DIA%20%7C%2015%20DE%20OCTUBRE%202021\" style=\"font-size: 0px;width:48px;height:48px;margin:0;margin-bottom:5px;margin-right:5px\"><img loading=\"lazy\" decoding=\"async\" alt=\"Facebook\" title=\"Share on Facebook\" class=\"synved-share-image synved-social-image synved-social-image-share\" width=\"48\" height=\"48\" style=\"display: inline;width:48px;height:48px;margin: 0;padding: 0;border: none;box-shadow: none\" src=\"https:\/\/fatherbroom.com\/es\/wp-content\/plugins\/social-media-feather\/synved-social\/image\/social\/regular\/96x96\/facebook.png\" \/><\/a><a class=\"synved-social-button synved-social-button-share synved-social-size-48 synved-social-resolution-single synved-social-provider-twitter nolightbox\" data-provider=\"twitter\" target=\"_blank\" rel=\"nofollow\" title=\"Share on Twitter\" href=\"https:\/\/twitter.com\/intent\/tweet?url=https%3A%2F%2Ffatherbroom.com%2Fes%2Fwp-json%2Fwp%2Fv2%2Fposts%2F28959&#038;text=Hey%20check%20this%20out\" style=\"font-size: 0px;width:48px;height:48px;margin:0;margin-bottom:5px;margin-right:5px\"><img loading=\"lazy\" decoding=\"async\" alt=\"twitter\" title=\"Share on Twitter\" class=\"synved-share-image synved-social-image synved-social-image-share\" width=\"48\" height=\"48\" style=\"display: inline;width:48px;height:48px;margin: 0;padding: 0;border: none;box-shadow: none\" src=\"https:\/\/fatherbroom.com\/es\/wp-content\/plugins\/social-media-feather\/synved-social\/image\/social\/regular\/96x96\/twitter.png\" \/><\/a><a class=\"synved-social-button synved-social-button-share synved-social-size-48 synved-social-resolution-single synved-social-provider-reddit nolightbox\" data-provider=\"reddit\" target=\"_blank\" rel=\"nofollow\" title=\"Share on Reddit\" href=\"https:\/\/www.reddit.com\/submit?url=https%3A%2F%2Ffatherbroom.com%2Fes%2Fwp-json%2Fwp%2Fv2%2Fposts%2F28959&#038;title=LECTURAS%20DEL%20DIA%20%7C%2015%20DE%20OCTUBRE%202021\" style=\"font-size: 0px;width:48px;height:48px;margin:0;margin-bottom:5px;margin-right:5px\"><img loading=\"lazy\" decoding=\"async\" alt=\"reddit\" title=\"Share on Reddit\" class=\"synved-share-image synved-social-image synved-social-image-share\" width=\"48\" height=\"48\" style=\"display: inline;width:48px;height:48px;margin: 0;padding: 0;border: none;box-shadow: none\" src=\"https:\/\/fatherbroom.com\/es\/wp-content\/plugins\/social-media-feather\/synved-social\/image\/social\/regular\/96x96\/reddit.png\" \/><\/a><a class=\"synved-social-button synved-social-button-share synved-social-size-48 synved-social-resolution-single synved-social-provider-pinterest nolightbox\" data-provider=\"pinterest\" target=\"_blank\" rel=\"nofollow\" title=\"Pin it with Pinterest\" href=\"https:\/\/pinterest.com\/pin\/create\/button\/?url=https%3A%2F%2Ffatherbroom.com%2Fes%2Fwp-json%2Fwp%2Fv2%2Fposts%2F28959&#038;media=http%3A%2F%2Ffatherbroom.com%2Fes%2Fwp-content%2Fmedia%2Fsites%2F3%2Fpng%2FScreen-Shot-2021-10-04-at-10.21.31-AM-1024x389.png&#038;description=LECTURAS%20DEL%20DIA%20%7C%2015%20DE%20OCTUBRE%202021\" style=\"font-size: 0px;width:48px;height:48px;margin:0;margin-bottom:5px;margin-right:5px\"><img loading=\"lazy\" decoding=\"async\" alt=\"pinterest\" title=\"Pin it with Pinterest\" class=\"synved-share-image synved-social-image synved-social-image-share\" width=\"48\" height=\"48\" style=\"display: inline;width:48px;height:48px;margin: 0;padding: 0;border: none;box-shadow: none\" src=\"https:\/\/fatherbroom.com\/es\/wp-content\/plugins\/social-media-feather\/synved-social\/image\/social\/regular\/96x96\/pinterest.png\" \/><\/a><a class=\"synved-social-button synved-social-button-share synved-social-size-48 synved-social-resolution-single synved-social-provider-linkedin nolightbox\" data-provider=\"linkedin\" target=\"_blank\" rel=\"nofollow\" title=\"Share on Linkedin\" href=\"https:\/\/www.linkedin.com\/shareArticle?mini=true&#038;url=https%3A%2F%2Ffatherbroom.com%2Fes%2Fwp-json%2Fwp%2Fv2%2Fposts%2F28959&#038;title=LECTURAS%20DEL%20DIA%20%7C%2015%20DE%20OCTUBRE%202021\" style=\"font-size: 0px;width:48px;height:48px;margin:0;margin-bottom:5px;margin-right:5px\"><img loading=\"lazy\" decoding=\"async\" alt=\"linkedin\" title=\"Share on Linkedin\" class=\"synved-share-image synved-social-image synved-social-image-share\" width=\"48\" height=\"48\" style=\"display: inline;width:48px;height:48px;margin: 0;padding: 0;border: none;box-shadow: none\" src=\"https:\/\/fatherbroom.com\/es\/wp-content\/plugins\/social-media-feather\/synved-social\/image\/social\/regular\/96x96\/linkedin.png\" \/><\/a><a class=\"synved-social-button synved-social-button-share synved-social-size-48 synved-social-resolution-single synved-social-provider-mail nolightbox\" data-provider=\"mail\" rel=\"nofollow\" title=\"Share by email\" href=\"mailto:?subject=LECTURAS%20DEL%20DIA%20%7C%2015%20DE%20OCTUBRE%202021&#038;body=Hey%20check%20this%20out:%20https%3A%2F%2Ffatherbroom.com%2Fes%2Fwp-json%2Fwp%2Fv2%2Fposts%2F28959\" style=\"font-size: 0px;width:48px;height:48px;margin:0;margin-bottom:5px\"><img loading=\"lazy\" decoding=\"async\" alt=\"mail\" title=\"Share by email\" class=\"synved-share-image synved-social-image synved-social-image-share\" width=\"48\" height=\"48\" style=\"display: inline;width:48px;height:48px;margin: 0;padding: 0;border: none;box-shadow: none\" src=\"https:\/\/fatherbroom.com\/es\/wp-content\/plugins\/social-media-feather\/synved-social\/image\/social\/regular\/96x96\/mail.png\" \/><\/a><\/div>","protected":false},"excerpt":{"rendered":"<p>Memoria de Santa Teresa de Jes\u00fas, virgen y doctora de la Iglesia \u00abPara cosas m\u00e1s grandes has nacido\u00bb. (Ven. Madre Luisita)&nbsp;&nbsp;&nbsp;&nbsp;&nbsp;&nbsp;&nbsp;&nbsp;&nbsp;&nbsp;&nbsp;&nbsp;&nbsp;&nbsp;&nbsp;&nbsp;&nbsp;&nbsp;&nbsp;&nbsp;&nbsp;&nbsp;&nbsp;&nbsp;&nbsp;&nbsp;&nbsp;&nbsp;&nbsp; Viernes, 15 de octubre Lc. 12, 1-7 \u00abOs digo, amigos m\u00edos, que no teng\u00e1is miedo de los que matan el cuerpo, pero despu\u00e9s no pueden hacer nada m\u00e1s. Yo os mostrar\u00e9 a qui\u00e9n hay [&hellip;]<\/p>\n","protected":false},"author":7,"featured_media":0,"comment_status":"closed","ping_status":"closed","sticky":false,"template":"","format":"standard","meta":{"_genesis_hide_title":false,"_genesis_hide_breadcrumbs":false,"_genesis_hide_singular_image":false,"_genesis_hide_footer_widgets":false,"_genesis_custom_body_class":"","_genesis_custom_post_class":"","_genesis_layout":"","footnotes":""},"categories":[277],"tags":[],"class_list":{"0":"post-28959","1":"post","2":"type-post","3":"status-publish","4":"format-standard","6":"category-lecturas-del-dia","7":"entry"},"_links":{"self":[{"href":"https:\/\/fatherbroom.com\/es\/wp-json\/wp\/v2\/posts\/28959","targetHints":{"allow":["GET"]}}],"collection":[{"href":"https:\/\/fatherbroom.com\/es\/wp-json\/wp\/v2\/posts"}],"about":[{"href":"https:\/\/fatherbroom.com\/es\/wp-json\/wp\/v2\/types\/post"}],"author":[{"embeddable":true,"href":"https:\/\/fatherbroom.com\/es\/wp-json\/wp\/v2\/users\/7"}],"replies":[{"embeddable":true,"href":"https:\/\/fatherbroom.com\/es\/wp-json\/wp\/v2\/comments?post=28959"}],"version-history":[{"count":9,"href":"https:\/\/fatherbroom.com\/es\/wp-json\/wp\/v2\/posts\/28959\/revisions"}],"predecessor-version":[{"id":29157,"href":"https:\/\/fatherbroom.com\/es\/wp-json\/wp\/v2\/posts\/28959\/revisions\/29157"}],"wp:attachment":[{"href":"https:\/\/fatherbroom.com\/es\/wp-json\/wp\/v2\/media?parent=28959"}],"wp:term":[{"taxonomy":"category","embeddable":true,"href":"https:\/\/fatherbroom.com\/es\/wp-json\/wp\/v2\/categories?post=28959"},{"taxonomy":"post_tag","embeddable":true,"href":"https:\/\/fatherbroom.com\/es\/wp-json\/wp\/v2\/tags?post=28959"}],"curies":[{"name":"wp","href":"https:\/\/api.w.org\/{rel}","templated":true}]}}