{"id":28949,"date":"2021-10-14T01:18:00","date_gmt":"2021-10-14T08:18:00","guid":{"rendered":"http:\/\/fatherbroom.com\/es\/?p=28949"},"modified":"2021-10-14T07:30:39","modified_gmt":"2021-10-14T14:30:39","slug":"lecturas-del-dia-14-de-octubre-2021","status":"publish","type":"post","link":"https:\/\/fatherbroom.com\/es\/2021\/10\/lecturas-del-dia-14-de-octubre-2021\/","title":{"rendered":"LECTURAS DEL DIA | 14 DE OCTUBRE 2021"},"content":{"rendered":"\n<p class=\"has-medium-font-size\"><strong>Memoria Opcional de San Calixto I, Papa y m\u00e1rtir<\/strong><\/p>\n\n\n\n<figure class=\"wp-block-image size-large is-style-default\"><a href=\"https:\/\/bible.usccb.org\/es\/bible\/lecturas\/1014-memoria.cfm\"><img loading=\"lazy\" decoding=\"async\" width=\"1024\" height=\"388\" src=\"http:\/\/fatherbroom.com\/es\/wp-content\/media\/sites\/3\/png\/Screen-Shot-2021-10-04-at-10.19.05-AM-1024x388.png\" alt=\"\" class=\"wp-image-28950\" srcset=\"https:\/\/fatherbroom.com\/es\/wp-content\/media\/sites\/3\/png\/Screen-Shot-2021-10-04-at-10.19.05-AM-1024x388.png 1024w, https:\/\/fatherbroom.com\/es\/wp-content\/media\/sites\/3\/png\/Screen-Shot-2021-10-04-at-10.19.05-AM-300x114.png 300w, https:\/\/fatherbroom.com\/es\/wp-content\/media\/sites\/3\/png\/Screen-Shot-2021-10-04-at-10.19.05-AM-768x291.png 768w, https:\/\/fatherbroom.com\/es\/wp-content\/media\/sites\/3\/png\/Screen-Shot-2021-10-04-at-10.19.05-AM.png 1220w\" sizes=\"auto, (max-width: 1024px) 100vw, 1024px\" \/><\/a><\/figure>\n\n\n\n<figure class=\"wp-block-image size-large is-style-default\"><a href=\"https:\/\/www.vatican.va\/archive\/catechism_sp\/p1s2a3p2_sp.html\"><img loading=\"lazy\" decoding=\"async\" width=\"1024\" height=\"387\" src=\"http:\/\/fatherbroom.com\/es\/wp-content\/media\/sites\/3\/png\/Screen-Shot-2021-10-04-at-10.19.33-AM-1024x387.png\" alt=\"\" class=\"wp-image-28953\" srcset=\"https:\/\/fatherbroom.com\/es\/wp-content\/media\/sites\/3\/png\/Screen-Shot-2021-10-04-at-10.19.33-AM-1024x387.png 1024w, https:\/\/fatherbroom.com\/es\/wp-content\/media\/sites\/3\/png\/Screen-Shot-2021-10-04-at-10.19.33-AM-300x113.png 300w, https:\/\/fatherbroom.com\/es\/wp-content\/media\/sites\/3\/png\/Screen-Shot-2021-10-04-at-10.19.33-AM-768x290.png 768w, https:\/\/fatherbroom.com\/es\/wp-content\/media\/sites\/3\/png\/Screen-Shot-2021-10-04-at-10.19.33-AM.png 1218w\" sizes=\"auto, (max-width: 1024px) 100vw, 1024px\" \/><\/a><\/figure>\n\n\n\n<figure class=\"wp-block-image size-large is-style-default\"><img loading=\"lazy\" decoding=\"async\" width=\"1024\" height=\"301\" src=\"http:\/\/fatherbroom.com\/es\/wp-content\/media\/sites\/3\/png\/Screen-Shot-2021-10-04-at-10.19.53-AM-1024x301.png\" alt=\"\" class=\"wp-image-28954\" srcset=\"https:\/\/fatherbroom.com\/es\/wp-content\/media\/sites\/3\/png\/Screen-Shot-2021-10-04-at-10.19.53-AM-1024x301.png 1024w, https:\/\/fatherbroom.com\/es\/wp-content\/media\/sites\/3\/png\/Screen-Shot-2021-10-04-at-10.19.53-AM-300x88.png 300w, https:\/\/fatherbroom.com\/es\/wp-content\/media\/sites\/3\/png\/Screen-Shot-2021-10-04-at-10.19.53-AM-768x226.png 768w, https:\/\/fatherbroom.com\/es\/wp-content\/media\/sites\/3\/png\/Screen-Shot-2021-10-04-at-10.19.53-AM.png 1218w\" sizes=\"auto, (max-width: 1024px) 100vw, 1024px\" \/><\/figure>\n\n\n\n<p><strong>\u00abPara cosas m\u00e1s grandes has nacido\u00bb. (Ven. Madre Luisita)&nbsp;&nbsp;&nbsp;&nbsp;&nbsp;&nbsp;&nbsp;&nbsp;&nbsp;&nbsp;&nbsp;&nbsp;&nbsp;&nbsp;&nbsp;&nbsp;&nbsp;&nbsp;&nbsp;&nbsp;&nbsp;&nbsp;&nbsp;&nbsp;&nbsp;&nbsp;&nbsp;&nbsp;&nbsp;<\/strong><\/p>\n\n\n\n<p><strong>Jueves, 14 de octubre Lc. 11, 47-54 Salmo 130: \u00abConf\u00edo en el Se\u00f1or, mi alma conf\u00eda en su palabra. Mi alma espera al Se\u00f1or m\u00e1s que los centinelas esperan la aurora\u00bb.<\/strong><\/p>\n\n\n\n<p><strong>El 1 de octubre celebramos la fiesta de Santa Teresa de Lisieux, que muri\u00f3 a los 24 a\u00f1os, fue nombrada patrona de los misioneros aunque nunca sali\u00f3 del convento, y declarada Doctora de la Iglesia por el Papa San Juan Pablo II en 1997.<\/strong><\/p>\n\n\n\n<p><strong>El 13 de octubre celebramos la \u00faltima aparici\u00f3n de Nuestra Se\u00f1ora de F\u00e1tima a los tres ni\u00f1os pastores Luc\u00eda de los Santos, y a sus dos primos menores, San Francisco Marto y Santa Jacinta Marto, y el gran Milagro del Sol.<\/strong><\/p>\n\n\n\n<p><strong>El 15 de octubre celebraremos a Santa Teresa de Jes\u00fas, tambi\u00e9n conocida como Santa Teresa de \u00c1vila, la primera mujer Doctora de la Iglesia, as\u00ed declarada por el Papa Pablo VI en 1970, que reform\u00f3 la Orden Carmelita estableciendo siete conventos reformados para mujeres, todos ellos con el nombre y la advocaci\u00f3n de San Jos\u00e9, y cuatro monasterios reformados para hombres.<\/strong><\/p>\n\n\n\n<p><strong>En nuestra meditaci\u00f3n de hoy, el P. Ed Broom nos ayudar\u00e1 a echar un \u00faltimo vistazo a la vida y la espiritualidad de Santa Teresa de Lisieux. \u00bfLa esencia? Ella se ofrece como una oblaci\u00f3n de amor a Cristo mismo, una invitaci\u00f3n para que nosotros hagamos lo mismo. Lee su \u00abofrenda\u00bb varias veces para asimilar su completo rechazo a cualquier regalo que no sea Cristo mismo.<\/strong><\/p>\n\n\n\n<p><strong>EL PEQUE\u00d1O CATECISMO DE LA PEQUE\u00d1A FLOR por el P. Ed Broom, OMV<\/strong><\/p>\n\n\n\n<p><strong>Este art\u00edculo es la introducci\u00f3n al Peque\u00f1o Catecismo de Santa Teresita.<\/strong><\/p>\n\n\n\n<p><strong>San Pablo afirma que la mayor de las virtudes es el amor. El Doctor Ang\u00e9lico, Santo Tom\u00e1s de Aquino, dijo que \u00abLa caridad es la reina de todas las virtudes\u00bb. El Doctor M\u00edstico, San Juan de la Cruz, ense\u00f1\u00f3 que \u00aben el ocaso de nuestra existencia seremos juzgados por el amor\u00bb. Finalmente, el gran Doctor de la Vida Devota, San Francisco de Sales, escribi\u00f3 que \u00abLa medida en que debemos amar a Dios es amarlo sin medida\u00bb.<\/strong><\/p>\n\n\n\n<p><strong>En el d\u00eda de su fiesta lit\u00fargica, el 1 de octubre, las lecturas de la Liturgia de las Horas nos permiten vislumbrar el fuego ardiente del amor que consum\u00eda el coraz\u00f3n de Santa Teresa y nos muestran lo que ella consideraba su verdadera y aut\u00e9ntica vocaci\u00f3n.<\/strong><\/p>\n\n\n\n<p><strong>Sufrir los atroces dolores y torturas de los m\u00e1rtires no era su vocaci\u00f3n, ni su cuerpo pod\u00eda soportar largas horas de ayuno. Finalmente, comprendi\u00f3 que su vocaci\u00f3n era \u00abser amor\u00bb dentro de la Iglesia. En su autobiograf\u00eda, Santa Teresa expresa esta comprensi\u00f3n con pasi\u00f3n y deseo.<\/strong><\/p>\n\n\n\n<p><strong>Santa Teresa de Lisieux, proclamada una de las cuatro doctoras de la Iglesia Universal, hizo un acto de oblaci\u00f3n al amor misericordioso de nuestro buen Dios. Esto, en efecto, fue uno de los rasgos distintivos de su llegada a las alturas de la santidad en tan poco tiempo: s\u00f3lo veinticuatro a\u00f1os en la tierra.<\/strong><\/p>\n\n\n\n<p><strong>\u00abSab\u00eda que la Iglesia ten\u00eda un coraz\u00f3n y que tal coraz\u00f3n parec\u00eda estar inflamado de amor. Sab\u00eda que un amor impulsaba a los miembros de la Iglesia a la acci\u00f3n, que si este amor se extinguiera, los Ap\u00f3stoles ya no habr\u00edan proclamado el Evangelio, los m\u00e1rtires ya no habr\u00edan derramado su sangre. Vi y me di cuenta de que el amor pone los l\u00edmites de todas las vocaciones, que el amor lo es todo, que este mismo amor abarca todo tiempo y todo lugar. En una palabra, que el amor es eterno\u00bb.<\/strong><\/p>\n\n\n\n<p><strong>\u00abEntonces, casi extasiada por la suprema alegr\u00eda de mi alma, proclam\u00e9: &#8216;Oh Jes\u00fas, mi amor, por fin he encontrado mi vocaci\u00f3n: mi vocaci\u00f3n es el amor. Ciertamente he encontrado mi lugar en la Iglesia, y T\u00fa me has dado ese mismo lugar, Dios m\u00edo. En el coraz\u00f3n de la Iglesia, mi madre, ser\u00e9 amor, y as\u00ed ser\u00e9 todas las cosas, pues mi deseo encuentra su direcci\u00f3n'\u00bb.<\/strong><\/p>\n\n\n\n<p><strong>\u00bfQu\u00e9 implica, pues, esta oblaci\u00f3n para ti y para m\u00ed? Humildad. Una confianza total en el amor misericordioso de Jes\u00fas. Y una voluntad constante de amar a Jes\u00fas en todo momento y en todo lugar, expresando concretamente esta voluntad con un amor ardiente al pr\u00f3jimo.<\/strong><\/p>\n\n\n\n<p><strong>Los frutos de esta oblaci\u00f3n son innumerables: una continua purificaci\u00f3n del alma, una mayor perfecci\u00f3n estampada en todos los detalles de la vida, una efusi\u00f3n constante y cada vez m\u00e1s luminosa de la verdad, y una r\u00e1pida entrada en el Cielo sin pasar por el Purgatorio. (#13 del Peque\u00f1o Catecismo).<\/strong><\/p>\n\n\n\n<p><strong>Despu\u00e9s de meditar estas sencillas pero profundas palabras, Jes\u00fas, el Rey del amor, y Mar\u00eda, cuya mayor virtud fue la caridad (amor sobrenatural), junto con la propia Santa Teresa, se alegrar\u00e1n de que te ofrezcas a Jes\u00fas en oblaci\u00f3n como v\u00edctima de su amor misericordioso.<\/strong><\/p>\n\n\n\n<p><strong>El \u00faltimo y m\u00e1s grande mandamiento de Jes\u00fas fue dado en la \u00daltima Cena: \u00ab\u00a1Amaros los unos a los otros como yo os he amado!\u00bb. Nuestro juicio final estar\u00e1 determinado por nuestra confianza en su amor misericordioso.<\/strong><\/p>\n\n\n\n<p><strong>Ofrenda de Santa Teresa del Ni\u00f1o Jes\u00fas al Amor Misericordioso del Buen Dios<\/strong><\/p>\n\n\n\n<p><strong>Oh Dios m\u00edo, Sant\u00edsima Trinidad, deseo amarte y hacerte amar, trabajar por la gloria de la Santa Iglesia salvando almas en la tierra y liberando a los que sufren en el Purgatorio. Deseo cumplir perfectamente Tu voluntad y alcanzar el grado de gloria que me has preparado en Tu Reino; en una palabra, anhelo ser santo, pero s\u00e9 que soy impotente, y te imploro, oh Dios m\u00edo, que seas T\u00fa mismo mi santidad.<\/strong><\/p>\n\n\n\n<p><strong>Ya que me has amado tanto como para darme a tu \u00fanico Hijo para que sea mi Salvador y mi Esposo, los tesoros infinitos de sus m\u00e9ritos son m\u00edos; a ti te los ofrezco con alegr\u00eda, suplic\u00e1ndote que me contemples s\u00f3lo a trav\u00e9s de los ojos de Jes\u00fas y en su Coraz\u00f3n ardiente de amor.<\/strong><\/p>\n\n\n\n<p><strong>Te ofrezco tambi\u00e9n todos los m\u00e9ritos de los santos del cielo y de la tierra, sus actos de amor y los de los santos \u00e1ngeles. Por \u00faltimo te ofrezco, oh Sant\u00edsima Trinidad, el amor y los m\u00e9ritos de la santa Virgen, mi querid\u00edsima Madre; a ella le conf\u00edo mi oblaci\u00f3n, rog\u00e1ndole que te la presente. Su Divino Hijo, mi bien amado Esposo, durante los d\u00edas de su vida en la tierra, nos dijo: \u00abSi ped\u00eds algo al Padre en mi nombre, \u00c9l os lo dar\u00e1\u00bb. Estoy, pues, seguro de que T\u00fa escuchar\u00e1s mis deseos. . . Dios m\u00edo, lo s\u00e9: cuanto m\u00e1s quieres dar, m\u00e1s nos haces desear. Inmensos son los deseos que siento en mi coraz\u00f3n, y con confianza te invoco para que vengas a tomar posesi\u00f3n de mi alma. No puedo recibirte en la Santa Comuni\u00f3n tan a menudo como quisiera, pero, Se\u00f1or, \u00bfno eres T\u00fa todopoderoso? Permanece en m\u00ed como en el tabern\u00e1culo; no abandones nunca Tu peque\u00f1a v\u00edctima.<\/strong><\/p>\n\n\n\n<p><strong>Anhelo consolarte por la ingratitud de los malvados, y te ruego que me quites el poder de desagradarte. Si, por la fragilidad, a veces caigo, que Tu mirada divina purifique inmediatamente mi alma, consumiendo toda imperfecci\u00f3n, como el fuego transforma todas las cosas en s\u00ed mismo.<\/strong><\/p>\n\n\n\n<p><strong>Te doy gracias, oh Dios m\u00edo, por todas las gracias que has derramado sobre m\u00ed, en particular por haberme hecho pasar por el crisol del sufrimiento. Con alegr\u00eda te contemplar\u00e9 en el \u00faltimo d\u00eda llevando tu cetro, la Cruz. Ya que te has dignado a darme como porci\u00f3n esta precios\u00edsima Cruz, espero asemejarme a Ti en el Cielo y ver brillar en mi cuerpo glorificado los sagrados estigmas de Tu Pasi\u00f3n.<\/strong><\/p>\n\n\n\n<p><strong>Despu\u00e9s de este destierro en la tierra, espero gozar de la posesi\u00f3n de Vos en la Patria eterna, pero no deseo acumular m\u00e9ritos para el Cielo. Trabajar\u00e9 s\u00f3lo por Tu amor, con el \u00fanico objetivo de darte placer, de consolar a Tu Sagrado Coraz\u00f3n y de salvar a las almas que Te amar\u00e1n para siempre.<\/strong><\/p>\n\n\n\n<p><strong>Al final de esta vida, me presentar\u00e9 ante Ti con las manos vac\u00edas, pues no te pido, Se\u00f1or, que cuentes mis obras. . . . Todas nuestras buenas obras est\u00e1n manchadas a Tus ojos. Deseo, pues, ser revestido de Tu propia justicia y recibir de Tu amor la posesi\u00f3n eterna de Ti. No anhelo ning\u00fan otro trono, ninguna otra corona sino T\u00fa, oh mi Amado.<\/strong><\/p>\n\n\n\n<p><strong>A Tus ojos, el tiempo no es nada; un d\u00eda es como mil a\u00f1os. T\u00fa puedes, en un instante, prepararme para comparecer ante Ti.<\/strong><\/p>\n\n\n\n<p><strong>Para que mi vida sea un acto de amor perfecto, me ofrezco como v\u00edctima de holocausto a Tu amor misericordioso, suplic\u00e1ndote que me consumas sin cesar, y que dejes fluir en mi alma el torrente de infinita ternura acumulada en Ti, para que me convierta en un m\u00e1rtir de Tu amor, oh Dios m\u00edo.<\/strong><\/p>\n\n\n\n<p><strong>Que este martirio, despu\u00e9s de haberme preparado para presentarme ante Ti, rompa por fin la red de la vida, y que mi alma emprenda su vuelo, sin obst\u00e1culos, hacia el abrazo eterno de Tu amor misericordioso.<\/strong><\/p>\n\n\n\n<p><strong>Deseo, oh Amado m\u00edo, en cada latido renovar esta oblaci\u00f3n un n\u00famero infinito de veces, hasta que las sombras se desvanezcan y pueda expresarte mi amor eternamente cara a cara.<\/strong><\/p>\n\n\n\n<p><strong>Copyright 2021 Oblatos de la Virgen Mar\u00eda, Iglesia de San Pedro Chanel, Hawaiian Gardens, CA<\/strong><\/p>\n<div class=\"synved-social-container synved-social-container-share\" style=\"text-align: center\"><a class=\"synved-social-button synved-social-button-share synved-social-size-48 synved-social-resolution-single synved-social-provider-facebook nolightbox\" data-provider=\"facebook\" target=\"_blank\" rel=\"nofollow\" title=\"Share on Facebook\" href=\"https:\/\/www.facebook.com\/sharer.php?u=https%3A%2F%2Ffatherbroom.com%2Fes%2Fwp-json%2Fwp%2Fv2%2Fposts%2F28949&#038;t=LECTURAS%20DEL%20DIA%20%7C%2014%20DE%20OCTUBRE%202021&#038;s=100&#038;p&#091;url&#093;=https%3A%2F%2Ffatherbroom.com%2Fes%2Fwp-json%2Fwp%2Fv2%2Fposts%2F28949&#038;p&#091;images&#093;&#091;0&#093;=http%3A%2F%2Ffatherbroom.com%2Fes%2Fwp-content%2Fmedia%2Fsites%2F3%2Fpng%2FScreen-Shot-2021-10-04-at-10.19.05-AM-1024x388.png&#038;p&#091;title&#093;=LECTURAS%20DEL%20DIA%20%7C%2014%20DE%20OCTUBRE%202021\" style=\"font-size: 0px;width:48px;height:48px;margin:0;margin-bottom:5px;margin-right:5px\"><img loading=\"lazy\" decoding=\"async\" alt=\"Facebook\" title=\"Share on Facebook\" class=\"synved-share-image synved-social-image synved-social-image-share\" width=\"48\" height=\"48\" style=\"display: inline;width:48px;height:48px;margin: 0;padding: 0;border: none;box-shadow: none\" src=\"https:\/\/fatherbroom.com\/es\/wp-content\/plugins\/social-media-feather\/synved-social\/image\/social\/regular\/96x96\/facebook.png\" \/><\/a><a class=\"synved-social-button synved-social-button-share synved-social-size-48 synved-social-resolution-single synved-social-provider-twitter nolightbox\" data-provider=\"twitter\" target=\"_blank\" rel=\"nofollow\" title=\"Share on Twitter\" href=\"https:\/\/twitter.com\/intent\/tweet?url=https%3A%2F%2Ffatherbroom.com%2Fes%2Fwp-json%2Fwp%2Fv2%2Fposts%2F28949&#038;text=Hey%20check%20this%20out\" style=\"font-size: 0px;width:48px;height:48px;margin:0;margin-bottom:5px;margin-right:5px\"><img loading=\"lazy\" decoding=\"async\" alt=\"twitter\" title=\"Share on Twitter\" class=\"synved-share-image synved-social-image synved-social-image-share\" width=\"48\" height=\"48\" style=\"display: inline;width:48px;height:48px;margin: 0;padding: 0;border: none;box-shadow: none\" src=\"https:\/\/fatherbroom.com\/es\/wp-content\/plugins\/social-media-feather\/synved-social\/image\/social\/regular\/96x96\/twitter.png\" \/><\/a><a class=\"synved-social-button synved-social-button-share synved-social-size-48 synved-social-resolution-single synved-social-provider-reddit nolightbox\" data-provider=\"reddit\" target=\"_blank\" rel=\"nofollow\" title=\"Share on Reddit\" href=\"https:\/\/www.reddit.com\/submit?url=https%3A%2F%2Ffatherbroom.com%2Fes%2Fwp-json%2Fwp%2Fv2%2Fposts%2F28949&#038;title=LECTURAS%20DEL%20DIA%20%7C%2014%20DE%20OCTUBRE%202021\" style=\"font-size: 0px;width:48px;height:48px;margin:0;margin-bottom:5px;margin-right:5px\"><img loading=\"lazy\" decoding=\"async\" alt=\"reddit\" title=\"Share on Reddit\" class=\"synved-share-image synved-social-image synved-social-image-share\" width=\"48\" height=\"48\" style=\"display: inline;width:48px;height:48px;margin: 0;padding: 0;border: none;box-shadow: none\" src=\"https:\/\/fatherbroom.com\/es\/wp-content\/plugins\/social-media-feather\/synved-social\/image\/social\/regular\/96x96\/reddit.png\" \/><\/a><a class=\"synved-social-button synved-social-button-share synved-social-size-48 synved-social-resolution-single synved-social-provider-pinterest nolightbox\" data-provider=\"pinterest\" target=\"_blank\" rel=\"nofollow\" title=\"Pin it with Pinterest\" href=\"https:\/\/pinterest.com\/pin\/create\/button\/?url=https%3A%2F%2Ffatherbroom.com%2Fes%2Fwp-json%2Fwp%2Fv2%2Fposts%2F28949&#038;media=http%3A%2F%2Ffatherbroom.com%2Fes%2Fwp-content%2Fmedia%2Fsites%2F3%2Fpng%2FScreen-Shot-2021-10-04-at-10.19.05-AM-1024x388.png&#038;description=LECTURAS%20DEL%20DIA%20%7C%2014%20DE%20OCTUBRE%202021\" style=\"font-size: 0px;width:48px;height:48px;margin:0;margin-bottom:5px;margin-right:5px\"><img loading=\"lazy\" decoding=\"async\" alt=\"pinterest\" title=\"Pin it with Pinterest\" class=\"synved-share-image synved-social-image synved-social-image-share\" width=\"48\" height=\"48\" style=\"display: inline;width:48px;height:48px;margin: 0;padding: 0;border: none;box-shadow: none\" src=\"https:\/\/fatherbroom.com\/es\/wp-content\/plugins\/social-media-feather\/synved-social\/image\/social\/regular\/96x96\/pinterest.png\" \/><\/a><a class=\"synved-social-button synved-social-button-share synved-social-size-48 synved-social-resolution-single synved-social-provider-linkedin nolightbox\" data-provider=\"linkedin\" target=\"_blank\" rel=\"nofollow\" title=\"Share on Linkedin\" href=\"https:\/\/www.linkedin.com\/shareArticle?mini=true&#038;url=https%3A%2F%2Ffatherbroom.com%2Fes%2Fwp-json%2Fwp%2Fv2%2Fposts%2F28949&#038;title=LECTURAS%20DEL%20DIA%20%7C%2014%20DE%20OCTUBRE%202021\" style=\"font-size: 0px;width:48px;height:48px;margin:0;margin-bottom:5px;margin-right:5px\"><img loading=\"lazy\" decoding=\"async\" alt=\"linkedin\" title=\"Share on Linkedin\" class=\"synved-share-image synved-social-image synved-social-image-share\" width=\"48\" height=\"48\" style=\"display: inline;width:48px;height:48px;margin: 0;padding: 0;border: none;box-shadow: none\" src=\"https:\/\/fatherbroom.com\/es\/wp-content\/plugins\/social-media-feather\/synved-social\/image\/social\/regular\/96x96\/linkedin.png\" \/><\/a><a class=\"synved-social-button synved-social-button-share synved-social-size-48 synved-social-resolution-single synved-social-provider-mail nolightbox\" data-provider=\"mail\" rel=\"nofollow\" title=\"Share by email\" href=\"mailto:?subject=LECTURAS%20DEL%20DIA%20%7C%2014%20DE%20OCTUBRE%202021&#038;body=Hey%20check%20this%20out:%20https%3A%2F%2Ffatherbroom.com%2Fes%2Fwp-json%2Fwp%2Fv2%2Fposts%2F28949\" style=\"font-size: 0px;width:48px;height:48px;margin:0;margin-bottom:5px\"><img loading=\"lazy\" decoding=\"async\" alt=\"mail\" title=\"Share by email\" class=\"synved-share-image synved-social-image synved-social-image-share\" width=\"48\" height=\"48\" style=\"display: inline;width:48px;height:48px;margin: 0;padding: 0;border: none;box-shadow: none\" src=\"https:\/\/fatherbroom.com\/es\/wp-content\/plugins\/social-media-feather\/synved-social\/image\/social\/regular\/96x96\/mail.png\" \/><\/a><\/div>","protected":false},"excerpt":{"rendered":"<p>Memoria Opcional de San Calixto I, Papa y m\u00e1rtir \u00abPara cosas m\u00e1s grandes has nacido\u00bb. (Ven. Madre Luisita)&nbsp;&nbsp;&nbsp;&nbsp;&nbsp;&nbsp;&nbsp;&nbsp;&nbsp;&nbsp;&nbsp;&nbsp;&nbsp;&nbsp;&nbsp;&nbsp;&nbsp;&nbsp;&nbsp;&nbsp;&nbsp;&nbsp;&nbsp;&nbsp;&nbsp;&nbsp;&nbsp;&nbsp;&nbsp; Jueves, 14 de octubre Lc. 11, 47-54 Salmo 130: \u00abConf\u00edo en el Se\u00f1or, mi alma conf\u00eda en su palabra. Mi alma espera al Se\u00f1or m\u00e1s que los centinelas esperan la aurora\u00bb. El 1 de octubre celebramos la [&hellip;]<\/p>\n","protected":false},"author":7,"featured_media":0,"comment_status":"closed","ping_status":"closed","sticky":false,"template":"","format":"standard","meta":{"_genesis_hide_title":false,"_genesis_hide_breadcrumbs":false,"_genesis_hide_singular_image":false,"_genesis_hide_footer_widgets":false,"_genesis_custom_body_class":"","_genesis_custom_post_class":"","_genesis_layout":"","footnotes":""},"categories":[277],"tags":[],"class_list":{"0":"post-28949","1":"post","2":"type-post","3":"status-publish","4":"format-standard","6":"category-lecturas-del-dia","7":"entry"},"_links":{"self":[{"href":"https:\/\/fatherbroom.com\/es\/wp-json\/wp\/v2\/posts\/28949","targetHints":{"allow":["GET"]}}],"collection":[{"href":"https:\/\/fatherbroom.com\/es\/wp-json\/wp\/v2\/posts"}],"about":[{"href":"https:\/\/fatherbroom.com\/es\/wp-json\/wp\/v2\/types\/post"}],"author":[{"embeddable":true,"href":"https:\/\/fatherbroom.com\/es\/wp-json\/wp\/v2\/users\/7"}],"replies":[{"embeddable":true,"href":"https:\/\/fatherbroom.com\/es\/wp-json\/wp\/v2\/comments?post=28949"}],"version-history":[{"count":6,"href":"https:\/\/fatherbroom.com\/es\/wp-json\/wp\/v2\/posts\/28949\/revisions"}],"predecessor-version":[{"id":29148,"href":"https:\/\/fatherbroom.com\/es\/wp-json\/wp\/v2\/posts\/28949\/revisions\/29148"}],"wp:attachment":[{"href":"https:\/\/fatherbroom.com\/es\/wp-json\/wp\/v2\/media?parent=28949"}],"wp:term":[{"taxonomy":"category","embeddable":true,"href":"https:\/\/fatherbroom.com\/es\/wp-json\/wp\/v2\/categories?post=28949"},{"taxonomy":"post_tag","embeddable":true,"href":"https:\/\/fatherbroom.com\/es\/wp-json\/wp\/v2\/tags?post=28949"}],"curies":[{"name":"wp","href":"https:\/\/api.w.org\/{rel}","templated":true}]}}