{"id":28862,"date":"2021-10-05T01:53:00","date_gmt":"2021-10-05T08:53:00","guid":{"rendered":"http:\/\/fatherbroom.com\/es\/?p=28862"},"modified":"2021-10-05T07:46:27","modified_gmt":"2021-10-05T14:46:27","slug":"lecturas-del-dia-5-de-octubre-2021","status":"publish","type":"post","link":"https:\/\/fatherbroom.com\/es\/2021\/10\/lecturas-del-dia-5-de-octubre-2021\/","title":{"rendered":"LECTURAS DEL DIA | 5 DE OCTUBRE 2021"},"content":{"rendered":"\n<p><strong>Memoria Opcional de Beato Francisco Javier Seelos, presbitero.<\/strong> <strong>Memoria Opcional de Santa Faustina Kowalska, virgen<\/strong><\/p>\n\n\n\n<p><\/p>\n\n\n\n<figure class=\"wp-block-image size-large is-style-default\"><a href=\"https:\/\/bible.usccb.org\/es\/bible\/lecturas\/100521.cfm\"><img loading=\"lazy\" decoding=\"async\" width=\"1024\" height=\"386\" src=\"http:\/\/fatherbroom.com\/es\/wp-content\/media\/sites\/3\/png\/Screen-Shot-2021-10-04-at-8.42.30-AM-1024x386.png\" alt=\"\" class=\"wp-image-28872\" srcset=\"https:\/\/fatherbroom.com\/es\/wp-content\/media\/sites\/3\/png\/Screen-Shot-2021-10-04-at-8.42.30-AM-1024x386.png 1024w, https:\/\/fatherbroom.com\/es\/wp-content\/media\/sites\/3\/png\/Screen-Shot-2021-10-04-at-8.42.30-AM-300x113.png 300w, https:\/\/fatherbroom.com\/es\/wp-content\/media\/sites\/3\/png\/Screen-Shot-2021-10-04-at-8.42.30-AM-768x290.png 768w, https:\/\/fatherbroom.com\/es\/wp-content\/media\/sites\/3\/png\/Screen-Shot-2021-10-04-at-8.42.30-AM.png 1220w\" sizes=\"auto, (max-width: 1024px) 100vw, 1024px\" \/><\/a><\/figure>\n\n\n\n<figure class=\"wp-block-image size-large is-style-default\"><a href=\"https:\/\/www.vatican.va\/archive\/catechism_sp\/p1s2a3p2_sp.html\"><img loading=\"lazy\" decoding=\"async\" width=\"1024\" height=\"390\" src=\"http:\/\/fatherbroom.com\/es\/wp-content\/media\/sites\/3\/png\/Screen-Shot-2021-10-04-at-8.46.26-AM-1024x390.png\" alt=\"\" class=\"wp-image-28875\" srcset=\"https:\/\/fatherbroom.com\/es\/wp-content\/media\/sites\/3\/png\/Screen-Shot-2021-10-04-at-8.46.26-AM-1024x390.png 1024w, https:\/\/fatherbroom.com\/es\/wp-content\/media\/sites\/3\/png\/Screen-Shot-2021-10-04-at-8.46.26-AM-300x114.png 300w, https:\/\/fatherbroom.com\/es\/wp-content\/media\/sites\/3\/png\/Screen-Shot-2021-10-04-at-8.46.26-AM-768x293.png 768w, https:\/\/fatherbroom.com\/es\/wp-content\/media\/sites\/3\/png\/Screen-Shot-2021-10-04-at-8.46.26-AM.png 1218w\" sizes=\"auto, (max-width: 1024px) 100vw, 1024px\" \/><\/a><\/figure>\n\n\n\n<figure class=\"wp-block-image size-large is-style-default\"><img loading=\"lazy\" decoding=\"async\" width=\"1024\" height=\"309\" src=\"http:\/\/fatherbroom.com\/es\/wp-content\/media\/sites\/3\/png\/Screen-Shot-2021-10-04-at-8.52.09-AM-1024x309.png\" alt=\"\" class=\"wp-image-28878\" srcset=\"https:\/\/fatherbroom.com\/es\/wp-content\/media\/sites\/3\/png\/Screen-Shot-2021-10-04-at-8.52.09-AM-1024x309.png 1024w, https:\/\/fatherbroom.com\/es\/wp-content\/media\/sites\/3\/png\/Screen-Shot-2021-10-04-at-8.52.09-AM-300x90.png 300w, https:\/\/fatherbroom.com\/es\/wp-content\/media\/sites\/3\/png\/Screen-Shot-2021-10-04-at-8.52.09-AM-768x232.png 768w, https:\/\/fatherbroom.com\/es\/wp-content\/media\/sites\/3\/png\/Screen-Shot-2021-10-04-at-8.52.09-AM.png 1220w\" sizes=\"auto, (max-width: 1024px) 100vw, 1024px\" \/><\/figure>\n\n\n\n\n\n<p><strong>Martes 5 de octubre Lc.\u00a0 10: 38-42 \u201cHay necesidad de una sola cosa.\u00a0 Mar\u00eda ha elegido la mejor parte y no se la quitar\u00e1n \u00ab.<\/strong><\/p>\n\n\n\n<p><strong>Si Mar\u00eda viviera hoy, no estar\u00eda sentada a los pies de Jes\u00fas.\u00a0 \u00a1Todos los d\u00edas lo recibir\u00eda en lo m\u00e1s profundo de su coraz\u00f3n y alma en la Sagrada Comuni\u00f3n!<\/strong><\/p>\n\n\n\n<p><strong>\u00a1Los siguientes pasajes b\u00edblicos nos abren los ojos para ver que la presencia eucar\u00edstica de Jes\u00fas no fue un pensamiento posterior en la \u00daltima Cena!\u00a0 Ordenado desde toda la eternidad &#8211; \u00a1lo que fue presagiado en el Antiguo Testamento se convirti\u00f3 en realidad en el Nuevo Testamento!<\/strong><\/p>\n\n\n\n<p><strong>15 MEDITACIONES B\u00cdBLICAS PARA LA ADORACI\u00d3N EUCAR\u00cdSTICA por el P.\u00a0 Ed Broom, OMV<\/strong><\/p>\n\n\n\n<p><strong>Uno de los muchos canales que se pueden utilizar para aumentar nuestra fe, devoci\u00f3n y amor por la Sant\u00edsima Eucarist\u00eda es leer y meditando sobre pasajes b\u00edblicos clave, tanto en el Antiguo como en el Nuevo Testamento.\u00a0 El Antiguo Testamento presenta s\u00edmbolos o lo que los eruditos de la Biblia denominan Tipos o Tipolog\u00eda B\u00edblica de referencias o alusiones a la Eucarist\u00eda que se convierten en una realidad en el Nuevo Testamento.<\/strong><\/p>\n\n\n\n<p><strong>En otras palabras, lo que est\u00e1 presente en forma oculta, misteriosa y simb\u00f3lica en el Antiguo Testamento estalla en Verdad transparente en el Nuevo Testamento.<\/strong><\/p>\n\n\n\n<p><strong>Dicho esto, comenzaremos con los tipos b\u00edblicos del Antiguo Testamento de la Misa, la Eucarist\u00eda y el sacerdocio que nos llevar\u00e1n a la realidad en el Nuevo Testamento donde la Eucarist\u00eda, es decir, Acci\u00f3n de Gracias, fue instituida por Jes\u00fas mismo en la \u00daltima Cena.\u00a0 Ahora sumerjamonos profundamente en los tesoros infinitos, el oc\u00e9ano infinito de Dios presente en Su Palabra viva y penetrante, que llamamos la Biblia.<\/strong><\/p>\n\n\n\n<p><strong>1. GENESIS 3<\/strong><\/p>\n\n\n\n<p><strong>En este cap\u00edtulo nos encontramos con Ad\u00e1n y Eva, nuestros primeros padres, a quienes se les orden\u00f3 no comer del \u00e1rbol del fruto prohibido.\u00a0 Desobedecieron al comer este fruto, primero Eva y luego Ad\u00e1n.\u00a0 A esto lo llamamos pecado original.\u00a0 La muerte entr\u00f3 en el mundo por el pecado de desobediencia al comer del fruto prohibido.<\/strong><\/p>\n\n\n\n<p><strong>\u00a02. JUAN 6: EL DISCURSO DEL PAN DE VIDA<\/strong><\/p>\n\n\n\n<p><strong>La muerte vino por comer y por la desobediencia.\u00a0 Y por el contrario, la vida eterna se obtendr\u00e1 al comer y por la obediencia.\u00a0 El comer esta vez debe ser del fruto del \u00e1rbol del Calvario, que es el Cuerpo y la Sangre de Jes\u00fas.\u00a0 El mismo Hijo de Dios afirm\u00f3: \u201cYo soy el Pan de vida;\u00a0 el que coma mi Cuerpo y beba mi Sangre tendr\u00e1 vida eterna y yo lo resucitar\u00e9 en el \u00faltimo d\u00eda \u201d.\u00a0 De una manera clara e inequ\u00edvoca, Jes\u00fas afirma que nuestra salvaci\u00f3n, nuestra vida eterna, depende de comerlo a El mismo.<\/strong><\/p>\n\n\n\n<p><strong>\u00a03. G\u00c9NESIS 14: 18-20 \/ HEBREOS 4: 14-15 &#8211; MELQUISEDEC<\/strong><\/p>\n\n\n\n<p><strong>Esta misteriosa figura del pasado simboliza a Jes\u00fas el Sumo Sacerdote.\u00a0 Sin la persona del sacerdote, la Eucarist\u00eda o Pan de Vida no puede hacerse realidad.\u00a0 El sacerdocio es esencial para toda la realidad de la Misa, la Consagraci\u00f3n, la Eucarist\u00eda y la Sagrada Comuni\u00f3n.<\/strong><\/p>\n\n\n\n<p><strong>\u00a04. \u00c9XODO 6: MAN\u00c1 EN EL DESIERTO<\/strong><\/p>\n\n\n\n<p><strong>Los israelitas estaban hambrientos por el largo viaje en el desierto.\u00a0 Dios, a trav\u00e9s de la instrumentalidad y el liderazgo de Mois\u00e9s, hizo llover pan del cielo llamado man\u00e1, que significa: \u00bfqu\u00e9 es esto?<\/strong><\/p>\n\n\n\n<p><strong>Sin comer, todos estamos destinados a morir en un plan humano y natural.\u00a0 Asimismo, si no alimentamos nuestra alma con el Pan de Vida, estamos destinados a morir y perecer por toda la eternidad.\u00a0 El Man\u00e1 en el desierto es un s\u00edmbolo de la Sagrada Eucarist\u00eda.<\/strong><\/p>\n\n\n\n<p><strong>En realidad, Jes\u00fas en el discurso del Pan de Vida, hace referencia a Mois\u00e9s y el man\u00e1 en el desierto: \u201cVuestros antepasados \u200b\u200bcomieron el man\u00e1 en el desierto, pero murieron.\u00a0 Pero aqu\u00ed est\u00e1 el pan que desciende del cielo, que cualquiera puede comer y no morir \u201d.\u00a0 (Juan 6: 49-50)<\/strong><\/p>\n\n\n\n<p><strong>\u00a05. \u00c9XODO 14: CRUZANDO EL MAR ROJO<\/strong><\/p>\n\n\n\n<p><strong>El simbolismo claro en este pasaje es que los jud\u00edos pasaron de la esclavitud a la libertad, liderados por Mois\u00e9s, su l\u00edder.\u00a0 Fueron liberados de la opresi\u00f3n y la esclavitud de los egipcios.\u00a0 Su paso fue a trav\u00e9s del Mar Rojo.<\/strong><\/p>\n\n\n\n<p><strong>En un sentido paralelo, el pecado es esclavitud en nuestras vidas.\u00a0 Al derramar Su sangre roja en la cruz del Calvario ese Viernes Santo, Jes\u00fas logr\u00f3 para nosotros la verdadera libertad de los hijos e hijas de Dios.\u00a0 Al recibir Su Cuerpo y Su Sangre, somos fortalecidos, purificados y preparadod para pasar de esta vida a la vida eterna en el cielo.<\/strong><\/p>\n\n\n\n<p><strong>\u00a06. REYES 19: EL\u00cdAS EL SACERDOTE<\/strong><\/p>\n\n\n\n<p><strong>Al huir por su vida de la malvada reina Jezabel y el rey Acab, despu\u00e9s de un d\u00eda de viaje, El\u00edas se derrumb\u00f3 en un estado de profunda desolaci\u00f3n.\u00a0 Esto se tradujo en caer en un profundo sue\u00f1o.\u00a0 Dios envi\u00f3 un \u00e1ngel a El\u00edas para despertar al hombre de Dios.\u00a0 El \u00e1ngel le present\u00f3 pan a El\u00edas para que lo comiera, una vez y luego una segunda vez.\u00a0 Despu\u00e9s de comer del pan, El\u00edas camin\u00f3 cuarenta d\u00edas y cuarenta noches con la fuerza que proven\u00eda del pan.<\/strong><\/p>\n\n\n\n<p><strong>Este pan le comunic\u00f3 a El\u00edas una s\u00faper energ\u00eda para ayudarlo a caminar hasta la monta\u00f1a sagrada donde se encontr\u00f3 con Dios en la suave brisa.\u00a0 Nuestro viaje hacia la monta\u00f1a eterna que llamamos cielo es largo, arriesgado, agotador y peligroso.\u00a0 Necesitamos energ\u00eda y fuerza para perseverar en el camino.\u00a0 Esa energ\u00eda todopoderosa proviene de Jes\u00fas, quien es verdaderamente el Pan de Vida y el alimento para el viaje a nuestra patria celestial.<\/strong><\/p>\n\n\n\n<p>\u00a0<strong>7. SALMO 23: EL BUEN PASTOR<\/strong><\/p>\n\n\n\n<p><strong>Posiblemente, para sorpresa de muchos, de hecho hay connotaciones eucar\u00edsticas simb\u00f3licas definitivamente presentes en este Salmo.\u00a0 \u00a1S\u00ed!\u00a0 \u00bfEn qu\u00e9 manera?\u00a0 \u00abUnges mi cabeza con aceite &#8230; mi copa rebosa &#8230; creo que habitar\u00e9 en la Casa del Se\u00f1or por a\u00f1os sin fin\u00bb.<\/strong><\/p>\n\n\n\n<p><strong>Estas tres frases separadas ciertamente tienen connotaciones eucar\u00edsticas y representan s\u00edmbolos o tipos de ella.\u00a0 La unci\u00f3n se refiere al sacerdocio necesario para celebrar la Misa;\u00a0 la copa se refiere a la Sangre de Cristo;\u00a0 Casa del Se\u00f1or se refiere al cielo, es decir, que si nos alimentamos del Pan de Vida y la Copa de la Salvaci\u00f3n llegaremos a nuestro hogar eterno y permanente: \u00a1el Cielo!<\/strong><\/p>\n\n\n\n<p><strong>Ahora pasaremos del Antiguo Testamento al Nuevo Testamento y profundizaremos en las muchas fuentes inspiradoras que todos estamos llamados a leer y meditar para que crezcamos en nuestra fe, amor y devoci\u00f3n por Jes\u00fas, quien est\u00e1 verdaderamente presente en el\u00a0 Pan de vida.<\/strong><\/p>\n\n\n\n<p><strong>8. DE VUELTA A JUAN 6<\/strong><\/p>\n\n\n\n<p><strong>Una vez m\u00e1s volvemos al important\u00edsimo cap\u00edtulo de Juan 6. Este largo cap\u00edtulo ofrece tres temas esenciales para nuestra meditaci\u00f3n:<\/strong><\/p>\n\n\n\n<p><strong>\u00a01) Jes\u00fas multiplica los panes.\u00a0 Aqu\u00ed Jes\u00fas obra un milagro natural para la multitud y para nosotros, para disponer y preparar nuestra mente, coraz\u00f3n y alma para el milagro de la Eucarist\u00eda.<\/strong><\/p>\n\n\n\n<p><strong>\u00a02) Jes\u00fas camina sobre el agua.\u00a0 Si realmente creemos en el Se\u00f1or, podemos realizar milagros.\u00a0 \u201cSe\u00f1or, creo, pero fortalece mi fe\u201d.\u00a0 (Mc 9, 24)<\/strong><\/p>\n\n\n\n<p><strong>\u00a03) Finalmente, cerca de dos tercios del Cap\u00edtulo 6 de San Juan est\u00e1 el Discurso del Pan de Vida.\u00a0 Esta magn\u00edfica predicaci\u00f3n de Jes\u00fas ense\u00f1a sin tartamudear, con la mayor claridad, que si queremos vivir para siempre debemos nutrirnos del Pan de Vida.\u00a0 \u00a1Por supuesto, esto se refiere a la Eucarist\u00eda y la Sagrada Comuni\u00f3n!<\/strong><\/p>\n\n\n\n<p><strong>\u00a09. MATEO 26: LA INSTITUCI\u00d3N DE LA EUCARIST\u00cdA<\/strong><\/p>\n\n\n\n<p><strong>\u00a0En el contexto de la \u00daltima Cena, Jes\u00fas celebra la Primera Misa en la noche de ese Jueves Santo.\u00a0 En el mismo contexto, Jes\u00fas instituye y ordena a los primeros sacerdotes;\u00a0 estos son los ap\u00f3stoles.\u00a0 Con asombro y acci\u00f3n de gracias, elevemos nuestro coraz\u00f3n en alabanza al Se\u00f1or por este don tan sublime.<\/strong><\/p>\n\n\n\n<p><strong>Roguemos por una mayor fe y amor por la Eucarist\u00eda, as\u00ed como imploremos al Se\u00f1or por nuestros buenos y santos sacerdotes.<\/strong><\/p>\n\n\n\n<p><strong>10. APOCALIPSIS 3: JES\u00daS SE DETIENE Y LLAMA<\/strong><\/p>\n\n\n\n<p><strong>Este breve pero desafiante pasaje presenta a Jes\u00fas como un peregrino-viajero que llama a la puerta.\u00a0 El propietario puede optar por dejar la puerta cerrada e ignorar la llamada del viajero o puede abrir la puerta al viajero cansado e invitarlo a cenar.<\/strong><\/p>\n\n\n\n<p><strong>El Se\u00f1or Eucar\u00edstico est\u00e1 llamando a la puerta de tu coraz\u00f3n ahora.\u00a0 Cu\u00e1l ser\u00e1 tu respuesta?<\/strong><\/p>\n\n\n\n<p><strong>\u00a011. I CORINTIOS 11: ABUSO EUCAR\u00cdSTICO<\/strong><\/p>\n\n\n\n<p><strong>\u00a0\u00a1Explota este pasaje de la Carta de San Pablo a los Corintios!\u00a0 Desafortunadamente, en esta comunidad cristiana primitiva hab\u00eda miembros que estaban abusando de la Eucarist\u00eda.\u00a0 Los m\u00e1s ricos com\u00edan y beb\u00edan, incluso se emborrachaban y descuidaban a los pobres.\u00a0 Luego, despu\u00e9s de este esc\u00e1ndalo, estar\u00edan comiendo el Cuerpo y bebiendo la Sangre del Se\u00f1or, y San Pablo habla de su condenaci\u00f3n.<\/strong><\/p>\n\n\n\n<p><strong>Este pasaje b\u00edblico nos da la base de la importancia de recibir la Eucarist\u00eda, el Cuerpo y la Sangre de Jes\u00fas, en estado de gracia.\u00a0 De lo contrario, podr\u00edamos estar comiendo y bebiendo, no para nuestra salvaci\u00f3n, \u00a1sino para nuestra propia CONDENACI\u00d3N!<\/strong><\/p>\n\n\n\n<p><strong>12. LUCAS 24: EL CAMINO A EMMAUS<\/strong><\/p>\n\n\n\n<p><strong>Un pasaje de Pascua hermoso y conmovedor, en pocas palabras, este pasaje nos ofrece un resumen de la Santa Misa en miniatura.\u00a0 Dos disc\u00edpulos, que se alejaban de Jerusal\u00e9n despu\u00e9s de la crucifixi\u00f3n y muerte de Cristo, estaban en las profundidades de la desolaci\u00f3n, hasta que un extra\u00f1o se les uni\u00f3.\u00a0 Ese \u201cextra\u00f1o\u201d era Jes\u00fas resucitado, no reconocido por ellos.<\/strong><\/p>\n\n\n\n<p><strong>La caminata de camino a su peque\u00f1a casa, hablando con Jes\u00fas y escuch\u00e1ndolo, es la Liturgia de la Palabra.\u00a0 La Partici\u00f3n del Pan en la casita de Ema\u00fas es la Liturgia de la Eucarist\u00eda.<\/strong><\/p>\n\n\n\n<p><strong>Una interpretaci\u00f3n clave: cuando vivimos y caminamos sin Jes\u00fas, vivimos y caminamos en la m\u00e1s absoluta oscuridad, desolaci\u00f3n y tristeza.\u00a0 Sin embargo, una vez que Jes\u00fas, el Hijo de Dios y la Luz del Mundo, atraviesa las nubes y brilla en nuestro camino, las nubes de tristeza se disipan y experimentamos una alegr\u00eda desbordante y abundante.\u00a0 \u00ab\u00bfNo ard\u00eda nuestro coraz\u00f3n dentro de nosotros mientras nos hablaba en el camino y nos explicaba la palabra de Dios?\u00bb<\/strong><\/p>\n\n\n\n<p>\u00a0<strong>13. EL PADRE NUESTRO<\/strong><\/p>\n\n\n\n<p><strong>En la oraci\u00f3n de Nuestros Se\u00f1or, que com\u00fanmente llamamos El Padre Nuestro, hay siete peticiones.\u00a0 Uno de ellos se refiere a la Eucarist\u00eda y la Sagrada Comuni\u00f3n.\u00a0 \u201cDanos hoy nuestro pan de cada d\u00eda\u2026\u201d Una forma de interpretarlo es el desaf\u00edo, en la medida en que sea posible seg\u00fan nuestras obligaciones diarias, de asistir a Misa y recibir la Sagrada Comuni\u00f3n incluso a diario.<\/strong><\/p>\n\n\n\n<p><strong>En otras palabras, este pan de cada d\u00eda podr\u00eda interpretarse como Misa diaria y Sagrada Comuni\u00f3n.\u00a0 Aquellos que han formado el h\u00e1bito de la Misa diaria y la Sagrada Comuni\u00f3n descubren que no pueden vivir sin este alimento.\u00a0 Pru\u00e9balo: \u00a1Misa diaria y Sagrada Comuni\u00f3n diaria!<\/strong><\/p>\n\n\n\n<p><strong>14. LUCAS 1: 36\u2026 RECIBIENDO A JES\u00daS COMO LO RECIBI\u00d3 MAR\u00cdA<\/strong><\/p>\n\n\n\n<p><strong>Nuestra Se\u00f1ora dio su consentimiento a Dios a trav\u00e9s del Arc\u00e1ngel Gabriel con las palabras de su Fiat o S\u00ed: \u201cHe aqu\u00ed la esclava del Se\u00f1or;\u00a0 h\u00e1gase en m\u00ed seg\u00fan tu palabra \u201d, y luego,\u201c La palabra se hizo carne y habit\u00f3 entre nosotros \u201d.\u00a0 (Jn 1,14)<\/strong><\/p>\n\n\n\n<p><strong>El Papa San Juan Pablo II hace un paralelo entre el S\u00cd de Mar\u00eda a Dios y nuestro AM\u00c9N cuando recibimos a Jes\u00fas en la Sagrada Comuni\u00f3n.\u00a0 En este sentido, el SI de Mar\u00eda result\u00f3 en recibir a Jes\u00fas en su coraz\u00f3n, mente, cuerpo y alma;\u00a0 as\u00ed tambi\u00e9n nuestro AM\u00c9N cuando recibimos a Jes\u00fas en Misa resulta en que Jes\u00fas entra en el centro mismo de nuestro ser.\u00a0 Por eso es importante suplicarle a Mar\u00eda la gracia de recibir a Jes\u00fas con fe, devoci\u00f3n y amor en la Sagrada Comuni\u00f3n.<\/strong><\/p>\n\n\n\n<p><strong>\u00a015. LUCAS 1: EL MAGN\u00cdFICAT<\/strong><\/p>\n\n\n\n<p><strong>Concluimos con una nota mariana tomada del gran amante mariano, San Luis de Montfort, quien nos entreg\u00f3 la Verdadera Devoci\u00f3n a Mar\u00eda.\u00a0 Relacionado con la Misa, la Sagrada Comuni\u00f3n y la Eucarist\u00eda, San Luis dice que una de las mejores formas en que podemos dar una acci\u00f3n de gracias adecuada a Jes\u00fas despu\u00e9s de recibirlo en la Sagrada Comuni\u00f3n es rezando el Magnificat de Mar\u00eda.\u00a0 \u00abMi alma proclama la grandeza del Se\u00f1or y mi esp\u00edritu se regocija en Dios mi Salvador &#8230;\u00bb<\/strong><\/p>\n\n\n\n<p><strong>A trav\u00e9s de la intercesi\u00f3n del Pur\u00edsimo e Inmaculado Coraz\u00f3n de Mar\u00eda, pido que todos ustedes crezcan en su fe, creencia, devoci\u00f3n y amor por Jes\u00fas en las frecuentes Misas y Santas Comuniones.\u00a0 De hecho, Jes\u00fas es el Pan de Vida, y quien coma Su Cuerpo y beba Su Sangre tendr\u00e1 vida eterna lleno de gozo, paz y felicidad para siempre en el Cielo.<\/strong><\/p>\n\n\n\n<p><strong>Las \u00faltimas palabras de Jes\u00fas para nosotros en las Escrituras: \u00abY he aqu\u00ed, yo estar\u00e9 con ustedes siempre, hasta el fin de los tiempos\u00bb.\u00a0 (Mateo 28:20)<\/strong><\/p>\n\n\n\n<p><strong>\u00a0\u00ab\u00a1Oh Sacramento sant\u00edsimo, oh Sacramento divino, toda alabanza y toda acci\u00f3n de gracias sean tuyas en todo momento!\u00bb Amen.<\/strong><\/p>\n<div class=\"synved-social-container synved-social-container-share\" style=\"text-align: center\"><a class=\"synved-social-button synved-social-button-share synved-social-size-48 synved-social-resolution-single synved-social-provider-facebook nolightbox\" data-provider=\"facebook\" target=\"_blank\" rel=\"nofollow\" title=\"Share on Facebook\" href=\"https:\/\/www.facebook.com\/sharer.php?u=https%3A%2F%2Ffatherbroom.com%2Fes%2Fwp-json%2Fwp%2Fv2%2Fposts%2F28862&#038;t=LECTURAS%20DEL%20DIA%20%7C%205%20DE%20OCTUBRE%202021&#038;s=100&#038;p&#091;url&#093;=https%3A%2F%2Ffatherbroom.com%2Fes%2Fwp-json%2Fwp%2Fv2%2Fposts%2F28862&#038;p&#091;images&#093;&#091;0&#093;=http%3A%2F%2Ffatherbroom.com%2Fes%2Fwp-content%2Fmedia%2Fsites%2F3%2Fpng%2FScreen-Shot-2021-10-04-at-8.42.30-AM-1024x386.png&#038;p&#091;title&#093;=LECTURAS%20DEL%20DIA%20%7C%205%20DE%20OCTUBRE%202021\" style=\"font-size: 0px;width:48px;height:48px;margin:0;margin-bottom:5px;margin-right:5px\"><img loading=\"lazy\" decoding=\"async\" alt=\"Facebook\" title=\"Share on Facebook\" class=\"synved-share-image synved-social-image synved-social-image-share\" width=\"48\" height=\"48\" style=\"display: inline;width:48px;height:48px;margin: 0;padding: 0;border: none;box-shadow: none\" src=\"https:\/\/fatherbroom.com\/es\/wp-content\/plugins\/social-media-feather\/synved-social\/image\/social\/regular\/96x96\/facebook.png\" \/><\/a><a class=\"synved-social-button synved-social-button-share synved-social-size-48 synved-social-resolution-single synved-social-provider-twitter nolightbox\" data-provider=\"twitter\" target=\"_blank\" rel=\"nofollow\" title=\"Share on Twitter\" href=\"https:\/\/twitter.com\/intent\/tweet?url=https%3A%2F%2Ffatherbroom.com%2Fes%2Fwp-json%2Fwp%2Fv2%2Fposts%2F28862&#038;text=Hey%20check%20this%20out\" style=\"font-size: 0px;width:48px;height:48px;margin:0;margin-bottom:5px;margin-right:5px\"><img loading=\"lazy\" decoding=\"async\" alt=\"twitter\" title=\"Share on Twitter\" class=\"synved-share-image synved-social-image synved-social-image-share\" width=\"48\" height=\"48\" style=\"display: inline;width:48px;height:48px;margin: 0;padding: 0;border: none;box-shadow: none\" src=\"https:\/\/fatherbroom.com\/es\/wp-content\/plugins\/social-media-feather\/synved-social\/image\/social\/regular\/96x96\/twitter.png\" \/><\/a><a class=\"synved-social-button synved-social-button-share synved-social-size-48 synved-social-resolution-single synved-social-provider-reddit nolightbox\" data-provider=\"reddit\" target=\"_blank\" rel=\"nofollow\" title=\"Share on Reddit\" href=\"https:\/\/www.reddit.com\/submit?url=https%3A%2F%2Ffatherbroom.com%2Fes%2Fwp-json%2Fwp%2Fv2%2Fposts%2F28862&#038;title=LECTURAS%20DEL%20DIA%20%7C%205%20DE%20OCTUBRE%202021\" style=\"font-size: 0px;width:48px;height:48px;margin:0;margin-bottom:5px;margin-right:5px\"><img loading=\"lazy\" decoding=\"async\" alt=\"reddit\" title=\"Share on Reddit\" class=\"synved-share-image synved-social-image synved-social-image-share\" width=\"48\" height=\"48\" style=\"display: inline;width:48px;height:48px;margin: 0;padding: 0;border: none;box-shadow: none\" src=\"https:\/\/fatherbroom.com\/es\/wp-content\/plugins\/social-media-feather\/synved-social\/image\/social\/regular\/96x96\/reddit.png\" \/><\/a><a class=\"synved-social-button synved-social-button-share synved-social-size-48 synved-social-resolution-single synved-social-provider-pinterest nolightbox\" data-provider=\"pinterest\" target=\"_blank\" rel=\"nofollow\" title=\"Pin it with Pinterest\" href=\"https:\/\/pinterest.com\/pin\/create\/button\/?url=https%3A%2F%2Ffatherbroom.com%2Fes%2Fwp-json%2Fwp%2Fv2%2Fposts%2F28862&#038;media=http%3A%2F%2Ffatherbroom.com%2Fes%2Fwp-content%2Fmedia%2Fsites%2F3%2Fpng%2FScreen-Shot-2021-10-04-at-8.42.30-AM-1024x386.png&#038;description=LECTURAS%20DEL%20DIA%20%7C%205%20DE%20OCTUBRE%202021\" style=\"font-size: 0px;width:48px;height:48px;margin:0;margin-bottom:5px;margin-right:5px\"><img loading=\"lazy\" decoding=\"async\" alt=\"pinterest\" title=\"Pin it with Pinterest\" class=\"synved-share-image synved-social-image synved-social-image-share\" width=\"48\" height=\"48\" style=\"display: inline;width:48px;height:48px;margin: 0;padding: 0;border: none;box-shadow: none\" src=\"https:\/\/fatherbroom.com\/es\/wp-content\/plugins\/social-media-feather\/synved-social\/image\/social\/regular\/96x96\/pinterest.png\" \/><\/a><a class=\"synved-social-button synved-social-button-share synved-social-size-48 synved-social-resolution-single synved-social-provider-linkedin nolightbox\" data-provider=\"linkedin\" target=\"_blank\" rel=\"nofollow\" title=\"Share on Linkedin\" href=\"https:\/\/www.linkedin.com\/shareArticle?mini=true&#038;url=https%3A%2F%2Ffatherbroom.com%2Fes%2Fwp-json%2Fwp%2Fv2%2Fposts%2F28862&#038;title=LECTURAS%20DEL%20DIA%20%7C%205%20DE%20OCTUBRE%202021\" style=\"font-size: 0px;width:48px;height:48px;margin:0;margin-bottom:5px;margin-right:5px\"><img loading=\"lazy\" decoding=\"async\" alt=\"linkedin\" title=\"Share on Linkedin\" class=\"synved-share-image synved-social-image synved-social-image-share\" width=\"48\" height=\"48\" style=\"display: inline;width:48px;height:48px;margin: 0;padding: 0;border: none;box-shadow: none\" src=\"https:\/\/fatherbroom.com\/es\/wp-content\/plugins\/social-media-feather\/synved-social\/image\/social\/regular\/96x96\/linkedin.png\" \/><\/a><a class=\"synved-social-button synved-social-button-share synved-social-size-48 synved-social-resolution-single synved-social-provider-mail nolightbox\" data-provider=\"mail\" rel=\"nofollow\" title=\"Share by email\" href=\"mailto:?subject=LECTURAS%20DEL%20DIA%20%7C%205%20DE%20OCTUBRE%202021&#038;body=Hey%20check%20this%20out:%20https%3A%2F%2Ffatherbroom.com%2Fes%2Fwp-json%2Fwp%2Fv2%2Fposts%2F28862\" style=\"font-size: 0px;width:48px;height:48px;margin:0;margin-bottom:5px\"><img loading=\"lazy\" decoding=\"async\" alt=\"mail\" title=\"Share by email\" class=\"synved-share-image synved-social-image synved-social-image-share\" width=\"48\" height=\"48\" style=\"display: inline;width:48px;height:48px;margin: 0;padding: 0;border: none;box-shadow: none\" src=\"https:\/\/fatherbroom.com\/es\/wp-content\/plugins\/social-media-feather\/synved-social\/image\/social\/regular\/96x96\/mail.png\" \/><\/a><\/div>","protected":false},"excerpt":{"rendered":"<p>Memoria Opcional de Beato Francisco Javier Seelos, presbitero. Memoria Opcional de Santa Faustina Kowalska, virgen Martes 5 de octubre Lc.\u00a0 10: 38-42 \u201cHay necesidad de una sola cosa.\u00a0 Mar\u00eda ha elegido la mejor parte y no se la quitar\u00e1n \u00ab. Si Mar\u00eda viviera hoy, no estar\u00eda sentada a los pies de Jes\u00fas.\u00a0 \u00a1Todos los d\u00edas [&hellip;]<\/p>\n","protected":false},"author":7,"featured_media":0,"comment_status":"closed","ping_status":"closed","sticky":false,"template":"","format":"standard","meta":{"_genesis_hide_title":false,"_genesis_hide_breadcrumbs":false,"_genesis_hide_singular_image":false,"_genesis_hide_footer_widgets":false,"_genesis_custom_body_class":"","_genesis_custom_post_class":"","_genesis_layout":"","footnotes":""},"categories":[277],"tags":[],"class_list":{"0":"post-28862","1":"post","2":"type-post","3":"status-publish","4":"format-standard","6":"category-lecturas-del-dia","7":"entry"},"_links":{"self":[{"href":"https:\/\/fatherbroom.com\/es\/wp-json\/wp\/v2\/posts\/28862","targetHints":{"allow":["GET"]}}],"collection":[{"href":"https:\/\/fatherbroom.com\/es\/wp-json\/wp\/v2\/posts"}],"about":[{"href":"https:\/\/fatherbroom.com\/es\/wp-json\/wp\/v2\/types\/post"}],"author":[{"embeddable":true,"href":"https:\/\/fatherbroom.com\/es\/wp-json\/wp\/v2\/users\/7"}],"replies":[{"embeddable":true,"href":"https:\/\/fatherbroom.com\/es\/wp-json\/wp\/v2\/comments?post=28862"}],"version-history":[{"count":10,"href":"https:\/\/fatherbroom.com\/es\/wp-json\/wp\/v2\/posts\/28862\/revisions"}],"predecessor-version":[{"id":29003,"href":"https:\/\/fatherbroom.com\/es\/wp-json\/wp\/v2\/posts\/28862\/revisions\/29003"}],"wp:attachment":[{"href":"https:\/\/fatherbroom.com\/es\/wp-json\/wp\/v2\/media?parent=28862"}],"wp:term":[{"taxonomy":"category","embeddable":true,"href":"https:\/\/fatherbroom.com\/es\/wp-json\/wp\/v2\/categories?post=28862"},{"taxonomy":"post_tag","embeddable":true,"href":"https:\/\/fatherbroom.com\/es\/wp-json\/wp\/v2\/tags?post=28862"}],"curies":[{"name":"wp","href":"https:\/\/api.w.org\/{rel}","templated":true}]}}