{"id":28853,"date":"2021-10-04T01:50:00","date_gmt":"2021-10-04T08:50:00","guid":{"rendered":"http:\/\/fatherbroom.com\/es\/?p=28853"},"modified":"2021-10-04T06:11:53","modified_gmt":"2021-10-04T13:11:53","slug":"lecturas-del-dia-4-de-octubre-2021","status":"publish","type":"post","link":"https:\/\/fatherbroom.com\/es\/2021\/10\/lecturas-del-dia-4-de-octubre-2021\/","title":{"rendered":"LECTURAS DEL DIA | 4 DE OCTUBRE 2021"},"content":{"rendered":"\n<p><strong>Memoria de San Francisco de As\u00eds<\/strong><\/p>\n\n\n\n<figure class=\"wp-block-image size-large is-style-default\"><img loading=\"lazy\" decoding=\"async\" width=\"1024\" height=\"386\" src=\"http:\/\/fatherbroom.com\/es\/wp-content\/media\/sites\/3\/png\/Screen-Shot-2021-10-03-at-7.51.16-PM-1024x386.png\" alt=\"\" class=\"wp-image-28854\" srcset=\"https:\/\/fatherbroom.com\/es\/wp-content\/media\/sites\/3\/png\/Screen-Shot-2021-10-03-at-7.51.16-PM-1024x386.png 1024w, https:\/\/fatherbroom.com\/es\/wp-content\/media\/sites\/3\/png\/Screen-Shot-2021-10-03-at-7.51.16-PM-300x113.png 300w, https:\/\/fatherbroom.com\/es\/wp-content\/media\/sites\/3\/png\/Screen-Shot-2021-10-03-at-7.51.16-PM-768x290.png 768w, https:\/\/fatherbroom.com\/es\/wp-content\/media\/sites\/3\/png\/Screen-Shot-2021-10-03-at-7.51.16-PM.png 1220w\" sizes=\"auto, (max-width: 1024px) 100vw, 1024px\" \/><\/figure>\n\n\n\n<figure class=\"wp-block-image size-large is-style-default\"><img loading=\"lazy\" decoding=\"async\" width=\"1024\" height=\"389\" src=\"http:\/\/fatherbroom.com\/es\/wp-content\/media\/sites\/3\/png\/Screen-Shot-2021-10-03-at-7.51.57-PM-1024x389.png\" alt=\"\" class=\"wp-image-28857\" srcset=\"https:\/\/fatherbroom.com\/es\/wp-content\/media\/sites\/3\/png\/Screen-Shot-2021-10-03-at-7.51.57-PM-1024x389.png 1024w, https:\/\/fatherbroom.com\/es\/wp-content\/media\/sites\/3\/png\/Screen-Shot-2021-10-03-at-7.51.57-PM-300x114.png 300w, https:\/\/fatherbroom.com\/es\/wp-content\/media\/sites\/3\/png\/Screen-Shot-2021-10-03-at-7.51.57-PM-768x292.png 768w, https:\/\/fatherbroom.com\/es\/wp-content\/media\/sites\/3\/png\/Screen-Shot-2021-10-03-at-7.51.57-PM.png 1216w\" sizes=\"auto, (max-width: 1024px) 100vw, 1024px\" \/><\/figure>\n\n\n\n<figure class=\"wp-block-image size-large is-style-default\"><img loading=\"lazy\" decoding=\"async\" width=\"1024\" height=\"296\" src=\"http:\/\/fatherbroom.com\/es\/wp-content\/media\/sites\/3\/png\/Screen-Shot-2021-10-03-at-7.53.34-PM-1024x296.png\" alt=\"\" class=\"wp-image-28860\" srcset=\"https:\/\/fatherbroom.com\/es\/wp-content\/media\/sites\/3\/png\/Screen-Shot-2021-10-03-at-7.53.34-PM-1024x296.png 1024w, https:\/\/fatherbroom.com\/es\/wp-content\/media\/sites\/3\/png\/Screen-Shot-2021-10-03-at-7.53.34-PM-300x87.png 300w, https:\/\/fatherbroom.com\/es\/wp-content\/media\/sites\/3\/png\/Screen-Shot-2021-10-03-at-7.53.34-PM-768x222.png 768w, https:\/\/fatherbroom.com\/es\/wp-content\/media\/sites\/3\/png\/Screen-Shot-2021-10-03-at-7.53.34-PM.png 1218w\" sizes=\"auto, (max-width: 1024px) 100vw, 1024px\" \/><\/figure>\n\n\n\n<p><strong>Lunes 4 de octubre Lc.\u00a0 10: 25-37 \u00abAmar\u00e1s al Se\u00f1or, tu Dios, con todo tu coraz\u00f3n, con todo tu ser, con todas tus fuerzas y con toda tu mente, y in a tu pr\u00f3jimo como a ti mismo\u00bb.\u00a0 Luego le dijo a Jes\u00fas: \u201c\u00bfQui\u00e9n es mi pr\u00f3jimo\u201d?<\/strong><\/p>\n\n\n\n<p><strong>&nbsp;\u00bfQui\u00e9n es mi vecino?&nbsp; Extractos de una charla de la hermana Mary Clare, O.C.D.<\/strong><\/p>\n\n\n\n<p><strong>No existe una aut\u00e9ntica espiritualidad cat\u00f3lica que no sea social.&nbsp; Entonces, si alguna vez te encuentras con una espiritualidad que dice que puedes alcanzar la uni\u00f3n con Dios, que es nuestro objetivo final, de forma aislada, no puedes hacer eso, y eso no es aut\u00e9nticamente cat\u00f3lico.<\/strong><\/p>\n\n\n\n<p><strong>Estamos destinados a vivir como el Cuerpo de Cristo en comuni\u00f3n unos con otros.&nbsp; Es muy importante pensar en nuestra espiritualidad y c\u00f3mo se integra en lo que hacemos todos los d\u00edas.&nbsp; Somos seres humanos hechos a imagen y semejanza de Dios y tenemos que saber integrar qui\u00e9nes somos, nuestro ser, en lo que hacemos todos los d\u00edas.<\/strong><\/p>\n\n\n\n<p><strong>Las tres reflexiones que quiero veamos in&nbsp; hoy son: Encuentro con Cristo, Encuentro con el pr\u00f3jimo y Discernimiento en la pr\u00e1ctica.<\/strong><\/p>\n\n\n\n<p><strong>Encuentro con Cristo \u2026<\/strong><\/p>\n\n\n\n<p><strong>En la sociedad actual, realmente tenemos una crisis del significado de estar vivo.&nbsp; \u00bfDe qu\u00e9 se trata la vida?&nbsp; Y esto conduce a una sensaci\u00f3n de alienaci\u00f3n.&nbsp; Hay una sensaci\u00f3n de p\u00e9rdida, una sensaci\u00f3n de duelo en nuestra sociedad a causa de esto.<\/strong><\/p>\n\n\n\n<p><strong>Tenemos una cultura desechable, \u00bfNo es verdad?&nbsp; Pensamos en la vida en por nacer y para nosotros es barata y desechable.&nbsp; Simplemente desh\u00e1gase de \u00e9l;&nbsp; es un inconveniente (aborto legalizado).&nbsp; Pensamos en la vida que ya esta y es cara y desechable.&nbsp; No podemos pagarle, as\u00ed que nos desharemos de usted (eutanasia legalizada).&nbsp; Ese es el tipo de mentalidad que tenemos de nuestra sociedad.<\/strong><\/p>\n\n\n\n<p><strong>Y para resolverlo, nos aferramos a encontrar verdades.&nbsp; Estamos tratando de averiguar, \u00ab\u00bfCu\u00e1l es la verdad?\u00bb&nbsp; Cuando lo que realmente necesitamos buscar es la Verdad, con una \u201cV\u201d may\u00fascula, \u00bfNo es cierto?&nbsp; Esa ser\u00e1 la respuesta a nuestros problemas.<\/strong><\/p>\n\n\n\n<p><strong>Solo podemos hacer eso, solo podemos cambiar, si comenzamos con nosotros mismos.&nbsp; Seamos almas de oraci\u00f3n o de lo contrario no tendremos&nbsp; nada que dar.&nbsp; Necesitamos encontrarnos con Cristo en nuestra vida diaria.&nbsp; Eso significa tomarse un tiempo.&nbsp; Eso significa pasar tiempo con Nuestro Se\u00f1or.&nbsp; Tengo que encontrarme con la Persona de Cristo.<\/strong><\/p>\n\n\n\n<p><strong>Para tratar a los dem\u00e1s con dignidad, primero debo conocer la m\u00eda.&nbsp; Debo saber lo que significa ser un hijo de Dios, Debo saber lo que significa ser hecho a Su imagen y semejanza.&nbsp; Debo experimentar que he sido llamado a la existencia por mi nombre con un prop\u00f3sito.&nbsp; Y una vez que he experimentado eso, puedo experimentar que&nbsp; tu has sido llamado a la existencia por tu nombre con un prop\u00f3sito y asi ver tu valor y dignidad.<\/strong><\/p>\n\n\n\n<p><strong>Si conocieras el don de Dios y qui\u00e9n es el que te dice: \u201cDame de beber\u201d, le habr\u00edas pedido a \u00c9l, y \u00c9l te habr\u00eda dado agua viva.&nbsp; (cf Jn 4,10) Cristo nos la dar\u00e1, pero debemos ir a \u00c9l.&nbsp; Quiere darnos en abundancia.&nbsp; No soy perfecto;&nbsp; Estoy roto;&nbsp; Necesito ser redimido.&nbsp; Pero no soy desechable.&nbsp; No soy prescindible.&nbsp; Tengo una misi\u00f3n que nadie m\u00e1s puede cumplir.&nbsp; Tengo que creer eso sobre m\u00ed, \u00bfverdad?&nbsp; Y tengo que saber que Su gracia es abundante.<\/strong><\/p>\n\n\n\n<p><strong>Encuentro con nuestro vecino \u2026<\/strong><\/p>\n\n\n\n<p><strong>El siguiente es nuestro encuentro con nuestro pr\u00f3jimo.&nbsp; Como dije antes, toda la espiritualidad cat\u00f3lica es social.&nbsp; Estamos destinados a vivir en comunidad.&nbsp; Estamos creados para vivir en comunidad.&nbsp; Y eso es cierto porque estamos hechos a imagen de la Trinidad que es una comunidad eterna, Una eterna comuni\u00f3n de tres Personas.&nbsp; As\u00ed que nunca podremos dejar de lado eso.<\/strong><\/p>\n\n\n\n<p><strong>La forma principal en que experimentamos la comunidad es obviamente a trav\u00e9s del matrimonio y la familia;&nbsp; pero luego eso se extiende a la comunidad m\u00e1s amplia del Cuerpo de Cristo, la Iglesia;&nbsp; y luego incluso m\u00e1s all\u00e1 de eso esta la comunidad m\u00e1s amplia de la familia humana, de todos los creados como hijos de Dios.<\/strong><\/p>\n\n\n\n<p><strong>Volviendo a nuestro encuentro con Cristo y c\u00f3mo este encaja en el pr\u00f3jimo.&nbsp; Cuando miro a Cristo, miro el rostro de Cristo.&nbsp; Al contemplar el rostro de Cristo, me refleja qui\u00e9n soy.&nbsp; Me refleja mi valor y mi dignidad.<\/strong><\/p>\n\n\n\n<p><strong>&nbsp;(Nota del editor: \u00bfC\u00f3mo podemos mirar el Rostro de Cristo Crucificado y no saber que somos profundamente amados? \u00bfC\u00f3mo no saber que cada ser humano es profundamente amado por \u00c9l, porque \u00c9l muri\u00f3 por todos, para que todos pudieran tener vida,&nbsp; \u00a1y vida en abundancia en y por \u00c9l!)<\/strong><\/p>\n\n\n\n<p><strong>Debemos hacer lo mismo el uno por el otro.&nbsp; Cuando me miras a los ojos, te reflejo qui\u00e9n eres, el valor de qui\u00e9n eres como persona.<\/strong><\/p>\n\n\n\n<p><strong>Cuando me miras, las preguntas que te vienen inconscientemente a la mente son: \u201c\u00bfMe ves?&nbsp; \u00bfTe importa?\u00bb&nbsp; Y las siguientes preguntas inmediatas que me vienen a la mente son: \u00ab\u00bfA alguien le importa?\u00bb&nbsp; Y, \u00ab\u00bfle importa a Dios?\u00bb<\/strong><\/p>\n\n\n\n<p><strong>Entonces, \u00bfpuedes ver cu\u00e1n importante es nuestra interacci\u00f3n con nuestro vecino?&nbsp; Porque si no est\u00e1n experimentando a trav\u00e9s de nosotros ese amor humano, \u00bfc\u00f3mo pueden experimentar el amor de Dios?&nbsp; Debemos hacer eso el uno por el otro.<\/strong><\/p>\n\n\n\n<p><strong>Dios pone en nuestro camino todos los d\u00edas a las personas que desea que encontremos.&nbsp; No tenemos que ir a buscar.&nbsp; Lo que tenemos que hacer es orar por la gracia de los ojos para ver como Cristo ve.&nbsp; Ver a mi pr\u00f3jimo, ver a la persona frente a m\u00ed, como Cristo los ve.&nbsp; Para poder ver su necesidad y luego satisfacerla, Entonces, al darme cuenta de cu\u00e1les son mis limitaciones, \u00bfqu\u00e9 estoy llamado a hacer?&nbsp; La pregunta es, \u00bfqu\u00e9 es lo mejor para la persona frente a m\u00ed en este momento?&nbsp; Puede que no siempre pueda ayudarlos, pero puedo conocer a alguien a quien recomendarlos.&nbsp; Siempre en ese mutuo don de s\u00ed mismo.&nbsp; Esto es lo que podemos hacer a diario y lo que estamos llamados a hacer, una persona a la vez.<\/strong><\/p>\n\n\n\n<p><strong>Cuando llevamos esto a un panorama social m\u00e1s amplio, nos damos cuenta de que esta es realmente una forma de evangelizaci\u00f3n, y no podemos evangelizar una cultura que no amamos.&nbsp; Habr\u00e1 opiniones con las que no estemos de acuerdo.&nbsp; Habr\u00e1 puntos de vista objetivamente err\u00f3neos que no podemos aprobar.&nbsp; Debemos trabajar para corregirlos, pero tenemos que hacerlo con un esp\u00edritu de amor.&nbsp; Tenemos que amar a los dem\u00e1s en la Verdad.<\/strong><\/p>\n\n\n\n<p><strong>&nbsp;El discernimiento en la pr\u00e1ctica &#8230;<\/strong><\/p>\n\n\n\n<p><strong>Ahora, el discernimiento en la pr\u00e1ctica.&nbsp; San Ignacio nos dice, primero mira tu estado de vida.&nbsp; Estoy casado&nbsp; Mi primera obligaci\u00f3n es con mi c\u00f3nyuge y mi familia, Tenemos que tener ese equilibrio entre la vida y el trabajo.&nbsp; Mi segunda vocaci\u00f3n es lo que hago y c\u00f3mo traigo a Cristo al mundo.<\/strong><\/p>\n\n\n\n<p><strong>Tenemos que tomar nuestras decisiones bas\u00e1ndonos en eso.&nbsp; \u00a1El llamado a amar quien este frente a m\u00ed!&nbsp; \u00bfQui\u00e9n es la persona que Dios ha puesto en mi camino en este momento y c\u00f3mo debo amarla?&nbsp; En una de sus homil\u00edas, el obispo Vasha, hablando de L\u00e1zaro en la puerta, dijo que todos debemos preguntarnos todos los d\u00edas: \u00ab\u00bfQui\u00e9n est\u00e1 en mi puerta?\u00bb<\/strong><\/p>\n\n\n\n<p><strong>Finalmente, \u00bfcu\u00e1l es la necesidad de mi Iglesia local?&nbsp; \u00bfEstoy ayudando a satisfacer esa necesidad o estoy haciendo mis propias cosas?&nbsp; Eso es algo para mirar.<\/strong><\/p>\n\n\n\n<p><strong>&nbsp;\u201cQue Dios Nuestro Se\u00f1or se complazca y contin\u00fae bendiciendo nuestra pobre obra, tan insignificante en comparaci\u00f3n con lo que \u00c9l merece, pero en realidad todo lo que nos pide.&nbsp; Eso es todo lo que quiere de nosotros.&nbsp; Y al hacer eso, llegaremos a unirnos con \u00c9l y traeremos a otros a \u00c9l, una persona a la vez.&nbsp; S\u00e9 lo que se supone que debes ser: \u00a1un santo!&nbsp; Para cosas mayores naciste \u00ab.&nbsp; (Ven. Madre Luisita)<\/strong><\/p>\n\n\n\n<p><strong>Fin de la reflexi\u00f3n de la hermana Mary Clare, O.C.D.<\/strong><\/p>\n<div class=\"synved-social-container synved-social-container-share\" style=\"text-align: center\"><a class=\"synved-social-button synved-social-button-share synved-social-size-48 synved-social-resolution-single synved-social-provider-facebook nolightbox\" data-provider=\"facebook\" target=\"_blank\" rel=\"nofollow\" title=\"Share on Facebook\" href=\"https:\/\/www.facebook.com\/sharer.php?u=https%3A%2F%2Ffatherbroom.com%2Fes%2Fwp-json%2Fwp%2Fv2%2Fposts%2F28853&#038;t=LECTURAS%20DEL%20DIA%20%7C%204%20DE%20OCTUBRE%202021&#038;s=100&#038;p&#091;url&#093;=https%3A%2F%2Ffatherbroom.com%2Fes%2Fwp-json%2Fwp%2Fv2%2Fposts%2F28853&#038;p&#091;images&#093;&#091;0&#093;=http%3A%2F%2Ffatherbroom.com%2Fes%2Fwp-content%2Fmedia%2Fsites%2F3%2Fpng%2FScreen-Shot-2021-10-03-at-7.51.16-PM-1024x386.png&#038;p&#091;title&#093;=LECTURAS%20DEL%20DIA%20%7C%204%20DE%20OCTUBRE%202021\" style=\"font-size: 0px;width:48px;height:48px;margin:0;margin-bottom:5px;margin-right:5px\"><img loading=\"lazy\" decoding=\"async\" alt=\"Facebook\" title=\"Share on Facebook\" class=\"synved-share-image synved-social-image synved-social-image-share\" width=\"48\" height=\"48\" style=\"display: inline;width:48px;height:48px;margin: 0;padding: 0;border: none;box-shadow: none\" src=\"https:\/\/fatherbroom.com\/es\/wp-content\/plugins\/social-media-feather\/synved-social\/image\/social\/regular\/96x96\/facebook.png\" \/><\/a><a class=\"synved-social-button synved-social-button-share synved-social-size-48 synved-social-resolution-single synved-social-provider-twitter nolightbox\" data-provider=\"twitter\" target=\"_blank\" rel=\"nofollow\" title=\"Share on Twitter\" href=\"https:\/\/twitter.com\/intent\/tweet?url=https%3A%2F%2Ffatherbroom.com%2Fes%2Fwp-json%2Fwp%2Fv2%2Fposts%2F28853&#038;text=Hey%20check%20this%20out\" style=\"font-size: 0px;width:48px;height:48px;margin:0;margin-bottom:5px;margin-right:5px\"><img loading=\"lazy\" decoding=\"async\" alt=\"twitter\" title=\"Share on Twitter\" class=\"synved-share-image synved-social-image synved-social-image-share\" width=\"48\" height=\"48\" style=\"display: inline;width:48px;height:48px;margin: 0;padding: 0;border: none;box-shadow: none\" src=\"https:\/\/fatherbroom.com\/es\/wp-content\/plugins\/social-media-feather\/synved-social\/image\/social\/regular\/96x96\/twitter.png\" \/><\/a><a class=\"synved-social-button synved-social-button-share synved-social-size-48 synved-social-resolution-single synved-social-provider-reddit nolightbox\" data-provider=\"reddit\" target=\"_blank\" rel=\"nofollow\" title=\"Share on Reddit\" href=\"https:\/\/www.reddit.com\/submit?url=https%3A%2F%2Ffatherbroom.com%2Fes%2Fwp-json%2Fwp%2Fv2%2Fposts%2F28853&#038;title=LECTURAS%20DEL%20DIA%20%7C%204%20DE%20OCTUBRE%202021\" style=\"font-size: 0px;width:48px;height:48px;margin:0;margin-bottom:5px;margin-right:5px\"><img loading=\"lazy\" decoding=\"async\" alt=\"reddit\" title=\"Share on Reddit\" class=\"synved-share-image synved-social-image synved-social-image-share\" width=\"48\" height=\"48\" style=\"display: inline;width:48px;height:48px;margin: 0;padding: 0;border: none;box-shadow: none\" src=\"https:\/\/fatherbroom.com\/es\/wp-content\/plugins\/social-media-feather\/synved-social\/image\/social\/regular\/96x96\/reddit.png\" \/><\/a><a class=\"synved-social-button synved-social-button-share synved-social-size-48 synved-social-resolution-single synved-social-provider-pinterest nolightbox\" data-provider=\"pinterest\" target=\"_blank\" rel=\"nofollow\" title=\"Pin it with Pinterest\" href=\"https:\/\/pinterest.com\/pin\/create\/button\/?url=https%3A%2F%2Ffatherbroom.com%2Fes%2Fwp-json%2Fwp%2Fv2%2Fposts%2F28853&#038;media=http%3A%2F%2Ffatherbroom.com%2Fes%2Fwp-content%2Fmedia%2Fsites%2F3%2Fpng%2FScreen-Shot-2021-10-03-at-7.51.16-PM-1024x386.png&#038;description=LECTURAS%20DEL%20DIA%20%7C%204%20DE%20OCTUBRE%202021\" style=\"font-size: 0px;width:48px;height:48px;margin:0;margin-bottom:5px;margin-right:5px\"><img loading=\"lazy\" decoding=\"async\" alt=\"pinterest\" title=\"Pin it with Pinterest\" class=\"synved-share-image synved-social-image synved-social-image-share\" width=\"48\" height=\"48\" style=\"display: inline;width:48px;height:48px;margin: 0;padding: 0;border: none;box-shadow: none\" src=\"https:\/\/fatherbroom.com\/es\/wp-content\/plugins\/social-media-feather\/synved-social\/image\/social\/regular\/96x96\/pinterest.png\" \/><\/a><a class=\"synved-social-button synved-social-button-share synved-social-size-48 synved-social-resolution-single synved-social-provider-linkedin nolightbox\" data-provider=\"linkedin\" target=\"_blank\" rel=\"nofollow\" title=\"Share on Linkedin\" href=\"https:\/\/www.linkedin.com\/shareArticle?mini=true&#038;url=https%3A%2F%2Ffatherbroom.com%2Fes%2Fwp-json%2Fwp%2Fv2%2Fposts%2F28853&#038;title=LECTURAS%20DEL%20DIA%20%7C%204%20DE%20OCTUBRE%202021\" style=\"font-size: 0px;width:48px;height:48px;margin:0;margin-bottom:5px;margin-right:5px\"><img loading=\"lazy\" decoding=\"async\" alt=\"linkedin\" title=\"Share on Linkedin\" class=\"synved-share-image synved-social-image synved-social-image-share\" width=\"48\" height=\"48\" style=\"display: inline;width:48px;height:48px;margin: 0;padding: 0;border: none;box-shadow: none\" src=\"https:\/\/fatherbroom.com\/es\/wp-content\/plugins\/social-media-feather\/synved-social\/image\/social\/regular\/96x96\/linkedin.png\" \/><\/a><a class=\"synved-social-button synved-social-button-share synved-social-size-48 synved-social-resolution-single synved-social-provider-mail nolightbox\" data-provider=\"mail\" rel=\"nofollow\" title=\"Share by email\" href=\"mailto:?subject=LECTURAS%20DEL%20DIA%20%7C%204%20DE%20OCTUBRE%202021&#038;body=Hey%20check%20this%20out:%20https%3A%2F%2Ffatherbroom.com%2Fes%2Fwp-json%2Fwp%2Fv2%2Fposts%2F28853\" style=\"font-size: 0px;width:48px;height:48px;margin:0;margin-bottom:5px\"><img loading=\"lazy\" decoding=\"async\" alt=\"mail\" title=\"Share by email\" class=\"synved-share-image synved-social-image synved-social-image-share\" width=\"48\" height=\"48\" style=\"display: inline;width:48px;height:48px;margin: 0;padding: 0;border: none;box-shadow: none\" src=\"https:\/\/fatherbroom.com\/es\/wp-content\/plugins\/social-media-feather\/synved-social\/image\/social\/regular\/96x96\/mail.png\" \/><\/a><\/div>","protected":false},"excerpt":{"rendered":"<p>Memoria de San Francisco de As\u00eds Lunes 4 de octubre Lc.\u00a0 10: 25-37 \u00abAmar\u00e1s al Se\u00f1or, tu Dios, con todo tu coraz\u00f3n, con todo tu ser, con todas tus fuerzas y con toda tu mente, y in a tu pr\u00f3jimo como a ti mismo\u00bb.\u00a0 Luego le dijo a Jes\u00fas: \u201c\u00bfQui\u00e9n es mi pr\u00f3jimo\u201d? &nbsp;\u00bfQui\u00e9n es [&hellip;]<\/p>\n","protected":false},"author":7,"featured_media":0,"comment_status":"closed","ping_status":"closed","sticky":false,"template":"","format":"standard","meta":{"_genesis_hide_title":false,"_genesis_hide_breadcrumbs":false,"_genesis_hide_singular_image":false,"_genesis_hide_footer_widgets":false,"_genesis_custom_body_class":"","_genesis_custom_post_class":"","_genesis_layout":"","footnotes":""},"categories":[277],"tags":[],"class_list":{"0":"post-28853","1":"post","2":"type-post","3":"status-publish","4":"format-standard","6":"category-lecturas-del-dia","7":"entry"},"_links":{"self":[{"href":"https:\/\/fatherbroom.com\/es\/wp-json\/wp\/v2\/posts\/28853","targetHints":{"allow":["GET"]}}],"collection":[{"href":"https:\/\/fatherbroom.com\/es\/wp-json\/wp\/v2\/posts"}],"about":[{"href":"https:\/\/fatherbroom.com\/es\/wp-json\/wp\/v2\/types\/post"}],"author":[{"embeddable":true,"href":"https:\/\/fatherbroom.com\/es\/wp-json\/wp\/v2\/users\/7"}],"replies":[{"embeddable":true,"href":"https:\/\/fatherbroom.com\/es\/wp-json\/wp\/v2\/comments?post=28853"}],"version-history":[{"count":7,"href":"https:\/\/fatherbroom.com\/es\/wp-json\/wp\/v2\/posts\/28853\/revisions"}],"predecessor-version":[{"id":28870,"href":"https:\/\/fatherbroom.com\/es\/wp-json\/wp\/v2\/posts\/28853\/revisions\/28870"}],"wp:attachment":[{"href":"https:\/\/fatherbroom.com\/es\/wp-json\/wp\/v2\/media?parent=28853"}],"wp:term":[{"taxonomy":"category","embeddable":true,"href":"https:\/\/fatherbroom.com\/es\/wp-json\/wp\/v2\/categories?post=28853"},{"taxonomy":"post_tag","embeddable":true,"href":"https:\/\/fatherbroom.com\/es\/wp-json\/wp\/v2\/tags?post=28853"}],"curies":[{"name":"wp","href":"https:\/\/api.w.org\/{rel}","templated":true}]}}