{"id":26676,"date":"2021-04-26T02:09:00","date_gmt":"2021-04-26T09:09:00","guid":{"rendered":"http:\/\/fatherbroom.com\/es\/?p=26676"},"modified":"2021-04-26T10:15:45","modified_gmt":"2021-04-26T17:15:45","slug":"lecturas-del-dia-26-de-abril-2021","status":"publish","type":"post","link":"https:\/\/fatherbroom.com\/es\/2021\/04\/lecturas-del-dia-26-de-abril-2021\/","title":{"rendered":"LECTURAS DEL DIA | 26 DE ABRIL 2021"},"content":{"rendered":"\n<figure class=\"wp-block-image size-large is-style-default\"><a href=\"https:\/\/bible.usccb.org\/es\/bible\/lecturas\/042621.cfm\"><img loading=\"lazy\" decoding=\"async\" width=\"1024\" height=\"389\" src=\"http:\/\/fatherbroom.com\/es\/wp-content\/media\/sites\/3\/png\/Screen-Shot-2021-04-25-at-7.23.48-PM-1024x389.png\" alt=\"\" class=\"wp-image-26678\" srcset=\"https:\/\/fatherbroom.com\/es\/wp-content\/media\/sites\/3\/png\/Screen-Shot-2021-04-25-at-7.23.48-PM-1024x389.png 1024w, https:\/\/fatherbroom.com\/es\/wp-content\/media\/sites\/3\/png\/Screen-Shot-2021-04-25-at-7.23.48-PM-300x114.png 300w, https:\/\/fatherbroom.com\/es\/wp-content\/media\/sites\/3\/png\/Screen-Shot-2021-04-25-at-7.23.48-PM-768x292.png 768w, https:\/\/fatherbroom.com\/es\/wp-content\/media\/sites\/3\/png\/Screen-Shot-2021-04-25-at-7.23.48-PM-1536x584.png 1536w, https:\/\/fatherbroom.com\/es\/wp-content\/media\/sites\/3\/png\/Screen-Shot-2021-04-25-at-7.23.48-PM.png 1700w\" sizes=\"auto, (max-width: 1024px) 100vw, 1024px\" \/><\/a><\/figure>\n\n\n\n<figure class=\"wp-block-image size-large is-style-default\"><a href=\"https:\/\/www.vatican.va\/archive\/catechism_sp\/p1s2c1p5_sp.html\"><img loading=\"lazy\" decoding=\"async\" width=\"1024\" height=\"382\" src=\"http:\/\/fatherbroom.com\/es\/wp-content\/media\/sites\/3\/png\/Screen-Shot-2021-04-25-at-7.24.39-PM-1024x382.png\" alt=\"\" class=\"wp-image-26679\" srcset=\"https:\/\/fatherbroom.com\/es\/wp-content\/media\/sites\/3\/png\/Screen-Shot-2021-04-25-at-7.24.39-PM-1024x382.png 1024w, https:\/\/fatherbroom.com\/es\/wp-content\/media\/sites\/3\/png\/Screen-Shot-2021-04-25-at-7.24.39-PM-300x112.png 300w, https:\/\/fatherbroom.com\/es\/wp-content\/media\/sites\/3\/png\/Screen-Shot-2021-04-25-at-7.24.39-PM-768x286.png 768w, https:\/\/fatherbroom.com\/es\/wp-content\/media\/sites\/3\/png\/Screen-Shot-2021-04-25-at-7.24.39-PM-1536x572.png 1536w, https:\/\/fatherbroom.com\/es\/wp-content\/media\/sites\/3\/png\/Screen-Shot-2021-04-25-at-7.24.39-PM.png 1696w\" sizes=\"auto, (max-width: 1024px) 100vw, 1024px\" \/><\/a><\/figure>\n\n\n\n<p><strong>\u00abUstedes nacieron para cosas m\u00e1s grandes\u00bb. (Ven. Madre Luisita)<\/strong><\/p>\n\n\n\n<p><strong>LUNES, 26 de abril Jn. 10, 1-10 Verso de aleluya: \u00abYo soy el buen pastor, dice el Se\u00f1or; conozco a mis ovejas y las m\u00edas me conocen\u00bb.<\/strong><\/p>\n\n\n\n<p><strong>Las buenas ovejas se esfuerzan por obedecer y seguir al Buen Pastor en todo momento, en todo lugar y en toda circunstancia. Esa docilidad en la obediencia al Buen Pastor se llama santa obediencia y es lo que constituye la santidad o la santificaci\u00f3n, es decir, llegar a ser santo.<br>En concreto, Santa Faustina escribi\u00f3 una vez en su diario, W &#8211; w\u2026 \u00a1La voluntad de Dios, mi voluntad!<\/strong><\/p>\n\n\n\n<p class=\"has-text-color has-large-font-size\" style=\"color:#46545a\"><br><strong>LLAMADA UNIVERSAL A LA SANTIDAD: \u00a1S\u00c9 SANTO! Por el P. Ed Broom, OMV<\/strong><\/p>\n\n\n\n<p><strong>Sin duda, la mejor manera de transformar el mundo en un lugar mejor es esforzarse por llegar a ser santo. Muchos te mirar\u00e1n sorprendidos si les dices que est\u00e1n llamados a ser santos. \u00ab\u00bfYo, santo? Eso no es para m\u00ed\u00bb.<\/strong><\/p>\n\n\n\n<p><strong>La raz\u00f3n de este choque es que muchos no saben cu\u00e1l es la voluntad de Dios para nosotros. Dios quiere que cada uno de nosotros se convierta en santo, incluso m\u00e1s de lo que nosotros queremos serlo. Muchos piensan que un santo debe hacer milagros extraordinarios mientras est\u00e1 en la tierra. El santo debe ser capaz de bilocarse, curar a los enfermos, resucitar a los muertos y detener el curso del sol. En realidad, nada de esto es necesario para que uno se convierta en santo. Aunque es cierto que, despu\u00e9s de la muerte, los milagros deben ser atribuidos a una persona santa que va a ser beatificada y eventualmente canonizada como santa.<\/strong><\/p>\n\n\n\n<p><strong>\u00a1Jes\u00fas nos manda ser santos! Jes\u00fas habl\u00f3 con la m\u00e1xima claridad sobre este tema de la llamada universal a la santidad: \u00abSed santos como vuestro Padre Celestial es santo\u00bb. (Mt. 5:48) En el Serm\u00f3n de la Monta\u00f1a, una de las Bienaventuranzas reitera el mismo tema: \u00abBienaventurados los que tienen hambre y sed de santidad; ser\u00e1n saciados\u00bb. (Mt.5:6) San Pablo en su Carta a los Tesalonicenses repite el tema: \u00abEsta es la voluntad de vuestro Padre Celestial, vuestra santificaci\u00f3n\u00bb. (1 Tesalonicenses 4:30)<\/strong><\/p>\n\n\n\n<p><strong>Santa Teresa de Calcuta expres\u00f3 la santidad con estas concisas pero penetrantes palabras: \u00abLa santidad no es el privilegio de unos pocos, sino el deber de todos\u00bb. San Josemar\u00eda Escriv\u00e1 de Balaguer (Fundador del Opus Dei) se lamentaba con estas palabras: \u00abLa mayor crisis del mundo es la falta de santos\u00bb. El escritor franc\u00e9s de los a\u00f1os 1900, Le\u00f3n Blois brome\u00f3: \u00abLa mayor tragedia del mundo es no llegar a ser el santo que Dios nos llama a ser\u00bb.<\/strong><\/p>\n\n\n\n<p><strong>Uno de los documentos m\u00e1s autorizados en el mundo moderno, del Concilio Vaticano II, la Constituci\u00f3n Dogm\u00e1tica Lumen Gentium, Cap\u00edtulo V, se centra en un tema espec\u00edfico: La llamada universal a la santidad. En una palabra, los Padres del Concilio insisten en el imperativo moral y la obligaci\u00f3n imperiosa de que todas las personas, de todos los lugares, culturas y or\u00edgenes, deben esforzarse por ser santas. Todos deben poner de su parte para intentar ser santos.<\/strong><\/p>\n\n\n\n<p><strong>Quieren el cielo y la santidad: \u00a1h\u00e1ganse santos! De hecho, todos los que est\u00e1n en el Cielo han llegado a la santidad; son santos. Muchos, probablemente la mayor\u00eda de los que est\u00e1n en el Cielo, podr\u00edan ser calificados como santos an\u00f3nimos. Esto significa que no fueron canonizados, es decir, declarados oficialmente por la Iglesia como santos. Sin embargo, \u00a1son santos!<\/strong><\/p>\n\n\n\n<p><strong>Por lo tanto, teniendo en cuenta esta \u00abLlamada Universal a la Santidad\u00bb, procederemos a destacar algunas pautas o sugerencias pr\u00e1cticas que pueden servirnos de motivaci\u00f3n o est\u00edmulo en el esfuerzo por llegar a ser el santo que Dios ha llamado a cada uno de nosotros. En efecto, sin directrices pr\u00e1cticas y sin un verdadero GPS espiritual -o mapa de carreteras-, la b\u00fasqueda de la santidad resultar\u00e1 muy ardua. Los atletas necesitan entrenadores; los escritores, mentores; y los artistas, modelos. Lo mismo ocurre con los que persiguen la santidad de la vida, las directrices y los indicadores -en la direcci\u00f3n correcta, por supuesto- son indispensables.<\/strong><\/p>\n\n\n\n<ol class=\"wp-block-list\"><li><strong>LA GRACIA DE DIOS. En primer lugar, necesitamos la gracia de Dios. De hecho, sin su gracia no podemos lograr nada en la b\u00fasqueda de la santidad. Podemos pecar abundantemente, pero tratar de vivir una vida de santidad sin la gracia de Dios es una b\u00fasqueda en vano.<\/strong><\/li><li><strong>ORACI\u00d3N. Normalmente la gracia de Dios se canaliza y se comunica a trav\u00e9s de la oraci\u00f3n. Los santos han pasado largas horas en oraci\u00f3n. La oraci\u00f3n es comuni\u00f3n con Dios y \u00c9l hace la obra de santificaci\u00f3n y transformaci\u00f3n. Concretamente, en la oraci\u00f3n es el Esp\u00edritu Santo, el Santificador, quien nos transforma de pecadores a santos.<\/strong><\/li><\/ol>\n\n\n\n<ol class=\"wp-block-list\" start=\"3\"><li><strong>\u00a1DESEO! En una ocasi\u00f3n, la hermana del Doctor Ang\u00e9lico, Santo Tom\u00e1s de Aquino, le pregunt\u00f3 a su hermano c\u00f3mo podr\u00eda llegar a ser santa. El Aquinate respondi\u00f3 de forma concisa con dos palabras: \u00a1QU\u00c9 SEA! En efecto, la gracia de Dios precede a toda acci\u00f3n buena. En la teolog\u00eda de la gracia, esto se denomina Gracia Preveniente. Sin embargo, debe haber nuestra colaboraci\u00f3n activa con la gracia de Dios. En otras palabras, Dios siempre har\u00e1 su parte, \u00a1pero nosotros debemos hacer la nuestra!<\/strong><\/li><li><strong>EVITAR LOS OBST\u00c1CULOS. Por parte del futuro santo, debe haber un esfuerzo sincero y concertado para evitar las ocasiones cercanas de pecado. Es muy cierto el dicho: \u00abEl que juega con fuego, se quemar\u00e1; el que juega en el peligro, perecer\u00e1 en \u00e9l\u00bb. El pecado, en efecto, es el mayor obst\u00e1culo en la b\u00fasqueda de la santidad. Por lo tanto, \u00a1hay que evitar el pecado como la peste!<\/strong><\/li><li><strong>LEER LA VIDA DE LOS SANTOS. Otra gran ayuda en nuestra b\u00fasqueda de la santidad es adquirir el h\u00e1bito de una buena lectura espiritual. \u00bfPor qu\u00e9 no dedicar diez minutos diarios a la lectura de la vida de uno o varios santos? Al hacerlo, empezamos a formarnos un criterio sobre c\u00f3mo viv\u00edan, actuaban, rezaban, pensaban y hablaban los santos, es decir, c\u00f3mo llegaron a ese grado heroico de virtud. La lectura de sus vidas nos estimular\u00e1 a imitar sus acciones y caminos virtuosos. San Ignacio de Loyola recibi\u00f3 muchas gracias en su proceso de conversi\u00f3n leyendo las vidas de los santos. Se empe\u00f1\u00f3 en ser como ellos. \u00a1Y lo consigui\u00f3!<\/strong><\/li><li><strong>ESP\u00cdRITU SANTO: EL SANTIFICADOR. Uno de los muchos t\u00edtulos atribuidos al Esp\u00edritu Santo es el de Santificador, es decir, el que nos hace santos. El Papa San Juan XXIII afirm\u00f3: \u00abLos santos son las obras maestras del Esp\u00edritu Santo\u00bb. Davinci, Miguel \u00c1ngel, Dante, Shakespeare &#8211; todos fueron Maestros art\u00edsticos o literarios en sus campos prospectivos. El campo prospectivo del Esp\u00edritu Santo es el de formar y moldear hombres, mujeres y ni\u00f1os en santos.<\/strong><\/li><\/ol>\n\n\n\n<figure class=\"wp-block-image size-large is-style-default\"><img loading=\"lazy\" decoding=\"async\" width=\"1024\" height=\"576\" src=\"http:\/\/fatherbroom.com\/es\/wp-content\/media\/sites\/3\/png\/Screen-Shot-2020-04-29-at-11.24.14-AM-1024x576.png\" alt=\"\" class=\"wp-image-22469\" srcset=\"https:\/\/fatherbroom.com\/es\/wp-content\/media\/sites\/3\/png\/Screen-Shot-2020-04-29-at-11.24.14-AM-1024x576.png 1024w, https:\/\/fatherbroom.com\/es\/wp-content\/media\/sites\/3\/png\/Screen-Shot-2020-04-29-at-11.24.14-AM-300x169.png 300w, https:\/\/fatherbroom.com\/es\/wp-content\/media\/sites\/3\/png\/Screen-Shot-2020-04-29-at-11.24.14-AM-768x432.png 768w, https:\/\/fatherbroom.com\/es\/wp-content\/media\/sites\/3\/png\/Screen-Shot-2020-04-29-at-11.24.14-AM.png 1604w\" sizes=\"auto, (max-width: 1024px) 100vw, 1024px\" \/><\/figure>\n\n\n\n<ol class=\"wp-block-list\" start=\"7\"><li><strong>LA VIDA SACRAMENTAL. Como miembros del Cuerpo M\u00edstico de Cristo -la Iglesia-, los canales m\u00e1s eficaces para la gracia fluyen a trav\u00e9s de los Sacramentos. Por definici\u00f3n, los Sacramentos son signos exteriores instituidos por Cristo para conferir la gracia. Recibiendo con frecuencia y fervor, con excelente disposici\u00f3n del coraz\u00f3n, de la mente y del alma, los Sacramentos de la Confesi\u00f3n, as\u00ed como la Sagrada Eucarist\u00eda, las gracias llueven en nuestras almas como un diluvio. En la Confesi\u00f3n, Jes\u00fas nos cura como M\u00e9dico Divino; en la Comuni\u00f3n, Jes\u00fas alimenta y fortalece nuestra alma con su Cuerpo, Sangre, Alma y Divinidad.<\/strong><\/li><li><strong>PRESENCIA GOZOSA. \u00a1\u00a1\u00a1Una cualidad clave en la vida de los santos es la ALEGR\u00cdA!!! \u00a1La persona que vive con alegr\u00eda en su coraz\u00f3n tiene viento en sus velas en su viaje espiritual! Podr\u00e1 superar muchos obst\u00e1culos al escalar la monta\u00f1a de la santidad. \u00a1El diablo sufre golpes mortales en compa\u00f1\u00eda de una persona alegre! \u00a1Un disc\u00edpulo alegre de Jes\u00fas atrae y atrae a los dem\u00e1s como un im\u00e1n! J.O.Y.-\u00a1\u00a1Jes\u00fas primero, los dem\u00e1s despu\u00e9s, t\u00fa mismo al final!!!<\/strong><\/li><li><strong>EL CIELO: \u00a1EL HOGAR DE LOS SANTOS! Un enorme est\u00edmulo o motivaci\u00f3n en nuestro camino a la santidad es tener nuestra meta constantemente ante nuestros ojos: \u00a1el Cielo! Dios nos ha creado con un prop\u00f3sito: \u00a1ser felices con \u00c9l para siempre en el Cielo! San Pablo nos exhorta a no mirar a la tierra, sino a tener los ojos fijos en el reino celestial, donde Jes\u00fas est\u00e1 sentado a la derecha de Dios Padre. Si pensamos m\u00e1s en el Cielo -el gozo de la presencia y la amistad de Dios Padre, Jes\u00fas Hijo y el Esp\u00edritu Santo, con los \u00e1ngeles y los santos, y Mar\u00eda como nuestra Reina y Madre- nuestras cruces ser\u00e1n m\u00e1s f\u00e1ciles de soportar en espera de las glorias venideras.<\/strong><\/li><li><strong>MAR\u00cdA: REINA DE LOS \u00c1NGELES Y DE LOS SANTOS Por \u00faltimo, Mar\u00eda puede ser de enorme ayuda en nuestra b\u00fasqueda de la santidad, en nuestro deseo de convertirnos en santos. En efecto, Mar\u00eda es la Reina de los \u00e1ngeles y de los santos. Reza a Mar\u00eda; ama a Mar\u00eda, invoca a Mar\u00eda; ama y reza el Rosario. Si haces esto, Mar\u00eda estar\u00e1 cerca de ti toda tu vida, y te ayudar\u00e1 a llegar sano y salvo a tu Casa Celestial.<\/strong><\/li><\/ol>\n\n\n\n<p><strong>Conclusi\u00f3n. Empecemos ahora mismo y esforc\u00e9monos por vivir el mandato de Jes\u00fas: \u00abSed santos como vuestro Padre celestial es santo\u00bb. Lo \u00fanico que realmente importa en la vida es llegar a ser santos. Que \u00e9sta sea nuestra meta, y que la alcancemos por la gracia de Dios y las oraciones de Mar\u00eda, la llena de gracia y la Reina de los \u00e1ngeles y de los santos.<\/strong><\/p>\n<div class=\"synved-social-container synved-social-container-share\" style=\"text-align: center\"><a class=\"synved-social-button synved-social-button-share synved-social-size-48 synved-social-resolution-single synved-social-provider-facebook nolightbox\" data-provider=\"facebook\" target=\"_blank\" rel=\"nofollow\" title=\"Share on Facebook\" href=\"https:\/\/www.facebook.com\/sharer.php?u=https%3A%2F%2Ffatherbroom.com%2Fes%2Fwp-json%2Fwp%2Fv2%2Fposts%2F26676&#038;t=LECTURAS%20DEL%20DIA%20%7C%2026%20DE%20ABRIL%202021&#038;s=100&#038;p&#091;url&#093;=https%3A%2F%2Ffatherbroom.com%2Fes%2Fwp-json%2Fwp%2Fv2%2Fposts%2F26676&#038;p&#091;images&#093;&#091;0&#093;=http%3A%2F%2Ffatherbroom.com%2Fes%2Fwp-content%2Fmedia%2Fsites%2F3%2Fpng%2FScreen-Shot-2021-04-25-at-7.23.48-PM-1024x389.png&#038;p&#091;title&#093;=LECTURAS%20DEL%20DIA%20%7C%2026%20DE%20ABRIL%202021\" style=\"font-size: 0px;width:48px;height:48px;margin:0;margin-bottom:5px;margin-right:5px\"><img loading=\"lazy\" decoding=\"async\" alt=\"Facebook\" title=\"Share on Facebook\" class=\"synved-share-image synved-social-image synved-social-image-share\" width=\"48\" height=\"48\" style=\"display: inline;width:48px;height:48px;margin: 0;padding: 0;border: none;box-shadow: none\" src=\"https:\/\/fatherbroom.com\/es\/wp-content\/plugins\/social-media-feather\/synved-social\/image\/social\/regular\/96x96\/facebook.png\" \/><\/a><a class=\"synved-social-button synved-social-button-share synved-social-size-48 synved-social-resolution-single synved-social-provider-twitter nolightbox\" data-provider=\"twitter\" target=\"_blank\" rel=\"nofollow\" title=\"Share on Twitter\" href=\"https:\/\/twitter.com\/intent\/tweet?url=https%3A%2F%2Ffatherbroom.com%2Fes%2Fwp-json%2Fwp%2Fv2%2Fposts%2F26676&#038;text=Hey%20check%20this%20out\" style=\"font-size: 0px;width:48px;height:48px;margin:0;margin-bottom:5px;margin-right:5px\"><img loading=\"lazy\" decoding=\"async\" alt=\"twitter\" title=\"Share on Twitter\" class=\"synved-share-image synved-social-image synved-social-image-share\" width=\"48\" height=\"48\" style=\"display: inline;width:48px;height:48px;margin: 0;padding: 0;border: none;box-shadow: none\" src=\"https:\/\/fatherbroom.com\/es\/wp-content\/plugins\/social-media-feather\/synved-social\/image\/social\/regular\/96x96\/twitter.png\" \/><\/a><a class=\"synved-social-button synved-social-button-share synved-social-size-48 synved-social-resolution-single synved-social-provider-reddit nolightbox\" data-provider=\"reddit\" target=\"_blank\" rel=\"nofollow\" title=\"Share on Reddit\" href=\"https:\/\/www.reddit.com\/submit?url=https%3A%2F%2Ffatherbroom.com%2Fes%2Fwp-json%2Fwp%2Fv2%2Fposts%2F26676&#038;title=LECTURAS%20DEL%20DIA%20%7C%2026%20DE%20ABRIL%202021\" style=\"font-size: 0px;width:48px;height:48px;margin:0;margin-bottom:5px;margin-right:5px\"><img loading=\"lazy\" decoding=\"async\" alt=\"reddit\" title=\"Share on Reddit\" class=\"synved-share-image synved-social-image synved-social-image-share\" width=\"48\" height=\"48\" style=\"display: inline;width:48px;height:48px;margin: 0;padding: 0;border: none;box-shadow: none\" src=\"https:\/\/fatherbroom.com\/es\/wp-content\/plugins\/social-media-feather\/synved-social\/image\/social\/regular\/96x96\/reddit.png\" \/><\/a><a class=\"synved-social-button synved-social-button-share synved-social-size-48 synved-social-resolution-single synved-social-provider-pinterest nolightbox\" data-provider=\"pinterest\" target=\"_blank\" rel=\"nofollow\" title=\"Pin it with Pinterest\" href=\"https:\/\/pinterest.com\/pin\/create\/button\/?url=https%3A%2F%2Ffatherbroom.com%2Fes%2Fwp-json%2Fwp%2Fv2%2Fposts%2F26676&#038;media=http%3A%2F%2Ffatherbroom.com%2Fes%2Fwp-content%2Fmedia%2Fsites%2F3%2Fpng%2FScreen-Shot-2021-04-25-at-7.23.48-PM-1024x389.png&#038;description=LECTURAS%20DEL%20DIA%20%7C%2026%20DE%20ABRIL%202021\" style=\"font-size: 0px;width:48px;height:48px;margin:0;margin-bottom:5px;margin-right:5px\"><img loading=\"lazy\" decoding=\"async\" alt=\"pinterest\" title=\"Pin it with Pinterest\" class=\"synved-share-image synved-social-image synved-social-image-share\" width=\"48\" height=\"48\" style=\"display: inline;width:48px;height:48px;margin: 0;padding: 0;border: none;box-shadow: none\" src=\"https:\/\/fatherbroom.com\/es\/wp-content\/plugins\/social-media-feather\/synved-social\/image\/social\/regular\/96x96\/pinterest.png\" \/><\/a><a class=\"synved-social-button synved-social-button-share synved-social-size-48 synved-social-resolution-single synved-social-provider-linkedin nolightbox\" data-provider=\"linkedin\" target=\"_blank\" rel=\"nofollow\" title=\"Share on Linkedin\" href=\"https:\/\/www.linkedin.com\/shareArticle?mini=true&#038;url=https%3A%2F%2Ffatherbroom.com%2Fes%2Fwp-json%2Fwp%2Fv2%2Fposts%2F26676&#038;title=LECTURAS%20DEL%20DIA%20%7C%2026%20DE%20ABRIL%202021\" style=\"font-size: 0px;width:48px;height:48px;margin:0;margin-bottom:5px;margin-right:5px\"><img loading=\"lazy\" decoding=\"async\" alt=\"linkedin\" title=\"Share on Linkedin\" class=\"synved-share-image synved-social-image synved-social-image-share\" width=\"48\" height=\"48\" style=\"display: inline;width:48px;height:48px;margin: 0;padding: 0;border: none;box-shadow: none\" src=\"https:\/\/fatherbroom.com\/es\/wp-content\/plugins\/social-media-feather\/synved-social\/image\/social\/regular\/96x96\/linkedin.png\" \/><\/a><a class=\"synved-social-button synved-social-button-share synved-social-size-48 synved-social-resolution-single synved-social-provider-mail nolightbox\" data-provider=\"mail\" rel=\"nofollow\" title=\"Share by email\" href=\"mailto:?subject=LECTURAS%20DEL%20DIA%20%7C%2026%20DE%20ABRIL%202021&#038;body=Hey%20check%20this%20out:%20https%3A%2F%2Ffatherbroom.com%2Fes%2Fwp-json%2Fwp%2Fv2%2Fposts%2F26676\" style=\"font-size: 0px;width:48px;height:48px;margin:0;margin-bottom:5px\"><img loading=\"lazy\" decoding=\"async\" alt=\"mail\" title=\"Share by email\" class=\"synved-share-image synved-social-image synved-social-image-share\" width=\"48\" height=\"48\" style=\"display: inline;width:48px;height:48px;margin: 0;padding: 0;border: none;box-shadow: none\" src=\"https:\/\/fatherbroom.com\/es\/wp-content\/plugins\/social-media-feather\/synved-social\/image\/social\/regular\/96x96\/mail.png\" \/><\/a><\/div>","protected":false},"excerpt":{"rendered":"<p>\u00abUstedes nacieron para cosas m\u00e1s grandes\u00bb. (Ven. Madre Luisita) LUNES, 26 de abril Jn. 10, 1-10 Verso de aleluya: \u00abYo soy el buen pastor, dice el Se\u00f1or; conozco a mis ovejas y las m\u00edas me conocen\u00bb. Las buenas ovejas se esfuerzan por obedecer y seguir al Buen Pastor en todo momento, en todo lugar y [&hellip;]<\/p>\n","protected":false},"author":7,"featured_media":0,"comment_status":"closed","ping_status":"closed","sticky":false,"template":"","format":"standard","meta":{"_genesis_hide_title":false,"_genesis_hide_breadcrumbs":false,"_genesis_hide_singular_image":false,"_genesis_hide_footer_widgets":false,"_genesis_custom_body_class":"","_genesis_custom_post_class":"","_genesis_layout":"","footnotes":""},"categories":[277],"tags":[],"class_list":{"0":"post-26676","1":"post","2":"type-post","3":"status-publish","4":"format-standard","6":"category-lecturas-del-dia","7":"entry"},"_links":{"self":[{"href":"https:\/\/fatherbroom.com\/es\/wp-json\/wp\/v2\/posts\/26676","targetHints":{"allow":["GET"]}}],"collection":[{"href":"https:\/\/fatherbroom.com\/es\/wp-json\/wp\/v2\/posts"}],"about":[{"href":"https:\/\/fatherbroom.com\/es\/wp-json\/wp\/v2\/types\/post"}],"author":[{"embeddable":true,"href":"https:\/\/fatherbroom.com\/es\/wp-json\/wp\/v2\/users\/7"}],"replies":[{"embeddable":true,"href":"https:\/\/fatherbroom.com\/es\/wp-json\/wp\/v2\/comments?post=26676"}],"version-history":[{"count":8,"href":"https:\/\/fatherbroom.com\/es\/wp-json\/wp\/v2\/posts\/26676\/revisions"}],"predecessor-version":[{"id":26699,"href":"https:\/\/fatherbroom.com\/es\/wp-json\/wp\/v2\/posts\/26676\/revisions\/26699"}],"wp:attachment":[{"href":"https:\/\/fatherbroom.com\/es\/wp-json\/wp\/v2\/media?parent=26676"}],"wp:term":[{"taxonomy":"category","embeddable":true,"href":"https:\/\/fatherbroom.com\/es\/wp-json\/wp\/v2\/categories?post=26676"},{"taxonomy":"post_tag","embeddable":true,"href":"https:\/\/fatherbroom.com\/es\/wp-json\/wp\/v2\/tags?post=26676"}],"curies":[{"name":"wp","href":"https:\/\/api.w.org\/{rel}","templated":true}]}}