{"id":26415,"date":"2021-04-07T02:41:00","date_gmt":"2021-04-07T09:41:00","guid":{"rendered":"http:\/\/fatherbroom.com\/es\/?p=26415"},"modified":"2021-04-07T14:30:56","modified_gmt":"2021-04-07T21:30:56","slug":"lecturas-del-dia-7-de-abril-2021","status":"publish","type":"post","link":"https:\/\/fatherbroom.com\/es\/2021\/04\/lecturas-del-dia-7-de-abril-2021\/","title":{"rendered":"LECTURAS DEL DIA | 7 DE ABRIL 2021"},"content":{"rendered":"\n<figure class=\"wp-block-image size-large\"><a href=\"https:\/\/bible.usccb.org\/es\/bible\/lecturas\/040721.cfm\"><img loading=\"lazy\" decoding=\"async\" width=\"1024\" height=\"389\" src=\"http:\/\/fatherbroom.com\/es\/wp-content\/media\/sites\/3\/png\/Screen-Shot-2021-04-02-at-10.42.48-AM-1024x389.png\" alt=\"\" class=\"wp-image-26416\" srcset=\"https:\/\/fatherbroom.com\/es\/wp-content\/media\/sites\/3\/png\/Screen-Shot-2021-04-02-at-10.42.48-AM-1024x389.png 1024w, https:\/\/fatherbroom.com\/es\/wp-content\/media\/sites\/3\/png\/Screen-Shot-2021-04-02-at-10.42.48-AM-300x114.png 300w, https:\/\/fatherbroom.com\/es\/wp-content\/media\/sites\/3\/png\/Screen-Shot-2021-04-02-at-10.42.48-AM-768x292.png 768w, https:\/\/fatherbroom.com\/es\/wp-content\/media\/sites\/3\/png\/Screen-Shot-2021-04-02-at-10.42.48-AM-1536x583.png 1536w, https:\/\/fatherbroom.com\/es\/wp-content\/media\/sites\/3\/png\/Screen-Shot-2021-04-02-at-10.42.48-AM.png 1664w\" sizes=\"auto, (max-width: 1024px) 100vw, 1024px\" \/><\/a><\/figure>\n\n\n\n<figure class=\"wp-block-image size-large\"><a href=\"https:\/\/www.vatican.va\/archive\/catechism_sp\/p1s2c1p4_sp.html\"><img loading=\"lazy\" decoding=\"async\" width=\"1024\" height=\"388\" src=\"http:\/\/fatherbroom.com\/es\/wp-content\/media\/sites\/3\/png\/Screen-Shot-2021-04-02-at-10.43.14-AM-1024x388.png\" alt=\"\" class=\"wp-image-26417\" srcset=\"https:\/\/fatherbroom.com\/es\/wp-content\/media\/sites\/3\/png\/Screen-Shot-2021-04-02-at-10.43.14-AM-1024x388.png 1024w, https:\/\/fatherbroom.com\/es\/wp-content\/media\/sites\/3\/png\/Screen-Shot-2021-04-02-at-10.43.14-AM-300x114.png 300w, https:\/\/fatherbroom.com\/es\/wp-content\/media\/sites\/3\/png\/Screen-Shot-2021-04-02-at-10.43.14-AM-768x291.png 768w, https:\/\/fatherbroom.com\/es\/wp-content\/media\/sites\/3\/png\/Screen-Shot-2021-04-02-at-10.43.14-AM-1536x582.png 1536w, https:\/\/fatherbroom.com\/es\/wp-content\/media\/sites\/3\/png\/Screen-Shot-2021-04-02-at-10.43.14-AM.png 1664w\" sizes=\"auto, (max-width: 1024px) 100vw, 1024px\" \/><\/a><\/figure>\n\n\n\n<figure class=\"wp-block-image size-large\"><img loading=\"lazy\" decoding=\"async\" width=\"1024\" height=\"389\" src=\"http:\/\/fatherbroom.com\/es\/wp-content\/media\/sites\/3\/png\/Screen-Shot-2021-04-07-at-2.30.20-PM-1024x389.png\" alt=\"\" class=\"wp-image-26461\" srcset=\"https:\/\/fatherbroom.com\/es\/wp-content\/media\/sites\/3\/png\/Screen-Shot-2021-04-07-at-2.30.20-PM-1024x389.png 1024w, https:\/\/fatherbroom.com\/es\/wp-content\/media\/sites\/3\/png\/Screen-Shot-2021-04-07-at-2.30.20-PM-300x114.png 300w, https:\/\/fatherbroom.com\/es\/wp-content\/media\/sites\/3\/png\/Screen-Shot-2021-04-07-at-2.30.20-PM-768x292.png 768w, https:\/\/fatherbroom.com\/es\/wp-content\/media\/sites\/3\/png\/Screen-Shot-2021-04-07-at-2.30.20-PM-1536x583.png 1536w, https:\/\/fatherbroom.com\/es\/wp-content\/media\/sites\/3\/png\/Screen-Shot-2021-04-07-at-2.30.20-PM.png 1664w\" sizes=\"auto, (max-width: 1024px) 100vw, 1024px\" \/><\/figure>\n\n\n\n<p class=\"has-text-align-center\"><strong>\u00abPara cosas m\u00e1s grandes has nacido\u00bb. (Ven. Madre Luisita)<\/strong><\/p>\n\n\n\n<p><strong>MI\u00c9RCOLES, 7 de abril\u00bb. Lc. 24: 13-35 \u00abAquel mismo d\u00eda, el primero de la semana, dos disc\u00edpulos de Jes\u00fas se dirig\u00edan a una aldea situada a siete millas de Jerusal\u00e9n, llamada Ema\u00fas, y conversaban sobre todas las cosas que hab\u00edan ocurrido.\u00bb<\/strong><\/p>\n\n\n\n<p class=\"has-medium-font-size\"><strong>EL CAMINO A EMMA\u00daS por el P. Ed Broom, OMV<\/strong><\/p>\n\n\n\n<ol class=\"wp-block-list\"><li><strong>LA GRACIA. \u00a1PEDIR UNA ALEGR\u00cdA DESBORDANTE! \u00bfPor qu\u00e9? El Se\u00f1or Jes\u00fas ha resucitado verdaderamente de entre los muertos, \u00a1Aleluya!<\/strong><\/li><li><strong>\u00a1DEMOS UN PASEO CON JES\u00daS!<\/strong><\/li><\/ol>\n\n\n\n<p><strong>Intenta ahora imaginar la escena. Deja que tu modo contemplativo se ponga en marcha. Es la tarde de aquel primer d\u00eda de Pascua. Dos disc\u00edpulos de Jes\u00fas est\u00e1n dando un paseo fuera de Jerusal\u00e9n. \u00bfCu\u00e1l es su estado de \u00e1nimo? Bueno, en t\u00e9rminos ignacianos: \u00a1DESOLACI\u00d3N! Confusi\u00f3n, depresi\u00f3n, desorientaci\u00f3n, cuestionamiento, dudas, oscuridad, desesperanza, \u00a1\u00a1\u00a1sue\u00f1os estrellados!!! Ah\u00ed tenemos el estado de las cosas con estos dos individuos desamparados. Uno de estos individuos se llama Cleof\u00e1s. El otro no tiene nombre porque ese individuo an\u00f3nimo eres T\u00da. S\u00ed, t\u00fa. T\u00fa est\u00e1s llamado a estar en esta escena y en este viaje.<\/strong><\/p>\n\n\n\n<ol class=\"wp-block-list\" start=\"3\"><li><strong>\u00bfA D\u00d3NDE VAN?<\/strong><\/li><\/ol>\n\n\n\n<p><strong>Se dirigen a un peque\u00f1o pueblo o aldea con el nombre de EMMAUS. Est\u00e1 a unas ocho millas de la ciudad de Jerusal\u00e9n. Al parecer, all\u00ed hay una peque\u00f1a casa de campo a la que se dirigen. Dejan Jerusal\u00e9n, donde Jes\u00fas fue crucificado un par de d\u00edas antes. Est\u00e1n muy agitados y confundidos por este acontecimiento. Mientras caminan y se dirigen a su destino, hablan. No es una conversaci\u00f3n f\u00e1cil; m\u00e1s bien, parecen debatir e incluso discutir mientras intentan dar sentido a lo que le ocurri\u00f3 a Jes\u00fas aquel viernes. Parece que no pueden entender este acontecimiento ni a Jes\u00fas, que esperaban que fuera su soluci\u00f3n en la vida.<\/strong><\/p>\n\n\n\n<ol class=\"wp-block-list\" start=\"4\"><li><strong>EL EXTRA\u00d1O BONDADOSO<\/strong><\/li><\/ol>\n\n\n\n<p><strong>Mientras est\u00e1n en este estado de desolaci\u00f3n, mientras caminan, hablan y discuten, un extra\u00f1o sale de la nada y camina con ellos. Entabla una conversaci\u00f3n con ellos y les pregunta de qu\u00e9 hablan. Camina a su ritmo y se interesa mucho por ellos: qui\u00e9nes son, qu\u00e9 dicen, qu\u00e9 sienten. Se sorprenden de que sea el \u00fanico en Jerusal\u00e9n que no conoce estos acontecimientos, lo que le ocurri\u00f3 a Jes\u00fas de Nazaret. Mientras abren sus corazones y expresan su pena y su dolor, el forastero se limita a escuchar. Los dos est\u00e1n impresionados por este desconocido. Camina con ellos, los escucha con mucha atenci\u00f3n, parece conocerlos realmente, preocuparse por ellos y amarlos, \u00a1a pesar de que este hombre es un completo desconocido! Has conocido a un extra\u00f1o as\u00ed en tu vida?<\/strong><\/p>\n\n\n\n<ol class=\"wp-block-list\" start=\"5\"><li><strong>\u00a1EL DESCONOCIDO HABLA!<\/strong><\/li><\/ol>\n\n\n\n<p><strong>Despu\u00e9s de escuchar las luchas interiores de estos dos, \u00a1es el turno del desconocido! Abre su boca y habla sobre estos acontecimientos. Toma las Escrituras que ellos han o\u00eddo antes y las interpreta en relaci\u00f3n con este \u00abJes\u00fas de Nazaret\u00bb, con todos estos acontecimientos y con lo que le ocurri\u00f3. Nunca hab\u00edan o\u00eddo a nadie hablar con tanta claridad sobre el tema de Jes\u00fas, especialmente en relaci\u00f3n con su pasi\u00f3n, muerte y aparente resurrecci\u00f3n, pues algunos afirmaban que hab\u00eda vuelto a la vida. Mientras este desconocido habla, algo sucede a los dos disc\u00edpulos: \u00a1su desolaci\u00f3n se transforma en consuelo! Es como si una espesa y densa nube se levantara de sus mentes y corazones, y comienzan a sentirse ligeros y alegres. La vida vuelve a tener sentido al disiparse su confusi\u00f3n y la claridad ilumina su camino. \u00bfPor qu\u00e9 este cambio? Por la sencilla raz\u00f3n de que este extra\u00f1o bondadoso e inteligente ha venido a caminar con ellos, a escuchar su dolor y a hablarles de forma amable, clara y significativa. \u00bfHas conocido alguna vez a un desconocido as\u00ed? \u00bfTe gustar\u00eda conocer a un desconocido as\u00ed? \u00bfTe gustar\u00eda preguntarle a este desconocido sobre Jes\u00fas y luego escuchar su conversaci\u00f3n y su explicaci\u00f3n sobre qui\u00e9n es Jes\u00fas y lo que le ocurri\u00f3? \u00a1Este desconocido te quiere! Quiere caminar contigo y hablar contigo en tu vida, donde te encuentres. Te conoce, se preocupa por ti y quiere escucharte siempre, en cualquier lugar y en cualquier momento. \u00a1Simplemente tienes que invitarle y \u00c9l vendr\u00e1!<\/strong><\/p>\n\n\n\n<p><strong>6 \u00a1LLEGADA A EMA\u00daS Y EL FORASTERO!<\/strong><\/p>\n\n\n\n<p><strong>Despu\u00e9s de este paseo y de esta conversaci\u00f3n esclarecedora, los dos disc\u00edpulos llegan a su destino: \u00a1la ciudad de Ema\u00fas y su casita! Sin embargo, su estado de \u00e1nimo se ha transformado; \u00a1han pasado de la desolaci\u00f3n a la consolaci\u00f3n! Su forma de caminar y de hablar, su comportamiento amable, su capacidad de escuchar y responder con gran inteligencia y perspicacia, su bondad desbordante, en una palabra, su comprensi\u00f3n, su compasi\u00f3n y su caridad les han conmovido hasta lo m\u00e1s profundo de su ser. La transformaci\u00f3n es tan profunda en ambos que no quieren separarse de este desconocido que ya se ha convertido en su buen amigo. Al llegar a su destino, el desconocido sigue caminando, como si tuviera una cita m\u00e1s adelante. No obstante, lo intentar\u00e1n; le invitan a entrar en su humilde morada y a quedarse con ellos. \u00a1Anhelan fervientemente su compa\u00f1erismo y su amistad!<\/strong><\/p>\n\n\n\n<ol class=\"wp-block-list\" start=\"7\"><li><strong>QU\u00c9DATE CON NOSOTROS, PORQUE LA NOCHE SE ACERCA\u2026<\/strong><\/li><\/ol>\n\n\n\n<p><strong>Estas son las palabras que dirigen al forastero. El forastero responde casi como si esperara &#8211; mejor a\u00fan &#8211; anhelara esta invitaci\u00f3n. Acepta inmediatamente. En este punto hay un profundo mensaje para ti, para m\u00ed y para todo el mundo: \u00a1LIBERTAD E INVITACI\u00d3N! Jes\u00fas, siendo el Hijo de Dios, nos ha dado libertad para usarla, y no para abusar de ella. \u00c9l no va a forzar, coaccionar o violar nuestra libertad; m\u00e1s bien, \u00a1la respeta! Dios quiere ser amado, pero el amor no puede ser forzado, tiene que ser dado con total libertad. Ad\u00e1n y Eva abusaron de su libertad, y lo mismo hicieron los \u00e1ngeles ca\u00eddos, al pecar contra Dios en vez de amar a Dios. Nosotros tambi\u00e9n somos libres. Para recibir y devolver el amor de Dios, o para rechazar el amor de Dios viviendo en estado de pecado.<\/strong><\/p>\n\n\n\n<p><strong>\u00a1Y tambi\u00e9n INVITACI\u00d3N! Como en Ema\u00fas, Jes\u00fas quiere ser invitado a su casa. En otras palabras, Jes\u00fas est\u00e1 llamando a la puerta de tu coraz\u00f3n y esperando una respuesta, esperando que escuches, que oigas, que abras tu coraz\u00f3n y lo recibas &#8211; \u00a1mejor a\u00fan, que lo recibas calurosamente! El Apocalipsis insiste en este punto: \u00abHe aqu\u00ed que estoy a la puerta y llamo. El que abra la puerta, entrar\u00e9 y cenar\u00e9 con \u00e9l y \u00e9l conmigo\u00bb. (Ap. 3:20) Ahora mismo, Jes\u00fas est\u00e1 llamando a la puerta de tu coraz\u00f3n y est\u00e1 esperando tu respuesta. \u00bfCu\u00e1l ser\u00e1?<\/strong><\/p>\n\n\n\n<ol class=\"wp-block-list\" start=\"8\"><li><strong>SENTARSE A LA MESA.<\/strong><\/li><\/ol>\n\n\n\n<p><strong>Ahora se sientan a la mesa. El forastero (que es Jes\u00fas en todo momento, pero ellos todav\u00eda no lo reconocen) realiza unos gestos muy importantes que en realidad hizo s\u00f3lo tres d\u00edas antes &#8211; en la noche del Jueves Santo en el Cen\u00e1culo o Cen\u00e1culo. Se centra en la palabra PAN. Tom\u00f3 el pan, lo bendijo, lo parti\u00f3 y lo dio. Estos cuatro verbos: tomar, bendecir, partir y dar son palabras clave en la historia y lo ser\u00e1n hasta el fin del mundo. Estas fueron las mismas palabras que Jes\u00fas dijo el Jueves Santo en la \u00daltima Cena y en la primera Misa. As\u00ed es. \u00a1Estas son las palabras que se usan sobre el pan cada vez que se ofrece la Santa Misa! Los comentarios cat\u00f3licos cl\u00e1sicos coinciden en que Jes\u00fas estaba celebrando otra misa para estos disc\u00edpulos desamparados &#8211; \u00a1en verdad, qu\u00e9 bueno es Dios! Una vez m\u00e1s, es el momento de renovar nuestra fe, nuestro amor y nuestra ferviente devoci\u00f3n por la Sant\u00edsima Eucarist\u00eda. Con Santo Tom\u00e1s podemos decir: \u00ab\u00a1Se\u00f1or m\u00edo y Dios m\u00edo!\u00bb O, si se quiere: \u00ab\u00a1Oh Sacramento sant\u00edsimo, oh Sacramento divino, toda alabanza y toda acci\u00f3n de gracias sean en todo momento tuyas!\u00bb. \u00a1Presencia con asombro y adoraci\u00f3n este lugar, este acontecimiento y gran misterio de la Presencia de Dios entre nosotros! Emmanuel significa \u00abDios con nosotros\u00bb.<\/strong><\/p>\n\n\n\n<ol class=\"wp-block-list\" start=\"9\"><li><strong>\u00a1OJOS ABIERTOS PARA VERLO Y RECONOCERLO! <\/strong><\/li><\/ol>\n\n\n\n<p><strong>S\u00f3lo ahora se abren los ojos de los disc\u00edpulos para reconocer que este extra\u00f1o no es en realidad un extra\u00f1o, sino que es Jes\u00fas, su Se\u00f1or, Dios y Salvador: \u00a1el CAMINO, LA VERDAD Y LA VIDA! \u00bfCu\u00e1ntas veces, como estos disc\u00edpulos, nos hemos cegado para no ver y reconocer a Jes\u00fas que est\u00e1 presente siempre, pero muy claramente en la \u00abPresencia Real\u00bb, es decir, en la Eucarist\u00eda? La Constituci\u00f3n Dogm\u00e1tica Sacrosanctum Concilium del Concilio Vaticano II habla de las diversas formas en que Dios se hace presente, especialmente en el contexto de la Liturgia, \u00a1especialmente en el Santo Sacrificio de la Misa! Estos son los modos espec\u00edficos. En la Palabra de Dios. En el pueblo unido en oraci\u00f3n (\u00abDonde hay dos o m\u00e1s reunidos en mi Nombre, all\u00ed estoy yo en medio de ellos\u00bb. Mt. 18,20). Adem\u00e1s, Dios est\u00e1 presente de manera muy especial en el Evangelio proclamado. Es Jes\u00fas quien nos habla a trav\u00e9s del Evangelio, que significa Buena Noticia. En el sacerdote-ministro, Jes\u00fas est\u00e1 presente. El sacerdote trabaja y oficia como Alter Christus &#8211; \u00a1de hecho, como otro Cristo! Y a\u00fan m\u00e1s, Jes\u00fas se hace verdadera y sustancialmente presente en la Consagraci\u00f3n de la Misa: \u00abEste es mi Cuerpo\u2026 Esta es mi Sangre\u2026 Haced esto en memoria m\u00eda\u00bb. \u00a1\u00a1\u00a1Luego, el momento culminante sucede cuando los que est\u00e1n bien dispuestos reciben a Jes\u00fas en la Santa Comuni\u00f3n y se convierten as\u00ed en tabern\u00e1culos vivos y ardientes del Se\u00f1or Alt\u00edsimo!!! \u00a1Despu\u00e9s, Jes\u00fas se queda con nosotros en el Tabern\u00e1culo para que podamos venir a visitarlo y ser su amigo!<\/strong><\/p>\n\n\n\n<ol class=\"wp-block-list\" start=\"10\"><li><strong>\u00a1\u00a1\u00a1DESAPARECE, PERO A\u00daN PERMANECE!!!<\/strong><\/li><\/ol>\n\n\n\n<p><strong>\u00a1Esto parece ser parad\u00f3jico! \u00bfC\u00f3mo puede Jes\u00fas irse y permanecer al mismo tiempo? \u00a1Un milagro en verdad! En el Cuerpo glorificado de Jes\u00fas, \u00c9l desaparece de entre ellos. Sin embargo, permanece con ellos en las especies eucar\u00edsticas, en la Hostia consagrada. Jes\u00fas dijo: \u00abHe aqu\u00ed que yo estar\u00e9 con vosotros todos los d\u00edas hasta el fin del mundo\u00bb. (Mt. 28,20) Ahora que se les abren los ojos, su alegr\u00eda no tiene l\u00edmites; \u00a1se desborda a raudales! \u00a1\u00a1\u00a1Se podr\u00eda pensar que estar\u00edan cansados despu\u00e9s de caminar ocho largas millas por un camino polvoriento!!! Todo lo contrario. Est\u00e1n renovados y llenos de energ\u00eda. En cierto sentido, \u00a1han renacido! Todo esto se produjo gracias a este forastero que vino a caminar con ellos, a escucharlos, a hablar con ellos y a animarlos. Y, finalmente, \u00a1se sent\u00f3 a la mesa y \u00abparti\u00f3 el pan\u00bb para ellos! Este extra\u00f1o era realmente Jes\u00fas &#8211; el Se\u00f1or Jes\u00fas Resucitado. Este encuentro con el Se\u00f1or Jes\u00fas resucitado ha transformado radicalmente sus vidas. Est\u00e1n completamente convencidos de que Jes\u00fas vive de verdad y van a entregar su vida totalmente a \u00c9l, d\u00e1ndolo a conocer por todo el mundo. Y no van a esperar. Se apresuran a regresar en ese momento a Jerusal\u00e9n para contar la buena noticia de haber conocido al Se\u00f1or Jes\u00fas. Mientras cuentan todo el incidente, es evidente que algo ha ocurrido en ellos, pues sus corazones arden dentro de ellos, como un fuego ardiente. Todo esto est\u00e1 relacionado con la presencia de Jes\u00fas, su explicaci\u00f3n de la Palabra de Dios con gran claridad y, finalmente, el hecho de que partiera el pan para ellos.<\/strong><\/p>\n\n\n\n<p><strong>\u00bfPor qu\u00e9 no entrar en di\u00e1logo con Jes\u00fas? \u00bfPor qu\u00e9 no caminar con \u00c9l, hablar con \u00c9l, escucharlo y amarlo? Tambi\u00e9n, \u00bfpor qu\u00e9 no ir a donde se \u00abparte el pan\u00bb y recibirlo de buen grado en lo m\u00e1s profundo de tu coraz\u00f3n, para que, como los disc\u00edpulos de Ema\u00fas, tu coraz\u00f3n se encienda, y puedas encender el mundo entero por amor al Se\u00f1or Jesucristo? Am\u00e9n.<\/strong><\/p>\n\n\n\n<p><strong>Que esta sea nuestra oraci\u00f3n: \u00abQu\u00e9date con nosotros, Se\u00f1or, porque la noche se acerca\u00bb.<\/strong><\/p>\n<div class=\"synved-social-container synved-social-container-share\" style=\"text-align: center\"><a class=\"synved-social-button synved-social-button-share synved-social-size-48 synved-social-resolution-single synved-social-provider-facebook nolightbox\" data-provider=\"facebook\" target=\"_blank\" rel=\"nofollow\" title=\"Share on Facebook\" href=\"https:\/\/www.facebook.com\/sharer.php?u=https%3A%2F%2Ffatherbroom.com%2Fes%2Fwp-json%2Fwp%2Fv2%2Fposts%2F26415&#038;t=LECTURAS%20DEL%20DIA%20%7C%207%20DE%20ABRIL%202021&#038;s=100&#038;p&#091;url&#093;=https%3A%2F%2Ffatherbroom.com%2Fes%2Fwp-json%2Fwp%2Fv2%2Fposts%2F26415&#038;p&#091;images&#093;&#091;0&#093;=http%3A%2F%2Ffatherbroom.com%2Fes%2Fwp-content%2Fmedia%2Fsites%2F3%2Fpng%2FScreen-Shot-2021-04-02-at-10.42.48-AM-1024x389.png&#038;p&#091;title&#093;=LECTURAS%20DEL%20DIA%20%7C%207%20DE%20ABRIL%202021\" style=\"font-size: 0px;width:48px;height:48px;margin:0;margin-bottom:5px;margin-right:5px\"><img loading=\"lazy\" decoding=\"async\" alt=\"Facebook\" title=\"Share on Facebook\" class=\"synved-share-image synved-social-image synved-social-image-share\" width=\"48\" height=\"48\" style=\"display: inline;width:48px;height:48px;margin: 0;padding: 0;border: none;box-shadow: none\" src=\"https:\/\/fatherbroom.com\/es\/wp-content\/plugins\/social-media-feather\/synved-social\/image\/social\/regular\/96x96\/facebook.png\" \/><\/a><a class=\"synved-social-button synved-social-button-share synved-social-size-48 synved-social-resolution-single synved-social-provider-twitter nolightbox\" data-provider=\"twitter\" target=\"_blank\" rel=\"nofollow\" title=\"Share on Twitter\" href=\"https:\/\/twitter.com\/intent\/tweet?url=https%3A%2F%2Ffatherbroom.com%2Fes%2Fwp-json%2Fwp%2Fv2%2Fposts%2F26415&#038;text=Hey%20check%20this%20out\" style=\"font-size: 0px;width:48px;height:48px;margin:0;margin-bottom:5px;margin-right:5px\"><img loading=\"lazy\" decoding=\"async\" alt=\"twitter\" title=\"Share on Twitter\" class=\"synved-share-image synved-social-image synved-social-image-share\" width=\"48\" height=\"48\" style=\"display: inline;width:48px;height:48px;margin: 0;padding: 0;border: none;box-shadow: none\" src=\"https:\/\/fatherbroom.com\/es\/wp-content\/plugins\/social-media-feather\/synved-social\/image\/social\/regular\/96x96\/twitter.png\" \/><\/a><a class=\"synved-social-button synved-social-button-share synved-social-size-48 synved-social-resolution-single synved-social-provider-reddit nolightbox\" data-provider=\"reddit\" target=\"_blank\" rel=\"nofollow\" title=\"Share on Reddit\" href=\"https:\/\/www.reddit.com\/submit?url=https%3A%2F%2Ffatherbroom.com%2Fes%2Fwp-json%2Fwp%2Fv2%2Fposts%2F26415&#038;title=LECTURAS%20DEL%20DIA%20%7C%207%20DE%20ABRIL%202021\" style=\"font-size: 0px;width:48px;height:48px;margin:0;margin-bottom:5px;margin-right:5px\"><img loading=\"lazy\" decoding=\"async\" alt=\"reddit\" title=\"Share on Reddit\" class=\"synved-share-image synved-social-image synved-social-image-share\" width=\"48\" height=\"48\" style=\"display: inline;width:48px;height:48px;margin: 0;padding: 0;border: none;box-shadow: none\" src=\"https:\/\/fatherbroom.com\/es\/wp-content\/plugins\/social-media-feather\/synved-social\/image\/social\/regular\/96x96\/reddit.png\" \/><\/a><a class=\"synved-social-button synved-social-button-share synved-social-size-48 synved-social-resolution-single synved-social-provider-pinterest nolightbox\" data-provider=\"pinterest\" target=\"_blank\" rel=\"nofollow\" title=\"Pin it with Pinterest\" href=\"https:\/\/pinterest.com\/pin\/create\/button\/?url=https%3A%2F%2Ffatherbroom.com%2Fes%2Fwp-json%2Fwp%2Fv2%2Fposts%2F26415&#038;media=http%3A%2F%2Ffatherbroom.com%2Fes%2Fwp-content%2Fmedia%2Fsites%2F3%2Fpng%2FScreen-Shot-2021-04-02-at-10.42.48-AM-1024x389.png&#038;description=LECTURAS%20DEL%20DIA%20%7C%207%20DE%20ABRIL%202021\" style=\"font-size: 0px;width:48px;height:48px;margin:0;margin-bottom:5px;margin-right:5px\"><img loading=\"lazy\" decoding=\"async\" alt=\"pinterest\" title=\"Pin it with Pinterest\" class=\"synved-share-image synved-social-image synved-social-image-share\" width=\"48\" height=\"48\" style=\"display: inline;width:48px;height:48px;margin: 0;padding: 0;border: none;box-shadow: none\" src=\"https:\/\/fatherbroom.com\/es\/wp-content\/plugins\/social-media-feather\/synved-social\/image\/social\/regular\/96x96\/pinterest.png\" \/><\/a><a class=\"synved-social-button synved-social-button-share synved-social-size-48 synved-social-resolution-single synved-social-provider-linkedin nolightbox\" data-provider=\"linkedin\" target=\"_blank\" rel=\"nofollow\" title=\"Share on Linkedin\" href=\"https:\/\/www.linkedin.com\/shareArticle?mini=true&#038;url=https%3A%2F%2Ffatherbroom.com%2Fes%2Fwp-json%2Fwp%2Fv2%2Fposts%2F26415&#038;title=LECTURAS%20DEL%20DIA%20%7C%207%20DE%20ABRIL%202021\" style=\"font-size: 0px;width:48px;height:48px;margin:0;margin-bottom:5px;margin-right:5px\"><img loading=\"lazy\" decoding=\"async\" alt=\"linkedin\" title=\"Share on Linkedin\" class=\"synved-share-image synved-social-image synved-social-image-share\" width=\"48\" height=\"48\" style=\"display: inline;width:48px;height:48px;margin: 0;padding: 0;border: none;box-shadow: none\" src=\"https:\/\/fatherbroom.com\/es\/wp-content\/plugins\/social-media-feather\/synved-social\/image\/social\/regular\/96x96\/linkedin.png\" \/><\/a><a class=\"synved-social-button synved-social-button-share synved-social-size-48 synved-social-resolution-single synved-social-provider-mail nolightbox\" data-provider=\"mail\" rel=\"nofollow\" title=\"Share by email\" href=\"mailto:?subject=LECTURAS%20DEL%20DIA%20%7C%207%20DE%20ABRIL%202021&#038;body=Hey%20check%20this%20out:%20https%3A%2F%2Ffatherbroom.com%2Fes%2Fwp-json%2Fwp%2Fv2%2Fposts%2F26415\" style=\"font-size: 0px;width:48px;height:48px;margin:0;margin-bottom:5px\"><img loading=\"lazy\" decoding=\"async\" alt=\"mail\" title=\"Share by email\" class=\"synved-share-image synved-social-image synved-social-image-share\" width=\"48\" height=\"48\" style=\"display: inline;width:48px;height:48px;margin: 0;padding: 0;border: none;box-shadow: none\" src=\"https:\/\/fatherbroom.com\/es\/wp-content\/plugins\/social-media-feather\/synved-social\/image\/social\/regular\/96x96\/mail.png\" \/><\/a><\/div>","protected":false},"excerpt":{"rendered":"<p>\u00abPara cosas m\u00e1s grandes has nacido\u00bb. (Ven. Madre Luisita) MI\u00c9RCOLES, 7 de abril\u00bb. Lc. 24: 13-35 \u00abAquel mismo d\u00eda, el primero de la semana, dos disc\u00edpulos de Jes\u00fas se dirig\u00edan a una aldea situada a siete millas de Jerusal\u00e9n, llamada Ema\u00fas, y conversaban sobre todas las cosas que hab\u00edan ocurrido.\u00bb EL CAMINO A EMMA\u00daS por [&hellip;]<\/p>\n","protected":false},"author":7,"featured_media":0,"comment_status":"closed","ping_status":"closed","sticky":false,"template":"","format":"standard","meta":{"_genesis_hide_title":false,"_genesis_hide_breadcrumbs":false,"_genesis_hide_singular_image":false,"_genesis_hide_footer_widgets":false,"_genesis_custom_body_class":"","_genesis_custom_post_class":"","_genesis_layout":"","footnotes":""},"categories":[277],"tags":[],"class_list":{"0":"post-26415","1":"post","2":"type-post","3":"status-publish","4":"format-standard","6":"category-lecturas-del-dia","7":"entry"},"_links":{"self":[{"href":"https:\/\/fatherbroom.com\/es\/wp-json\/wp\/v2\/posts\/26415","targetHints":{"allow":["GET"]}}],"collection":[{"href":"https:\/\/fatherbroom.com\/es\/wp-json\/wp\/v2\/posts"}],"about":[{"href":"https:\/\/fatherbroom.com\/es\/wp-json\/wp\/v2\/types\/post"}],"author":[{"embeddable":true,"href":"https:\/\/fatherbroom.com\/es\/wp-json\/wp\/v2\/users\/7"}],"replies":[{"embeddable":true,"href":"https:\/\/fatherbroom.com\/es\/wp-json\/wp\/v2\/comments?post=26415"}],"version-history":[{"count":3,"href":"https:\/\/fatherbroom.com\/es\/wp-json\/wp\/v2\/posts\/26415\/revisions"}],"predecessor-version":[{"id":26462,"href":"https:\/\/fatherbroom.com\/es\/wp-json\/wp\/v2\/posts\/26415\/revisions\/26462"}],"wp:attachment":[{"href":"https:\/\/fatherbroom.com\/es\/wp-json\/wp\/v2\/media?parent=26415"}],"wp:term":[{"taxonomy":"category","embeddable":true,"href":"https:\/\/fatherbroom.com\/es\/wp-json\/wp\/v2\/categories?post=26415"},{"taxonomy":"post_tag","embeddable":true,"href":"https:\/\/fatherbroom.com\/es\/wp-json\/wp\/v2\/tags?post=26415"}],"curies":[{"name":"wp","href":"https:\/\/api.w.org\/{rel}","templated":true}]}}