{"id":26411,"date":"2021-04-06T02:39:00","date_gmt":"2021-04-06T09:39:00","guid":{"rendered":"http:\/\/fatherbroom.com\/es\/?p=26411"},"modified":"2021-04-06T08:45:04","modified_gmt":"2021-04-06T15:45:04","slug":"lecturas-del-dia-6-de-abril-2021","status":"publish","type":"post","link":"https:\/\/fatherbroom.com\/es\/2021\/04\/lecturas-del-dia-6-de-abril-2021\/","title":{"rendered":"LECTURAS DEL DIA | 6 DE ABRIL 2021"},"content":{"rendered":"\n<figure class=\"wp-block-image size-large\"><a href=\"https:\/\/bible.usccb.org\/es\/bible\/lecturas\/040621.cfm\"><img loading=\"lazy\" decoding=\"async\" width=\"1024\" height=\"389\" src=\"http:\/\/fatherbroom.com\/es\/wp-content\/media\/sites\/3\/png\/Screen-Shot-2021-04-02-at-10.40.09-AM-1024x389.png\" alt=\"\" class=\"wp-image-26412\" srcset=\"https:\/\/fatherbroom.com\/es\/wp-content\/media\/sites\/3\/png\/Screen-Shot-2021-04-02-at-10.40.09-AM-1024x389.png 1024w, https:\/\/fatherbroom.com\/es\/wp-content\/media\/sites\/3\/png\/Screen-Shot-2021-04-02-at-10.40.09-AM-300x114.png 300w, https:\/\/fatherbroom.com\/es\/wp-content\/media\/sites\/3\/png\/Screen-Shot-2021-04-02-at-10.40.09-AM-768x292.png 768w, https:\/\/fatherbroom.com\/es\/wp-content\/media\/sites\/3\/png\/Screen-Shot-2021-04-02-at-10.40.09-AM-1536x584.png 1536w, https:\/\/fatherbroom.com\/es\/wp-content\/media\/sites\/3\/png\/Screen-Shot-2021-04-02-at-10.40.09-AM.png 1662w\" sizes=\"auto, (max-width: 1024px) 100vw, 1024px\" \/><\/a><\/figure>\n\n\n\n<figure class=\"wp-block-image size-large\"><a href=\"https:\/\/www.vatican.va\/archive\/catechism_sp\/p1s2c1p4_sp.html\"><img loading=\"lazy\" decoding=\"async\" width=\"1024\" height=\"387\" src=\"http:\/\/fatherbroom.com\/es\/wp-content\/media\/sites\/3\/png\/Screen-Shot-2021-04-02-at-10.41.11-AM-1024x387.png\" alt=\"\" class=\"wp-image-26413\" srcset=\"https:\/\/fatherbroom.com\/es\/wp-content\/media\/sites\/3\/png\/Screen-Shot-2021-04-02-at-10.41.11-AM-1024x387.png 1024w, https:\/\/fatherbroom.com\/es\/wp-content\/media\/sites\/3\/png\/Screen-Shot-2021-04-02-at-10.41.11-AM-300x113.png 300w, https:\/\/fatherbroom.com\/es\/wp-content\/media\/sites\/3\/png\/Screen-Shot-2021-04-02-at-10.41.11-AM-768x290.png 768w, https:\/\/fatherbroom.com\/es\/wp-content\/media\/sites\/3\/png\/Screen-Shot-2021-04-02-at-10.41.11-AM-1536x580.png 1536w, https:\/\/fatherbroom.com\/es\/wp-content\/media\/sites\/3\/png\/Screen-Shot-2021-04-02-at-10.41.11-AM.png 1662w\" sizes=\"auto, (max-width: 1024px) 100vw, 1024px\" \/><\/a><\/figure>\n\n\n\n<figure class=\"wp-block-image size-large\"><img loading=\"lazy\" decoding=\"async\" width=\"1024\" height=\"311\" src=\"http:\/\/fatherbroom.com\/es\/wp-content\/media\/sites\/3\/png\/Screen-Shot-2021-04-06-at-8.43.58-AM-1024x311.png\" alt=\"\" class=\"wp-image-26434\" srcset=\"https:\/\/fatherbroom.com\/es\/wp-content\/media\/sites\/3\/png\/Screen-Shot-2021-04-06-at-8.43.58-AM-1024x311.png 1024w, https:\/\/fatherbroom.com\/es\/wp-content\/media\/sites\/3\/png\/Screen-Shot-2021-04-06-at-8.43.58-AM-300x91.png 300w, https:\/\/fatherbroom.com\/es\/wp-content\/media\/sites\/3\/png\/Screen-Shot-2021-04-06-at-8.43.58-AM-768x233.png 768w, https:\/\/fatherbroom.com\/es\/wp-content\/media\/sites\/3\/png\/Screen-Shot-2021-04-06-at-8.43.58-AM-1536x466.png 1536w, https:\/\/fatherbroom.com\/es\/wp-content\/media\/sites\/3\/png\/Screen-Shot-2021-04-06-at-8.43.58-AM.png 1660w\" sizes=\"auto, (max-width: 1024px) 100vw, 1024px\" \/><\/figure>\n\n\n\n<p class=\"has-text-align-center\"><strong>\u00abPara cosas m\u00e1s grandes has nacido\u00bb. (Ven. Madre Luisita)<\/strong><\/p>\n\n\n\n<p><strong>MARTES, 6 de abril Jn. 20, 11-18 \u00abJes\u00fas le dijo: \u00abDeja de aferrarte a m\u00ed, porque todav\u00eda no he subido al Padre. Pero ve a mis hermanos y diles que voy a mi Padre y a vuestro Padre, a mi Dios y a vuestro Dios'\u00bb.<\/strong><\/p>\n\n\n\n<p class=\"has-vivid-cyan-blue-color has-text-color\"><strong>Parte 1: Mar\u00eda Magdalena\u2026 de una Homil\u00eda del Papa Gregorio Magno<\/strong><\/p>\n\n\n\n<p class=\"has-vivid-cyan-blue-color has-text-color\"><strong>Parte 2: LA MAGDALENA\u2026 por el P. Ed Broom, OMV<\/strong><\/p>\n\n\n\n<p class=\"has-vivid-cyan-blue-color has-text-color\"><strong>PARTE 1: Mar\u00eda Magdalena\u2026 de una Homil\u00eda del Santo Papa Gregorio Magno<\/strong><\/p>\n\n\n\n<p><strong>Al principio busc\u00f3 y no encontr\u00f3, pero cuando persever\u00f3 sucedi\u00f3 que encontr\u00f3 lo que buscaba. Cuando nuestros deseos no son satisfechos, crecen con fuerza, y haci\u00e9ndose m\u00e1s fuertes se apoderan de su objeto. Los deseos sagrados tambi\u00e9n crecen con la anticipaci\u00f3n, y si no crecen no son realmente deseos. Quien logra alcanzar la verdad ha ardido en un amor tan grande. Como dice David: Mi alma tiene sed del Dios vivo; \u00bfcu\u00e1ndo llegar\u00e9 y me presentar\u00e9 ante la faz de Dios? Y as\u00ed tambi\u00e9n en el Cantar de los Cantares la Iglesia dice: Fui herido por el amor; y de nuevo: Mi alma se ha derretido de amor.<\/strong><\/p>\n\n\n\n<p><strong>Mujer, \u00bfpor qu\u00e9 lloras? \u00bfA qui\u00e9n buscas? Se le pregunta por qu\u00e9 llora, para que su deseo se fortalezca, pues cuando menciona a qui\u00e9n busca, su amor se enciende a\u00fan m\u00e1s.<\/strong><\/p>\n\n\n\n<p><strong>Jes\u00fas le dice: Mar\u00eda. Jes\u00fas no se reconoce cuando la llama \u00abmujer\u00bb; por eso la llama por su nombre, como si dijera: Recon\u00f3ceme como yo te reconozco a ti, porque no te conozco como a los dem\u00e1s, te conozco como a ti misma. Y as\u00ed, Mar\u00eda, una vez que se dirige a ella por su nombre, reconoce a quien le habla. Inmediatamente le llama Rabboni, es decir, maestro, porque aquel a quien buscaba exteriormente era quien interiormente le ense\u00f1aba a seguir buscando.<\/strong><\/p>\n\n\n\n<p><strong>\u211f. Al volver del sepulcro del Se\u00f1or, Mar\u00eda Magdalena cont\u00f3 a los disc\u00edpulos que hab\u00eda visto al Se\u00f1or.* Bendita sea la que mereci\u00f3 ser la primera con la noticia de que la Vida hab\u00eda resucitado de la muerte.<\/strong><\/p>\n\n\n\n<p><strong>\u2123. Mientras estaba all\u00ed, llorando, vio a su amado, y luego cont\u00f3 la buena noticia a los dem\u00e1s.* Bendita la que mereci\u00f3 ser la primera con la noticia de que la Vida hab\u00eda resucitado de la muerte.<\/strong><\/p>\n\n\n\n<p class=\"has-medium-font-size\"><strong>PARTE 2: LA MAGDALENA\u2026 Por el P. Ed Broom, OMV<\/strong><\/p>\n\n\n\n<p><strong>\u00a1Estamos en la Octava de Pascua! Una vez m\u00e1s, \u00a1imploremos la m\u00e1s intensa alegr\u00eda! El motivo de esta alegr\u00eda es \u00a1JES\u00daS RESUCITADO DE LA MUERTE! \u00abEste es el d\u00eda que el Se\u00f1or ha hecho, alegr\u00e9monos y gocemos en \u00e9l\u00bb. (Sal. 118: 24)<\/strong><\/p>\n\n\n\n<p><strong>Escuchemos una vez m\u00e1s las palabras del Papa Francisco es su Exhortaci\u00f3n Apost\u00f3lica Alegr\u00eda del Evangelio: \u00abLa alegr\u00eda del Evangelio llena el coraz\u00f3n y la vida de todos los que se encuentran con Jes\u00fas. Quien acepta su oferta de salvaci\u00f3n se libera del pecado, del dolor, del vac\u00edo interior y de la soledad. Con Cristo la alegr\u00eda renace constantemente\u00bb. (La alegr\u00eda del Evangelio, Papa Francisco, #1)<\/strong><\/p>\n\n\n\n<p><strong>Consideremos ahora el gran honor que el Se\u00f1or resucitado concedi\u00f3 a Mar\u00eda Magdalena. La tradici\u00f3n y el sentido com\u00fan nos dicen que Jes\u00fas resucitado se apareci\u00f3 primero a su madre Mar\u00eda.<\/strong><\/p>\n\n\n\n<p><strong>La Magdalena fue la segunda persona que vio y toc\u00f3 a Jes\u00fas Resucitado. Su intenso amor por su Maestro fue recompensado con creces.<\/strong><\/p>\n\n\n\n<ol class=\"wp-block-list\"><li><strong>LA MAGDALENA. Mar\u00eda Magdalena no vivi\u00f3 siempre la vida de una santa, \u00a1todo lo contrario! Mar\u00eda Magdalena hab\u00eda vivido una vida desordenada y pecaminosa, la de una mujer suelta. Los hombres se hab\u00edan aprovechado de ella y ella se dej\u00f3 aprovechar. Cuando Dios est\u00e1 ausente de nuestras vidas somos d\u00e9biles, vulnerables y f\u00e1cilmente propensos a resbalar y caer en el pecado. Lo que le ocurri\u00f3 a Mar\u00eda Magdalena podr\u00eda ocurrirle f\u00e1cilmente a cada uno de nosotros sin la gracia de Dios. Una vez San Felipe Neri vio a un vagabundo\/persona de la calle tirado en la cuneta de las calles de Roma. Hizo un comentario que se ha universalizado en muchos idiomas: \u00ab\u00a1Ah\u00ed voy yo, salvo la gracia de Dios!\u00bb. (En italiano: \u00abEccome, senza la gracia de Dio!\u00bb) Sigamos alegr\u00e1ndonos del Se\u00f1or Jes\u00fas resucitado, pero permanezcamos vigilantes, vigilando constantemente nuestros pensamientos, sentimientos y movimientos del coraz\u00f3n. En otras palabras, nunca debemos bajar la guardia porque estamos viviendo en la zona de combate, en una batalla mortal. No caigamos nunca en el pecado de la presunci\u00f3n, es decir, presumir de nuestras propias fuerzas para caminar por el camino recto y estrecho. M\u00e1s bien, \u00abNuestra ayuda est\u00e1 en el nombre del Se\u00f1or, que hizo el cielo y la tierra\u00bb. (Sal. 124:8)<\/strong><\/li><li><strong>LA MAGDALENA Y LOS DEMONIOS Una nota adicional sobre la Magdalena. Antes de su conversi\u00f3n a un profundo amor y devoci\u00f3n a Nuestro Se\u00f1or y Salvador Jesucristo, \u00a1Mar\u00eda Magdalena ten\u00eda siete demonios dentro de su alma! \u00a1Jes\u00fas realmente realiz\u00f3 un exorcismo, expulsando estos esp\u00edritus malignos de su alma! Alegr\u00e9monos con Magdalena en el Se\u00f1or Resucitado. Al mismo tiempo, estemos atentos, porque el diablo merodea por nuestra alma buscando una incursi\u00f3n: el diablo nunca duerme ni se va de vacaciones. El diablo nunca duerme y nunca se va de vacaciones. Trabaja en todo momento y en todo lugar, especialmente cuando estamos en estado de desolaci\u00f3n. San Pedro compara al diablo con un le\u00f3n: \u00abEl diablo es como un le\u00f3n rugiente al acecho de quien pueda devorar. Resistidle, firmes en la fe\u00bb. (1 Pe. 5: 8-9) Recemos para experimentar la alegr\u00eda y el consuelo en el Se\u00f1or Jes\u00fas resucitado. La alegr\u00eda es una herramienta poderosa para perturbar, vencer y derrotar al diablo.<\/strong><\/li><\/ol>\n\n\n\n<ol class=\"wp-block-list\" start=\"3\"><li><strong>LA INFINITA MISERICORDIA DE DIOS, MAGDALENA Y LOS PECADORES. Un punto esencial para la meditaci\u00f3n con respecto a la Magdalena es la infinita misericordia de Dios. En el Diario de Santa Faustina, Jes\u00fas afirma claramente que su mayor atributo es su infinita misericordia. El pecado que m\u00e1s hiere a Dios es la falta de confianza en su misericordia. Los mayores pecadores pueden convertirse en los mayores santos si simplemente conf\u00edan en su infinita misericordia. Vemos que esto es cierto. Algunos de los grandes pecadores se convirtieron en grandes santos porque confiaron en la misericordia de Dios: San Pedro, el Buen Ladr\u00f3n y Mar\u00eda Magdalena son casos claros de pecadores que se convirtieron en grandes santos porque confiaron m\u00e1s en la misericordia de Dios que en su propia miseria moral -\u00a1otro t\u00e9rmino para el pecado! \u00a1Ahora volviendo a ti y a m\u00ed! Como Magdalena, nosotros tambi\u00e9n somos pecadores. Aunque hayamos ca\u00eddo por el precipicio y estemos colgando de un precipicio entre el cielo y la tierra, si nos volvemos al Se\u00f1or con todo nuestro coraz\u00f3n, su misericordioso y amoroso Sagrado Coraz\u00f3n estar\u00e1 abierto de par en par para recibirnos. La invitaci\u00f3n de San Juan Pablo II fue clara: \u00abNo teng\u00e1is miedo. Abrid de par en par las puertas a Cristo\u00bb.<\/strong><\/li><li><strong>LA VERDADERA CONVERSI\u00d3N. El Papa Francisco afirm\u00f3 en una de sus homil\u00edas que debemos seguir a Cristo de tres maneras distintas: \u00a1con la mente, con el coraz\u00f3n y con los pies! Debemos conocer a Dios, amar a Dios y, por \u00faltimo, demostrar que amamos a Dios con los pies, es decir, con nuestra forma de vivir y actuar. Debemos \u00abhablar la palabra y andar el camino\u00bb. De lo contrario, caemos en la hipocres\u00eda. La conversi\u00f3n de Mar\u00eda Magdalena fue aut\u00e9ntica. Viendo la pel\u00edcula de Mel Gibson, La Pasi\u00f3n de Cristo, podemos verlo tan claro como el sol del mediod\u00eda. El guionista presenta a Jes\u00fas y a la Virgen de los Dolores, pero tambi\u00e9n, en escena tras escena quien aparece con Mar\u00eda es Magdalena. Ella est\u00e1 all\u00ed con la Virgen paso a paso casi toda la pel\u00edcula. En el V\u00eda Crucis se ve a la Magdalena acompa\u00f1ando a la Sant\u00edsima Virgen. La Magdalena est\u00e1 presente durante la crucifixi\u00f3n de Nuestro Amado Salvador &#8211; permanece con la Virgen Mar\u00eda al pie de la cruz durante todo el transcurso de la sangrienta Pasi\u00f3n de Jes\u00fas hasta el \u00faltimo aliento de Jes\u00fas y m\u00e1s all\u00e1. Como el encuentro de la Magdalena con Jes\u00fas, \u00a1que nuestra Hora Santa diaria tenga un impacto que cambie nuestras vidas! Como la Magdalena, \u00a1prometamos todo nuestro ser para renunciar a nuestro pasado pecaminoso y renovar nuestro compromiso de seguir a Jes\u00fas y a la Sant\u00edsima Virgen Mar\u00eda totalmente y sin ninguna reserva!<\/strong><\/li><li><strong>PIETA. Cuando Jes\u00fas es bajado de la cruz y colocado en los brazos de su amada Madre Mar\u00eda, la Magdalena est\u00e1 presente. Ella comparte todos los dolores de Mar\u00eda. En la pel\u00edcula de Mel Gibson, la Virgen y la Magdalena limpian con toallas los charcos de Sangre Preciosa que brotan del Cuerpo de Jes\u00fas durante su brutal flagelaci\u00f3n. Ahora la Magdalena contempla el Cuerpo crucificado de Jes\u00fas en los brazos de Mar\u00eda. Acompa\u00f1a a la Virgen al sepulcro donde el Cuerpo de Jes\u00fas ser\u00e1 enterrado antes del descanso del s\u00e1bado. Una vez m\u00e1s, vemos la verdadera fidelidad, la conversi\u00f3n del coraz\u00f3n, cuando Magdalena se queda con Jes\u00fas y Mar\u00eda en estos momentos tan dif\u00edciles de sufrimiento, muerte y aparente derrota. \u00a1Que nuestras vidas se caractericen por el amor y la fidelidad a Dios hasta el final, por muy oscuras y turbulentas que sean las tormentas!<\/strong><\/li><\/ol>\n\n\n\n<ol class=\"wp-block-list\" start=\"6\"><li><strong>LA MADRUGADA DEL DOMINGO Y LA TUMBA La noche del viernes ha pasado y la del s\u00e1bado tambi\u00e9n. La Magdalena decide levantarse temprano el domingo para visitar la tumba donde est\u00e1 enterrado Jes\u00fas, para poder mostrar su respeto y amor ungiendo el Cuerpo de Jes\u00fas con aceites especiales. Sin embargo, al llegar, la Magdalena se da cuenta de algo extra\u00f1o, incluso se podr\u00eda decir que fuera de lugar. La tumba de Jes\u00fas hab\u00eda sido cubierta con una enorme piedra; \u00a1ahora la piedra ha sido removida! Acerc\u00e1ndose para ver este fen\u00f3meno, \u00a1Mar\u00eda Magdalena ve \u00e1ngeles en la tumba! Al volverse, Mar\u00eda Magdalena ve a un hombre que no reconoce y piensa que este hombre es el jardinero. Con valor, le pide al jardinero que le entregue el Cuerpo de Jes\u00fas. Para sorpresa de Mar\u00eda, \u00a1no es el jardinero! Cuando Jes\u00fas grita \u00abMar\u00eda\u00bb,\u2026 ella lo reconoce y responde \u00ab\u00a1Rabboni!\u00bb &#8211; que significa \u00a1maestro!<\/strong><\/li><li><strong>Jes\u00fas la env\u00eda a los Ap\u00f3stoles, para que Mar\u00eda Magdalena se convierta en \u00abAp\u00f3stol de los Ap\u00f3stoles\u00bb. \u00a1Ella corre, llena de alegr\u00eda pascual, a contar la Buena Noticia de que ha visto a Jes\u00fas resucitado! En efecto, \u00a1Jes\u00fas ya no est\u00e1 muerto, sino que ha resucitado! La muerte no pudo retener a Jes\u00fas. \u00a1Jes\u00fas rompi\u00f3 los lazos de la muerte por el poder de su Amor! Jes\u00fas ha resucitado de verdad, \u00a1Aleluya! Entra en esta escena y regoc\u00edjate con Mar\u00eda Magdalena cuando se encuentra con Jes\u00fas que verdaderamente resucit\u00f3 de entre los muertos, para no volver a morir. Jes\u00fas vino a traernos vida y vida en abundancia. \u00a1Jes\u00fas es EL CAMINO, LA VERDAD Y LA VIDA! \u00a1\u00a1\u00a1Ruega a Jes\u00fas que te d\u00e9 una intensa alegr\u00eda y vida en abundancia en esta vida, as\u00ed como en la pr\u00f3xima!!!<\/strong><\/li><li><strong>NO RECONOCER A JES\u00daS. Una nota interesante sobre las apariciones de la Resurrecci\u00f3n es que no reconocen a Jes\u00fas. \u00c9l se les aparece pero sus ojos est\u00e1n cegados para no ver y reconocer al Se\u00f1or. Esto ocurre en m\u00e1s de una ocasi\u00f3n. La Magdalena cree que Jes\u00fas es el jardinero. Ella espera que este \u00abjardinero\u00bb le diga d\u00f3nde est\u00e1 el cuerpo de Jes\u00fas para poder llev\u00e1rselo.<\/strong><\/li><li><strong>EMA\u00daS Por la tarde de ese mismo d\u00eda, dos de los disc\u00edpulos se dirigen a un pueblo llamado Ema\u00fas. Desanimados, deprimidos, en un verdadero estado de desolaci\u00f3n, se alejan de Jerusal\u00e9n, de la Iglesia. Esperaban que Jes\u00fas fuera el que los liberara de verdad. Ahora sus esperanzas se han desvanecido. Un \u00abextranjero\u00bb viene y camina con ellos. Les escucha y habla con ellos como lo hacen los amigos. Les explica las Escrituras, abriendo sus mentes a la verdad. No es hasta que se sienta con ellos a la mesa, toma el pan, lo bendice, lo parte y se lo da, cuando finalmente reconocen que es Jes\u00fas. Al igual que Mar\u00eda Magdalena, sus ojos &#8211; cegados, impedidos de ver y reconocer al Se\u00f1or &#8211; se abren.<\/strong><\/li><\/ol>\n\n\n\n<ol class=\"wp-block-list\" start=\"10\"><li><strong>NO VER Y RECONOCER A JES\u00daS. Jes\u00fas se aparece a los pescadores. Despu\u00e9s de haber pescado toda la noche sin pescar nada, el desconocido en la orilla, que los ama de verdad y se preocupa por ellos, les dice que echen la red al otro lado de la barca. \u00a1\u00a1\u00a1Qu\u00e9 enorme pesca!!! S\u00f3lo entonces el \u00abojo de \u00e1guila\u00bb Juan lo reconoce exclamando: \u00ab\u00a1Es el Se\u00f1or!\u00bb.<\/strong><\/li><\/ol>\n\n\n\n<p><strong>\u00bfACASO NO RECONOCEMOS AL SE\u00d1OR? Ahora apliquemos esta realidad a nosotros mismos con humildad y sinceridad. \u00bfCu\u00e1ntas veces el Se\u00f1or ha estado realmente presente en nosotros, en nuestra vida, y como Magdalena, como los disc\u00edpulos de Ema\u00fas, como los pescadores, no lo hemos reconocido? \u00bfSer\u00e1 verdad que tambi\u00e9n nosotros sufrimos de ceguera espiritual?<\/strong><\/p>\n\n\n\n<p><strong>Tal vez el Se\u00f1or est\u00e1 ante nuestros ojos, est\u00e1 entre nosotros ahora, y simplemente no lo vemos. En efecto, Dios est\u00e1 realmente presente en todas partes; no podemos escapar de su presencia, aunque a veces intentemos escondernos de \u00c9l. Reza para que tus ojos espirituales sean capaces de ver y tener una conciencia m\u00e1s constante de la presencia de Dios en tu vida. Como dice San Pablo en una de sus cartas \u00abEn \u00c9l vivimos, nos movemos y somos\u00bb.<\/strong><\/p>\n\n\n\n<p><strong>Terminemos con un coloquio\/oraci\u00f3n a Jes\u00fas el Se\u00f1or, a su Madre y a Dios Padre:<\/strong><\/p>\n\n\n\n<p><strong>Se\u00f1or Jes\u00fas, te alabo y te doy gracias por haber muerto en la cruz y haber resucitado a la vida nueva por m\u00ed. Que pueda mirar tu rostro al encontrarte en la oraci\u00f3n diaria y alegrarme constantemente de tu Presencia.<\/strong><\/p>\n\n\n\n<p><strong>Santa Mar\u00eda, Madre del Se\u00f1or Resucitado, causa de nuestra alegr\u00eda, ruega por m\u00ed ahora y en la hora de mi muerte.<\/strong><\/p>\n\n\n\n<p><strong>Dios Padre, te alabo y te doy gracias por haberme amado tanto que diste a tu Hijo Unig\u00e9nito por mi Redenci\u00f3n en la Cruz, renovada cada vez que lo recibo en la Santa Comuni\u00f3n. \u00a1Que honre, ame y obedezca tu Santa Voluntad en mi vida!<\/strong><\/p>\n<div class=\"synved-social-container synved-social-container-share\" style=\"text-align: center\"><a class=\"synved-social-button synved-social-button-share synved-social-size-48 synved-social-resolution-single synved-social-provider-facebook nolightbox\" data-provider=\"facebook\" target=\"_blank\" rel=\"nofollow\" title=\"Share on Facebook\" href=\"https:\/\/www.facebook.com\/sharer.php?u=https%3A%2F%2Ffatherbroom.com%2Fes%2Fwp-json%2Fwp%2Fv2%2Fposts%2F26411&#038;t=LECTURAS%20DEL%20DIA%20%7C%206%20DE%20ABRIL%202021&#038;s=100&#038;p&#091;url&#093;=https%3A%2F%2Ffatherbroom.com%2Fes%2Fwp-json%2Fwp%2Fv2%2Fposts%2F26411&#038;p&#091;images&#093;&#091;0&#093;=http%3A%2F%2Ffatherbroom.com%2Fes%2Fwp-content%2Fmedia%2Fsites%2F3%2Fpng%2FScreen-Shot-2021-04-02-at-10.40.09-AM-1024x389.png&#038;p&#091;title&#093;=LECTURAS%20DEL%20DIA%20%7C%206%20DE%20ABRIL%202021\" style=\"font-size: 0px;width:48px;height:48px;margin:0;margin-bottom:5px;margin-right:5px\"><img loading=\"lazy\" decoding=\"async\" alt=\"Facebook\" title=\"Share on Facebook\" class=\"synved-share-image synved-social-image synved-social-image-share\" width=\"48\" height=\"48\" style=\"display: inline;width:48px;height:48px;margin: 0;padding: 0;border: none;box-shadow: none\" src=\"https:\/\/fatherbroom.com\/es\/wp-content\/plugins\/social-media-feather\/synved-social\/image\/social\/regular\/96x96\/facebook.png\" \/><\/a><a class=\"synved-social-button synved-social-button-share synved-social-size-48 synved-social-resolution-single synved-social-provider-twitter nolightbox\" data-provider=\"twitter\" target=\"_blank\" rel=\"nofollow\" title=\"Share on Twitter\" href=\"https:\/\/twitter.com\/intent\/tweet?url=https%3A%2F%2Ffatherbroom.com%2Fes%2Fwp-json%2Fwp%2Fv2%2Fposts%2F26411&#038;text=Hey%20check%20this%20out\" style=\"font-size: 0px;width:48px;height:48px;margin:0;margin-bottom:5px;margin-right:5px\"><img loading=\"lazy\" decoding=\"async\" alt=\"twitter\" title=\"Share on Twitter\" class=\"synved-share-image synved-social-image synved-social-image-share\" width=\"48\" height=\"48\" style=\"display: inline;width:48px;height:48px;margin: 0;padding: 0;border: none;box-shadow: none\" src=\"https:\/\/fatherbroom.com\/es\/wp-content\/plugins\/social-media-feather\/synved-social\/image\/social\/regular\/96x96\/twitter.png\" \/><\/a><a class=\"synved-social-button synved-social-button-share synved-social-size-48 synved-social-resolution-single synved-social-provider-reddit nolightbox\" data-provider=\"reddit\" target=\"_blank\" rel=\"nofollow\" title=\"Share on Reddit\" href=\"https:\/\/www.reddit.com\/submit?url=https%3A%2F%2Ffatherbroom.com%2Fes%2Fwp-json%2Fwp%2Fv2%2Fposts%2F26411&#038;title=LECTURAS%20DEL%20DIA%20%7C%206%20DE%20ABRIL%202021\" style=\"font-size: 0px;width:48px;height:48px;margin:0;margin-bottom:5px;margin-right:5px\"><img loading=\"lazy\" decoding=\"async\" alt=\"reddit\" title=\"Share on Reddit\" class=\"synved-share-image synved-social-image synved-social-image-share\" width=\"48\" height=\"48\" style=\"display: inline;width:48px;height:48px;margin: 0;padding: 0;border: none;box-shadow: none\" src=\"https:\/\/fatherbroom.com\/es\/wp-content\/plugins\/social-media-feather\/synved-social\/image\/social\/regular\/96x96\/reddit.png\" \/><\/a><a class=\"synved-social-button synved-social-button-share synved-social-size-48 synved-social-resolution-single synved-social-provider-pinterest nolightbox\" data-provider=\"pinterest\" target=\"_blank\" rel=\"nofollow\" title=\"Pin it with Pinterest\" href=\"https:\/\/pinterest.com\/pin\/create\/button\/?url=https%3A%2F%2Ffatherbroom.com%2Fes%2Fwp-json%2Fwp%2Fv2%2Fposts%2F26411&#038;media=http%3A%2F%2Ffatherbroom.com%2Fes%2Fwp-content%2Fmedia%2Fsites%2F3%2Fpng%2FScreen-Shot-2021-04-02-at-10.40.09-AM-1024x389.png&#038;description=LECTURAS%20DEL%20DIA%20%7C%206%20DE%20ABRIL%202021\" style=\"font-size: 0px;width:48px;height:48px;margin:0;margin-bottom:5px;margin-right:5px\"><img loading=\"lazy\" decoding=\"async\" alt=\"pinterest\" title=\"Pin it with Pinterest\" class=\"synved-share-image synved-social-image synved-social-image-share\" width=\"48\" height=\"48\" style=\"display: inline;width:48px;height:48px;margin: 0;padding: 0;border: none;box-shadow: none\" src=\"https:\/\/fatherbroom.com\/es\/wp-content\/plugins\/social-media-feather\/synved-social\/image\/social\/regular\/96x96\/pinterest.png\" \/><\/a><a class=\"synved-social-button synved-social-button-share synved-social-size-48 synved-social-resolution-single synved-social-provider-linkedin nolightbox\" data-provider=\"linkedin\" target=\"_blank\" rel=\"nofollow\" title=\"Share on Linkedin\" href=\"https:\/\/www.linkedin.com\/shareArticle?mini=true&#038;url=https%3A%2F%2Ffatherbroom.com%2Fes%2Fwp-json%2Fwp%2Fv2%2Fposts%2F26411&#038;title=LECTURAS%20DEL%20DIA%20%7C%206%20DE%20ABRIL%202021\" style=\"font-size: 0px;width:48px;height:48px;margin:0;margin-bottom:5px;margin-right:5px\"><img loading=\"lazy\" decoding=\"async\" alt=\"linkedin\" title=\"Share on Linkedin\" class=\"synved-share-image synved-social-image synved-social-image-share\" width=\"48\" height=\"48\" style=\"display: inline;width:48px;height:48px;margin: 0;padding: 0;border: none;box-shadow: none\" src=\"https:\/\/fatherbroom.com\/es\/wp-content\/plugins\/social-media-feather\/synved-social\/image\/social\/regular\/96x96\/linkedin.png\" \/><\/a><a class=\"synved-social-button synved-social-button-share synved-social-size-48 synved-social-resolution-single synved-social-provider-mail nolightbox\" data-provider=\"mail\" rel=\"nofollow\" title=\"Share by email\" href=\"mailto:?subject=LECTURAS%20DEL%20DIA%20%7C%206%20DE%20ABRIL%202021&#038;body=Hey%20check%20this%20out:%20https%3A%2F%2Ffatherbroom.com%2Fes%2Fwp-json%2Fwp%2Fv2%2Fposts%2F26411\" style=\"font-size: 0px;width:48px;height:48px;margin:0;margin-bottom:5px\"><img loading=\"lazy\" decoding=\"async\" alt=\"mail\" title=\"Share by email\" class=\"synved-share-image synved-social-image synved-social-image-share\" width=\"48\" height=\"48\" style=\"display: inline;width:48px;height:48px;margin: 0;padding: 0;border: none;box-shadow: none\" src=\"https:\/\/fatherbroom.com\/es\/wp-content\/plugins\/social-media-feather\/synved-social\/image\/social\/regular\/96x96\/mail.png\" \/><\/a><\/div>","protected":false},"excerpt":{"rendered":"<p>\u00abPara cosas m\u00e1s grandes has nacido\u00bb. (Ven. Madre Luisita) MARTES, 6 de abril Jn. 20, 11-18 \u00abJes\u00fas le dijo: \u00abDeja de aferrarte a m\u00ed, porque todav\u00eda no he subido al Padre. Pero ve a mis hermanos y diles que voy a mi Padre y a vuestro Padre, a mi Dios y a vuestro Dios&#8217;\u00bb. Parte [&hellip;]<\/p>\n","protected":false},"author":7,"featured_media":0,"comment_status":"closed","ping_status":"closed","sticky":false,"template":"","format":"standard","meta":{"_genesis_hide_title":false,"_genesis_hide_breadcrumbs":false,"_genesis_hide_singular_image":false,"_genesis_hide_footer_widgets":false,"_genesis_custom_body_class":"","_genesis_custom_post_class":"","_genesis_layout":"","footnotes":""},"categories":[277],"tags":[],"class_list":{"0":"post-26411","1":"post","2":"type-post","3":"status-publish","4":"format-standard","6":"category-lecturas-del-dia","7":"entry"},"_links":{"self":[{"href":"https:\/\/fatherbroom.com\/es\/wp-json\/wp\/v2\/posts\/26411","targetHints":{"allow":["GET"]}}],"collection":[{"href":"https:\/\/fatherbroom.com\/es\/wp-json\/wp\/v2\/posts"}],"about":[{"href":"https:\/\/fatherbroom.com\/es\/wp-json\/wp\/v2\/types\/post"}],"author":[{"embeddable":true,"href":"https:\/\/fatherbroom.com\/es\/wp-json\/wp\/v2\/users\/7"}],"replies":[{"embeddable":true,"href":"https:\/\/fatherbroom.com\/es\/wp-json\/wp\/v2\/comments?post=26411"}],"version-history":[{"count":4,"href":"https:\/\/fatherbroom.com\/es\/wp-json\/wp\/v2\/posts\/26411\/revisions"}],"predecessor-version":[{"id":26436,"href":"https:\/\/fatherbroom.com\/es\/wp-json\/wp\/v2\/posts\/26411\/revisions\/26436"}],"wp:attachment":[{"href":"https:\/\/fatherbroom.com\/es\/wp-json\/wp\/v2\/media?parent=26411"}],"wp:term":[{"taxonomy":"category","embeddable":true,"href":"https:\/\/fatherbroom.com\/es\/wp-json\/wp\/v2\/categories?post=26411"},{"taxonomy":"post_tag","embeddable":true,"href":"https:\/\/fatherbroom.com\/es\/wp-json\/wp\/v2\/tags?post=26411"}],"curies":[{"name":"wp","href":"https:\/\/api.w.org\/{rel}","templated":true}]}}