{"id":26349,"date":"2021-03-29T11:04:55","date_gmt":"2021-03-29T18:04:55","guid":{"rendered":"http:\/\/fatherbroom.com\/es\/?p=26349"},"modified":"2021-03-29T11:04:56","modified_gmt":"2021-03-29T18:04:56","slug":"los-personajes-de-la-pasion-del-senor-jesus","status":"publish","type":"post","link":"https:\/\/fatherbroom.com\/es\/2021\/03\/los-personajes-de-la-pasion-del-senor-jesus\/","title":{"rendered":"LOS PERSONAJES DE LA PASI\u00d3N DEL SE\u00d1OR JES\u00daS"},"content":{"rendered":"\n<figure class=\"wp-block-image size-large\"><img loading=\"lazy\" decoding=\"async\" width=\"773\" height=\"1024\" src=\"http:\/\/fatherbroom.com\/es\/wp-content\/media\/sites\/3\/png\/Screen-Shot-2021-03-29-at-10.41.01-AM-773x1024.png\" alt=\"\" class=\"wp-image-26350\" srcset=\"https:\/\/fatherbroom.com\/es\/wp-content\/media\/sites\/3\/png\/Screen-Shot-2021-03-29-at-10.41.01-AM-773x1024.png 773w, https:\/\/fatherbroom.com\/es\/wp-content\/media\/sites\/3\/png\/Screen-Shot-2021-03-29-at-10.41.01-AM-227x300.png 227w, https:\/\/fatherbroom.com\/es\/wp-content\/media\/sites\/3\/png\/Screen-Shot-2021-03-29-at-10.41.01-AM-768x1017.png 768w, https:\/\/fatherbroom.com\/es\/wp-content\/media\/sites\/3\/png\/Screen-Shot-2021-03-29-at-10.41.01-AM.png 1000w\" sizes=\"auto, (max-width: 773px) 100vw, 773px\" \/><\/figure>\n\n\n\n<p><strong>El Venerable Arzobispo Fulton J. Sheen present\u00f3 la meditaci\u00f3n de la Pasi\u00f3n de Nuestro Se\u00f1or y Salvador Jesucristo de m\u00e1s de una forma. Dos de las formas m\u00e1s notables en que Sheen present\u00f3 la Pasi\u00f3n de Cristo fueron las siguientes: 1) Una profunda meditaci\u00f3n y reflexi\u00f3n sobre \u00abLas siete \u00faltimas palabras de Jes\u00fas desde la cruz\u00bb. 2) Sheen tambi\u00e9n present\u00f3 una obra maestra de representaci\u00f3n de los personajes de la Pasi\u00f3n de Cristo. Sheen describe las diferentes actitudes, perfiles, virtudes o vicios de las numerosas personas que participaron en la Pasi\u00f3n, el sufrimiento y la muerte de Jes\u00fas en la cruz.<\/strong><\/p>\n\n\n\n<p><strong>\u00abLos personajes de la Pasi\u00f3n de Cristo\u00bb puede servir, definitivamente, como medio para un excelente examen de conciencia para todos y cada uno de nosotros. Con toda seguridad, podremos descubrir e identificarnos con muchas de las caracter\u00edsticas de los personajes de la pasi\u00f3n, algunas positivas y dignas de alabanza, otras negativas y dignas de repudio.<\/strong><\/p>\n\n\n\n<p><strong>Por tanto, entremos con \u00e1nimo en la Pasi\u00f3n de Nuestro Se\u00f1or y Salvador Jesucristo, tanto meditando como contemplando los personajes o personas que intervinieron en la Pasi\u00f3n y muerte de Nuestro Se\u00f1or. Ojal\u00e1 se nos considere entre los amigos leales de Jes\u00fas, los que llevaron un profundo consuelo a su Coraz\u00f3n herido y sangrante.\u00a0\u00a0<\/strong><\/p>\n\n\n\n<p><strong>Vamos a elegir algunos de los personajes de la Pasi\u00f3n de Cristo. Nuestro breve ensayo no es exhaustivo, pero nos dar\u00e1 al menos una muestra de la amplia gama de personalidades de quienes estuvieron presentes en la muerte de Jes\u00fas; retratar\u00e1 diferentes actitudes que nos tocar\u00e1n de muchas maneras y muy posiblemente nos motivar\u00e1n a la conversi\u00f3n.<\/strong><\/p>\n\n\n\n<p class=\"has-large-font-size\">PERSONAJES DE LA PASI\u00d3N DEL SE\u00d1OR JES\u00daS.<\/p>\n\n\n\n<p><strong>1. EL REY HERODES.\u00a0\u00a0Jes\u00fas fue llevado a la presencia del rey Herodes y su corte. En presencia de Herodes, Jes\u00fas nunca se atrevi\u00f3 a abrir la boca para responder a sus preguntas. Este malvado rey representa a un sensualista, un hedonista, un hombre entregado a los deseos de la carne. Jes\u00fas no abrir\u00eda la boca porque s\u00f3lo conseguir\u00eda que se burlaran de \u00e9l, lo ridiculizaran y lo ridiculizaran a\u00fan m\u00e1s. Con este tipo de personas Jes\u00fas afirmar\u00eda: \u00abNo ech\u00e9is vuestras perlas a los cerdos\u00bb. (Mt. 7: 6) \u00a1Hoy en d\u00eda hay mucha gente sensual y hedonista que se ha entregado totalmente a los deseos de la carne! Jes\u00fas dijo a Nicodemo \u00abLa carne no aprovecha nada; es el esp\u00edritu el que da la vida\u00bb. (Jn. 3: 5-6)<\/strong><\/p>\n\n\n\n<p><strong>2. PONCIO PILATO.\u00a0\u00a0Este procurador romano representa a muchos hoy en d\u00eda. B\u00e1sicamente, Pilato representa al t\u00edpico cobarde. Claudia, su esposa, so\u00f1\u00f3 con la inocencia de Jes\u00fas. Pilato descart\u00f3 este elemento de verdad. Quer\u00eda complacer a la multitud. Pilato era \u00abun complaciente del pueblo m\u00e1s que un complaciente de Dios\u00bb. \u00bfCu\u00e1ntas veces actuamos y reaccionamos para agradar a la gente, para que nos guste y nos aplaudan, en detrimento nuestro por rechazar la voluntad de Dios y desagradar al Se\u00f1or? \u00a1Muchas veces el respeto humano va m\u00e1s all\u00e1 del respeto a Dios!<\/strong><\/p>\n\n\n\n<p><strong>3. FARISEOS, ESCRIBAS Y SADUCEOS.\u00a0\u00a0Muchos de los que rechazaron a Jes\u00fas y clamaron por su condena representan el orgullo intelectual. Estos eran la intelligentsia &#8211; el grupo educado y b\u00edblicamente erudito. Eran los espirituales que lo sab\u00edan todo. Enfrentarse a un humilde y menos educado carpintero de Nazaret que era como un im\u00e1n, atrayendo a innumerables masas por sus palabras y hechos, era demasiado para ellos. Realmente fue su orgullo intelectual y su envidia lo que los ceg\u00f3 para poder ver, reconocer y aceptar a Jes\u00fas como su Se\u00f1or y Salvador. \u00a1Cu\u00e1ntas personas hoy en d\u00eda est\u00e1n cegadas de conocer y aceptar la Verdad debido al orgullo intelectual!<\/strong><\/p>\n\n\n\n<p><strong>4. LA MUCHEDUMBRE O MULTITUD QUE MIRABA A JES\u00daS.\u00a0\u00a0Muchos en este grupo son s\u00edmbolo del grupo de los \u00a1\u00a1\u00a1Curiosos!!! Muchos buscan la novedad, las innovaciones, las modas y los modos para excitar y chispear su curiosidad morbosa. Qu\u00e9 peligrosos son los que viven s\u00f3lo para la emoci\u00f3n y los fuegos artificiales del momento. Qu\u00e9 cierto es el dicho: \u00ab\u00a1La curiosidad mat\u00f3 al gato!\u00bb.<\/strong><\/p>\n\n\n\n<p><strong>5. \u00a1\u00a1\u00a1CRUCIFICARLO!!!\u00a0\u00a0Luego est\u00e1n los que en el mundo tienen realmente un odio mortal a Dios, a Jes\u00fas y a todo lo que pertenece a Dios. Los saduceos y los jefes de los sacerdotes debajo de la cruz, y la multitud ante Pilato gritaron: \u00a1CRUCIF\u00cdCALO! \u00a1Hoy en d\u00eda existe un n\u00famero creciente de individuos que se autodenominan Ateos! \u00a1Que cultivan un odio diab\u00f3lico hacia Jes\u00fas y todo lo que pertenece a Dios! \u00a1Su n\u00famero en el mundo moderno sigue creciendo!<\/strong><\/p>\n\n\n\n<p><strong>6. SIM\u00d3N DE CIRENE.\u00a0\u00a0Al volver del campo y del trabajo, Sim\u00f3n de Cirene se vio obligado a ayudar a Jes\u00fas a llevar la cruz. Al principio, Sim\u00f3n se resisti\u00f3 y trat\u00f3 de evitar llevar la cruz. Pero una vez que acept\u00f3 llevar la cruz, no s\u00f3lo se conform\u00f3 con esta tarea, sino que disfrut\u00f3 ayudando a Jes\u00fas a llevar la cruz. Tal vez seamos t\u00fa y yo: al principio huimos de la cruz, pero una vez aceptada, descubrimos que el yugo es f\u00e1cil y la carga es ligera. (Mt. 11: 30)<\/strong><\/p>\n\n\n\n<p><strong>7. VER\u00d3NICA.\u00a0\u00a0Esta valiente mujer se abri\u00f3 paso entre la multitud y limpi\u00f3 el Sagrado Rostro de Jes\u00fas con su velo. Jes\u00fas recompens\u00f3 a la Ver\u00f3nica permitiendo que la impresi\u00f3n de su Santo Rostro quedara impresa en ese velo. \u00bfSomos valientes al salir de nuestro camino para ayudar a los que sufren y est\u00e1n necesitados?<\/strong><\/p>\n\n\n\n<p><strong>8. LOS VERDUGOS QUE CLAVARON A JES\u00daS EN LA CRUZ Aunque nos duela aceptarlo, cada vez que damos nuestro consentimiento para cometer un pecado mortal, entonces, en un sentido real, somos responsables de la Crucifixi\u00f3n de Jes\u00fas, de los clavos que penetraron en sus manos y pies. Sin embargo, al hacer una buena confesi\u00f3n, extraemos los clavos y permitimos que Jes\u00fas resucitado camine.<\/strong><\/p>\n\n\n\n<p><strong>9. LOS SOLDADOS BAJO LA CRUZ-\u00a1LOS DADOS!\u00a0\u00a0Luego estaban los soldados debajo de la cruz mientras Jes\u00fas colgaba en la cruz en su agon\u00eda mortal. Estaban tirando los dados para ver qui\u00e9n pod\u00eda reclamar las vestiduras de Jes\u00fas. Estos, con muchos en la multitud que estaban mirando, representan una actitud de Indiferencia\/Apat\u00eda. Demasiadas personas hoy en d\u00eda manifiestan una actitud o postura indiferente, ap\u00e1tica y distante hacia el Se\u00f1or Jes\u00fas. El Libro del Apocalipsis condena en\u00e9rgicamente esta actitud en estas palabras que sacuden la tierra: \u00abNo eres ni fr\u00edo ni caliente, ojal\u00e1 lo fueras, pero eres tibio. Te vomitar\u00e9 de mi boca\u00bb. (Apocalipsis 3: 15-16) Es triste decir que hay un gran n\u00famero de los llamados cat\u00f3licos-cristianos que manifiestan esta actitud de apat\u00eda, indiferencia y tibieza hacia el Se\u00f1or, los Sacramentos y la Iglesia. Tal vez, \u00a1nosotros pertenecemos a este grupo! Si es as\u00ed, \u00a1es hora de cambiar!<\/strong><\/p>\n\n\n\n<p><strong>10. EL MALVADO LADR\u00d3N\u00a0\u00a0A pesar del buen ejemplo de Jes\u00fas y de su nobil\u00edsimo ejemplo de misericordia y compasi\u00f3n: \u00abPadre, perd\u00f3nalos, porque no saben lo que hacen.\u00bb (Lc. 23: 24) &#8211; el mal ladr\u00f3n termin\u00f3 su vida maldiciendo a Jes\u00fas. Incluso tuvo el buen ejemplo de la conversi\u00f3n de su compa\u00f1ero ladr\u00f3n, pero aun as\u00ed muri\u00f3 con un coraz\u00f3n fr\u00edo, insensible y cruel. Hay quienes, a pesar de las muchas gracias que Dios les env\u00eda, simplemente se endurecen y se vuelven m\u00e1s insensibles. \u00a1Que Dios nos salve!<\/strong><\/p>\n\n\n\n<p><strong>11. EL BUEN LADR\u00d3N. En la otra cara de la moneda, junto a Jes\u00fas en la cruz, encontramos al Buen Ladr\u00f3n. \u00c9l termina su vida arrepinti\u00e9ndose y pidiendo misericordia a Jes\u00fas. Siempre dispuesto a perdonar y expresar misericordia, Jes\u00fas abre el Cielo a este ladr\u00f3n arrepentido, con estas palabras tan consoladoras \u00abTe aseguro que hoy estar\u00e1s conmigo en el Para\u00edso\u00bb. (Lc. 23: 43) Y como nos recuerda Sheen \u00abY muri\u00f3 como un ladr\u00f3n porque rob\u00f3 el Cielo\u00bb. \u00a1La salvaci\u00f3n es posible incluso hasta el \u00faltimo momento para los que se arrepienten!<\/strong><\/p>\n\n\n\n<p><strong>12. EL CENTURI\u00d3N QUE ATRAVES\u00d3 EL COSTADO Y EL CORAZ\u00d3N DE JES\u00daS\u00a0\u00a0Este centuri\u00f3n-soldado romano, despu\u00e9s de traspasar el Sagrado Coraz\u00f3n del Cuerpo muerto de Jes\u00fas que colgaba en la cruz, \u00a1lleg\u00f3 a creer! Dijo: \u00ab\u00a1Verdaderamente este hombre era el Hijo de Dios!\u00bb (Mc. 15: 39) \u00a1La Sangre y el agua que brotaron del Coraz\u00f3n de Jes\u00fas pueden ser una fuente infinita de conversi\u00f3n y salvaci\u00f3n!<\/strong><\/p>\n\n\n\n<p><strong>13. MAR\u00cdA MAGDALENA.\u00a0\u00a0Despu\u00e9s de haber vivido una vida pecaminosa de promiscuidad, Magdalena se convirti\u00f3 por el amor del Sagrado Coraz\u00f3n de Jes\u00fas. All\u00ed, al pie de la cruz, abrazando la cruz con los cabellos revueltos, Magdalena muestra su verdadero amor y devoci\u00f3n a Jes\u00fas. Sheen afirm\u00f3 que Magdalena representa al verdadero PENITENTE. Todos est\u00e1n llamados a arrepentirse y creer. Tal vez todav\u00eda hay algo de la Magdalena en nosotros que necesita arrepentirse&#8230;<\/strong><\/p>\n\n\n\n<p><strong>14. SAN JUAN EL AMADO.\u00a0\u00a0Una vez m\u00e1s, Sheen representa a San Juan, de pie bajo la cruz, como representante del SACERDOCIO. Un sacerdote puede definirse como una v\u00edctima que ofrece oraciones y sacrificios en reparaci\u00f3n por los pecados y los pecadores. Jes\u00fas, la V\u00edctima inmaculada, cuelga de la cruz. San Juan est\u00e1 con Mar\u00eda al pie de la cruz, ofreciendo a Jes\u00fas al Padre Eterno por la salvaci\u00f3n de los pecadores y de la humanidad. \u00a1Que los sacerdotes imiten a San Juan Evangelista!<\/strong><\/p>\n\n\n\n<p><strong>15. NUESTRA SE\u00d1ORA.\u00a0\u00a0Son muchos los t\u00edtulos que pueden atribuirse a Mar\u00eda. Sin embargo, Sheen nombra a Mar\u00eda, al estar al pie de la cruz durante esas largas tres horas, \u00a1INOCENCIA! Todos nosotros clavamos a Jes\u00fas en la cruz debido a nuestros pecados. Mar\u00eda, la INOCENTE, nunca pec\u00f3, pero ofrece a Jes\u00fas al Padre para la salvaci\u00f3n de toda la humanidad.<\/strong><\/p>\n\n\n\n<p><strong>16. EL JES\u00daS CRUCIFICADO.\u00a0\u00a0Mientras Jes\u00fas cuelga de la cruz, tenemos la representaci\u00f3n m\u00e1s clara del AMOR ENCARNADO. San Ignacio afirma que Jes\u00fas muri\u00f3 en la cruz esencialmente por dos razones 1) para mostrarnos la fealdad del pecado; 2) pero sobre todo para mostrarnos la grandeza de su amor por nosotros. \u00a1Si t\u00fa fueras la \u00fanica persona en el mundo, entonces Jes\u00fas habr\u00eda sufrido todos los detalles m\u00e1s horripilantes y atroces de Su Pasi\u00f3n y muerte por amor a ti y a la salvaci\u00f3n de tu alma inmortal!<\/strong><\/p>\n\n\n\n<p><strong>17. EL PADRE ETERNO.\u00a0\u00a0En la pel\u00edcula de Mel Gibson, La Pasi\u00f3n de Cristo, la muerte de Jes\u00fas en la cruz termina con una enorme gota de agua que cae del cielo. \u00bfInterpretaci\u00f3n? Es la gota de agua de DIOS PADRE desde el cielo. El Padre llora la muerte de su Hijo y los pecados de la humanidad. \u00a1\u00a1\u00a1Pero el Padre permite la muerte de su Hijo por amor a nosotros y a nuestra salvaci\u00f3n eterna!!!<\/strong><\/p>\n\n\n\n<p><strong>Conclusi\u00f3n, dedica un tiempo amplio a meditar sobre los Personajes de la Pasi\u00f3n de Cristo. \u00bfCon cu\u00e1l de ellos te puedes identificar en tu propia vida? Que el Esp\u00edritu Santo ilumine tu mente para conocer la verdad, y la verdad te har\u00e1 libre.<\/strong><\/p>\n<div class=\"synved-social-container synved-social-container-share\" style=\"text-align: center\"><a class=\"synved-social-button synved-social-button-share synved-social-size-48 synved-social-resolution-single synved-social-provider-facebook nolightbox\" data-provider=\"facebook\" target=\"_blank\" rel=\"nofollow\" title=\"Share on Facebook\" href=\"https:\/\/www.facebook.com\/sharer.php?u=https%3A%2F%2Ffatherbroom.com%2Fes%2Fwp-json%2Fwp%2Fv2%2Fposts%2F26349&#038;t=LOS%20PERSONAJES%20DE%20LA%20PASI%C3%93N%20DEL%20SE%C3%91OR%20JES%C3%9AS&#038;s=100&#038;p&#091;url&#093;=https%3A%2F%2Ffatherbroom.com%2Fes%2Fwp-json%2Fwp%2Fv2%2Fposts%2F26349&#038;p&#091;images&#093;&#091;0&#093;=http%3A%2F%2Ffatherbroom.com%2Fes%2Fwp-content%2Fmedia%2Fsites%2F3%2Fpng%2FScreen-Shot-2021-03-29-at-10.41.01-AM-773x1024.png&#038;p&#091;title&#093;=LOS%20PERSONAJES%20DE%20LA%20PASI%C3%93N%20DEL%20SE%C3%91OR%20JES%C3%9AS\" style=\"font-size: 0px;width:48px;height:48px;margin:0;margin-bottom:5px;margin-right:5px\"><img loading=\"lazy\" decoding=\"async\" alt=\"Facebook\" title=\"Share on Facebook\" class=\"synved-share-image synved-social-image synved-social-image-share\" width=\"48\" height=\"48\" style=\"display: inline;width:48px;height:48px;margin: 0;padding: 0;border: none;box-shadow: none\" src=\"https:\/\/fatherbroom.com\/es\/wp-content\/plugins\/social-media-feather\/synved-social\/image\/social\/regular\/96x96\/facebook.png\" \/><\/a><a class=\"synved-social-button synved-social-button-share synved-social-size-48 synved-social-resolution-single synved-social-provider-twitter nolightbox\" data-provider=\"twitter\" target=\"_blank\" rel=\"nofollow\" title=\"Share on Twitter\" href=\"https:\/\/twitter.com\/intent\/tweet?url=https%3A%2F%2Ffatherbroom.com%2Fes%2Fwp-json%2Fwp%2Fv2%2Fposts%2F26349&#038;text=Hey%20check%20this%20out\" style=\"font-size: 0px;width:48px;height:48px;margin:0;margin-bottom:5px;margin-right:5px\"><img loading=\"lazy\" decoding=\"async\" alt=\"twitter\" title=\"Share on Twitter\" class=\"synved-share-image synved-social-image synved-social-image-share\" width=\"48\" height=\"48\" style=\"display: inline;width:48px;height:48px;margin: 0;padding: 0;border: none;box-shadow: none\" src=\"https:\/\/fatherbroom.com\/es\/wp-content\/plugins\/social-media-feather\/synved-social\/image\/social\/regular\/96x96\/twitter.png\" \/><\/a><a class=\"synved-social-button synved-social-button-share synved-social-size-48 synved-social-resolution-single synved-social-provider-reddit nolightbox\" data-provider=\"reddit\" target=\"_blank\" rel=\"nofollow\" title=\"Share on Reddit\" href=\"https:\/\/www.reddit.com\/submit?url=https%3A%2F%2Ffatherbroom.com%2Fes%2Fwp-json%2Fwp%2Fv2%2Fposts%2F26349&#038;title=LOS%20PERSONAJES%20DE%20LA%20PASI%C3%93N%20DEL%20SE%C3%91OR%20JES%C3%9AS\" style=\"font-size: 0px;width:48px;height:48px;margin:0;margin-bottom:5px;margin-right:5px\"><img loading=\"lazy\" decoding=\"async\" alt=\"reddit\" title=\"Share on Reddit\" class=\"synved-share-image synved-social-image synved-social-image-share\" width=\"48\" height=\"48\" style=\"display: inline;width:48px;height:48px;margin: 0;padding: 0;border: none;box-shadow: none\" src=\"https:\/\/fatherbroom.com\/es\/wp-content\/plugins\/social-media-feather\/synved-social\/image\/social\/regular\/96x96\/reddit.png\" \/><\/a><a class=\"synved-social-button synved-social-button-share synved-social-size-48 synved-social-resolution-single synved-social-provider-pinterest nolightbox\" data-provider=\"pinterest\" target=\"_blank\" rel=\"nofollow\" title=\"Pin it with Pinterest\" href=\"https:\/\/pinterest.com\/pin\/create\/button\/?url=https%3A%2F%2Ffatherbroom.com%2Fes%2Fwp-json%2Fwp%2Fv2%2Fposts%2F26349&#038;media=http%3A%2F%2Ffatherbroom.com%2Fes%2Fwp-content%2Fmedia%2Fsites%2F3%2Fpng%2FScreen-Shot-2021-03-29-at-10.41.01-AM-773x1024.png&#038;description=LOS%20PERSONAJES%20DE%20LA%20PASI%C3%93N%20DEL%20SE%C3%91OR%20JES%C3%9AS\" style=\"font-size: 0px;width:48px;height:48px;margin:0;margin-bottom:5px;margin-right:5px\"><img loading=\"lazy\" decoding=\"async\" alt=\"pinterest\" title=\"Pin it with Pinterest\" class=\"synved-share-image synved-social-image synved-social-image-share\" width=\"48\" height=\"48\" style=\"display: inline;width:48px;height:48px;margin: 0;padding: 0;border: none;box-shadow: none\" src=\"https:\/\/fatherbroom.com\/es\/wp-content\/plugins\/social-media-feather\/synved-social\/image\/social\/regular\/96x96\/pinterest.png\" \/><\/a><a class=\"synved-social-button synved-social-button-share synved-social-size-48 synved-social-resolution-single synved-social-provider-linkedin nolightbox\" data-provider=\"linkedin\" target=\"_blank\" rel=\"nofollow\" title=\"Share on Linkedin\" href=\"https:\/\/www.linkedin.com\/shareArticle?mini=true&#038;url=https%3A%2F%2Ffatherbroom.com%2Fes%2Fwp-json%2Fwp%2Fv2%2Fposts%2F26349&#038;title=LOS%20PERSONAJES%20DE%20LA%20PASI%C3%93N%20DEL%20SE%C3%91OR%20JES%C3%9AS\" style=\"font-size: 0px;width:48px;height:48px;margin:0;margin-bottom:5px;margin-right:5px\"><img loading=\"lazy\" decoding=\"async\" alt=\"linkedin\" title=\"Share on Linkedin\" class=\"synved-share-image synved-social-image synved-social-image-share\" width=\"48\" height=\"48\" style=\"display: inline;width:48px;height:48px;margin: 0;padding: 0;border: none;box-shadow: none\" src=\"https:\/\/fatherbroom.com\/es\/wp-content\/plugins\/social-media-feather\/synved-social\/image\/social\/regular\/96x96\/linkedin.png\" \/><\/a><a class=\"synved-social-button synved-social-button-share synved-social-size-48 synved-social-resolution-single synved-social-provider-mail nolightbox\" data-provider=\"mail\" rel=\"nofollow\" title=\"Share by email\" href=\"mailto:?subject=LOS%20PERSONAJES%20DE%20LA%20PASI%C3%93N%20DEL%20SE%C3%91OR%20JES%C3%9AS&#038;body=Hey%20check%20this%20out:%20https%3A%2F%2Ffatherbroom.com%2Fes%2Fwp-json%2Fwp%2Fv2%2Fposts%2F26349\" style=\"font-size: 0px;width:48px;height:48px;margin:0;margin-bottom:5px\"><img loading=\"lazy\" decoding=\"async\" alt=\"mail\" title=\"Share by email\" class=\"synved-share-image synved-social-image synved-social-image-share\" width=\"48\" height=\"48\" style=\"display: inline;width:48px;height:48px;margin: 0;padding: 0;border: none;box-shadow: none\" src=\"https:\/\/fatherbroom.com\/es\/wp-content\/plugins\/social-media-feather\/synved-social\/image\/social\/regular\/96x96\/mail.png\" \/><\/a><\/div>","protected":false},"excerpt":{"rendered":"<p>El Venerable Arzobispo Fulton J. Sheen present\u00f3 la meditaci\u00f3n de la Pasi\u00f3n de Nuestro Se\u00f1or y Salvador Jesucristo de m\u00e1s de una forma. Dos de las formas m\u00e1s notables en que Sheen present\u00f3 la Pasi\u00f3n de Cristo fueron las siguientes: 1) Una profunda meditaci\u00f3n y reflexi\u00f3n sobre \u00abLas siete \u00faltimas palabras de Jes\u00fas desde la [&hellip;]<\/p>\n","protected":false},"author":7,"featured_media":0,"comment_status":"closed","ping_status":"closed","sticky":false,"template":"","format":"standard","meta":{"_genesis_hide_title":false,"_genesis_hide_breadcrumbs":false,"_genesis_hide_singular_image":false,"_genesis_hide_footer_widgets":false,"_genesis_custom_body_class":"","_genesis_custom_post_class":"","_genesis_layout":"","footnotes":""},"categories":[2],"tags":[],"class_list":{"0":"post-26349","1":"post","2":"type-post","3":"status-publish","4":"format-standard","6":"category-blog","7":"entry"},"_links":{"self":[{"href":"https:\/\/fatherbroom.com\/es\/wp-json\/wp\/v2\/posts\/26349","targetHints":{"allow":["GET"]}}],"collection":[{"href":"https:\/\/fatherbroom.com\/es\/wp-json\/wp\/v2\/posts"}],"about":[{"href":"https:\/\/fatherbroom.com\/es\/wp-json\/wp\/v2\/types\/post"}],"author":[{"embeddable":true,"href":"https:\/\/fatherbroom.com\/es\/wp-json\/wp\/v2\/users\/7"}],"replies":[{"embeddable":true,"href":"https:\/\/fatherbroom.com\/es\/wp-json\/wp\/v2\/comments?post=26349"}],"version-history":[{"count":1,"href":"https:\/\/fatherbroom.com\/es\/wp-json\/wp\/v2\/posts\/26349\/revisions"}],"predecessor-version":[{"id":26351,"href":"https:\/\/fatherbroom.com\/es\/wp-json\/wp\/v2\/posts\/26349\/revisions\/26351"}],"wp:attachment":[{"href":"https:\/\/fatherbroom.com\/es\/wp-json\/wp\/v2\/media?parent=26349"}],"wp:term":[{"taxonomy":"category","embeddable":true,"href":"https:\/\/fatherbroom.com\/es\/wp-json\/wp\/v2\/categories?post=26349"},{"taxonomy":"post_tag","embeddable":true,"href":"https:\/\/fatherbroom.com\/es\/wp-json\/wp\/v2\/tags?post=26349"}],"curies":[{"name":"wp","href":"https:\/\/api.w.org\/{rel}","templated":true}]}}