{"id":23822,"date":"2020-08-13T07:01:44","date_gmt":"2020-08-13T14:01:44","guid":{"rendered":"http:\/\/fatherbroom.com\/es\/?p=23822"},"modified":"2020-08-13T07:07:05","modified_gmt":"2020-08-13T14:07:05","slug":"lecturas-del-dia-13-de-agosto-2020","status":"publish","type":"post","link":"https:\/\/fatherbroom.com\/es\/2020\/08\/lecturas-del-dia-13-de-agosto-2020\/","title":{"rendered":"LECTURAS DEL DIA |13 DE AGOSTO 2020"},"content":{"rendered":"<p><img loading=\"lazy\" decoding=\"async\" src=\"http:\/\/fatherbroom.com\/es\/wp-content\/media\/sites\/3\/Screen-Shot-2020-08-13-at-7.04.11-AM-300x169.png\" alt=\"\" width=\"614\" height=\"346\" class=\"aligncenter  wp-image-23824\" srcset=\"https:\/\/fatherbroom.com\/es\/wp-content\/media\/sites\/3\/Screen-Shot-2020-08-13-at-7.04.11-AM-300x169.png 300w, https:\/\/fatherbroom.com\/es\/wp-content\/media\/sites\/3\/Screen-Shot-2020-08-13-at-7.04.11-AM-768x433.png 768w, https:\/\/fatherbroom.com\/es\/wp-content\/media\/sites\/3\/Screen-Shot-2020-08-13-at-7.04.11-AM-1024x577.png 1024w, https:\/\/fatherbroom.com\/es\/wp-content\/media\/sites\/3\/Screen-Shot-2020-08-13-at-7.04.11-AM.png 1718w\" sizes=\"auto, (max-width: 614px) 100vw, 614px\" \/><br \/><strong>13 de agosto 2020<\/strong><\/p>\n<div class=\"wr-block b-lectionary padding-top-s padding-bottom-xxs bg-white\">\n<div class=\"container\">\n<div class=\"row\">\n<div class=\"p-wrap col-lg-10 offset-lg-1 col-xl-8 offset-xl-2 col-xxl-6 offset-xxl-3\">\n<div class=\"innerblock\">\n<h4><strong>Jueves de la XIX semana del Tiempo ordinario<\/strong><\/h4>\n<\/div>\n<\/div>\n<\/div>\n<\/div>\n<\/div>\n<div class=\"wr-block b-verse bg-white padding-bottom-m\">\n<div class=\"container\">\n<div class=\"row\">\n<div class=\"p-wrap col-lg-10 offset-lg-1 col-xl-8 offset-xl-2 col-xxl-6 offset-xxl-3 \">\n<div class=\"innerblock\">\n<div class=\"content-header\">\n<h4 class=\"name\"><strong>Primera lectura<\/strong><\/h4>\n<h4 class=\"address\"><strong>Ez 12, 1-12<\/strong><\/h4>\n<\/div>\n<div class=\"content-body\">\n<p><strong>El Se\u00f1or me habl\u00f3 y me dijo: \u201cHijo de hombre, vives en medio de un pueblo rebelde: tienen ojos para ver y no ven, o\u00eddos para o\u00edr y no oyen, porque son un pueblo rebelde.<\/strong><\/p>\n<p><strong>Ahora, pues, hijo de hombre, prepara tus cosas como quien va al destierro y vete de d\u00eda, ante la vista de todos, a ver si se dan cuenta de que son un pueblo rebelde. Arregla tus cosas como quien va al destierro, de d\u00eda, ante la vista de todos y sal por la tarde, a la vista de todos, como salen los desterrados. Haz, a la vista de todos, un agujero en la pared y sal por ah\u00ed. Ante la vista de todos, \u00e9chate tus cosas al hombro y sal en la oscuridad; c\u00fabrete la cara para no ver el pa\u00eds, porque te he convertido en una se\u00f1al para el pueblo de Israel\u2019\u2019.<\/strong><\/p>\n<p><strong>Hice, pues, lo que el Se\u00f1or me hab\u00eda ordenado: de d\u00eda prepar\u00e9 mis cosas como quien va al destierro; por la tarde hice un agujero en la pared, con la mano, y sal\u00ed en la oscuridad, con mis cosas al hombro, ante la vista de todos.<\/strong><\/p>\n<p><strong>A la ma\u00f1ana siguiente, el Se\u00f1or me habl\u00f3 y me dijo: \u201cHijo de hombre, \u00bfno te ha preguntado el pueblo de Israel, ese pueblo rebelde, qu\u00e9 era lo que estabas haciendo? Pues an\u00fanciales: \u2018Esto dice el Se\u00f1or: Estas palabras se refieren al pr\u00edncipe que est\u00e1 en Jerusal\u00e9n y a todo el pueblo de Israel, que vive en la ciudad\u2019. Diles: \u2018Yo soy una se\u00f1al para ustedes: lo que yo he hecho, eso har\u00e1n con ustedes: ir\u00e1n cautivos al destierro y su pr\u00edncipe, con sus cosas al hombro, saldr\u00e1 en la oscuridad; perforar\u00e1n una pared para que pueda salir y \u00e9l se cubrir\u00e1 la cara para no ver el pa\u00eds con sus ojos\u2019 \u201d.<\/strong><\/p>\n<\/div>\n<\/div>\n<\/div>\n<\/div>\n<\/div>\n<\/div>\n<div class=\"wr-block b-verse bg-white padding-bottom-m\">\n<div class=\"container\">\n<div class=\"row\">\n<div class=\"p-wrap col-lg-10 offset-lg-1 col-xl-8 offset-xl-2 col-xxl-6 offset-xxl-3 \">\n<div class=\"innerblock\">\n<div class=\"content-header\">\n<h4 class=\"name\"><strong>Salmo Responsorial<\/strong><\/h4>\n<h4 class=\"address\"><strong>Salmo 77, 56-57. 58-59. 61-62<\/strong><\/h4>\n<\/div>\n<div class=\"content-body\">\n<p><strong>R. (cf. 7c) Perdona a tu pueblo, Se\u00f1or.<\/strong><br \/><strong>Los israelitas provocaron al Dios alt\u00edsimo<\/strong><br \/><strong>y se rebelaron contra \u00e9l,<\/strong><br \/><strong>neg\u00e1ndose a guardar sus preceptos.<\/strong><br \/><strong>Desertaron y lo traicionaron, como sus padres,<\/strong><br \/><strong>fallaron como un arco mal hecho. R.<\/strong><\/p>\n<p><strong>En sus colinas lo encolerizaban,<\/strong><br \/><strong>con sus \u00eddolos provocaban sus celos.<\/strong><br \/><strong>Dios lo oy\u00f3 y se indign\u00f3,<\/strong><br \/><strong>y rechaz\u00f3 totalmente a Israel. R.<\/strong><\/p>\n<p><strong>Mand\u00f3 sus soldados al cautiverio<\/strong><br \/><strong>y el arca de la alianza, a las manos enemigas;<\/strong><br \/><strong>entreg\u00f3 su pueblo a la espada,<\/strong><br \/><strong>encolerizado contra su heredad. R.<\/strong><br \/><strong>Aclamaci\u00f3n antes del Evangelio<\/strong><\/p>\n<\/div>\n<\/div>\n<\/div>\n<\/div>\n<\/div>\n<\/div>\n<div class=\"wr-block b-verse bg-white padding-bottom-m\">\n<div class=\"container\">\n<div class=\"row\">\n<div class=\"p-wrap col-lg-10 offset-lg-1 col-xl-8 offset-xl-2 col-xxl-6 offset-xxl-3 \">\n<div class=\"innerblock\">\n<div class=\"content-header\">\n<h4 class=\"address\"><strong>Sal 118, 135<\/strong><\/h4>\n<\/div>\n<div class=\"content-body\">\n<p><strong>R. Aleluya, aleluya.<\/strong><br \/><strong>Se\u00f1or, mira benignamente a tus siervos<\/strong><br \/><strong>y ens\u00e9\u00f1anos a cumplir tus mandamientos.<\/strong><br \/><strong>R. Aleluya.<\/strong><\/p>\n<\/div>\n<\/div>\n<\/div>\n<\/div>\n<\/div>\n<\/div>\n<div class=\"wr-block b-verse bg-white padding-bottom-m\">\n<div class=\"container\">\n<div class=\"row\">\n<div class=\"p-wrap col-lg-10 offset-lg-1 col-xl-8 offset-xl-2 col-xxl-6 offset-xxl-3 \">\n<div class=\"innerblock\">\n<div class=\"content-header\">\n<h4 class=\"name\"><strong>Evangelio<\/strong><\/h4>\n<h4 class=\"address\"><strong>Mt 18, 21\u201319, 1<\/strong><\/h4>\n<\/div>\n<div class=\"content-body\">\n<p><strong>En aquel tiempo, Pedro se acerc\u00f3 a Jes\u00fas y le pregunt\u00f3: \u201cSi mi hermano me ofende, \u00bfcu\u00e1ntas veces tengo que perdonarlo? \u00bfHasta siete veces?\u201d Jes\u00fas le contest\u00f3: \u201cNo s\u00f3lo hasta siete, sino hasta setenta veces siete\u201d.<\/strong><\/p>\n<p><strong>Entonces Jes\u00fas les dijo: \u201cEl Reino de los cielos es semejante a un rey que quiso ajustar cuentas con sus servidores. El primero que le presentaron, le deb\u00eda muchos millones. Como no ten\u00eda con qu\u00e9 pagar, el se\u00f1or mand\u00f3 que lo vendieran a \u00e9l, a su mujer, a sus hijos y todas sus posesiones, para saldar la deuda. El servidor, arroj\u00e1ndose a sus pies, le suplicaba, diciendo: \u2018Ten paciencia conmigo y te lo pagar\u00e9 todo\u2019. El rey tuvo l\u00e1stima de aquel servidor, lo solt\u00f3 y hasta le perdon\u00f3 la deuda.<\/strong><\/p>\n<p><strong>Pero, apenas hab\u00eda salido aquel servidor, se encontr\u00f3 con uno de sus compa\u00f1eros, que le deb\u00eda poco dinero. Entonces lo agarr\u00f3 por el cuello y casi lo estrangulaba, mientras le dec\u00eda: \u2018P\u00e1game lo que me debes\u2019. El compa\u00f1ero se le arrodill\u00f3 y le rogaba: \u2018Ten paciencia conmigo y te lo pagar\u00e9 todo\u2019. Pero el otro no quiso escucharlo, sino que fue y lo meti\u00f3 en la c\u00e1rcel hasta que le pagara la deuda.<\/strong><\/p>\n<p><strong>Al ver lo ocurrido, sus compa\u00f1eros se llenaron de indignaci\u00f3n y fueron a contarle al rey lo sucedido. Entonces el se\u00f1or lo llam\u00f3 y le dijo: \u2018Siervo malvado. Te perdon\u00e9 toda aquella deuda porque me lo suplicaste. \u00bfNo deb\u00edas t\u00fa tambi\u00e9n haber tenido compasi\u00f3n de tu compa\u00f1ero, como yo tuve compasi\u00f3n de ti?\u2019 Y el se\u00f1or, encolerizado, lo entreg\u00f3 a los verdugos para que no lo soltaran hasta que pagara lo que deb\u00eda.<\/strong><\/p>\n<p><strong>Pues lo mismo har\u00e1 mi Padre celestial con ustedes si cada cual no perdona de coraz\u00f3n a su hermano\u2019\u2019.<\/strong><\/p>\n<p><strong>Cuando Jes\u00fas termin\u00f3 de hablar, sali\u00f3 de Galilea y fue a la regi\u00f3n de Judea que queda al otro lado del Jord\u00e1n.<\/strong><\/p>\n<p><strong><i>Los textos de la Sagrada Escritura utilizados en esta obra han sido tomados de los Leccionarios I, II y III, propiedad de la Comisi\u00f3n Episcopal de Pastoral Lit\u00fargica de la Conferencia Episcopal Mexicana, copyright \u00a9 1987, quinta edici\u00f3n de septiembre de 2004. Utilizados con permiso. Todos los derechos reservados. Debido a cuestiones de permisos de impresi\u00f3n, los Salmos Responsoriales que se incluyen aqu\u00ed son los del Leccionario que se utiliza en M\u00e9xico. Su parroquia podr\u00eda usar un texto diferente.<\/i><\/p>\n<p><img loading=\"lazy\" decoding=\"async\" src=\"http:\/\/fatherbroom.com\/es\/wp-content\/media\/sites\/3\/Screen-Shot-2020-08-13-at-7.06.39-AM-300x99.png\" alt=\"\" width=\"576\" height=\"190\" class=\"aligncenter  wp-image-23828\" srcset=\"https:\/\/fatherbroom.com\/es\/wp-content\/media\/sites\/3\/Screen-Shot-2020-08-13-at-7.06.39-AM-300x99.png 300w, https:\/\/fatherbroom.com\/es\/wp-content\/media\/sites\/3\/Screen-Shot-2020-08-13-at-7.06.39-AM-768x254.png 768w, https:\/\/fatherbroom.com\/es\/wp-content\/media\/sites\/3\/Screen-Shot-2020-08-13-at-7.06.39-AM-1024x339.png 1024w, https:\/\/fatherbroom.com\/es\/wp-content\/media\/sites\/3\/Screen-Shot-2020-08-13-at-7.06.39-AM.png 1814w\" sizes=\"auto, (max-width: 576px) 100vw, 576px\" \/><br \/>Catecismo de la Iglesia\u00a0Cat\u00f3lica<\/p>\n<p><b>72<\/b><span> <\/span><i>Dios eligi\u00f3 a Abraham y sell\u00f3 una alianza con \u00e9l y su descendencia. De \u00e9l form\u00f3 a su pueblo, al que revel\u00f3 su ley por medio de Mois\u00e9s. Lo prepar\u00f3 por los profetas para acoger la salvaci\u00f3n destinada a toda la humanidad.<\/i><\/p>\n<p><\/strong><\/p>\n<\/div>\n<\/div>\n<\/div>\n<\/div>\n<\/div>\n<\/div>\n<div class=\"synved-social-container synved-social-container-share\" style=\"text-align: center\"><a class=\"synved-social-button synved-social-button-share synved-social-size-48 synved-social-resolution-single synved-social-provider-facebook nolightbox\" data-provider=\"facebook\" target=\"_blank\" rel=\"nofollow\" title=\"Share on Facebook\" href=\"https:\/\/www.facebook.com\/sharer.php?u=https%3A%2F%2Ffatherbroom.com%2Fes%2Fwp-json%2Fwp%2Fv2%2Fposts%2F23822&#038;t=LECTURAS%20DEL%20DIA%20%7C13%20DE%20AGOSTO%202020&#038;s=100&#038;p&#091;url&#093;=https%3A%2F%2Ffatherbroom.com%2Fes%2Fwp-json%2Fwp%2Fv2%2Fposts%2F23822&#038;p&#091;images&#093;&#091;0&#093;=http%3A%2F%2Ffatherbroom.com%2Fes%2Fwp-content%2Fmedia%2Fsites%2F3%2FScreen-Shot-2020-08-13-at-7.06.39-AM-300x99.png&#038;p&#091;title&#093;=LECTURAS%20DEL%20DIA%20%7C13%20DE%20AGOSTO%202020\" style=\"font-size: 0px;width:48px;height:48px;margin:0;margin-bottom:5px;margin-right:5px\"><img loading=\"lazy\" decoding=\"async\" alt=\"Facebook\" title=\"Share on Facebook\" class=\"synved-share-image synved-social-image synved-social-image-share\" width=\"48\" height=\"48\" style=\"display: inline;width:48px;height:48px;margin: 0;padding: 0;border: none;box-shadow: none\" src=\"https:\/\/fatherbroom.com\/es\/wp-content\/plugins\/social-media-feather\/synved-social\/image\/social\/regular\/96x96\/facebook.png\" \/><\/a><a class=\"synved-social-button synved-social-button-share synved-social-size-48 synved-social-resolution-single synved-social-provider-twitter nolightbox\" data-provider=\"twitter\" target=\"_blank\" rel=\"nofollow\" title=\"Share on Twitter\" href=\"https:\/\/twitter.com\/intent\/tweet?url=https%3A%2F%2Ffatherbroom.com%2Fes%2Fwp-json%2Fwp%2Fv2%2Fposts%2F23822&#038;text=Hey%20check%20this%20out\" style=\"font-size: 0px;width:48px;height:48px;margin:0;margin-bottom:5px;margin-right:5px\"><img loading=\"lazy\" decoding=\"async\" alt=\"twitter\" title=\"Share on Twitter\" class=\"synved-share-image synved-social-image synved-social-image-share\" width=\"48\" height=\"48\" style=\"display: inline;width:48px;height:48px;margin: 0;padding: 0;border: none;box-shadow: none\" src=\"https:\/\/fatherbroom.com\/es\/wp-content\/plugins\/social-media-feather\/synved-social\/image\/social\/regular\/96x96\/twitter.png\" \/><\/a><a class=\"synved-social-button synved-social-button-share synved-social-size-48 synved-social-resolution-single synved-social-provider-reddit nolightbox\" data-provider=\"reddit\" target=\"_blank\" rel=\"nofollow\" title=\"Share on Reddit\" href=\"https:\/\/www.reddit.com\/submit?url=https%3A%2F%2Ffatherbroom.com%2Fes%2Fwp-json%2Fwp%2Fv2%2Fposts%2F23822&#038;title=LECTURAS%20DEL%20DIA%20%7C13%20DE%20AGOSTO%202020\" style=\"font-size: 0px;width:48px;height:48px;margin:0;margin-bottom:5px;margin-right:5px\"><img loading=\"lazy\" decoding=\"async\" alt=\"reddit\" title=\"Share on Reddit\" class=\"synved-share-image synved-social-image synved-social-image-share\" width=\"48\" height=\"48\" style=\"display: inline;width:48px;height:48px;margin: 0;padding: 0;border: none;box-shadow: none\" src=\"https:\/\/fatherbroom.com\/es\/wp-content\/plugins\/social-media-feather\/synved-social\/image\/social\/regular\/96x96\/reddit.png\" \/><\/a><a class=\"synved-social-button synved-social-button-share synved-social-size-48 synved-social-resolution-single synved-social-provider-pinterest nolightbox\" data-provider=\"pinterest\" target=\"_blank\" rel=\"nofollow\" title=\"Pin it with Pinterest\" href=\"https:\/\/pinterest.com\/pin\/create\/button\/?url=https%3A%2F%2Ffatherbroom.com%2Fes%2Fwp-json%2Fwp%2Fv2%2Fposts%2F23822&#038;media=http%3A%2F%2Ffatherbroom.com%2Fes%2Fwp-content%2Fmedia%2Fsites%2F3%2FScreen-Shot-2020-08-13-at-7.06.39-AM-300x99.png&#038;description=LECTURAS%20DEL%20DIA%20%7C13%20DE%20AGOSTO%202020\" style=\"font-size: 0px;width:48px;height:48px;margin:0;margin-bottom:5px;margin-right:5px\"><img loading=\"lazy\" decoding=\"async\" alt=\"pinterest\" title=\"Pin it with Pinterest\" class=\"synved-share-image synved-social-image synved-social-image-share\" width=\"48\" height=\"48\" style=\"display: inline;width:48px;height:48px;margin: 0;padding: 0;border: none;box-shadow: none\" src=\"https:\/\/fatherbroom.com\/es\/wp-content\/plugins\/social-media-feather\/synved-social\/image\/social\/regular\/96x96\/pinterest.png\" \/><\/a><a class=\"synved-social-button synved-social-button-share synved-social-size-48 synved-social-resolution-single synved-social-provider-linkedin nolightbox\" data-provider=\"linkedin\" target=\"_blank\" rel=\"nofollow\" title=\"Share on Linkedin\" href=\"https:\/\/www.linkedin.com\/shareArticle?mini=true&#038;url=https%3A%2F%2Ffatherbroom.com%2Fes%2Fwp-json%2Fwp%2Fv2%2Fposts%2F23822&#038;title=LECTURAS%20DEL%20DIA%20%7C13%20DE%20AGOSTO%202020\" style=\"font-size: 0px;width:48px;height:48px;margin:0;margin-bottom:5px;margin-right:5px\"><img loading=\"lazy\" decoding=\"async\" alt=\"linkedin\" title=\"Share on Linkedin\" class=\"synved-share-image synved-social-image synved-social-image-share\" width=\"48\" height=\"48\" style=\"display: inline;width:48px;height:48px;margin: 0;padding: 0;border: none;box-shadow: none\" src=\"https:\/\/fatherbroom.com\/es\/wp-content\/plugins\/social-media-feather\/synved-social\/image\/social\/regular\/96x96\/linkedin.png\" \/><\/a><a class=\"synved-social-button synved-social-button-share synved-social-size-48 synved-social-resolution-single synved-social-provider-mail nolightbox\" data-provider=\"mail\" rel=\"nofollow\" title=\"Share by email\" href=\"mailto:?subject=LECTURAS%20DEL%20DIA%20%7C13%20DE%20AGOSTO%202020&#038;body=Hey%20check%20this%20out:%20https%3A%2F%2Ffatherbroom.com%2Fes%2Fwp-json%2Fwp%2Fv2%2Fposts%2F23822\" style=\"font-size: 0px;width:48px;height:48px;margin:0;margin-bottom:5px\"><img loading=\"lazy\" decoding=\"async\" alt=\"mail\" title=\"Share by email\" class=\"synved-share-image synved-social-image synved-social-image-share\" width=\"48\" height=\"48\" style=\"display: inline;width:48px;height:48px;margin: 0;padding: 0;border: none;box-shadow: none\" src=\"https:\/\/fatherbroom.com\/es\/wp-content\/plugins\/social-media-feather\/synved-social\/image\/social\/regular\/96x96\/mail.png\" \/><\/a><\/div>","protected":false},"excerpt":{"rendered":"<p>13 de agosto 2020 Jueves de la XIX semana del Tiempo ordinario Primera lectura Ez 12, 1-12 El Se\u00f1or me habl\u00f3 y me dijo: \u201cHijo de hombre, vives en medio de un pueblo rebelde: tienen ojos para ver y no ven, o\u00eddos para o\u00edr y no oyen, porque son un pueblo rebelde. Ahora, pues, hijo [&hellip;]<\/p>\n","protected":false},"author":13,"featured_media":0,"comment_status":"open","ping_status":"open","sticky":false,"template":"","format":"standard","meta":{"_genesis_hide_title":false,"_genesis_hide_breadcrumbs":false,"_genesis_hide_singular_image":false,"_genesis_hide_footer_widgets":false,"_genesis_custom_body_class":"","_genesis_custom_post_class":"","_genesis_layout":"","footnotes":""},"categories":[277],"tags":[],"class_list":{"0":"post-23822","1":"post","2":"type-post","3":"status-publish","4":"format-standard","6":"category-lecturas-del-dia","7":"entry"},"_links":{"self":[{"href":"https:\/\/fatherbroom.com\/es\/wp-json\/wp\/v2\/posts\/23822","targetHints":{"allow":["GET"]}}],"collection":[{"href":"https:\/\/fatherbroom.com\/es\/wp-json\/wp\/v2\/posts"}],"about":[{"href":"https:\/\/fatherbroom.com\/es\/wp-json\/wp\/v2\/types\/post"}],"author":[{"embeddable":true,"href":"https:\/\/fatherbroom.com\/es\/wp-json\/wp\/v2\/users\/13"}],"replies":[{"embeddable":true,"href":"https:\/\/fatherbroom.com\/es\/wp-json\/wp\/v2\/comments?post=23822"}],"version-history":[{"count":5,"href":"https:\/\/fatherbroom.com\/es\/wp-json\/wp\/v2\/posts\/23822\/revisions"}],"predecessor-version":[{"id":23829,"href":"https:\/\/fatherbroom.com\/es\/wp-json\/wp\/v2\/posts\/23822\/revisions\/23829"}],"wp:attachment":[{"href":"https:\/\/fatherbroom.com\/es\/wp-json\/wp\/v2\/media?parent=23822"}],"wp:term":[{"taxonomy":"category","embeddable":true,"href":"https:\/\/fatherbroom.com\/es\/wp-json\/wp\/v2\/categories?post=23822"},{"taxonomy":"post_tag","embeddable":true,"href":"https:\/\/fatherbroom.com\/es\/wp-json\/wp\/v2\/tags?post=23822"}],"curies":[{"name":"wp","href":"https:\/\/api.w.org\/{rel}","templated":true}]}}