{"id":23797,"date":"2020-08-12T08:34:27","date_gmt":"2020-08-12T15:34:27","guid":{"rendered":"http:\/\/fatherbroom.com\/es\/?p=23797"},"modified":"2020-08-12T15:29:12","modified_gmt":"2020-08-12T22:29:12","slug":"lecturas-del-dia-12-de-agosto-2020","status":"publish","type":"post","link":"https:\/\/fatherbroom.com\/es\/2020\/08\/lecturas-del-dia-12-de-agosto-2020\/","title":{"rendered":"LECTURAS DEL DIA |12 DE AGOSTO 2020"},"content":{"rendered":"<p><img loading=\"lazy\" decoding=\"async\" src=\"http:\/\/fatherbroom.com\/es\/wp-content\/media\/sites\/3\/Screen-Shot-2020-08-12-at-8.35.13-AM-300x168.png\" alt=\"\" width=\"614\" height=\"344\" class=\"aligncenter  wp-image-23799\" srcset=\"https:\/\/fatherbroom.com\/es\/wp-content\/media\/sites\/3\/Screen-Shot-2020-08-12-at-8.35.13-AM-300x168.png 300w, https:\/\/fatherbroom.com\/es\/wp-content\/media\/sites\/3\/Screen-Shot-2020-08-12-at-8.35.13-AM-768x431.png 768w, https:\/\/fatherbroom.com\/es\/wp-content\/media\/sites\/3\/Screen-Shot-2020-08-12-at-8.35.13-AM-1024x574.png 1024w, https:\/\/fatherbroom.com\/es\/wp-content\/media\/sites\/3\/Screen-Shot-2020-08-12-at-8.35.13-AM.png 1716w\" sizes=\"auto, (max-width: 614px) 100vw, 614px\" \/><\/p>\n<div class=\"wr-block b-lectionary padding-top-s padding-bottom-xxs bg-white\">\n<div class=\"container\">\n<div class=\"row\">\n<div class=\"p-wrap col-lg-10 offset-lg-1 col-xl-8 offset-xl-2 col-xxl-6 offset-xxl-3\">\n<div class=\"innerblock\">\n<h4><strong>Mi\u00e9rcoles de la XIX semana del Tiempo ordinario<\/strong><\/h4>\n<\/div>\n<\/div>\n<\/div>\n<\/div>\n<\/div>\n<div class=\"wr-block b-verse bg-white padding-bottom-m\">\n<div class=\"container\">\n<div class=\"row\">\n<div class=\"p-wrap col-lg-10 offset-lg-1 col-xl-8 offset-xl-2 col-xxl-6 offset-xxl-3 \">\n<div class=\"innerblock\">\n<div class=\"content-header\">\n<h4 class=\"name\"><strong>Primera lectura<\/strong><\/h4>\n<h4 class=\"address\"><strong>Ez 9, 1-7; 10, 18-22<\/strong><\/h4>\n<\/div>\n<div class=\"content-body\">\n<p><strong>En aquellos d\u00edas, o\u00ed que el Se\u00f1or gritaba con voz potente: \u201c\u00a1Ac\u00e9rquense los que van a castigar a la ciudad, empu\u00f1ando cada uno su arma mortal!\u201d<\/strong><\/p>\n<p><strong>Entonces aparecieron, en direcci\u00f3n del p\u00f3rtico que da al norte, seis hombres, cada cual con su arma mortal en la mano. En medio de ellos estaba un hombre vestido de lino, que llevaba en la cintura un estuche para escribir. Entraron y se detuvieron ante el altar de bronce.<\/strong><\/p>\n<p><strong>La gloria del Dios de Israel que descansaba sobre los querubines, se elev\u00f3 y se dirigi\u00f3 a la entrada del templo. El Se\u00f1or llam\u00f3 al hombre vestido de lino que llevaba en la cintura el estuche para escribir y le dijo: \u201cRecorre a Jerusal\u00e9n y marca con una se\u00f1al en la frente a los hombres que gimen y lloran por todas las pr\u00e1cticas abominables que se cometen en la ciudad\u201d.<\/strong><\/p>\n<p><strong>Y o\u00ed que les dijo a los otros: \u201cRecorran la ciudad detr\u00e1s de \u00e9l y maten sin piedad ni compasi\u00f3n; maten a los viejos y a los j\u00f3venes, a las doncellas, a los ni\u00f1os y a las mujeres, hasta que no quede ni uno. Pero al que tenga la se\u00f1al en la frente no lo toquen. Comiencen, pues, por mi santuario\u201d.<\/strong><\/p>\n<p><strong>Entonces ellos empezaron a matar a los ancianos que estaban delante del templo, y el Se\u00f1or les dijo: \u201cProfanen el templo; llenen sus atrios de cad\u00e1veres y salgan despu\u00e9s a matar a los que se encuentran en la ciudad\u201d.<\/strong><\/p>\n<p><strong>Luego la gloria del Se\u00f1or se elev\u00f3 del umbral del templo y se pos\u00f3 sobre los querubines. Al partir, los querubines desplegaron sus alas y se elevaron del suelo ante mis ojos. Se detuvieron a la entrada del p\u00f3rtico oriental del templo del Se\u00f1or, y la gloria del Dios de Israel estaba encima de ellos. Eran los mismos seres vivientes que yo hab\u00eda visto debajo del Dios de Israel, junto al r\u00edo Kebar, y reconoc\u00ed que eran los querubines. Cada uno ten\u00eda cuatro caras y cuatro alas, y unas como manos bajo las alas. Sus caras se parec\u00edan a las que yo hab\u00eda visto junto al r\u00edo Kebar. Y todos caminaban hacia el frente.<\/strong><\/p>\n<\/div>\n<\/div>\n<\/div>\n<\/div>\n<\/div>\n<\/div>\n<div class=\"wr-block b-verse bg-white padding-bottom-m\">\n<div class=\"container\">\n<div class=\"row\">\n<div class=\"p-wrap col-lg-10 offset-lg-1 col-xl-8 offset-xl-2 col-xxl-6 offset-xxl-3 \">\n<div class=\"innerblock\">\n<div class=\"content-header\">\n<h4 class=\"name\"><strong>Salmo Responsorial<\/strong><\/h4>\n<h4 class=\"address\"><strong>Salmo 112, 1-2. 3-4. 5-6<\/strong><\/h4>\n<\/div>\n<div class=\"content-body\">\n<p><strong>R. Bendita sea al Se\u00f1or ahora y para siempre.<\/strong><br \/><strong>Bendito sea el Se\u00f1or,<\/strong><br \/><strong>al\u00e1benlo sus siervos.<\/strong><br \/><strong>Bendito sea el Se\u00f1or,<\/strong><br \/><strong>desde ahora y para siempre. R.<\/strong><\/p>\n<p><strong>Desde que sale el sol hasta su ocaso,<\/strong><br \/><strong>alabado sea el nombre del Se\u00f1or.<\/strong><br \/><strong>Dios est\u00e1 sobra todas las naciones,<\/strong><br \/><strong>su gloria, por encima de los cielos. R.<\/strong><\/p>\n<p><strong>\u00bfQui\u00e9n hay como el Se\u00f1or?<\/strong><br \/><strong>\u00bfQui\u00e9n iguala al Dois nuestro,<\/strong><br \/><strong>que tiene en las alturas su morada,<\/strong><br \/><strong>y sin embargo de esto,<\/strong><br \/><strong>bajar se digna su mirada<\/strong><br \/><strong>para ver tierra y cielo? R.<\/strong><\/p>\n<\/div>\n<\/div>\n<\/div>\n<\/div>\n<\/div>\n<\/div>\n<div class=\"wr-block b-verse bg-white padding-bottom-m\">\n<div class=\"container\">\n<div class=\"row\">\n<div class=\"p-wrap col-lg-10 offset-lg-1 col-xl-8 offset-xl-2 col-xxl-6 offset-xxl-3 \">\n<div class=\"innerblock\">\n<div class=\"content-header\">\n<h4 class=\"name\"><strong>Aclamaci\u00f3n antes del Evangelio<\/strong><\/h4>\n<h4 class=\"address\"><strong>2 Cor 5, 19<\/strong><\/h4>\n<\/div>\n<div class=\"content-body\">\n<p><strong>R. Aleluya, aleluya.<\/strong><br \/><strong>Dios ha reconciliado consigo al mundo, por medio de Cristo,<\/strong><br \/><strong>y nos ha encomendado a nosotros<\/strong><br \/><strong>el mensaje de la reconciliaci\u00f3n.<\/strong><br \/><strong>R. Aleluya.<\/strong><\/p>\n<\/div>\n<\/div>\n<\/div>\n<\/div>\n<\/div>\n<\/div>\n<div class=\"wr-block b-verse bg-white padding-bottom-m\">\n<div class=\"container\">\n<div class=\"row\">\n<div class=\"p-wrap col-lg-10 offset-lg-1 col-xl-8 offset-xl-2 col-xxl-6 offset-xxl-3 \">\n<div class=\"innerblock\">\n<div class=\"content-header\">\n<h4 class=\"name\"><strong>Evangelio<\/strong><\/h4>\n<div class=\"address\"><strong>Mt 18, 15-20<\/strong><\/div>\n<\/div>\n<div class=\"content-body\">\n<p><strong>En aquel tiempo, Jes\u00fas dijo a sus disc\u00edpulos: \u201cSi tu hermano comete un pecado, ve y amon\u00e9stalo a solas. Si te escucha, habr\u00e1s salvado a tu hermano. Si no te hace caso, hazte acompa\u00f1ar de una o dos personas, para que todo lo que se diga conste por boca de dos o tres testigos. Pero si ni as\u00ed te hace caso, d\u00edselo a la comunidad; y si ni a la comunidad le hace caso, ap\u00e1rtate de \u00e9l como de un pagano o de un publicano.<\/strong><\/p>\n<p><strong>Yo les aseguro que todo lo que aten en la tierra, quedar\u00e1 atado en el cielo, y todo lo que desaten en la tierra, quedar\u00e1 desatado en el cielo.<\/strong><\/p>\n<p><strong>Yo les aseguro tambi\u00e9n que si dos de ustedes se ponen de acuerdo para pedir algo, sea lo que fuere, mi Padre celestial se lo conceder\u00e1; pues donde dos o tres se re\u00fanen en mi nombre, ah\u00ed estoy yo en medio de ellos\u2019\u2019<\/p>\n<p><img loading=\"lazy\" decoding=\"async\" src=\"http:\/\/fatherbroom.com\/es\/wp-content\/media\/sites\/3\/Screen-Shot-2020-08-12-at-8.36.23-AM-300x100.png\" alt=\"\" width=\"558\" height=\"186\" class=\"aligncenter  wp-image-23801\" srcset=\"https:\/\/fatherbroom.com\/es\/wp-content\/media\/sites\/3\/Screen-Shot-2020-08-12-at-8.36.23-AM-300x100.png 300w, https:\/\/fatherbroom.com\/es\/wp-content\/media\/sites\/3\/Screen-Shot-2020-08-12-at-8.36.23-AM-768x256.png 768w, https:\/\/fatherbroom.com\/es\/wp-content\/media\/sites\/3\/Screen-Shot-2020-08-12-at-8.36.23-AM-1024x342.png 1024w, https:\/\/fatherbroom.com\/es\/wp-content\/media\/sites\/3\/Screen-Shot-2020-08-12-at-8.36.23-AM.png 1816w\" sizes=\"auto, (max-width: 558px) 100vw, 558px\" \/><br \/><b>71<\/b><span> <\/span><i>Dios sell\u00f3 con No\u00e9 una alianza eterna entre \u00c9l y todos los seres vivientes (cf. <\/i><span>Gn<\/span><i> 9,16). Esta alianza durar\u00e1 tanto como dure el mundo.<\/p>\n<p><img loading=\"lazy\" decoding=\"async\" src=\"http:\/\/fatherbroom.com\/es\/wp-content\/media\/sites\/3\/Screen-Shot-2020-08-12-at-8.39.29-AM-300x99.png\" alt=\"\" width=\"554\" height=\"183\" class=\"aligncenter  wp-image-23803\" srcset=\"https:\/\/fatherbroom.com\/es\/wp-content\/media\/sites\/3\/Screen-Shot-2020-08-12-at-8.39.29-AM-300x99.png 300w, https:\/\/fatherbroom.com\/es\/wp-content\/media\/sites\/3\/Screen-Shot-2020-08-12-at-8.39.29-AM-768x253.png 768w, https:\/\/fatherbroom.com\/es\/wp-content\/media\/sites\/3\/Screen-Shot-2020-08-12-at-8.39.29-AM-1024x338.png 1024w, https:\/\/fatherbroom.com\/es\/wp-content\/media\/sites\/3\/Screen-Shot-2020-08-12-at-8.39.29-AM.png 1812w\" sizes=\"auto, (max-width: 554px) 100vw, 554px\" \/><br \/><img loading=\"lazy\" decoding=\"async\" src=\"http:\/\/fatherbroom.com\/es\/wp-content\/media\/sites\/3\/JohannaFranziskaFremyotdeChantal01-278x300.jpg\" alt=\"\" width=\"278\" height=\"300\" class=\"aligncenter size-medium wp-image-23804\" srcset=\"https:\/\/fatherbroom.com\/es\/wp-content\/media\/sites\/3\/JohannaFranziskaFremyotdeChantal01-278x300.jpg 278w, https:\/\/fatherbroom.com\/es\/wp-content\/media\/sites\/3\/JohannaFranziskaFremyotdeChantal01.jpg 509w\" sizes=\"auto, (max-width: 278px) 100vw, 278px\" \/><\/i><br \/><\/strong><\/p>\n<\/div>\n<\/div>\n<\/div>\n<\/div>\n<\/div>\n<\/div>\n<div class=\"synved-social-container synved-social-container-share\" style=\"text-align: center\"><a class=\"synved-social-button synved-social-button-share synved-social-size-48 synved-social-resolution-single synved-social-provider-facebook nolightbox\" data-provider=\"facebook\" target=\"_blank\" rel=\"nofollow\" title=\"Share on Facebook\" href=\"https:\/\/www.facebook.com\/sharer.php?u=https%3A%2F%2Ffatherbroom.com%2Fes%2Fwp-json%2Fwp%2Fv2%2Fposts%2F23797&#038;t=LECTURAS%20DEL%20DIA%20%7C12%20DE%20AGOSTO%202020&#038;s=100&#038;p&#091;url&#093;=https%3A%2F%2Ffatherbroom.com%2Fes%2Fwp-json%2Fwp%2Fv2%2Fposts%2F23797&#038;p&#091;images&#093;&#091;0&#093;=http%3A%2F%2Ffatherbroom.com%2Fes%2Fwp-content%2Fmedia%2Fsites%2F3%2FJohannaFranziskaFremyotdeChantal01-278x300.jpg&#038;p&#091;title&#093;=LECTURAS%20DEL%20DIA%20%7C12%20DE%20AGOSTO%202020\" style=\"font-size: 0px;width:48px;height:48px;margin:0;margin-bottom:5px;margin-right:5px\"><img loading=\"lazy\" decoding=\"async\" alt=\"Facebook\" title=\"Share on Facebook\" class=\"synved-share-image synved-social-image synved-social-image-share\" width=\"48\" height=\"48\" style=\"display: inline;width:48px;height:48px;margin: 0;padding: 0;border: none;box-shadow: none\" src=\"https:\/\/fatherbroom.com\/es\/wp-content\/plugins\/social-media-feather\/synved-social\/image\/social\/regular\/96x96\/facebook.png\" \/><\/a><a class=\"synved-social-button synved-social-button-share synved-social-size-48 synved-social-resolution-single synved-social-provider-twitter nolightbox\" data-provider=\"twitter\" target=\"_blank\" rel=\"nofollow\" title=\"Share on Twitter\" href=\"https:\/\/twitter.com\/intent\/tweet?url=https%3A%2F%2Ffatherbroom.com%2Fes%2Fwp-json%2Fwp%2Fv2%2Fposts%2F23797&#038;text=Hey%20check%20this%20out\" style=\"font-size: 0px;width:48px;height:48px;margin:0;margin-bottom:5px;margin-right:5px\"><img loading=\"lazy\" decoding=\"async\" alt=\"twitter\" title=\"Share on Twitter\" class=\"synved-share-image synved-social-image synved-social-image-share\" width=\"48\" height=\"48\" style=\"display: inline;width:48px;height:48px;margin: 0;padding: 0;border: none;box-shadow: none\" src=\"https:\/\/fatherbroom.com\/es\/wp-content\/plugins\/social-media-feather\/synved-social\/image\/social\/regular\/96x96\/twitter.png\" \/><\/a><a class=\"synved-social-button synved-social-button-share synved-social-size-48 synved-social-resolution-single synved-social-provider-reddit nolightbox\" data-provider=\"reddit\" target=\"_blank\" rel=\"nofollow\" title=\"Share on Reddit\" href=\"https:\/\/www.reddit.com\/submit?url=https%3A%2F%2Ffatherbroom.com%2Fes%2Fwp-json%2Fwp%2Fv2%2Fposts%2F23797&#038;title=LECTURAS%20DEL%20DIA%20%7C12%20DE%20AGOSTO%202020\" style=\"font-size: 0px;width:48px;height:48px;margin:0;margin-bottom:5px;margin-right:5px\"><img loading=\"lazy\" decoding=\"async\" alt=\"reddit\" title=\"Share on Reddit\" class=\"synved-share-image synved-social-image synved-social-image-share\" width=\"48\" height=\"48\" style=\"display: inline;width:48px;height:48px;margin: 0;padding: 0;border: none;box-shadow: none\" src=\"https:\/\/fatherbroom.com\/es\/wp-content\/plugins\/social-media-feather\/synved-social\/image\/social\/regular\/96x96\/reddit.png\" \/><\/a><a class=\"synved-social-button synved-social-button-share synved-social-size-48 synved-social-resolution-single synved-social-provider-pinterest nolightbox\" data-provider=\"pinterest\" target=\"_blank\" rel=\"nofollow\" title=\"Pin it with Pinterest\" href=\"https:\/\/pinterest.com\/pin\/create\/button\/?url=https%3A%2F%2Ffatherbroom.com%2Fes%2Fwp-json%2Fwp%2Fv2%2Fposts%2F23797&#038;media=http%3A%2F%2Ffatherbroom.com%2Fes%2Fwp-content%2Fmedia%2Fsites%2F3%2FJohannaFranziskaFremyotdeChantal01-278x300.jpg&#038;description=LECTURAS%20DEL%20DIA%20%7C12%20DE%20AGOSTO%202020\" style=\"font-size: 0px;width:48px;height:48px;margin:0;margin-bottom:5px;margin-right:5px\"><img loading=\"lazy\" decoding=\"async\" alt=\"pinterest\" title=\"Pin it with Pinterest\" class=\"synved-share-image synved-social-image synved-social-image-share\" width=\"48\" height=\"48\" style=\"display: inline;width:48px;height:48px;margin: 0;padding: 0;border: none;box-shadow: none\" src=\"https:\/\/fatherbroom.com\/es\/wp-content\/plugins\/social-media-feather\/synved-social\/image\/social\/regular\/96x96\/pinterest.png\" \/><\/a><a class=\"synved-social-button synved-social-button-share synved-social-size-48 synved-social-resolution-single synved-social-provider-linkedin nolightbox\" data-provider=\"linkedin\" target=\"_blank\" rel=\"nofollow\" title=\"Share on Linkedin\" href=\"https:\/\/www.linkedin.com\/shareArticle?mini=true&#038;url=https%3A%2F%2Ffatherbroom.com%2Fes%2Fwp-json%2Fwp%2Fv2%2Fposts%2F23797&#038;title=LECTURAS%20DEL%20DIA%20%7C12%20DE%20AGOSTO%202020\" style=\"font-size: 0px;width:48px;height:48px;margin:0;margin-bottom:5px;margin-right:5px\"><img loading=\"lazy\" decoding=\"async\" alt=\"linkedin\" title=\"Share on Linkedin\" class=\"synved-share-image synved-social-image synved-social-image-share\" width=\"48\" height=\"48\" style=\"display: inline;width:48px;height:48px;margin: 0;padding: 0;border: none;box-shadow: none\" src=\"https:\/\/fatherbroom.com\/es\/wp-content\/plugins\/social-media-feather\/synved-social\/image\/social\/regular\/96x96\/linkedin.png\" \/><\/a><a class=\"synved-social-button synved-social-button-share synved-social-size-48 synved-social-resolution-single synved-social-provider-mail nolightbox\" data-provider=\"mail\" rel=\"nofollow\" title=\"Share by email\" href=\"mailto:?subject=LECTURAS%20DEL%20DIA%20%7C12%20DE%20AGOSTO%202020&#038;body=Hey%20check%20this%20out:%20https%3A%2F%2Ffatherbroom.com%2Fes%2Fwp-json%2Fwp%2Fv2%2Fposts%2F23797\" style=\"font-size: 0px;width:48px;height:48px;margin:0;margin-bottom:5px\"><img loading=\"lazy\" decoding=\"async\" alt=\"mail\" title=\"Share by email\" class=\"synved-share-image synved-social-image synved-social-image-share\" width=\"48\" height=\"48\" style=\"display: inline;width:48px;height:48px;margin: 0;padding: 0;border: none;box-shadow: none\" src=\"https:\/\/fatherbroom.com\/es\/wp-content\/plugins\/social-media-feather\/synved-social\/image\/social\/regular\/96x96\/mail.png\" \/><\/a><\/div>","protected":false},"excerpt":{"rendered":"<p>Mi\u00e9rcoles de la XIX semana del Tiempo ordinario Primera lectura Ez 9, 1-7; 10, 18-22 En aquellos d\u00edas, o\u00ed que el Se\u00f1or gritaba con voz potente: \u201c\u00a1Ac\u00e9rquense los que van a castigar a la ciudad, empu\u00f1ando cada uno su arma mortal!\u201d Entonces aparecieron, en direcci\u00f3n del p\u00f3rtico que da al norte, seis hombres, cada cual [&hellip;]<\/p>\n","protected":false},"author":7,"featured_media":0,"comment_status":"open","ping_status":"open","sticky":false,"template":"","format":"standard","meta":{"_genesis_hide_title":false,"_genesis_hide_breadcrumbs":false,"_genesis_hide_singular_image":false,"_genesis_hide_footer_widgets":false,"_genesis_custom_body_class":"","_genesis_custom_post_class":"","_genesis_layout":"","footnotes":""},"categories":[277],"tags":[],"class_list":{"0":"post-23797","1":"post","2":"type-post","3":"status-publish","4":"format-standard","6":"category-lecturas-del-dia","7":"entry"},"_links":{"self":[{"href":"https:\/\/fatherbroom.com\/es\/wp-json\/wp\/v2\/posts\/23797","targetHints":{"allow":["GET"]}}],"collection":[{"href":"https:\/\/fatherbroom.com\/es\/wp-json\/wp\/v2\/posts"}],"about":[{"href":"https:\/\/fatherbroom.com\/es\/wp-json\/wp\/v2\/types\/post"}],"author":[{"embeddable":true,"href":"https:\/\/fatherbroom.com\/es\/wp-json\/wp\/v2\/users\/7"}],"replies":[{"embeddable":true,"href":"https:\/\/fatherbroom.com\/es\/wp-json\/wp\/v2\/comments?post=23797"}],"version-history":[{"count":4,"href":"https:\/\/fatherbroom.com\/es\/wp-json\/wp\/v2\/posts\/23797\/revisions"}],"predecessor-version":[{"id":23800,"href":"https:\/\/fatherbroom.com\/es\/wp-json\/wp\/v2\/posts\/23797\/revisions\/23800"}],"wp:attachment":[{"href":"https:\/\/fatherbroom.com\/es\/wp-json\/wp\/v2\/media?parent=23797"}],"wp:term":[{"taxonomy":"category","embeddable":true,"href":"https:\/\/fatherbroom.com\/es\/wp-json\/wp\/v2\/categories?post=23797"},{"taxonomy":"post_tag","embeddable":true,"href":"https:\/\/fatherbroom.com\/es\/wp-json\/wp\/v2\/tags?post=23797"}],"curies":[{"name":"wp","href":"https:\/\/api.w.org\/{rel}","templated":true}]}}