{"id":23731,"date":"2020-08-11T02:00:09","date_gmt":"2020-08-11T09:00:09","guid":{"rendered":"http:\/\/fatherbroom.com\/es\/?p=23731"},"modified":"2020-08-09T13:36:22","modified_gmt":"2020-08-09T20:36:22","slug":"lecturas-del-dia-11-de-agosto-2020","status":"publish","type":"post","link":"https:\/\/fatherbroom.com\/es\/2020\/08\/lecturas-del-dia-11-de-agosto-2020\/","title":{"rendered":"LECTURAS DEL DIA |11 DE AGOSTO 2020"},"content":{"rendered":"<h4><strong><img loading=\"lazy\" decoding=\"async\" src=\"http:\/\/fatherbroom.com\/es\/wp-content\/media\/sites\/3\/Screen-Shot-2020-08-09-at-1.22.35-PM-300x168.png\" alt=\"\" width=\"584\" height=\"327\" class=\"aligncenter  wp-image-23744\" srcset=\"https:\/\/fatherbroom.com\/es\/wp-content\/media\/sites\/3\/Screen-Shot-2020-08-09-at-1.22.35-PM-300x168.png 300w, https:\/\/fatherbroom.com\/es\/wp-content\/media\/sites\/3\/Screen-Shot-2020-08-09-at-1.22.35-PM-768x431.png 768w, https:\/\/fatherbroom.com\/es\/wp-content\/media\/sites\/3\/Screen-Shot-2020-08-09-at-1.22.35-PM-1024x575.png 1024w, https:\/\/fatherbroom.com\/es\/wp-content\/media\/sites\/3\/Screen-Shot-2020-08-09-at-1.22.35-PM.png 1646w\" sizes=\"auto, (max-width: 584px) 100vw, 584px\" \/><br \/>11 de agosto 2020<\/strong><\/h4>\n<div class=\"wr-block b-lectionary padding-top-s padding-bottom-xxs bg-white\">\n<div class=\"container\">\n<div class=\"row\">\n<div class=\"p-wrap col-lg-10 offset-lg-1 col-xl-8 offset-xl-2 col-xxl-6 offset-xxl-3\">\n<div class=\"innerblock\">\n<h4><strong>Memoria de Santa Clara, virgen<\/strong><\/h4>\n<\/div>\n<\/div>\n<\/div>\n<\/div>\n<\/div>\n<div class=\"wr-block b-verse bg-white padding-bottom-m\">\n<div class=\"container\">\n<div class=\"row\">\n<div class=\"p-wrap col-lg-10 offset-lg-1 col-xl-8 offset-xl-2 col-xxl-6 offset-xxl-3 \">\n<div class=\"innerblock\">\n<div class=\"content-header\">\n<h4 class=\"name\"><strong>Primera lectura\u00a0Ez 2, 8\u20133, 4<\/strong><\/h4>\n<\/div>\n<div class=\"content-body\">\n<p><strong>Esto dice el Se\u00f1or: \u201cHijo de hombre, escucha lo que voy a decirte y no seas rebelde como la casa rebelde. Abre la boca y come lo que voy a darte\u201d.<\/strong><\/p>\n<p><strong>Vi entonces una mano tendida hacia m\u00ed, con un libro enrollado. Lo desenroll\u00f3 ante m\u00ed: estaba escrito por dentro y por fuera; ten\u00eda escritas lamentaciones y amenazas. Y me dijo: \u201cHijo de hombre, come lo que tienes aqu\u00ed; c\u00f3mete este libro y vete a hablar a los hijos de Israel\u201d.<\/strong><\/p>\n<p><strong>Abr\u00ed la boca y me dio a comer el libro, dici\u00e9ndome: \u201cHijo de hombre, alimenta tu vientre y sacia tus entra\u00f1as con este libro que te doy\u201d. Me lo com\u00ed y me supo dulce como la miel. Y me dijo: \u201cHijo de hombre, anda; dir\u00edgete a los hijos de Israel y diles mis palabras\u201d.<\/strong><\/p>\n<\/div>\n<\/div>\n<\/div>\n<\/div>\n<\/div>\n<\/div>\n<div class=\"wr-block b-verse bg-white padding-bottom-m\">\n<div class=\"container\">\n<div class=\"row\">\n<div class=\"p-wrap col-lg-10 offset-lg-1 col-xl-8 offset-xl-2 col-xxl-6 offset-xxl-3 \">\n<div class=\"innerblock\">\n<div class=\"content-header\">\n<h4 class=\"name\"><strong>Salmo Responsorial<\/strong><\/h4>\n<div class=\"address\"><strong>Salmo 118, 14. 24. 72 103. 111. 131<\/strong><\/div>\n<\/div>\n<div class=\"content-body\">\n<p><strong>R. (103a) Tus mandamientos, Se\u00f1or, son mi alegr\u00eda.<\/strong><br \/><strong>Me gozo m\u00e1s cumpliendo tus preceptos<\/strong><br \/><strong>que teniendo riquezas.<\/strong><br \/><strong>Tus mandamientos, Se\u00f1or, so mi alegr\u00eda;<\/strong><br \/><strong>ellos son tambi\u00e9n mis consejeros. R.<\/strong><\/p>\n<p><strong>Para m\u00ed valen m\u00e1s estimo tus ense\u00f1anzas<\/strong><br \/><strong>que miles de monedas de oro y plata.<\/strong><br \/><strong>\u00a1Qu\u00e9 dulces al paladar son tus promesas!<\/strong><br \/><strong>M\u00e1s que la miel en la boca. R.<\/strong><\/p>\n<p><strong>Tus preceptos son mi herencia perpetua,<\/strong><br \/><strong>la alegr\u00eda de mi coraz\u00f3n.<\/strong><br \/><strong>Hondamente suspiro, Se\u00f1or,<\/strong><br \/><strong>por guardar tus mandamientos. R.<\/strong><\/p>\n<\/div>\n<\/div>\n<\/div>\n<\/div>\n<\/div>\n<\/div>\n<div class=\"wr-block b-verse bg-white padding-bottom-m\">\n<div class=\"container\">\n<div class=\"row\">\n<div class=\"p-wrap col-lg-10 offset-lg-1 col-xl-8 offset-xl-2 col-xxl-6 offset-xxl-3 \">\n<div class=\"innerblock\">\n<div class=\"content-header\">\n<h4 class=\"name\"><strong>Aclamaci\u00f3n antes del Evangelio\u00a0Mt 11, 29<\/strong><\/h4>\n<\/div>\n<div class=\"content-body\">\n<p><strong>R. Aleluya, aleluya.<\/strong><br \/><strong>Tomen mi yugo sobre ustedes, dice el Se\u00f1or,<\/strong><br \/><strong>y aprendan de m\u00ed, que soy manso y humilde de coraz\u00f3n.<\/strong><br \/><strong>R. Aleluya.<\/strong><\/p>\n<\/div>\n<\/div>\n<\/div>\n<\/div>\n<\/div>\n<\/div>\n<div class=\"wr-block b-verse bg-white padding-bottom-m\">\n<div class=\"container\">\n<div class=\"row\">\n<div class=\"p-wrap col-lg-10 offset-lg-1 col-xl-8 offset-xl-2 col-xxl-6 offset-xxl-3 \">\n<div class=\"innerblock\">\n<div class=\"content-header\">\n<h4 class=\"name\"><strong>Evangelio\u00a0Mt 18, 1-5. 10. 12-14<\/strong><\/h4>\n<\/div>\n<div class=\"content-body\">\n<p><strong>En cierta ocasi\u00f3n, los disc\u00edpulos se acercaron a Jes\u00fas y le preguntaron: \u201c\u00bfQui\u00e9n es el m\u00e1s grande en el Reino de los cielos?\u201d<\/strong><\/p>\n<p><strong>Jes\u00fas llam\u00f3 a un ni\u00f1o, lo puso en medio de ellos y les dijo: \u201cYo les aseguro a ustedes que si no cambian y no se hacen como los ni\u00f1os, no entrar\u00e1n en el Reino de los cielos. As\u00ed pues, quien se haga peque\u00f1o como este ni\u00f1o, \u00e9se es el m\u00e1s grande en el Reino de los cielos. Y el que reciba a un ni\u00f1o como \u00e9ste en mi nombre, me recibe a m\u00ed.<\/strong><\/p>\n<p><strong>Cuidado con despreciar a uno de estos peque\u00f1os, pues yo les digo que sus \u00e1ngeles, en el cielo, ven continuamente el rostro de mi Padre, que est\u00e1 en el cielo.<\/strong><\/p>\n<p><strong>\u00bfQu\u00e9 les parece? Si un hombre tiene cien ovejas y se le pierde una, \u00bfacaso no deja las noventa y nueve en los montes, y se va a buscar a la que se le perdi\u00f3? Y si llega a encontrarla, les aseguro que se alegrar\u00e1 m\u00e1s por ella, que por las noventa y nueve que no se le perdieron. De igual modo, el Padre celestial no quiere que se pierda ni uno solo de estos peque\u00f1os\u2019\u2019.<\/strong><\/p>\n<p><strong><em>Los textos de la Sagrada Escritura utilizados en esta obra han sido tomados de los Leccionarios I, II y III, propiedad de la Comisi\u00f3n Episcopal de Pastoral Lit\u00fargica de la Conferencia Episcopal Mexicana, copyright \u00a9 1987, quinta edici\u00f3n de septiembre de 2004. Utilizados con permiso. Todos los derechos reservados. Debido a cuestiones de permisos de impresi\u00f3n, los Salmos Responsoriales que se incluyen aqu\u00ed son los del Leccionario que se utiliza en M\u00e9xico. Su parroquia podr\u00eda usar un texto diferente.<\/em><\/strong><\/p>\n<p><strong><img loading=\"lazy\" decoding=\"async\" src=\"http:\/\/fatherbroom.com\/es\/wp-content\/media\/sites\/3\/Screen-Shot-2020-08-09-at-12.49.40-PM-300x99.png\" alt=\"\" width=\"582\" height=\"192\" class=\"aligncenter  wp-image-23740\" srcset=\"https:\/\/fatherbroom.com\/es\/wp-content\/media\/sites\/3\/Screen-Shot-2020-08-09-at-12.49.40-PM-300x99.png 300w, https:\/\/fatherbroom.com\/es\/wp-content\/media\/sites\/3\/Screen-Shot-2020-08-09-at-12.49.40-PM-768x252.png 768w, https:\/\/fatherbroom.com\/es\/wp-content\/media\/sites\/3\/Screen-Shot-2020-08-09-at-12.49.40-PM-1024x336.png 1024w, https:\/\/fatherbroom.com\/es\/wp-content\/media\/sites\/3\/Screen-Shot-2020-08-09-at-12.49.40-PM.png 1638w\" sizes=\"auto, (max-width: 582px) 100vw, 582px\" \/><\/strong><br \/><strong>Catecismo de la Iglesia Cat\u00f3lica<\/strong><\/p>\n<p><strong>70 <i>M\u00e1s all\u00e1 del testimonio que Dios da de s\u00ed mismo en las cosas creadas, se manifest\u00f3 a nuestros primeros padres. Les habl\u00f3 y, despu\u00e9s de la ca\u00edda, les prometi\u00f3 la salvaci\u00f3n (cf. <\/i>Gn<\/strong><i><strong>3,15), y les ofreci\u00f3 su alianza.<\/strong><\/p>\n<p><img loading=\"lazy\" decoding=\"async\" src=\"http:\/\/fatherbroom.com\/es\/wp-content\/media\/sites\/3\/Screen-Shot-2020-08-09-at-12.46.50-PM-300x100.png\" alt=\"\" width=\"471\" height=\"157\" class=\"aligncenter  wp-image-23735\" srcset=\"https:\/\/fatherbroom.com\/es\/wp-content\/media\/sites\/3\/Screen-Shot-2020-08-09-at-12.46.50-PM-300x100.png 300w, https:\/\/fatherbroom.com\/es\/wp-content\/media\/sites\/3\/Screen-Shot-2020-08-09-at-12.46.50-PM-768x257.png 768w, https:\/\/fatherbroom.com\/es\/wp-content\/media\/sites\/3\/Screen-Shot-2020-08-09-at-12.46.50-PM-1024x343.png 1024w, https:\/\/fatherbroom.com\/es\/wp-content\/media\/sites\/3\/Screen-Shot-2020-08-09-at-12.46.50-PM.png 1644w\" sizes=\"auto, (max-width: 471px) 100vw, 471px\" \/><\/p>\n<p><img loading=\"lazy\" decoding=\"async\" src=\"http:\/\/fatherbroom.com\/es\/wp-content\/media\/sites\/3\/Screen-Shot-2020-08-09-at-1.28.34-PM-224x300.png\" alt=\"\" width=\"351\" height=\"470\" class=\"aligncenter  wp-image-23750\" srcset=\"https:\/\/fatherbroom.com\/es\/wp-content\/media\/sites\/3\/Screen-Shot-2020-08-09-at-1.28.34-PM-224x300.png 224w, https:\/\/fatherbroom.com\/es\/wp-content\/media\/sites\/3\/Screen-Shot-2020-08-09-at-1.28.34-PM-768x1029.png 768w, https:\/\/fatherbroom.com\/es\/wp-content\/media\/sites\/3\/Screen-Shot-2020-08-09-at-1.28.34-PM-764x1024.png 764w, https:\/\/fatherbroom.com\/es\/wp-content\/media\/sites\/3\/Screen-Shot-2020-08-09-at-1.28.34-PM.png 1094w\" sizes=\"auto, (max-width: 351px) 100vw, 351px\" \/><\/p>\n<p><\/i><img loading=\"lazy\" decoding=\"async\" src=\"http:\/\/fatherbroom.com\/es\/wp-content\/media\/sites\/3\/Screen-Shot-2020-08-07-at-9.45.08-AM-226x300.png\" alt=\"\" width=\"404\" height=\"536\" class=\"aligncenter  wp-image-23736\" srcset=\"https:\/\/fatherbroom.com\/es\/wp-content\/media\/sites\/3\/Screen-Shot-2020-08-07-at-9.45.08-AM-226x300.png 226w, https:\/\/fatherbroom.com\/es\/wp-content\/media\/sites\/3\/Screen-Shot-2020-08-07-at-9.45.08-AM-768x1020.png 768w, https:\/\/fatherbroom.com\/es\/wp-content\/media\/sites\/3\/Screen-Shot-2020-08-07-at-9.45.08-AM-771x1024.png 771w, https:\/\/fatherbroom.com\/es\/wp-content\/media\/sites\/3\/Screen-Shot-2020-08-07-at-9.45.08-AM.png 1102w\" sizes=\"auto, (max-width: 404px) 100vw, 404px\" \/><br \/><span><strong>La cripta que hoy alberga la tumba de la santa fundadora de la segunda Orden Franciscana (las clarisas) .<br \/><\/strong><\/span><br \/><img loading=\"lazy\" decoding=\"async\" src=\"http:\/\/fatherbroom.com\/es\/wp-content\/media\/sites\/3\/Screen-Shot-2020-08-07-at-10.51.35-AM-225x300.png\" alt=\"\" width=\"416\" height=\"555\" class=\"aligncenter  wp-image-23737\" srcset=\"https:\/\/fatherbroom.com\/es\/wp-content\/media\/sites\/3\/Screen-Shot-2020-08-07-at-10.51.35-AM-225x300.png 225w, https:\/\/fatherbroom.com\/es\/wp-content\/media\/sites\/3\/Screen-Shot-2020-08-07-at-10.51.35-AM-768x1026.png 768w, https:\/\/fatherbroom.com\/es\/wp-content\/media\/sites\/3\/Screen-Shot-2020-08-07-at-10.51.35-AM-767x1024.png 767w, https:\/\/fatherbroom.com\/es\/wp-content\/media\/sites\/3\/Screen-Shot-2020-08-07-at-10.51.35-AM.png 1102w\" sizes=\"auto, (max-width: 416px) 100vw, 416px\" \/><br \/>xx<img loading=\"lazy\" decoding=\"async\" src=\"http:\/\/fatherbroom.com\/es\/wp-content\/media\/sites\/3\/Screen-Shot-2020-08-07-at-10.51.52-AM-232x300.png\" alt=\"\" width=\"399\" height=\"515\" class=\"aligncenter  wp-image-23738\" srcset=\"https:\/\/fatherbroom.com\/es\/wp-content\/media\/sites\/3\/Screen-Shot-2020-08-07-at-10.51.52-AM-232x300.png 232w, https:\/\/fatherbroom.com\/es\/wp-content\/media\/sites\/3\/Screen-Shot-2020-08-07-at-10.51.52-AM-768x991.png 768w, https:\/\/fatherbroom.com\/es\/wp-content\/media\/sites\/3\/Screen-Shot-2020-08-07-at-10.51.52-AM-793x1024.png 793w, https:\/\/fatherbroom.com\/es\/wp-content\/media\/sites\/3\/Screen-Shot-2020-08-07-at-10.51.52-AM.png 1100w\" sizes=\"auto, (max-width: 399px) 100vw, 399px\" \/><br \/>xx<img loading=\"lazy\" decoding=\"async\" src=\"http:\/\/fatherbroom.com\/es\/wp-content\/media\/sites\/3\/Screen-Shot-2020-08-07-at-10.52.11-AM-234x300.png\" alt=\"\" width=\"388\" height=\"497\" class=\"aligncenter  wp-image-23739\" srcset=\"https:\/\/fatherbroom.com\/es\/wp-content\/media\/sites\/3\/Screen-Shot-2020-08-07-at-10.52.11-AM-234x300.png 234w, https:\/\/fatherbroom.com\/es\/wp-content\/media\/sites\/3\/Screen-Shot-2020-08-07-at-10.52.11-AM-768x986.png 768w, https:\/\/fatherbroom.com\/es\/wp-content\/media\/sites\/3\/Screen-Shot-2020-08-07-at-10.52.11-AM-798x1024.png 798w, https:\/\/fatherbroom.com\/es\/wp-content\/media\/sites\/3\/Screen-Shot-2020-08-07-at-10.52.11-AM.png 1100w\" sizes=\"auto, (max-width: 388px) 100vw, 388px\" \/><br \/><strong>De frente al crucifijo se encuentran varias reliquias: El alba de di\u00e1cono de San Francisco bordado por Santa Clara. La t\u00fanica, la capa, el cord\u00f3n de Santa Clara y una caja de vidrio con su hermoso cabello rubio. Una t\u00fanica de san francisco, Una sandalia y un calcet\u00edn de San Francisco hechos por Santa Clara<\/strong><br \/><img loading=\"lazy\" decoding=\"async\" src=\"http:\/\/fatherbroom.com\/es\/wp-content\/media\/sites\/3\/Screen-Shot-2020-08-09-at-1.28.57-PM-300x243.png\" alt=\"\" width=\"300\" height=\"243\" class=\"aligncenter size-medium wp-image-23748\" srcset=\"https:\/\/fatherbroom.com\/es\/wp-content\/media\/sites\/3\/Screen-Shot-2020-08-09-at-1.28.57-PM-300x243.png 300w, https:\/\/fatherbroom.com\/es\/wp-content\/media\/sites\/3\/Screen-Shot-2020-08-09-at-1.28.57-PM-768x623.png 768w, https:\/\/fatherbroom.com\/es\/wp-content\/media\/sites\/3\/Screen-Shot-2020-08-09-at-1.28.57-PM-1024x831.png 1024w, https:\/\/fatherbroom.com\/es\/wp-content\/media\/sites\/3\/Screen-Shot-2020-08-09-at-1.28.57-PM.png 1102w\" sizes=\"auto, (max-width: 300px) 100vw, 300px\" \/><br \/><strong>El Crucifijo del siglo XIII que habl\u00f3 a san Francisco en la ermita de san Dami\u00e1n.<br \/><\/strong><br \/><img loading=\"lazy\" decoding=\"async\" src=\"http:\/\/fatherbroom.com\/es\/wp-content\/media\/sites\/3\/Screen-Shot-2020-08-09-at-1.29.37-PM-226x300.png\" alt=\"\" width=\"386\" height=\"512\" class=\"aligncenter  wp-image-23746\" srcset=\"https:\/\/fatherbroom.com\/es\/wp-content\/media\/sites\/3\/Screen-Shot-2020-08-09-at-1.29.37-PM-226x300.png 226w, https:\/\/fatherbroom.com\/es\/wp-content\/media\/sites\/3\/Screen-Shot-2020-08-09-at-1.29.37-PM-768x1020.png 768w, https:\/\/fatherbroom.com\/es\/wp-content\/media\/sites\/3\/Screen-Shot-2020-08-09-at-1.29.37-PM-771x1024.png 771w, https:\/\/fatherbroom.com\/es\/wp-content\/media\/sites\/3\/Screen-Shot-2020-08-09-at-1.29.37-PM.png 1098w\" sizes=\"auto, (max-width: 386px) 100vw, 386px\" \/><br \/><strong><\/p>\n<p><img loading=\"lazy\" decoding=\"async\" src=\"http:\/\/fatherbroom.com\/es\/wp-content\/media\/sites\/3\/Screen-Shot-2020-08-09-at-1.29.52-PM-225x300.png\" alt=\"\" width=\"377\" height=\"502\" class=\"aligncenter  wp-image-23745\" srcset=\"https:\/\/fatherbroom.com\/es\/wp-content\/media\/sites\/3\/Screen-Shot-2020-08-09-at-1.29.52-PM-225x300.png 225w, https:\/\/fatherbroom.com\/es\/wp-content\/media\/sites\/3\/Screen-Shot-2020-08-09-at-1.29.52-PM-768x1023.png 768w, https:\/\/fatherbroom.com\/es\/wp-content\/media\/sites\/3\/Screen-Shot-2020-08-09-at-1.29.52-PM-769x1024.png 769w, https:\/\/fatherbroom.com\/es\/wp-content\/media\/sites\/3\/Screen-Shot-2020-08-09-at-1.29.52-PM.png 1098w\" sizes=\"auto, (max-width: 377px) 100vw, 377px\" \/><\/strong><\/p>\n<\/div>\n<\/div>\n<\/div>\n<\/div>\n<\/div>\n<\/div>\n<div class=\"synved-social-container synved-social-container-share\" style=\"text-align: center\"><a class=\"synved-social-button synved-social-button-share synved-social-size-48 synved-social-resolution-single synved-social-provider-facebook nolightbox\" data-provider=\"facebook\" target=\"_blank\" rel=\"nofollow\" title=\"Share on Facebook\" href=\"https:\/\/www.facebook.com\/sharer.php?u=https%3A%2F%2Ffatherbroom.com%2Fes%2Fwp-json%2Fwp%2Fv2%2Fposts%2F23731&#038;t=LECTURAS%20DEL%20DIA%20%7C11%20DE%20AGOSTO%202020&#038;s=100&#038;p&#091;url&#093;=https%3A%2F%2Ffatherbroom.com%2Fes%2Fwp-json%2Fwp%2Fv2%2Fposts%2F23731&#038;p&#091;images&#093;&#091;0&#093;=http%3A%2F%2Ffatherbroom.com%2Fes%2Fwp-content%2Fmedia%2Fsites%2F3%2FScreen-Shot-2020-08-09-at-1.29.52-PM-225x300.png&#038;p&#091;title&#093;=LECTURAS%20DEL%20DIA%20%7C11%20DE%20AGOSTO%202020\" style=\"font-size: 0px;width:48px;height:48px;margin:0;margin-bottom:5px;margin-right:5px\"><img loading=\"lazy\" decoding=\"async\" alt=\"Facebook\" title=\"Share on Facebook\" class=\"synved-share-image synved-social-image synved-social-image-share\" width=\"48\" height=\"48\" style=\"display: inline;width:48px;height:48px;margin: 0;padding: 0;border: none;box-shadow: none\" src=\"https:\/\/fatherbroom.com\/es\/wp-content\/plugins\/social-media-feather\/synved-social\/image\/social\/regular\/96x96\/facebook.png\" \/><\/a><a class=\"synved-social-button synved-social-button-share synved-social-size-48 synved-social-resolution-single synved-social-provider-twitter nolightbox\" data-provider=\"twitter\" target=\"_blank\" rel=\"nofollow\" title=\"Share on Twitter\" href=\"https:\/\/twitter.com\/intent\/tweet?url=https%3A%2F%2Ffatherbroom.com%2Fes%2Fwp-json%2Fwp%2Fv2%2Fposts%2F23731&#038;text=Hey%20check%20this%20out\" style=\"font-size: 0px;width:48px;height:48px;margin:0;margin-bottom:5px;margin-right:5px\"><img loading=\"lazy\" decoding=\"async\" alt=\"twitter\" title=\"Share on Twitter\" class=\"synved-share-image synved-social-image synved-social-image-share\" width=\"48\" height=\"48\" style=\"display: inline;width:48px;height:48px;margin: 0;padding: 0;border: none;box-shadow: none\" src=\"https:\/\/fatherbroom.com\/es\/wp-content\/plugins\/social-media-feather\/synved-social\/image\/social\/regular\/96x96\/twitter.png\" \/><\/a><a class=\"synved-social-button synved-social-button-share synved-social-size-48 synved-social-resolution-single synved-social-provider-reddit nolightbox\" data-provider=\"reddit\" target=\"_blank\" rel=\"nofollow\" title=\"Share on Reddit\" href=\"https:\/\/www.reddit.com\/submit?url=https%3A%2F%2Ffatherbroom.com%2Fes%2Fwp-json%2Fwp%2Fv2%2Fposts%2F23731&#038;title=LECTURAS%20DEL%20DIA%20%7C11%20DE%20AGOSTO%202020\" style=\"font-size: 0px;width:48px;height:48px;margin:0;margin-bottom:5px;margin-right:5px\"><img loading=\"lazy\" decoding=\"async\" alt=\"reddit\" title=\"Share on Reddit\" class=\"synved-share-image synved-social-image synved-social-image-share\" width=\"48\" height=\"48\" style=\"display: inline;width:48px;height:48px;margin: 0;padding: 0;border: none;box-shadow: none\" src=\"https:\/\/fatherbroom.com\/es\/wp-content\/plugins\/social-media-feather\/synved-social\/image\/social\/regular\/96x96\/reddit.png\" \/><\/a><a class=\"synved-social-button synved-social-button-share synved-social-size-48 synved-social-resolution-single synved-social-provider-pinterest nolightbox\" data-provider=\"pinterest\" target=\"_blank\" rel=\"nofollow\" title=\"Pin it with Pinterest\" href=\"https:\/\/pinterest.com\/pin\/create\/button\/?url=https%3A%2F%2Ffatherbroom.com%2Fes%2Fwp-json%2Fwp%2Fv2%2Fposts%2F23731&#038;media=http%3A%2F%2Ffatherbroom.com%2Fes%2Fwp-content%2Fmedia%2Fsites%2F3%2FScreen-Shot-2020-08-09-at-1.29.52-PM-225x300.png&#038;description=LECTURAS%20DEL%20DIA%20%7C11%20DE%20AGOSTO%202020\" style=\"font-size: 0px;width:48px;height:48px;margin:0;margin-bottom:5px;margin-right:5px\"><img loading=\"lazy\" decoding=\"async\" alt=\"pinterest\" title=\"Pin it with Pinterest\" class=\"synved-share-image synved-social-image synved-social-image-share\" width=\"48\" height=\"48\" style=\"display: inline;width:48px;height:48px;margin: 0;padding: 0;border: none;box-shadow: none\" src=\"https:\/\/fatherbroom.com\/es\/wp-content\/plugins\/social-media-feather\/synved-social\/image\/social\/regular\/96x96\/pinterest.png\" \/><\/a><a class=\"synved-social-button synved-social-button-share synved-social-size-48 synved-social-resolution-single synved-social-provider-linkedin nolightbox\" data-provider=\"linkedin\" target=\"_blank\" rel=\"nofollow\" title=\"Share on Linkedin\" href=\"https:\/\/www.linkedin.com\/shareArticle?mini=true&#038;url=https%3A%2F%2Ffatherbroom.com%2Fes%2Fwp-json%2Fwp%2Fv2%2Fposts%2F23731&#038;title=LECTURAS%20DEL%20DIA%20%7C11%20DE%20AGOSTO%202020\" style=\"font-size: 0px;width:48px;height:48px;margin:0;margin-bottom:5px;margin-right:5px\"><img loading=\"lazy\" decoding=\"async\" alt=\"linkedin\" title=\"Share on Linkedin\" class=\"synved-share-image synved-social-image synved-social-image-share\" width=\"48\" height=\"48\" style=\"display: inline;width:48px;height:48px;margin: 0;padding: 0;border: none;box-shadow: none\" src=\"https:\/\/fatherbroom.com\/es\/wp-content\/plugins\/social-media-feather\/synved-social\/image\/social\/regular\/96x96\/linkedin.png\" \/><\/a><a class=\"synved-social-button synved-social-button-share synved-social-size-48 synved-social-resolution-single synved-social-provider-mail nolightbox\" data-provider=\"mail\" rel=\"nofollow\" title=\"Share by email\" href=\"mailto:?subject=LECTURAS%20DEL%20DIA%20%7C11%20DE%20AGOSTO%202020&#038;body=Hey%20check%20this%20out:%20https%3A%2F%2Ffatherbroom.com%2Fes%2Fwp-json%2Fwp%2Fv2%2Fposts%2F23731\" style=\"font-size: 0px;width:48px;height:48px;margin:0;margin-bottom:5px\"><img loading=\"lazy\" decoding=\"async\" alt=\"mail\" title=\"Share by email\" class=\"synved-share-image synved-social-image synved-social-image-share\" width=\"48\" height=\"48\" style=\"display: inline;width:48px;height:48px;margin: 0;padding: 0;border: none;box-shadow: none\" src=\"https:\/\/fatherbroom.com\/es\/wp-content\/plugins\/social-media-feather\/synved-social\/image\/social\/regular\/96x96\/mail.png\" \/><\/a><\/div>","protected":false},"excerpt":{"rendered":"<p>11 de agosto 2020 Memoria de Santa Clara, virgen Primera lectura\u00a0Ez 2, 8\u20133, 4 Esto dice el Se\u00f1or: \u201cHijo de hombre, escucha lo que voy a decirte y no seas rebelde como la casa rebelde. Abre la boca y come lo que voy a darte\u201d. Vi entonces una mano tendida hacia m\u00ed, con un libro [&hellip;]<\/p>\n","protected":false},"author":13,"featured_media":0,"comment_status":"open","ping_status":"open","sticky":false,"template":"","format":"standard","meta":{"_genesis_hide_title":false,"_genesis_hide_breadcrumbs":false,"_genesis_hide_singular_image":false,"_genesis_hide_footer_widgets":false,"_genesis_custom_body_class":"","_genesis_custom_post_class":"","_genesis_layout":"","footnotes":""},"categories":[277],"tags":[],"class_list":{"0":"post-23731","1":"post","2":"type-post","3":"status-publish","4":"format-standard","6":"category-lecturas-del-dia","7":"entry"},"_links":{"self":[{"href":"https:\/\/fatherbroom.com\/es\/wp-json\/wp\/v2\/posts\/23731","targetHints":{"allow":["GET"]}}],"collection":[{"href":"https:\/\/fatherbroom.com\/es\/wp-json\/wp\/v2\/posts"}],"about":[{"href":"https:\/\/fatherbroom.com\/es\/wp-json\/wp\/v2\/types\/post"}],"author":[{"embeddable":true,"href":"https:\/\/fatherbroom.com\/es\/wp-json\/wp\/v2\/users\/13"}],"replies":[{"embeddable":true,"href":"https:\/\/fatherbroom.com\/es\/wp-json\/wp\/v2\/comments?post=23731"}],"version-history":[{"count":10,"href":"https:\/\/fatherbroom.com\/es\/wp-json\/wp\/v2\/posts\/23731\/revisions"}],"predecessor-version":[{"id":23755,"href":"https:\/\/fatherbroom.com\/es\/wp-json\/wp\/v2\/posts\/23731\/revisions\/23755"}],"wp:attachment":[{"href":"https:\/\/fatherbroom.com\/es\/wp-json\/wp\/v2\/media?parent=23731"}],"wp:term":[{"taxonomy":"category","embeddable":true,"href":"https:\/\/fatherbroom.com\/es\/wp-json\/wp\/v2\/categories?post=23731"},{"taxonomy":"post_tag","embeddable":true,"href":"https:\/\/fatherbroom.com\/es\/wp-json\/wp\/v2\/tags?post=23731"}],"curies":[{"name":"wp","href":"https:\/\/api.w.org\/{rel}","templated":true}]}}