{"id":23711,"date":"2020-08-09T02:00:08","date_gmt":"2020-08-09T09:00:08","guid":{"rendered":"http:\/\/fatherbroom.com\/es\/?p=23711"},"modified":"2020-08-09T12:51:20","modified_gmt":"2020-08-09T19:51:20","slug":"lecturas-del-dia-9-de-agosto-2020","status":"publish","type":"post","link":"https:\/\/fatherbroom.com\/es\/2020\/08\/lecturas-del-dia-9-de-agosto-2020\/","title":{"rendered":"LECTURAS DEL DIA | 9 DE AGOSTO 2020"},"content":{"rendered":"<h4><strong><img loading=\"lazy\" decoding=\"async\" src=\"http:\/\/fatherbroom.com\/es\/wp-content\/media\/sites\/3\/Screen-Shot-2020-08-09-at-8.53.54-AM-300x169.png\" alt=\"\" width=\"604\" height=\"340\" class=\"aligncenter  wp-image-23713\" srcset=\"https:\/\/fatherbroom.com\/es\/wp-content\/media\/sites\/3\/Screen-Shot-2020-08-09-at-8.53.54-AM-300x169.png 300w, https:\/\/fatherbroom.com\/es\/wp-content\/media\/sites\/3\/Screen-Shot-2020-08-09-at-8.53.54-AM-768x432.png 768w, https:\/\/fatherbroom.com\/es\/wp-content\/media\/sites\/3\/Screen-Shot-2020-08-09-at-8.53.54-AM-1024x576.png 1024w, https:\/\/fatherbroom.com\/es\/wp-content\/media\/sites\/3\/Screen-Shot-2020-08-09-at-8.53.54-AM.png 1646w\" sizes=\"auto, (max-width: 604px) 100vw, 604px\" \/>9 de Agosto 2020<\/strong><\/h4>\n<div class=\"wr-block b-lectionary padding-top-s padding-bottom-xxs bg-white\">\n<div class=\"container\">\n<div class=\"row\">\n<div class=\"p-wrap col-lg-10 offset-lg-1 col-xl-8 offset-xl-2 col-xxl-6 offset-xxl-3\">\n<div class=\"innerblock\">\n<h4><strong>XIX Domingo Ordinari<\/strong><\/h4>\n<\/div>\n<\/div>\n<\/div>\n<\/div>\n<\/div>\n<div class=\"wr-block b-verse bg-white padding-bottom-m\">\n<div class=\"container\">\n<div class=\"row\">\n<div class=\"p-wrap col-lg-10 offset-lg-1 col-xl-8 offset-xl-2 col-xxl-6 offset-xxl-3 \">\n<div class=\"innerblock\">\n<div class=\"content-header\">\n<h4 class=\"name\"><strong>Primera lectura<\/strong><\/h4>\n<h4 class=\"address\"><strong>1 Reyes 19, 9a. 11-13a<\/strong><\/h4>\n<\/div>\n<div class=\"content-body\">\n<p><strong>Al llegar al monte de Dios, el Horeb, el profeta El\u00edas entr\u00f3 en una cueva y permaneci\u00f3 all\u00ed. El Se\u00f1or le dijo: \u201cSal de la cueva y qu\u00e9date en el monte para ver al Se\u00f1or, porque el Se\u00f1or va a pasar\u201d.<\/strong><\/p>\n<p><strong>As\u00ed lo hizo El\u00edas y, al acercarse el Se\u00f1or, vino primero un viento huracanado, que part\u00eda las monta\u00f1as y resquebrajaba las rocas; pero el Se\u00f1or no estaba en el viento. Se produjo despu\u00e9s un terremoto; pero el Se\u00f1or no estaba en el terremoto. Luego vino un fuego; pero el Se\u00f1or no estaba en el fuego. Despu\u00e9s del fuego se escuch\u00f3 el murmullo de una brisa suave. Al o\u00edrlo, El\u00edas se cubri\u00f3 el rostro con el manto y sali\u00f3 a la entrada de la cueva.<\/strong><\/p>\n<\/div>\n<\/div>\n<\/div>\n<\/div>\n<\/div>\n<\/div>\n<div class=\"wr-block b-verse bg-white padding-bottom-m\">\n<div class=\"container\">\n<div class=\"row\">\n<div class=\"p-wrap col-lg-10 offset-lg-1 col-xl-8 offset-xl-2 col-xxl-6 offset-xxl-3 \">\n<div class=\"innerblock\">\n<div class=\"content-header\">\n<h4 class=\"name\"><strong>Salmo Responsorial\u00a0Salmo 84, 9ab-10. 11-12. 13-14<\/strong><\/h4>\n<\/div>\n<div class=\"content-body\">\n<p><strong>R. (8) Mu\u00e9stranos, Se\u00f1or, tu misericordia.<\/strong><br \/><strong>Escuchar\u00e9 las palabras del Se\u00f1or,<\/strong><br \/><strong>palabras de paz para su pueblo santo.<\/strong><br \/><strong>Est\u00e1 ya cerca nuestra salvaci\u00f3n<\/strong><br \/><strong>y la gloria del Se\u00f1or habitar\u00e1 en la tierra. \u00a0R.\u00a0<\/strong><\/p>\n<p><strong>La misericordia y la verdad se encontraron,<\/strong><br \/><strong>la justicia y la paz se besaron,<\/strong><br \/><strong>la fidelidad brot\u00f3 en la tierra<\/strong><br \/><strong>y la justicia vino del cielo. \u00a0R.\u00a0<\/strong><\/p>\n<p><strong>Cuando el Se\u00f1or nos muestre su bondad,<\/strong><br \/><strong>nuestra tierra producir\u00e1 su fruto.<\/strong><br \/><strong>La justicia le abrir\u00e1 camino al Se\u00f1or<\/strong><br \/><strong>e ir\u00e1 siguiendo sus pisadas. \u00a0R.\u00a0<\/strong><\/p>\n<\/div>\n<\/div>\n<\/div>\n<\/div>\n<\/div>\n<\/div>\n<div class=\"wr-block b-verse bg-white padding-bottom-m\">\n<div class=\"container\">\n<div class=\"row\">\n<div class=\"p-wrap col-lg-10 offset-lg-1 col-xl-8 offset-xl-2 col-xxl-6 offset-xxl-3 \">\n<div class=\"innerblock\">\n<div class=\"content-header\">\n<h4 class=\"address\"><strong>Segunda lectura Rom 9, 1-5<\/strong><\/h4>\n<\/div>\n<div class=\"content-body\">\n<p><strong>Hermanos: Les hablo con toda verdad en Cristo; no miento. Mi conciencia me atestigua, con la luz del Esp\u00edritu Santo, que tengo una infinita tristeza, y un dolor incesante tortura mi coraz\u00f3n.<\/strong><\/p>\n<p><strong>Hasta aceptar\u00eda verme separado de Cristo, si esto fuera para bien de mis hermanos, los de mi raza y de mi sangre, los israelitas, a quienes pertenecen la adopci\u00f3n filial, la gloria, la alianza, la ley, el culto y las promesas. Ellos son descendientes de los patriarcas; y de su raza, seg\u00fan la carne, naci\u00f3 Cristo, el cual est\u00e1 por encima de todo y es Dios bendito por los siglos de los siglos. Am\u00e9n.<\/strong><\/p>\n<\/div>\n<\/div>\n<\/div>\n<\/div>\n<\/div>\n<\/div>\n<div class=\"wr-block b-verse bg-white padding-bottom-m\">\n<div class=\"container\">\n<div class=\"row\">\n<div class=\"p-wrap col-lg-10 offset-lg-1 col-xl-8 offset-xl-2 col-xxl-6 offset-xxl-3 \">\n<div class=\"innerblock\">\n<div class=\"content-header\">\n<h4 class=\"name\"><strong>Aclamaci\u00f3n antes del Evangelio<\/strong><\/h4>\n<div class=\"address\"><strong>Sal 129, 5<\/strong><\/div>\n<\/div>\n<div class=\"content-body\">\n<p><strong>R. Aleluya, aleluya.<\/strong><br \/><strong>Conf\u00edo en el Se\u00f1or,<\/strong><br \/><strong>Mi alma espera y conf\u00eda en su palabra.<\/strong><br \/><strong>R. Aleluya.<\/strong><\/p>\n<\/div>\n<\/div>\n<\/div>\n<\/div>\n<\/div>\n<\/div>\n<div class=\"wr-block b-verse bg-white padding-bottom-m\">\n<div class=\"container\">\n<div class=\"row\">\n<div class=\"p-wrap col-lg-10 offset-lg-1 col-xl-8 offset-xl-2 col-xxl-6 offset-xxl-3 \">\n<div class=\"innerblock\">\n<div class=\"content-header\">\n<h4 class=\"name\"><strong>Evangelio<\/strong><\/h4>\n<div class=\"address\"><strong>Mt 14, 22-33<\/strong><\/div>\n<\/div>\n<div class=\"content-body\">\n<p><strong>En aquel tiempo, inmediatamente despu\u00e9s de la multiplicaci\u00f3n de los panes, Jes\u00fas hizo que sus disc\u00edpulos subieran a la barca y se dirigieran a la otra orilla, mientras \u00e9l desped\u00eda a la gente. Despu\u00e9s de despedirla, subi\u00f3 al monte a solas para orar. Llegada la noche, estaba \u00e9l solo all\u00ed.<\/strong><\/p>\n<p><strong>Entretanto, la barca iba ya muy lejos de la costa, y las olas la sacud\u00edan, porque el viento era contrario. A la madrugada, Jes\u00fas fue hacia ellos, caminando sobre el agua. Los disc\u00edpulos, al verlo andar sobre el agua, se espantaron, y dec\u00edan: \u201c\u00a1Es un fantasma!\u201d Y daban gritos de terror. Pero Jes\u00fas les dijo enseguida: \u201cTranquil\u00edcense y no teman. Soy yo\u201d.<\/strong><\/p>\n<p><strong>Entonces le dijo Pedro: \u201cSe\u00f1or, si eres t\u00fa, m\u00e1ndame ir a ti caminando sobre el agua\u201d. Jes\u00fas le contest\u00f3: \u201cVen\u201d. Pedro baj\u00f3 de la barca y comenz\u00f3 a caminar sobre el agua hacia Jes\u00fas; pero al sentir la fuerza del viento, le entr\u00f3 miedo, comenz\u00f3 a hundirse y grit\u00f3: \u201c\u00a1S\u00e1lvame, Se\u00f1or!\u201d Inmediatamente Jes\u00fas le tendi\u00f3 la mano, lo sostuvo y le dijo: \u201cHombre de poca fe, \u00bfpor qu\u00e9 dudaste?\u201d<\/strong><\/p>\n<p><strong>En cuanto subieron a la barca, el viento se calm\u00f3. Los que estaban en la barca se postraron ante Jes\u00fas diciendo: \u201cVerdaderamente t\u00fa eres el Hijo de Dios\u201d.<\/p>\n<p><em>Los textos de la Sagrada Escritura utilizados en esta obra han sido tomados de los Leccionarios I, II y III, propiedad de la Comisi\u00f3n Episcopal de Pastoral Lit\u00fargica de la Conferencia Episcopal Mexicana, copyright \u00a9 1987, quinta edici\u00f3n de septiembre de 2004. Utilizados con permiso. Todos los derechos reservados. Debido a cuestiones de permisos de impresi\u00f3n, los Salmos Responsoriales que se incluyen aqu\u00ed son los del Leccionario que se utiliza en M\u00e9xico. Su parroquia podr\u00eda usar un texto diferente.<\/em><\/p>\n<p><img loading=\"lazy\" decoding=\"async\" src=\"http:\/\/fatherbroom.com\/es\/wp-content\/media\/sites\/3\/Screen-Shot-2020-08-09-at-8.55.42-AM-300x100.png\" alt=\"\" width=\"534\" height=\"178\" class=\"aligncenter  wp-image-23715\" srcset=\"https:\/\/fatherbroom.com\/es\/wp-content\/media\/sites\/3\/Screen-Shot-2020-08-09-at-8.55.42-AM-300x100.png 300w, https:\/\/fatherbroom.com\/es\/wp-content\/media\/sites\/3\/Screen-Shot-2020-08-09-at-8.55.42-AM-768x257.png 768w, https:\/\/fatherbroom.com\/es\/wp-content\/media\/sites\/3\/Screen-Shot-2020-08-09-at-8.55.42-AM-1024x343.png 1024w, https:\/\/fatherbroom.com\/es\/wp-content\/media\/sites\/3\/Screen-Shot-2020-08-09-at-8.55.42-AM.png 1644w\" sizes=\"auto, (max-width: 534px) 100vw, 534px\" \/><\/strong><\/p>\n<p><strong>Resumen<\/strong><\/p>\n<p><strong>68 <em>Por amor, Dios se ha revelado y se ha entregado al hombre. De este modo da una respuesta definitiva y sobreabundante a las cuestiones que el hombre se plantea sobre el sentido y la finalidad de su vida.<\/em><\/strong><\/p>\n<p><strong>\u00a0<\/strong><\/p>\n<\/div>\n<\/div>\n<\/div>\n<\/div>\n<\/div>\n<\/div>\n<div class=\"synved-social-container synved-social-container-share\" style=\"text-align: center\"><a class=\"synved-social-button synved-social-button-share synved-social-size-48 synved-social-resolution-single synved-social-provider-facebook nolightbox\" data-provider=\"facebook\" target=\"_blank\" rel=\"nofollow\" title=\"Share on Facebook\" href=\"https:\/\/www.facebook.com\/sharer.php?u=https%3A%2F%2Ffatherbroom.com%2Fes%2Fwp-json%2Fwp%2Fv2%2Fposts%2F23711&#038;t=LECTURAS%20DEL%20DIA%20%7C%209%20DE%20AGOSTO%202020&#038;s=100&#038;p&#091;url&#093;=https%3A%2F%2Ffatherbroom.com%2Fes%2Fwp-json%2Fwp%2Fv2%2Fposts%2F23711&#038;p&#091;images&#093;&#091;0&#093;=http%3A%2F%2Ffatherbroom.com%2Fes%2Fwp-content%2Fmedia%2Fsites%2F3%2FScreen-Shot-2020-08-09-at-8.55.42-AM-300x100.png&#038;p&#091;title&#093;=LECTURAS%20DEL%20DIA%20%7C%209%20DE%20AGOSTO%202020\" style=\"font-size: 0px;width:48px;height:48px;margin:0;margin-bottom:5px;margin-right:5px\"><img loading=\"lazy\" decoding=\"async\" alt=\"Facebook\" title=\"Share on Facebook\" class=\"synved-share-image synved-social-image synved-social-image-share\" width=\"48\" height=\"48\" style=\"display: inline;width:48px;height:48px;margin: 0;padding: 0;border: none;box-shadow: none\" src=\"https:\/\/fatherbroom.com\/es\/wp-content\/plugins\/social-media-feather\/synved-social\/image\/social\/regular\/96x96\/facebook.png\" \/><\/a><a class=\"synved-social-button synved-social-button-share synved-social-size-48 synved-social-resolution-single synved-social-provider-twitter nolightbox\" data-provider=\"twitter\" target=\"_blank\" rel=\"nofollow\" title=\"Share on Twitter\" href=\"https:\/\/twitter.com\/intent\/tweet?url=https%3A%2F%2Ffatherbroom.com%2Fes%2Fwp-json%2Fwp%2Fv2%2Fposts%2F23711&#038;text=Hey%20check%20this%20out\" style=\"font-size: 0px;width:48px;height:48px;margin:0;margin-bottom:5px;margin-right:5px\"><img loading=\"lazy\" decoding=\"async\" alt=\"twitter\" title=\"Share on Twitter\" class=\"synved-share-image synved-social-image synved-social-image-share\" width=\"48\" height=\"48\" style=\"display: inline;width:48px;height:48px;margin: 0;padding: 0;border: none;box-shadow: none\" src=\"https:\/\/fatherbroom.com\/es\/wp-content\/plugins\/social-media-feather\/synved-social\/image\/social\/regular\/96x96\/twitter.png\" \/><\/a><a class=\"synved-social-button synved-social-button-share synved-social-size-48 synved-social-resolution-single synved-social-provider-reddit nolightbox\" data-provider=\"reddit\" target=\"_blank\" rel=\"nofollow\" title=\"Share on Reddit\" href=\"https:\/\/www.reddit.com\/submit?url=https%3A%2F%2Ffatherbroom.com%2Fes%2Fwp-json%2Fwp%2Fv2%2Fposts%2F23711&#038;title=LECTURAS%20DEL%20DIA%20%7C%209%20DE%20AGOSTO%202020\" style=\"font-size: 0px;width:48px;height:48px;margin:0;margin-bottom:5px;margin-right:5px\"><img loading=\"lazy\" decoding=\"async\" alt=\"reddit\" title=\"Share on Reddit\" class=\"synved-share-image synved-social-image synved-social-image-share\" width=\"48\" height=\"48\" style=\"display: inline;width:48px;height:48px;margin: 0;padding: 0;border: none;box-shadow: none\" src=\"https:\/\/fatherbroom.com\/es\/wp-content\/plugins\/social-media-feather\/synved-social\/image\/social\/regular\/96x96\/reddit.png\" \/><\/a><a class=\"synved-social-button synved-social-button-share synved-social-size-48 synved-social-resolution-single synved-social-provider-pinterest nolightbox\" data-provider=\"pinterest\" target=\"_blank\" rel=\"nofollow\" title=\"Pin it with Pinterest\" href=\"https:\/\/pinterest.com\/pin\/create\/button\/?url=https%3A%2F%2Ffatherbroom.com%2Fes%2Fwp-json%2Fwp%2Fv2%2Fposts%2F23711&#038;media=http%3A%2F%2Ffatherbroom.com%2Fes%2Fwp-content%2Fmedia%2Fsites%2F3%2FScreen-Shot-2020-08-09-at-8.55.42-AM-300x100.png&#038;description=LECTURAS%20DEL%20DIA%20%7C%209%20DE%20AGOSTO%202020\" style=\"font-size: 0px;width:48px;height:48px;margin:0;margin-bottom:5px;margin-right:5px\"><img loading=\"lazy\" decoding=\"async\" alt=\"pinterest\" title=\"Pin it with Pinterest\" class=\"synved-share-image synved-social-image synved-social-image-share\" width=\"48\" height=\"48\" style=\"display: inline;width:48px;height:48px;margin: 0;padding: 0;border: none;box-shadow: none\" src=\"https:\/\/fatherbroom.com\/es\/wp-content\/plugins\/social-media-feather\/synved-social\/image\/social\/regular\/96x96\/pinterest.png\" \/><\/a><a class=\"synved-social-button synved-social-button-share synved-social-size-48 synved-social-resolution-single synved-social-provider-linkedin nolightbox\" data-provider=\"linkedin\" target=\"_blank\" rel=\"nofollow\" title=\"Share on Linkedin\" href=\"https:\/\/www.linkedin.com\/shareArticle?mini=true&#038;url=https%3A%2F%2Ffatherbroom.com%2Fes%2Fwp-json%2Fwp%2Fv2%2Fposts%2F23711&#038;title=LECTURAS%20DEL%20DIA%20%7C%209%20DE%20AGOSTO%202020\" style=\"font-size: 0px;width:48px;height:48px;margin:0;margin-bottom:5px;margin-right:5px\"><img loading=\"lazy\" decoding=\"async\" alt=\"linkedin\" title=\"Share on Linkedin\" class=\"synved-share-image synved-social-image synved-social-image-share\" width=\"48\" height=\"48\" style=\"display: inline;width:48px;height:48px;margin: 0;padding: 0;border: none;box-shadow: none\" src=\"https:\/\/fatherbroom.com\/es\/wp-content\/plugins\/social-media-feather\/synved-social\/image\/social\/regular\/96x96\/linkedin.png\" \/><\/a><a class=\"synved-social-button synved-social-button-share synved-social-size-48 synved-social-resolution-single synved-social-provider-mail nolightbox\" data-provider=\"mail\" rel=\"nofollow\" title=\"Share by email\" href=\"mailto:?subject=LECTURAS%20DEL%20DIA%20%7C%209%20DE%20AGOSTO%202020&#038;body=Hey%20check%20this%20out:%20https%3A%2F%2Ffatherbroom.com%2Fes%2Fwp-json%2Fwp%2Fv2%2Fposts%2F23711\" style=\"font-size: 0px;width:48px;height:48px;margin:0;margin-bottom:5px\"><img loading=\"lazy\" decoding=\"async\" alt=\"mail\" title=\"Share by email\" class=\"synved-share-image synved-social-image synved-social-image-share\" width=\"48\" height=\"48\" style=\"display: inline;width:48px;height:48px;margin: 0;padding: 0;border: none;box-shadow: none\" src=\"https:\/\/fatherbroom.com\/es\/wp-content\/plugins\/social-media-feather\/synved-social\/image\/social\/regular\/96x96\/mail.png\" \/><\/a><\/div>","protected":false},"excerpt":{"rendered":"<p>9 de Agosto 2020 XIX Domingo Ordinari Primera lectura 1 Reyes 19, 9a. 11-13a Al llegar al monte de Dios, el Horeb, el profeta El\u00edas entr\u00f3 en una cueva y permaneci\u00f3 all\u00ed. El Se\u00f1or le dijo: \u201cSal de la cueva y qu\u00e9date en el monte para ver al Se\u00f1or, porque el Se\u00f1or va a pasar\u201d. [&hellip;]<\/p>\n","protected":false},"author":7,"featured_media":0,"comment_status":"open","ping_status":"open","sticky":false,"template":"","format":"standard","meta":{"_genesis_hide_title":false,"_genesis_hide_breadcrumbs":false,"_genesis_hide_singular_image":false,"_genesis_hide_footer_widgets":false,"_genesis_custom_body_class":"","_genesis_custom_post_class":"","_genesis_layout":"","footnotes":""},"categories":[277],"tags":[],"class_list":{"0":"post-23711","1":"post","2":"type-post","3":"status-publish","4":"format-standard","6":"category-lecturas-del-dia","7":"entry"},"_links":{"self":[{"href":"https:\/\/fatherbroom.com\/es\/wp-json\/wp\/v2\/posts\/23711","targetHints":{"allow":["GET"]}}],"collection":[{"href":"https:\/\/fatherbroom.com\/es\/wp-json\/wp\/v2\/posts"}],"about":[{"href":"https:\/\/fatherbroom.com\/es\/wp-json\/wp\/v2\/types\/post"}],"author":[{"embeddable":true,"href":"https:\/\/fatherbroom.com\/es\/wp-json\/wp\/v2\/users\/7"}],"replies":[{"embeddable":true,"href":"https:\/\/fatherbroom.com\/es\/wp-json\/wp\/v2\/comments?post=23711"}],"version-history":[{"count":5,"href":"https:\/\/fatherbroom.com\/es\/wp-json\/wp\/v2\/posts\/23711\/revisions"}],"predecessor-version":[{"id":23741,"href":"https:\/\/fatherbroom.com\/es\/wp-json\/wp\/v2\/posts\/23711\/revisions\/23741"}],"wp:attachment":[{"href":"https:\/\/fatherbroom.com\/es\/wp-json\/wp\/v2\/media?parent=23711"}],"wp:term":[{"taxonomy":"category","embeddable":true,"href":"https:\/\/fatherbroom.com\/es\/wp-json\/wp\/v2\/categories?post=23711"},{"taxonomy":"post_tag","embeddable":true,"href":"https:\/\/fatherbroom.com\/es\/wp-json\/wp\/v2\/tags?post=23711"}],"curies":[{"name":"wp","href":"https:\/\/api.w.org\/{rel}","templated":true}]}}