{"id":23659,"date":"2020-08-08T02:00:54","date_gmt":"2020-08-08T09:00:54","guid":{"rendered":"http:\/\/fatherbroom.com\/es\/?p=23659"},"modified":"2020-08-08T12:52:28","modified_gmt":"2020-08-08T19:52:28","slug":"lecturas-del-dia-8-de-agosoto-2020","status":"publish","type":"post","link":"https:\/\/fatherbroom.com\/es\/2020\/08\/lecturas-del-dia-8-de-agosoto-2020\/","title":{"rendered":"LECTURAS DEL DIA | 8 DE AGOSTO 2020"},"content":{"rendered":"<p><strong><img loading=\"lazy\" decoding=\"async\" src=\"http:\/\/fatherbroom.com\/es\/wp-content\/media\/sites\/3\/Screen-Shot-2020-08-06-at-8.57.38-AM-300x169.png\" alt=\"\" width=\"547\" height=\"308\" class=\"aligncenter  wp-image-23663\" srcset=\"https:\/\/fatherbroom.com\/es\/wp-content\/media\/sites\/3\/Screen-Shot-2020-08-06-at-8.57.38-AM-300x169.png 300w, https:\/\/fatherbroom.com\/es\/wp-content\/media\/sites\/3\/Screen-Shot-2020-08-06-at-8.57.38-AM-768x432.png 768w, https:\/\/fatherbroom.com\/es\/wp-content\/media\/sites\/3\/Screen-Shot-2020-08-06-at-8.57.38-AM-1024x576.png 1024w, https:\/\/fatherbroom.com\/es\/wp-content\/media\/sites\/3\/Screen-Shot-2020-08-06-at-8.57.38-AM.png 1632w\" sizes=\"auto, (max-width: 547px) 100vw, 547px\" \/><\/p>\n<p>8 de agosto 2020<br \/><\/strong><strong><br \/>Memoria de Santo Domingo, presb\u00edtero<\/strong><strong><br \/><\/strong><\/p>\n<div class=\"wr-block b-verse bg-white padding-bottom-m\">\n<div class=\"container\">\n<div class=\"row\">\n<div class=\"p-wrap col-lg-10 offset-lg-1 col-xl-8 offset-xl-2 col-xxl-6 offset-xxl-3 \">\n<div class=\"innerblock\">\n<div class=\"content-header\">\n<h4 class=\"name\"><strong>Primera lectura\u00a0Hab 1, 12\u20132, 4<\/strong><\/h4>\n<\/div>\n<div class=\"content-body\">\n<p><strong>\u00bfNo eres t\u00fa, Se\u00f1or, desde siempre,<\/strong><br \/><strong>mi santo Dios, que no muere?<\/strong><br \/><strong>T\u00fa, Se\u00f1or, has escogido al pueblo caldeo para hacer justicia<\/strong><br \/><strong>y lo has establecido para castigar.<\/strong><br \/><strong>Tus ojos son demasiado puros para soportar el mal,<\/strong><br \/><strong>no puedes ver la opresi\u00f3n.<\/strong><br \/><strong>\u00bfPor qu\u00e9 miras en silencio a los traidores<\/strong><br \/><strong>y callas cuando el malvado devora al justo?<\/strong><\/p>\n<p><strong>T\u00fa tratas a los hombres como a los reptiles, que no tienen due\u00f1o,<\/strong><br \/><strong>como a los peces del mar:<\/strong><br \/><strong>el pueblo caldeo los pesca con anzuelo,<\/strong><br \/><strong>los atrae a su red,<\/strong><br \/><strong>los va amontonando<\/strong><br \/><strong>y luego r\u00ede sastisfecho.<\/strong><br \/><strong>Despu\u00e9s ofrece sacrificios a su anzuelo<\/strong><br \/><strong>e incienso a su red,<\/strong><br \/><strong>porque le dieron rica presa<\/strong><br \/><strong>y comida sustanciosa.<\/strong><\/p>\n<p><strong>\u00bfY vas a permitir que siga llenando sus redes<\/strong><br \/><strong>y matando naciones sin piedad?<\/strong><\/p>\n<p><strong>En mi puesto de guardia me pondr\u00e9,<\/strong><br \/><strong>me apostar\u00e9 en la muralla<\/strong><br \/><strong>para ver qu\u00e9 me dice el Se\u00f1or<\/strong><br \/><strong>y qu\u00e9 responde a mi reclamaci\u00f3n.<\/strong><\/p>\n<p><strong>El Se\u00f1or me respondi\u00f3 y me dijo:<\/strong><br \/><strong>\u201cEscribe la visi\u00f3n que te he manifestado,<\/strong><br \/><strong>ponla clara en tablillas<\/strong><br \/><strong>para que se pueda leer de corrido.<\/strong><br \/><strong>Es todav\u00eda una visi\u00f3n de algo lejano,<\/strong><br \/><strong>pero que viene corriendo y no fallar\u00e1;<\/strong><br \/><strong>si se tarda, esp\u00e9ralo, pues llegar\u00e1 sin falta.<\/strong><br \/><strong>El malvado sucumbir\u00e1 sin remedio;<\/strong><br \/><strong>el justo, en cambio, vivir\u00e1 por su fe\u201d.<\/strong><\/p>\n<\/div>\n<\/div>\n<\/div>\n<\/div>\n<\/div>\n<\/div>\n<div class=\"wr-block b-verse bg-white padding-bottom-m\">\n<div class=\"container\">\n<div class=\"row\">\n<div class=\"p-wrap col-lg-10 offset-lg-1 col-xl-8 offset-xl-2 col-xxl-6 offset-xxl-3 \">\n<div class=\"innerblock\">\n<div class=\"content-header\">\n<h4 class=\"name\"><strong>Salmo Responsorial\u00a0Salmo 9, 8-9. 10-11. 12-13<\/strong><\/h4>\n<\/div>\n<div class=\"content-body\">\n<p><strong>R. (11b) El Se\u00f1or no abandona al que lo busca.<\/strong><br \/><strong>El Se\u00f1or reina eternamente,<\/strong><br \/><strong>tiene establecido un tribunal para juzgar,<\/strong><br \/><strong>juzga al orbe con justicia<\/strong><br \/><strong>y rige a las naciones con rectitud. R.<\/strong><\/p>\n<p><strong>El Se\u00f1or es refugio del oprimido,<\/strong><br \/><strong>su refugio en los momentos de peligro.<\/strong><br \/><strong>Que conf\u00eden en ti los que conocen,<\/strong><br \/><strong>porque t\u00fa, Se\u00f1or, no abandonas a los que te buscan. R.<\/strong><\/p>\n<p><strong>T\u00f3quenle m\u00fasica al Se\u00f1or, que reina en Si\u00f3n,<\/strong><br \/><strong>cuenten sus maravillas a los pueblos,<\/strong><br \/><strong>porque el Se\u00f1or pide cuentas de la vida<\/strong><br \/><strong>y no olvida los gritos de los oprimidos. R.<\/strong><\/p>\n<\/div>\n<\/div>\n<\/div>\n<\/div>\n<\/div>\n<\/div>\n<div class=\"wr-block b-verse bg-white padding-bottom-m\">\n<div class=\"container\">\n<div class=\"row\">\n<div class=\"p-wrap col-lg-10 offset-lg-1 col-xl-8 offset-xl-2 col-xxl-6 offset-xxl-3 \">\n<div class=\"innerblock\">\n<div class=\"content-header\">\n<h4 class=\"name\"><strong>Aclamaci\u00f3n antes del Evangelio\u00a02 Tim 1, 10<\/strong><\/h4>\n<\/div>\n<div class=\"content-body\">\n<p><strong>R. Aleluya, aleluya.<\/strong><br \/><strong>Jesucristo, nuestro salvador, ha vencido la muerte<\/strong><br \/><strong>y ha hecho resplandecer la vida por medio del Evangelio.<\/strong><br \/><strong>R. Aleluya.<\/strong><\/p>\n<\/div>\n<\/div>\n<\/div>\n<\/div>\n<\/div>\n<\/div>\n<div class=\"wr-block b-verse bg-white padding-bottom-m\">\n<div class=\"container\">\n<div class=\"row\">\n<div class=\"p-wrap col-lg-10 offset-lg-1 col-xl-8 offset-xl-2 col-xxl-6 offset-xxl-3 \">\n<div class=\"innerblock\">\n<div class=\"content-header\">\n<h4 class=\"name\"><strong>Evangelio\u00a0Mt 17, 14-20<\/strong><\/h4>\n<\/div>\n<div class=\"content-body\">\n<p><strong>En aquel tiempo, al llegar Jes\u00fas a donde estaba la multitud, se le acerc\u00f3 un hombre, que se puso de rodillas y le dijo: \u201cSe\u00f1or, ten compasi\u00f3n de mi hijo. Le dan ataques terribles. Unas veces se cae en la lumbre y otras muchas, en el agua. Se lo traje a tus disc\u00edpulos, pero no han podido curarlo\u201d.<\/strong><\/p>\n<p><strong>Entonces Jes\u00fas exclam\u00f3: \u201c\u00bfHasta cu\u00e1ndo estar\u00e9 con esta gente incr\u00e9dula y perversa? \u00bfHasta cu\u00e1ndo tendr\u00e9 que aguantarla? Tr\u00e1iganme aqu\u00ed al muchacho\u201d. Jes\u00fas orden\u00f3 al demonio que saliera del muchacho, y desde ese momento \u00e9ste qued\u00f3 sano.<\/strong><\/p>\n<p><strong>Despu\u00e9s, al quedarse solos con Jes\u00fas, los disc\u00edpulos le preguntaron: \u201c\u00bfPor qu\u00e9 nosotros no pudimos echar fuera a ese demonio?\u201d Les respondi\u00f3 Jes\u00fas: \u201cPorque les falta fe. Pues yo les aseguro que si ustedes tuvieran fe al menos del tama\u00f1o de una semilla de mostaza, podr\u00edan decirle a ese monte: \u2018Trasl\u00e1date de aqu\u00ed para all\u00e1\u2019, y el monte se trasladar\u00eda. Entonces nada ser\u00eda imposible para ustedes\u201d.<\/p>\n<p><em>Los textos de la Sagrada Escritura utilizados en esta obra han sido tomados de los Leccionarios I, II y III, propiedad de la Comisi\u00f3n Episcopal de Pastoral Lit\u00fargica de la Conferencia Episcopal Mexicana, copyright \u00a9 1987, quinta edici\u00f3n de septiembre de 2004. Utilizados con permiso. Todos los derechos reservados. Debido a cuestiones de permisos de impresi\u00f3n, los Salmos Responsoriales que se incluyen aqu\u00ed son los del Leccionario que se utiliza en M\u00e9xico. Su parroquia podr\u00eda usar un texto diferente.<\/em><br \/><\/strong><\/p>\n<\/div>\n<\/div>\n<\/div>\n<\/div>\n<\/div>\n<\/div>\n<p><img loading=\"lazy\" decoding=\"async\" src=\"http:\/\/fatherbroom.com\/es\/wp-content\/media\/sites\/3\/Screen-Shot-2020-08-06-at-8.52.52-AM-300x100.png\" alt=\"\" width=\"588\" height=\"196\" class=\"aligncenter  wp-image-23660\" srcset=\"https:\/\/fatherbroom.com\/es\/wp-content\/media\/sites\/3\/Screen-Shot-2020-08-06-at-8.52.52-AM-300x100.png 300w, https:\/\/fatherbroom.com\/es\/wp-content\/media\/sites\/3\/Screen-Shot-2020-08-06-at-8.52.52-AM-768x255.png 768w, https:\/\/fatherbroom.com\/es\/wp-content\/media\/sites\/3\/Screen-Shot-2020-08-06-at-8.52.52-AM-1024x341.png 1024w, https:\/\/fatherbroom.com\/es\/wp-content\/media\/sites\/3\/Screen-Shot-2020-08-06-at-8.52.52-AM.png 1642w\" sizes=\"auto, (max-width: 588px) 100vw, 588px\" \/><br \/><strong>Catecismo de la Iglesia Cat\u00f3lica<\/strong><\/p>\n<p><strong>67 A lo largo de los siglos ha habido revelaciones llamadas \u00abprivadas\u00bb, algunas de las cuales han sido reconocidas por la autoridad de la Iglesia. Estas, sin embargo, no pertenecen al dep\u00f3sito de la fe. Su funci\u00f3n no es la de \u00abmejorar\u00bb o \u00abcompletar\u00bb la Revelaci\u00f3n definitiva de Cristo, sino la de ayudar a vivirla m\u00e1s plenamente en una cierta \u00e9poca de la historia. Guiado por el Magisterio de la Iglesia, el sentir de los fieles (<i>sensus fidelium<\/i>) sabe discernir y acoger lo que en estas revelaciones constituye una llamada aut\u00e9ntica de Cristo o de sus santos a la Iglesia.<\/p>\n<p><img loading=\"lazy\" decoding=\"async\" src=\"http:\/\/fatherbroom.com\/es\/wp-content\/media\/sites\/3\/Screen-Shot-2020-08-08-at-12.20.18-PM-300x100.png\" alt=\"\" width=\"555\" height=\"185\" class=\"aligncenter  wp-image-23699\" srcset=\"https:\/\/fatherbroom.com\/es\/wp-content\/media\/sites\/3\/Screen-Shot-2020-08-08-at-12.20.18-PM-300x100.png 300w, https:\/\/fatherbroom.com\/es\/wp-content\/media\/sites\/3\/Screen-Shot-2020-08-08-at-12.20.18-PM-768x255.png 768w, https:\/\/fatherbroom.com\/es\/wp-content\/media\/sites\/3\/Screen-Shot-2020-08-08-at-12.20.18-PM-1024x340.png 1024w, https:\/\/fatherbroom.com\/es\/wp-content\/media\/sites\/3\/Screen-Shot-2020-08-08-at-12.20.18-PM.png 1646w\" sizes=\"auto, (max-width: 555px) 100vw, 555px\" \/><br \/><img loading=\"lazy\" decoding=\"async\" src=\"http:\/\/fatherbroom.com\/es\/wp-content\/media\/sites\/3\/Bernardo_Cavallino_-_La_Visione_di_San_Domenico_anni_1640-202x300.jpg\" alt=\"\" width=\"376\" height=\"558\" class=\"aligncenter  wp-image-23701\" srcset=\"https:\/\/fatherbroom.com\/es\/wp-content\/media\/sites\/3\/Bernardo_Cavallino_-_La_Visione_di_San_Domenico_anni_1640-202x300.jpg 202w, https:\/\/fatherbroom.com\/es\/wp-content\/media\/sites\/3\/Bernardo_Cavallino_-_La_Visione_di_San_Domenico_anni_1640.jpg 511w\" sizes=\"auto, (max-width: 376px) 100vw, 376px\" \/><br \/><i>Santo Domingo de Guzman recibiendo el Rosario<br \/><\/i><br \/><img loading=\"lazy\" decoding=\"async\" src=\"http:\/\/fatherbroom.com\/es\/wp-content\/media\/sites\/3\/Screen-Shot-2020-08-08-at-8.36.46-AM-224x300.png\" alt=\"\" width=\"398\" height=\"533\" class=\"aligncenter  wp-image-23692\" srcset=\"https:\/\/fatherbroom.com\/es\/wp-content\/media\/sites\/3\/Screen-Shot-2020-08-08-at-8.36.46-AM-224x300.png 224w, https:\/\/fatherbroom.com\/es\/wp-content\/media\/sites\/3\/Screen-Shot-2020-08-08-at-8.36.46-AM-768x1027.png 768w, https:\/\/fatherbroom.com\/es\/wp-content\/media\/sites\/3\/Screen-Shot-2020-08-08-at-8.36.46-AM-766x1024.png 766w, https:\/\/fatherbroom.com\/es\/wp-content\/media\/sites\/3\/Screen-Shot-2020-08-08-at-8.36.46-AM.png 1180w\" sizes=\"auto, (max-width: 398px) 100vw, 398px\" \/><br \/><span>Entrada a la\u00a0<\/span><b>bas\u00edlica de Santo Domingo en Bologna, Italia. E<\/b><span>s uno de los principales lugares de culto de Bologna y sede principal de la Orden Dominica.<\/p>\n<p><img loading=\"lazy\" decoding=\"async\" src=\"http:\/\/fatherbroom.com\/es\/wp-content\/media\/sites\/3\/Screen-Shot-2020-08-08-at-8.48.09-AM-300x214.png\" alt=\"\" width=\"470\" height=\"335\" class=\"aligncenter  wp-image-23694\" srcset=\"https:\/\/fatherbroom.com\/es\/wp-content\/media\/sites\/3\/Screen-Shot-2020-08-08-at-8.48.09-AM-300x214.png 300w, https:\/\/fatherbroom.com\/es\/wp-content\/media\/sites\/3\/Screen-Shot-2020-08-08-at-8.48.09-AM-768x547.png 768w, https:\/\/fatherbroom.com\/es\/wp-content\/media\/sites\/3\/Screen-Shot-2020-08-08-at-8.48.09-AM-1024x729.png 1024w\" sizes=\"auto, (max-width: 470px) 100vw, 470px\" \/><br \/><\/span>Bas\u00edlica de Santo Domingo<\/p>\n<p><img loading=\"lazy\" decoding=\"async\" src=\"http:\/\/fatherbroom.com\/es\/wp-content\/media\/sites\/3\/Screen-Shot-2020-08-08-at-8.52.30-AM-237x300.png\" alt=\"\" width=\"380\" height=\"481\" class=\"aligncenter  wp-image-23695\" srcset=\"https:\/\/fatherbroom.com\/es\/wp-content\/media\/sites\/3\/Screen-Shot-2020-08-08-at-8.52.30-AM-237x300.png 237w, https:\/\/fatherbroom.com\/es\/wp-content\/media\/sites\/3\/Screen-Shot-2020-08-08-at-8.52.30-AM-768x972.png 768w, https:\/\/fatherbroom.com\/es\/wp-content\/media\/sites\/3\/Screen-Shot-2020-08-08-at-8.52.30-AM-809x1024.png 809w, https:\/\/fatherbroom.com\/es\/wp-content\/media\/sites\/3\/Screen-Shot-2020-08-08-at-8.52.30-AM.png 1182w\" sizes=\"auto, (max-width: 380px) 100vw, 380px\" \/>Nave<br \/><img loading=\"lazy\" decoding=\"async\" src=\"http:\/\/fatherbroom.com\/es\/wp-content\/media\/sites\/3\/Screen-Shot-2020-08-08-at-8.42.22-AM-240x300.png\" alt=\"\" width=\"442\" height=\"553\" class=\"aligncenter  wp-image-23696\" \/><br \/><span>Tumba de Santo Domingo: Los restos de\u00a0Santo Domingo\u00a0fueron trasladados en 1233 desde su lugar detr\u00e1s del altar de m\u00e1rmol con un simple sarc\u00f3fago.\u00a0<\/p>\n<p><img loading=\"lazy\" decoding=\"async\" src=\"http:\/\/fatherbroom.com\/es\/wp-content\/media\/sites\/3\/Screen-Shot-2020-08-08-at-8.25.14-AM-227x300.png\" alt=\"\" width=\"374\" height=\"494\" class=\"aligncenter  wp-image-23698\" srcset=\"https:\/\/fatherbroom.com\/es\/wp-content\/media\/sites\/3\/Screen-Shot-2020-08-08-at-8.25.14-AM-227x300.png 227w, https:\/\/fatherbroom.com\/es\/wp-content\/media\/sites\/3\/Screen-Shot-2020-08-08-at-8.25.14-AM-768x1014.png 768w, https:\/\/fatherbroom.com\/es\/wp-content\/media\/sites\/3\/Screen-Shot-2020-08-08-at-8.25.14-AM.png 774w\" sizes=\"auto, (max-width: 374px) 100vw, 374px\" \/><br \/>Detr\u00e1s del altar, bajo el sarc\u00f3fago es una peque\u00f1a capilla, protegido por una rejilla de bronce, que contiene el precioso relicario con la cabeza de santo Domingo.<\/span><br \/><\/strong><\/p>\n<div class=\"synved-social-container synved-social-container-share\" style=\"text-align: center\"><a class=\"synved-social-button synved-social-button-share synved-social-size-48 synved-social-resolution-single synved-social-provider-facebook nolightbox\" data-provider=\"facebook\" target=\"_blank\" rel=\"nofollow\" title=\"Share on Facebook\" href=\"https:\/\/www.facebook.com\/sharer.php?u=https%3A%2F%2Ffatherbroom.com%2Fes%2Fwp-json%2Fwp%2Fv2%2Fposts%2F23659&#038;t=LECTURAS%20DEL%20DIA%20%7C%208%20DE%20AGOSTO%202020&#038;s=100&#038;p&#091;url&#093;=https%3A%2F%2Ffatherbroom.com%2Fes%2Fwp-json%2Fwp%2Fv2%2Fposts%2F23659&#038;p&#091;images&#093;&#091;0&#093;=http%3A%2F%2Ffatherbroom.com%2Fes%2Fwp-content%2Fmedia%2Fsites%2F3%2FScreen-Shot-2020-08-08-at-8.25.14-AM-227x300.png&#038;p&#091;title&#093;=LECTURAS%20DEL%20DIA%20%7C%208%20DE%20AGOSTO%202020\" style=\"font-size: 0px;width:48px;height:48px;margin:0;margin-bottom:5px;margin-right:5px\"><img loading=\"lazy\" decoding=\"async\" alt=\"Facebook\" title=\"Share on Facebook\" class=\"synved-share-image synved-social-image synved-social-image-share\" width=\"48\" height=\"48\" style=\"display: inline;width:48px;height:48px;margin: 0;padding: 0;border: none;box-shadow: none\" src=\"https:\/\/fatherbroom.com\/es\/wp-content\/plugins\/social-media-feather\/synved-social\/image\/social\/regular\/96x96\/facebook.png\" \/><\/a><a class=\"synved-social-button synved-social-button-share synved-social-size-48 synved-social-resolution-single synved-social-provider-twitter nolightbox\" data-provider=\"twitter\" target=\"_blank\" rel=\"nofollow\" title=\"Share on Twitter\" href=\"https:\/\/twitter.com\/intent\/tweet?url=https%3A%2F%2Ffatherbroom.com%2Fes%2Fwp-json%2Fwp%2Fv2%2Fposts%2F23659&#038;text=Hey%20check%20this%20out\" style=\"font-size: 0px;width:48px;height:48px;margin:0;margin-bottom:5px;margin-right:5px\"><img loading=\"lazy\" decoding=\"async\" alt=\"twitter\" title=\"Share on Twitter\" class=\"synved-share-image synved-social-image synved-social-image-share\" width=\"48\" height=\"48\" style=\"display: inline;width:48px;height:48px;margin: 0;padding: 0;border: none;box-shadow: none\" src=\"https:\/\/fatherbroom.com\/es\/wp-content\/plugins\/social-media-feather\/synved-social\/image\/social\/regular\/96x96\/twitter.png\" \/><\/a><a class=\"synved-social-button synved-social-button-share synved-social-size-48 synved-social-resolution-single synved-social-provider-reddit nolightbox\" data-provider=\"reddit\" target=\"_blank\" rel=\"nofollow\" title=\"Share on Reddit\" href=\"https:\/\/www.reddit.com\/submit?url=https%3A%2F%2Ffatherbroom.com%2Fes%2Fwp-json%2Fwp%2Fv2%2Fposts%2F23659&#038;title=LECTURAS%20DEL%20DIA%20%7C%208%20DE%20AGOSTO%202020\" style=\"font-size: 0px;width:48px;height:48px;margin:0;margin-bottom:5px;margin-right:5px\"><img loading=\"lazy\" decoding=\"async\" alt=\"reddit\" title=\"Share on Reddit\" class=\"synved-share-image synved-social-image synved-social-image-share\" width=\"48\" height=\"48\" style=\"display: inline;width:48px;height:48px;margin: 0;padding: 0;border: none;box-shadow: none\" src=\"https:\/\/fatherbroom.com\/es\/wp-content\/plugins\/social-media-feather\/synved-social\/image\/social\/regular\/96x96\/reddit.png\" \/><\/a><a class=\"synved-social-button synved-social-button-share synved-social-size-48 synved-social-resolution-single synved-social-provider-pinterest nolightbox\" data-provider=\"pinterest\" target=\"_blank\" rel=\"nofollow\" title=\"Pin it with Pinterest\" href=\"https:\/\/pinterest.com\/pin\/create\/button\/?url=https%3A%2F%2Ffatherbroom.com%2Fes%2Fwp-json%2Fwp%2Fv2%2Fposts%2F23659&#038;media=http%3A%2F%2Ffatherbroom.com%2Fes%2Fwp-content%2Fmedia%2Fsites%2F3%2FScreen-Shot-2020-08-08-at-8.25.14-AM-227x300.png&#038;description=LECTURAS%20DEL%20DIA%20%7C%208%20DE%20AGOSTO%202020\" style=\"font-size: 0px;width:48px;height:48px;margin:0;margin-bottom:5px;margin-right:5px\"><img loading=\"lazy\" decoding=\"async\" alt=\"pinterest\" title=\"Pin it with Pinterest\" class=\"synved-share-image synved-social-image synved-social-image-share\" width=\"48\" height=\"48\" style=\"display: inline;width:48px;height:48px;margin: 0;padding: 0;border: none;box-shadow: none\" src=\"https:\/\/fatherbroom.com\/es\/wp-content\/plugins\/social-media-feather\/synved-social\/image\/social\/regular\/96x96\/pinterest.png\" \/><\/a><a class=\"synved-social-button synved-social-button-share synved-social-size-48 synved-social-resolution-single synved-social-provider-linkedin nolightbox\" data-provider=\"linkedin\" target=\"_blank\" rel=\"nofollow\" title=\"Share on Linkedin\" href=\"https:\/\/www.linkedin.com\/shareArticle?mini=true&#038;url=https%3A%2F%2Ffatherbroom.com%2Fes%2Fwp-json%2Fwp%2Fv2%2Fposts%2F23659&#038;title=LECTURAS%20DEL%20DIA%20%7C%208%20DE%20AGOSTO%202020\" style=\"font-size: 0px;width:48px;height:48px;margin:0;margin-bottom:5px;margin-right:5px\"><img loading=\"lazy\" decoding=\"async\" alt=\"linkedin\" title=\"Share on Linkedin\" class=\"synved-share-image synved-social-image synved-social-image-share\" width=\"48\" height=\"48\" style=\"display: inline;width:48px;height:48px;margin: 0;padding: 0;border: none;box-shadow: none\" src=\"https:\/\/fatherbroom.com\/es\/wp-content\/plugins\/social-media-feather\/synved-social\/image\/social\/regular\/96x96\/linkedin.png\" \/><\/a><a class=\"synved-social-button synved-social-button-share synved-social-size-48 synved-social-resolution-single synved-social-provider-mail nolightbox\" data-provider=\"mail\" rel=\"nofollow\" title=\"Share by email\" href=\"mailto:?subject=LECTURAS%20DEL%20DIA%20%7C%208%20DE%20AGOSTO%202020&#038;body=Hey%20check%20this%20out:%20https%3A%2F%2Ffatherbroom.com%2Fes%2Fwp-json%2Fwp%2Fv2%2Fposts%2F23659\" style=\"font-size: 0px;width:48px;height:48px;margin:0;margin-bottom:5px\"><img loading=\"lazy\" decoding=\"async\" alt=\"mail\" title=\"Share by email\" class=\"synved-share-image synved-social-image synved-social-image-share\" width=\"48\" height=\"48\" style=\"display: inline;width:48px;height:48px;margin: 0;padding: 0;border: none;box-shadow: none\" src=\"https:\/\/fatherbroom.com\/es\/wp-content\/plugins\/social-media-feather\/synved-social\/image\/social\/regular\/96x96\/mail.png\" \/><\/a><\/div>","protected":false},"excerpt":{"rendered":"<p>8 de agosto 2020Memoria de Santo Domingo, presb\u00edtero Primera lectura\u00a0Hab 1, 12\u20132, 4 \u00bfNo eres t\u00fa, Se\u00f1or, desde siempre,mi santo Dios, que no muere?T\u00fa, Se\u00f1or, has escogido al pueblo caldeo para hacer justiciay lo has establecido para castigar.Tus ojos son demasiado puros para soportar el mal,no puedes ver la opresi\u00f3n.\u00bfPor qu\u00e9 miras en silencio a [&hellip;]<\/p>\n","protected":false},"author":7,"featured_media":0,"comment_status":"open","ping_status":"open","sticky":false,"template":"","format":"standard","meta":{"_genesis_hide_title":false,"_genesis_hide_breadcrumbs":false,"_genesis_hide_singular_image":false,"_genesis_hide_footer_widgets":false,"_genesis_custom_body_class":"","_genesis_custom_post_class":"","_genesis_layout":"","footnotes":""},"categories":[277],"tags":[],"class_list":{"0":"post-23659","1":"post","2":"type-post","3":"status-publish","4":"format-standard","6":"category-lecturas-del-dia","7":"entry"},"_links":{"self":[{"href":"https:\/\/fatherbroom.com\/es\/wp-json\/wp\/v2\/posts\/23659","targetHints":{"allow":["GET"]}}],"collection":[{"href":"https:\/\/fatherbroom.com\/es\/wp-json\/wp\/v2\/posts"}],"about":[{"href":"https:\/\/fatherbroom.com\/es\/wp-json\/wp\/v2\/types\/post"}],"author":[{"embeddable":true,"href":"https:\/\/fatherbroom.com\/es\/wp-json\/wp\/v2\/users\/7"}],"replies":[{"embeddable":true,"href":"https:\/\/fatherbroom.com\/es\/wp-json\/wp\/v2\/comments?post=23659"}],"version-history":[{"count":7,"href":"https:\/\/fatherbroom.com\/es\/wp-json\/wp\/v2\/posts\/23659\/revisions"}],"predecessor-version":[{"id":23702,"href":"https:\/\/fatherbroom.com\/es\/wp-json\/wp\/v2\/posts\/23659\/revisions\/23702"}],"wp:attachment":[{"href":"https:\/\/fatherbroom.com\/es\/wp-json\/wp\/v2\/media?parent=23659"}],"wp:term":[{"taxonomy":"category","embeddable":true,"href":"https:\/\/fatherbroom.com\/es\/wp-json\/wp\/v2\/categories?post=23659"},{"taxonomy":"post_tag","embeddable":true,"href":"https:\/\/fatherbroom.com\/es\/wp-json\/wp\/v2\/tags?post=23659"}],"curies":[{"name":"wp","href":"https:\/\/api.w.org\/{rel}","templated":true}]}}