{"id":23652,"date":"2020-08-07T02:00:21","date_gmt":"2020-08-07T09:00:21","guid":{"rendered":"http:\/\/fatherbroom.com\/es\/?p=23652"},"modified":"2020-08-06T08:51:38","modified_gmt":"2020-08-06T15:51:38","slug":"lecturas-del-dia-7-de-agosoto-2020","status":"publish","type":"post","link":"https:\/\/fatherbroom.com\/es\/2020\/08\/lecturas-del-dia-7-de-agosoto-2020\/","title":{"rendered":"LECTURAS DEL DIA | 7 DE AGOSOTO 2020"},"content":{"rendered":"<p><img loading=\"lazy\" decoding=\"async\" src=\"http:\/\/fatherbroom.com\/es\/wp-content\/media\/sites\/3\/Screen-Shot-2020-08-06-at-8.43.12-AM-1-300x169.png\" alt=\"\" width=\"651\" height=\"367\" class=\"aligncenter  wp-image-23654\" srcset=\"https:\/\/fatherbroom.com\/es\/wp-content\/media\/sites\/3\/Screen-Shot-2020-08-06-at-8.43.12-AM-1-300x169.png 300w, https:\/\/fatherbroom.com\/es\/wp-content\/media\/sites\/3\/Screen-Shot-2020-08-06-at-8.43.12-AM-1-768x433.png 768w, https:\/\/fatherbroom.com\/es\/wp-content\/media\/sites\/3\/Screen-Shot-2020-08-06-at-8.43.12-AM-1-1024x577.png 1024w, https:\/\/fatherbroom.com\/es\/wp-content\/media\/sites\/3\/Screen-Shot-2020-08-06-at-8.43.12-AM-1.png 1282w\" sizes=\"auto, (max-width: 651px) 100vw, 651px\" \/><\/p>\n<h4><strong>August 7, 2020<\/strong><\/h4>\n<div class=\"wr-block b-lectionary padding-top-s padding-bottom-xxs bg-white\">\n<div class=\"container\">\n<div class=\"row\">\n<div class=\"p-wrap col-lg-10 offset-lg-1 col-xl-8 offset-xl-2 col-xxl-6 offset-xxl-3\">\n<div class=\"innerblock\">\n<h4><strong>Viernes de la XVIII semana del Tiempo ordinario<\/strong><\/h4>\n<\/div>\n<\/div>\n<\/div>\n<\/div>\n<\/div>\n<div class=\"wr-block b-verse bg-white padding-bottom-m\">\n<div class=\"container\">\n<div class=\"row\">\n<div class=\"p-wrap col-lg-10 offset-lg-1 col-xl-8 offset-xl-2 col-xxl-6 offset-xxl-3 \">\n<div class=\"innerblock\">\n<div class=\"content-header\">\n<h4 class=\"name\"><strong>Primera lectura\u00a0Nah 2, 1. 3; 3, 1-3. 6-7<\/strong><\/h4>\n<\/div>\n<div class=\"content-body\">\n<p><strong>Ya viene por el monte<\/strong><br \/><strong>el mensajero de buenas noticias,<\/strong><br \/><strong>que anuncia la paz.<\/strong><br \/><strong>Celebra tus fiestas, Jud\u00e1, y cumple tus promesas,<\/strong><br \/><strong>porque el malvado no te volver\u00e1 a invadir,<\/strong><br \/><strong>pues ha sido aniquilado.<\/strong><\/p>\n<p><strong>El Se\u00f1or restaurar\u00e1 la vi\u00f1a de Jacob,<\/strong><br \/><strong>que es el orgullo de Israel.<\/strong><br \/><strong>Los invasores la hab\u00edan devastado,<\/strong><br \/><strong>hab\u00edan destruido sus sarmientos.<\/strong><\/p>\n<p><strong>En cambio, \u00a1ay de ti, N\u00ednive, ciudad sanguinaria,<\/strong><br \/><strong>toda llena de mentiras y despojos,<\/strong><br \/><strong>que no has cesado de robar!<\/strong><br \/><strong>Escucha el chasquido de los l\u00e1tigos<\/strong><br \/><strong>y el estr\u00e9pito de las ruedas,<\/strong><br \/><strong>los caballos que galopan,<\/strong><br \/><strong>los carros que saltan<\/strong><br \/><strong>y la caballer\u00eda que avanza.<\/strong><br \/><strong>Mira el llamear de las espadas<\/strong><br \/><strong>y el centellear de las lanzas.<\/strong><br \/><strong>Contempla la multitud de heridos<\/strong><br \/><strong>y los montones de muertos,<\/strong><br \/><strong>la interminable cantidad de cad\u00e1veres<\/strong><br \/><strong>con los que uno se tropieza.<\/strong><\/p>\n<p><strong>Arrojar\u00e9 inmundicias sobre ti,<\/strong><br \/><strong>te deshonrar\u00e9 y te expondr\u00e9 a la verg\u00fcenza p\u00fablica.<\/strong><br \/><strong>Y todo el que te vea huir\u00e1 de ti y dir\u00e1:<\/strong><br \/><strong>\u201cN\u00ednive est\u00e1 destruida\u201d.<\/strong><br \/><strong>\u00bfQui\u00e9n tendr\u00e1 compasi\u00f3n de ti?<\/strong><br \/><strong>\u00bfD\u00f3nde podr\u00e9 encontrar alguien que te consuele?<\/strong><\/p>\n<\/div>\n<\/div>\n<\/div>\n<\/div>\n<\/div>\n<\/div>\n<div class=\"wr-block b-verse bg-white padding-bottom-m\">\n<div class=\"container\">\n<div class=\"row\">\n<div class=\"p-wrap col-lg-10 offset-lg-1 col-xl-8 offset-xl-2 col-xxl-6 offset-xxl-3 \">\n<div class=\"innerblock\">\n<div class=\"content-header\">\n<h4 class=\"name\"><strong>Salmo Responsorial\u00a0Deuteronomio 32, 35-36,. 39, 41<\/strong><\/h4>\n<\/div>\n<div class=\"content-body\">\n<p><strong>R. (39c) Yo doy la muerte y la vida.<\/strong><br \/><strong>El d\u00eda de su perdici\u00f3n se acerca<\/strong><br \/><strong>y su suerte se apresura,<\/strong><br \/><strong>porque el Se\u00f1or defender\u00e1 a su pueblo<\/strong><br \/><strong>y tendr\u00e1 compasi\u00f3n de sus siervos. R.<\/strong><\/p>\n<p><strong>Miren que s\u00f3lo yo soy Dios<\/strong><br \/><strong>y no hay otro fuera de m\u00ed;<\/strong><br \/><strong>yo doy la muerte y la vida,<\/strong><br \/><strong>yo hiero y yo curo. R.<\/strong><\/p>\n<p><strong>Cuando afile el rel\u00e1mpago de mi espada<\/strong><br \/><strong>y tome en mis manos la justicia,<\/strong><br \/><strong>yo me vengar\u00e9 del enemigo<\/strong><br \/><strong>y le dar\u00e9 su merecido al adversario. R.<\/strong><\/p>\n<\/div>\n<\/div>\n<\/div>\n<\/div>\n<\/div>\n<\/div>\n<div class=\"wr-block b-verse bg-white padding-bottom-m\">\n<div class=\"container\">\n<div class=\"row\">\n<div class=\"p-wrap col-lg-10 offset-lg-1 col-xl-8 offset-xl-2 col-xxl-6 offset-xxl-3 \">\n<div class=\"innerblock\">\n<div class=\"content-header\">\n<h4 class=\"name\"><strong>Aclamaci\u00f3n antes del Evangelio\u00a0Mt 5, 10<\/strong><\/h4>\n<\/div>\n<div class=\"content-body\">\n<p><strong>R. Aleluya, aleluya.<\/strong><br \/><strong>Dichosos los perseguidos por causa de la justicia,<\/strong><br \/><strong>porque de ellos es el Reino de los cielos, dice el Se\u00f1or.<\/strong><br \/><strong>R. Aleluya.<\/strong><\/p>\n<\/div>\n<\/div>\n<\/div>\n<\/div>\n<\/div>\n<\/div>\n<div class=\"wr-block b-verse bg-white padding-bottom-m\">\n<div class=\"container\">\n<div class=\"row\">\n<div class=\"p-wrap col-lg-10 offset-lg-1 col-xl-8 offset-xl-2 col-xxl-6 offset-xxl-3 \">\n<div class=\"innerblock\">\n<div class=\"content-header\">\n<h4 class=\"name\"><strong>Evangelio\u00a0Mt 16, 24-28<\/strong><\/h4>\n<\/div>\n<div class=\"content-body\">\n<p><strong>En aquel tiempo, Jes\u00fas dijo a sus disc\u00edpulos: \u201cEl que quiera venir conmigo, que renuncie a s\u00ed mismo, que tome su cruz y me siga. Pues el que quiera salvar su vida, la perder\u00e1; pero el que pierda su vida por m\u00ed, la encontrar\u00e1. \u00bfDe qu\u00e9 le sirve a uno ganar el mundo entero, si pierde su vida? \u00bfY qu\u00e9 podr\u00e1 dar uno a cambio para recobrarla?<\/strong><\/p>\n<p><strong>Porque el Hijo del hombre ha de venir rodeado de la gloria de su Padre, en compa\u00f1\u00eda de sus \u00e1ngeles, y entonces dar\u00e1 a cada uno lo que merecen sus obras.<\/strong><\/p>\n<p><strong>Yo les aseguro que algunos de los aqu\u00ed presentes no morir\u00e1n, sin haber visto primero llegar al Hijo del hombre como rey\u2019\u2019.<\/p>\n<p><em>Los textos de la Sagrada Escritura utilizados en esta obra han sido tomados de los Leccionarios I, II y III, propiedad de la Comisi\u00f3n Episcopal de Pastoral Lit\u00fargica de la Conferencia Episcopal Mexicana, copyright \u00a9 1987, quinta edici\u00f3n de septiembre de 2004. Utilizados con permiso. Todos los derechos reservados. Debido a cuestiones de permisos de impresi\u00f3n, los Salmos Responsoriales que se incluyen aqu\u00ed son los del Leccionario que se utiliza en M\u00e9xico. Su parroquia podr\u00eda usar un texto diferente.<\/em><\/p>\n<p><img loading=\"lazy\" decoding=\"async\" src=\"http:\/\/fatherbroom.com\/es\/wp-content\/media\/sites\/3\/Screen-Shot-2020-08-06-at-8.50.46-AM-300x100.png\" alt=\"\" width=\"531\" height=\"177\" class=\"aligncenter  wp-image-23657\" srcset=\"https:\/\/fatherbroom.com\/es\/wp-content\/media\/sites\/3\/Screen-Shot-2020-08-06-at-8.50.46-AM-300x100.png 300w, https:\/\/fatherbroom.com\/es\/wp-content\/media\/sites\/3\/Screen-Shot-2020-08-06-at-8.50.46-AM-768x255.png 768w, https:\/\/fatherbroom.com\/es\/wp-content\/media\/sites\/3\/Screen-Shot-2020-08-06-at-8.50.46-AM-1024x341.png 1024w, https:\/\/fatherbroom.com\/es\/wp-content\/media\/sites\/3\/Screen-Shot-2020-08-06-at-8.50.46-AM.png 1642w\" sizes=\"auto, (max-width: 531px) 100vw, 531px\" \/><br \/><\/strong><\/p>\n<p><strong>No habr\u00e1 otra revelaci\u00f3n<\/strong><\/p>\n<p><strong>66 \u00abLa econom\u00eda cristiana, como alianza nueva y definitiva, nunca pasar\u00e1; ni hay que esperar otra revelaci\u00f3n p\u00fablica antes de la gloriosa manifestaci\u00f3n de nuestro Se\u00f1or Jesucristo\u00bb (<a href=\"http:\/\/www.vatican.va\/archive\/hist_councils\/ii_vatican_council\/documents\/vat-ii_const_19651118_dei-verbum_sp.html\">DV<\/a>4). Sin embargo, aunque la Revelaci\u00f3n est\u00e9 acabada, no est\u00e1 completamente explicitada; corresponder\u00e1 a la fe cristiana comprender gradualmente todo su contenido en el transcurso de los siglos.<\/strong><\/p>\n<p><strong>\u00a0<\/strong><\/p>\n<\/div>\n<\/div>\n<\/div>\n<\/div>\n<\/div>\n<\/div>\n<div class=\"synved-social-container synved-social-container-share\" style=\"text-align: center\"><a class=\"synved-social-button synved-social-button-share synved-social-size-48 synved-social-resolution-single synved-social-provider-facebook nolightbox\" data-provider=\"facebook\" target=\"_blank\" rel=\"nofollow\" title=\"Share on Facebook\" href=\"https:\/\/www.facebook.com\/sharer.php?u=https%3A%2F%2Ffatherbroom.com%2Fes%2Fwp-json%2Fwp%2Fv2%2Fposts%2F23652&#038;t=LECTURAS%20DEL%20DIA%20%7C%207%20DE%20AGOSOTO%202020&#038;s=100&#038;p&#091;url&#093;=https%3A%2F%2Ffatherbroom.com%2Fes%2Fwp-json%2Fwp%2Fv2%2Fposts%2F23652&#038;p&#091;images&#093;&#091;0&#093;=http%3A%2F%2Ffatherbroom.com%2Fes%2Fwp-content%2Fmedia%2Fsites%2F3%2FScreen-Shot-2020-08-06-at-8.50.46-AM-300x100.png&#038;p&#091;title&#093;=LECTURAS%20DEL%20DIA%20%7C%207%20DE%20AGOSOTO%202020\" style=\"font-size: 0px;width:48px;height:48px;margin:0;margin-bottom:5px;margin-right:5px\"><img loading=\"lazy\" decoding=\"async\" alt=\"Facebook\" title=\"Share on Facebook\" class=\"synved-share-image synved-social-image synved-social-image-share\" width=\"48\" height=\"48\" style=\"display: inline;width:48px;height:48px;margin: 0;padding: 0;border: none;box-shadow: none\" src=\"https:\/\/fatherbroom.com\/es\/wp-content\/plugins\/social-media-feather\/synved-social\/image\/social\/regular\/96x96\/facebook.png\" \/><\/a><a class=\"synved-social-button synved-social-button-share synved-social-size-48 synved-social-resolution-single synved-social-provider-twitter nolightbox\" data-provider=\"twitter\" target=\"_blank\" rel=\"nofollow\" title=\"Share on Twitter\" href=\"https:\/\/twitter.com\/intent\/tweet?url=https%3A%2F%2Ffatherbroom.com%2Fes%2Fwp-json%2Fwp%2Fv2%2Fposts%2F23652&#038;text=Hey%20check%20this%20out\" style=\"font-size: 0px;width:48px;height:48px;margin:0;margin-bottom:5px;margin-right:5px\"><img loading=\"lazy\" decoding=\"async\" alt=\"twitter\" title=\"Share on Twitter\" class=\"synved-share-image synved-social-image synved-social-image-share\" width=\"48\" height=\"48\" style=\"display: inline;width:48px;height:48px;margin: 0;padding: 0;border: none;box-shadow: none\" src=\"https:\/\/fatherbroom.com\/es\/wp-content\/plugins\/social-media-feather\/synved-social\/image\/social\/regular\/96x96\/twitter.png\" \/><\/a><a class=\"synved-social-button synved-social-button-share synved-social-size-48 synved-social-resolution-single synved-social-provider-reddit nolightbox\" data-provider=\"reddit\" target=\"_blank\" rel=\"nofollow\" title=\"Share on Reddit\" href=\"https:\/\/www.reddit.com\/submit?url=https%3A%2F%2Ffatherbroom.com%2Fes%2Fwp-json%2Fwp%2Fv2%2Fposts%2F23652&#038;title=LECTURAS%20DEL%20DIA%20%7C%207%20DE%20AGOSOTO%202020\" style=\"font-size: 0px;width:48px;height:48px;margin:0;margin-bottom:5px;margin-right:5px\"><img loading=\"lazy\" decoding=\"async\" alt=\"reddit\" title=\"Share on Reddit\" class=\"synved-share-image synved-social-image synved-social-image-share\" width=\"48\" height=\"48\" style=\"display: inline;width:48px;height:48px;margin: 0;padding: 0;border: none;box-shadow: none\" src=\"https:\/\/fatherbroom.com\/es\/wp-content\/plugins\/social-media-feather\/synved-social\/image\/social\/regular\/96x96\/reddit.png\" \/><\/a><a class=\"synved-social-button synved-social-button-share synved-social-size-48 synved-social-resolution-single synved-social-provider-pinterest nolightbox\" data-provider=\"pinterest\" target=\"_blank\" rel=\"nofollow\" title=\"Pin it with Pinterest\" href=\"https:\/\/pinterest.com\/pin\/create\/button\/?url=https%3A%2F%2Ffatherbroom.com%2Fes%2Fwp-json%2Fwp%2Fv2%2Fposts%2F23652&#038;media=http%3A%2F%2Ffatherbroom.com%2Fes%2Fwp-content%2Fmedia%2Fsites%2F3%2FScreen-Shot-2020-08-06-at-8.50.46-AM-300x100.png&#038;description=LECTURAS%20DEL%20DIA%20%7C%207%20DE%20AGOSOTO%202020\" style=\"font-size: 0px;width:48px;height:48px;margin:0;margin-bottom:5px;margin-right:5px\"><img loading=\"lazy\" decoding=\"async\" alt=\"pinterest\" title=\"Pin it with Pinterest\" class=\"synved-share-image synved-social-image synved-social-image-share\" width=\"48\" height=\"48\" style=\"display: inline;width:48px;height:48px;margin: 0;padding: 0;border: none;box-shadow: none\" src=\"https:\/\/fatherbroom.com\/es\/wp-content\/plugins\/social-media-feather\/synved-social\/image\/social\/regular\/96x96\/pinterest.png\" \/><\/a><a class=\"synved-social-button synved-social-button-share synved-social-size-48 synved-social-resolution-single synved-social-provider-linkedin nolightbox\" data-provider=\"linkedin\" target=\"_blank\" rel=\"nofollow\" title=\"Share on Linkedin\" href=\"https:\/\/www.linkedin.com\/shareArticle?mini=true&#038;url=https%3A%2F%2Ffatherbroom.com%2Fes%2Fwp-json%2Fwp%2Fv2%2Fposts%2F23652&#038;title=LECTURAS%20DEL%20DIA%20%7C%207%20DE%20AGOSOTO%202020\" style=\"font-size: 0px;width:48px;height:48px;margin:0;margin-bottom:5px;margin-right:5px\"><img loading=\"lazy\" decoding=\"async\" alt=\"linkedin\" title=\"Share on Linkedin\" class=\"synved-share-image synved-social-image synved-social-image-share\" width=\"48\" height=\"48\" style=\"display: inline;width:48px;height:48px;margin: 0;padding: 0;border: none;box-shadow: none\" src=\"https:\/\/fatherbroom.com\/es\/wp-content\/plugins\/social-media-feather\/synved-social\/image\/social\/regular\/96x96\/linkedin.png\" \/><\/a><a class=\"synved-social-button synved-social-button-share synved-social-size-48 synved-social-resolution-single synved-social-provider-mail nolightbox\" data-provider=\"mail\" rel=\"nofollow\" title=\"Share by email\" href=\"mailto:?subject=LECTURAS%20DEL%20DIA%20%7C%207%20DE%20AGOSOTO%202020&#038;body=Hey%20check%20this%20out:%20https%3A%2F%2Ffatherbroom.com%2Fes%2Fwp-json%2Fwp%2Fv2%2Fposts%2F23652\" style=\"font-size: 0px;width:48px;height:48px;margin:0;margin-bottom:5px\"><img loading=\"lazy\" decoding=\"async\" alt=\"mail\" title=\"Share by email\" class=\"synved-share-image synved-social-image synved-social-image-share\" width=\"48\" height=\"48\" style=\"display: inline;width:48px;height:48px;margin: 0;padding: 0;border: none;box-shadow: none\" src=\"https:\/\/fatherbroom.com\/es\/wp-content\/plugins\/social-media-feather\/synved-social\/image\/social\/regular\/96x96\/mail.png\" \/><\/a><\/div>","protected":false},"excerpt":{"rendered":"<p>August 7, 2020 Viernes de la XVIII semana del Tiempo ordinario Primera lectura\u00a0Nah 2, 1. 3; 3, 1-3. 6-7 Ya viene por el monteel mensajero de buenas noticias,que anuncia la paz.Celebra tus fiestas, Jud\u00e1, y cumple tus promesas,porque el malvado no te volver\u00e1 a invadir,pues ha sido aniquilado. El Se\u00f1or restaurar\u00e1 la vi\u00f1a de Jacob,que [&hellip;]<\/p>\n","protected":false},"author":13,"featured_media":0,"comment_status":"open","ping_status":"open","sticky":false,"template":"","format":"standard","meta":{"_genesis_hide_title":false,"_genesis_hide_breadcrumbs":false,"_genesis_hide_singular_image":false,"_genesis_hide_footer_widgets":false,"_genesis_custom_body_class":"","_genesis_custom_post_class":"","_genesis_layout":"","footnotes":""},"categories":[277],"tags":[],"class_list":{"0":"post-23652","1":"post","2":"type-post","3":"status-publish","4":"format-standard","6":"category-lecturas-del-dia","7":"entry"},"_links":{"self":[{"href":"https:\/\/fatherbroom.com\/es\/wp-json\/wp\/v2\/posts\/23652","targetHints":{"allow":["GET"]}}],"collection":[{"href":"https:\/\/fatherbroom.com\/es\/wp-json\/wp\/v2\/posts"}],"about":[{"href":"https:\/\/fatherbroom.com\/es\/wp-json\/wp\/v2\/types\/post"}],"author":[{"embeddable":true,"href":"https:\/\/fatherbroom.com\/es\/wp-json\/wp\/v2\/users\/13"}],"replies":[{"embeddable":true,"href":"https:\/\/fatherbroom.com\/es\/wp-json\/wp\/v2\/comments?post=23652"}],"version-history":[{"count":3,"href":"https:\/\/fatherbroom.com\/es\/wp-json\/wp\/v2\/posts\/23652\/revisions"}],"predecessor-version":[{"id":23658,"href":"https:\/\/fatherbroom.com\/es\/wp-json\/wp\/v2\/posts\/23652\/revisions\/23658"}],"wp:attachment":[{"href":"https:\/\/fatherbroom.com\/es\/wp-json\/wp\/v2\/media?parent=23652"}],"wp:term":[{"taxonomy":"category","embeddable":true,"href":"https:\/\/fatherbroom.com\/es\/wp-json\/wp\/v2\/categories?post=23652"},{"taxonomy":"post_tag","embeddable":true,"href":"https:\/\/fatherbroom.com\/es\/wp-json\/wp\/v2\/tags?post=23652"}],"curies":[{"name":"wp","href":"https:\/\/api.w.org\/{rel}","templated":true}]}}