{"id":23645,"date":"2020-08-06T02:00:01","date_gmt":"2020-08-06T09:00:01","guid":{"rendered":"http:\/\/fatherbroom.com\/es\/?p=23645"},"modified":"2020-08-06T09:15:59","modified_gmt":"2020-08-06T16:15:59","slug":"23645","status":"publish","type":"post","link":"https:\/\/fatherbroom.com\/es\/2020\/08\/23645\/","title":{"rendered":"LECTURAS DEL DIA | 6 DE AGOSTO 2020"},"content":{"rendered":"<p><img loading=\"lazy\" decoding=\"async\" src=\"http:\/\/fatherbroom.com\/es\/wp-content\/media\/sites\/3\/Screen-Shot-2020-08-05-at-8.18.35-PM-300x169.png\" alt=\"\" width=\"504\" height=\"284\" class=\"aligncenter  wp-image-23646\" srcset=\"https:\/\/fatherbroom.com\/es\/wp-content\/media\/sites\/3\/Screen-Shot-2020-08-05-at-8.18.35-PM-300x169.png 300w, https:\/\/fatherbroom.com\/es\/wp-content\/media\/sites\/3\/Screen-Shot-2020-08-05-at-8.18.35-PM-768x432.png 768w, https:\/\/fatherbroom.com\/es\/wp-content\/media\/sites\/3\/Screen-Shot-2020-08-05-at-8.18.35-PM-1024x576.png 1024w, https:\/\/fatherbroom.com\/es\/wp-content\/media\/sites\/3\/Screen-Shot-2020-08-05-at-8.18.35-PM.png 1280w\" sizes=\"auto, (max-width: 504px) 100vw, 504px\" \/><\/p>\n<div class=\"wr-block b-lectionary padding-top-l padding-bottom-s bg-white\">\n<div class=\"container\">\n<div class=\"row\">\n<div class=\"p-wrap col-lg-10 offset-lg-1 col-xl-8 offset-xl-2 col-xxl-6 offset-xxl-3\">\n<div class=\"innerblock\">\n<h4><strong>Fiesta de la Transfiguraci\u00f3n del Se\u00f1or<\/strong><\/h4>\n<\/div>\n<\/div>\n<\/div>\n<\/div>\n<\/div>\n<div class=\"wr-block b-lectionary padding-bottom-s bg-white\">\n<div class=\"container\">\n<div class=\"row\">\n<div class=\"p-wrap col-lg-10 offset-lg-1 col-xl-8 offset-xl-2 col-xxl-6 offset-xxl-3\"><\/div>\n<\/div>\n<\/div>\n<\/div>\n<div class=\"wr-block b-verse bg-white padding-bottom-m\">\n<div class=\"container\">\n<div class=\"row\">\n<div class=\"p-wrap col-lg-10 offset-lg-1 col-xl-8 offset-xl-2 col-xxl-6 offset-xxl-3 \">\n<div class=\"innerblock\">\n<div class=\"content-header\">\n<h4 class=\"name\"><strong>Primera lectura<\/strong><\/h4>\n<div class=\"address\"><strong>Dn 7, 9-10. 13-14<\/strong><\/div>\n<\/div>\n<div class=\"content-body\">\n<p><strong>Yo, Daniel, tuve una visi\u00f3n nocturna:<\/strong><br \/><strong>Vi que colocaban unos tronos<\/strong><br \/><strong>y un anciano se sent\u00f3.<\/strong><br \/><strong>Su vestido era blanco como la nieve,<\/strong><br \/><strong>y sus cabellos, blancos como lana.<\/strong><br \/><strong>Su trono, llamas de fuego,<\/strong><br \/><strong>con ruedas encendidas.<\/strong><br \/><strong>Un r\u00edo de fuego brotaba delante de \u00e9l.<\/strong><br \/><strong>Miles y miles lo serv\u00edan,<\/strong><br \/><strong>millones y millones estaban a sus \u00f3rdenes.<\/strong><br \/><strong>Comenz\u00f3 el juicio y se abrieron los libros.<\/strong><\/p>\n<p><strong>Yo segu\u00ed contemplando en mi visi\u00f3n nocturna<\/strong><br \/><strong>y vi a alguien semejante a un hijo de hombre,<\/strong><br \/><strong>que ven\u00eda entre las nubes del cielo.<\/strong><br \/><strong>Avanz\u00f3 hacia el anciano de muchos siglos<\/strong><br \/><strong>y fue introducido a su presencia.<\/strong><br \/><strong>Entonces recibi\u00f3 la soberan\u00eda, la gloria y el reino.<\/strong><br \/><strong>Y todos los pueblos y naciones<\/strong><br \/><strong>de todas las lenguas lo serv\u00edan.<\/strong><br \/><strong>Su poder nunca se acabar\u00e1, porque es un poder eterno,<\/strong><br \/><strong>y su reino jam\u00e1s ser\u00e1 destruido.<\/strong><\/p>\n<\/div>\n<\/div>\n<\/div>\n<\/div>\n<\/div>\n<\/div>\n<div class=\"wr-block b-verse bg-white padding-bottom-m\">\n<div class=\"container\">\n<div class=\"row\">\n<div class=\"p-wrap col-lg-10 offset-lg-1 col-xl-8 offset-xl-2 col-xxl-6 offset-xxl-3 \">\n<div class=\"innerblock\">\n<div class=\"content-header\">\n<h4 class=\"name\"><strong>Salmo Responsorial<\/strong><\/h4>\n<div class=\"address\"><strong>Salmo 96, 1-2. 5-6. 9<\/strong><\/div>\n<\/div>\n<div class=\"content-body\">\n<p><strong>R. (1a y 9a) Reina el Se\u00f1or, al\u00e9grese la tierra.<\/strong><\/p>\n<p><strong>Reina el Se\u00f1or, al\u00e9grese la tierra;<\/strong><br \/><strong>cante de regocijo el mundo entero.<\/strong><br \/><strong>Tinieblas y nubes rodean el trono del Se\u00f1or<\/strong><br \/><strong>que se asienta en la justicia y el derecho.\u00a0R.<\/strong><\/p>\n<p><strong>Los montes se derriten como cera<\/strong><br \/><strong>ante el Se\u00f1or de toda la tierra.<\/strong><br \/><strong>Los cielos pregonan su justicia,<\/strong><br \/><strong>su inmensa gloria ven todos los pueblos.\u00a0R. <\/strong><\/p>\n<p><strong>T\u00fa, Se\u00f1or, alt\u00edsimo,<\/strong><br \/><strong>est\u00e1s muy por encima de la tierra<\/strong><br \/><strong>y mucho m\u00e1s en alto que los dioses.\u00a0R.\u00a0<\/strong><\/p>\n<\/div>\n<\/div>\n<\/div>\n<\/div>\n<\/div>\n<\/div>\n<div class=\"wr-block b-verse bg-white padding-bottom-m\">\n<div class=\"container\">\n<div class=\"row\">\n<div class=\"p-wrap col-lg-10 offset-lg-1 col-xl-8 offset-xl-2 col-xxl-6 offset-xxl-3 \">\n<div class=\"innerblock\">\n<div class=\"content-header\">\n<h4 class=\"name\"><strong>Segunda lectura<\/strong><\/h4>\n<h4 class=\"address\"><strong>2 Pedro 1, 16-19<\/strong><\/h4>\n<\/div>\n<div class=\"content-body\">\n<p><strong>Hermanos: Cuando les anunciamos la venida gloriosa y llena de poder de nuestro Se\u00f1or Jesucristo, no lo hicimos fundados en f\u00e1bulas hechas con astucia, sino por haberlo visto con nuestros propios ojos en toda su grandeza. En efecto, Dios lo llen\u00f3 de gloria y honor, cuando la sublime voz del Padre reson\u00f3 sobre \u00e9l, diciendo: \u201c\u00c9ste es mi Hijo amado, en quien yo me complazco\u201d. Y nosotros escuchamos esta voz, venida del cielo, mientras est\u00e1bamos con el Se\u00f1or en el monte santo.<\/strong><\/p>\n<p><strong>Tenemos tambi\u00e9n la firm\u00edsima palabra de los profetas, a la que con toda raz\u00f3n ustedes consideran como una l\u00e1mpara que ilumina en la oscuridad, hasta que despunte el d\u00eda y el lucero de la ma\u00f1ana amanezca en los corazones de ustedes.<\/strong><\/p>\n<\/div>\n<\/div>\n<\/div>\n<\/div>\n<\/div>\n<\/div>\n<div class=\"wr-block b-verse bg-white padding-bottom-m\">\n<div class=\"container\">\n<div class=\"row\">\n<div class=\"p-wrap col-lg-10 offset-lg-1 col-xl-8 offset-xl-2 col-xxl-6 offset-xxl-3 \">\n<div class=\"innerblock\">\n<div class=\"content-header\">\n<h4 class=\"name\"><strong>Aclamaci\u00f3n antes del Evangelio<\/strong><\/h4>\n<div class=\"address\"><strong>Mt 17, 5<\/strong><\/div>\n<\/div>\n<div class=\"content-body\">\n<p><strong>R. Aleluya, aleluya.<\/strong><br \/><strong>\u00c9ste es mi Hijo muy amado, dice el Se\u00f1or,<\/strong><br \/><strong>en quien tengo puestas todas mis complacencias; esc\u00fachenlo.<\/strong><br \/><strong>R. Aleluya.<\/strong><\/p>\n<\/div>\n<\/div>\n<\/div>\n<\/div>\n<\/div>\n<\/div>\n<div class=\"wr-block b-verse bg-white padding-bottom-m\">\n<div class=\"container\">\n<div class=\"row\">\n<div class=\"p-wrap col-lg-10 offset-lg-1 col-xl-8 offset-xl-2 col-xxl-6 offset-xxl-3 \">\n<div class=\"innerblock\">\n<div class=\"content-header\">\n<h4 class=\"name\"><strong>Evangelio<\/strong><\/h4>\n<h4 class=\"address\"><strong>Mt 17, 1-9<\/strong><\/h4>\n<\/div>\n<div class=\"content-body\">\n<p><strong>En aquel tiempo, Jes\u00fas tom\u00f3 consigo a Pedro, a Santiago y a Juan, el hermano de \u00e9ste, y los hizo subir a solas con \u00e9l a un monte elevado. Ah\u00ed se transfigur\u00f3 en su presencia: su rostro se puso resplandeciente como el sol y sus vestiduras se volvieron blancas como la nieve. De pronto aparecieron ante ellos Mois\u00e9s y El\u00edas, conversando con Jes\u00fas.<\/strong><\/p>\n<p><strong>Entonces Pedro le dijo a Jes\u00fas: \u201cSe\u00f1or, \u00a1qu\u00e9 bueno ser\u00eda quedarnos aqu\u00ed! Si quieres, haremos aqu\u00ed tres chozas, una para ti, otra para Mois\u00e9s y otra para El\u00edas\u201d.<\/strong><\/p>\n<p><strong>Cuando a\u00fan estaba hablando, una nube luminosa los cubri\u00f3 y de ella sali\u00f3 una voz que dec\u00eda: \u201c\u00c9ste es mi Hijo muy amado, en quien tengo puestas mis complacencias; esc\u00fachenlo\u201d. Al o\u00edr esto, los disc\u00edpulos cayeron rostro en tierra, llenos de un gran temor. Jes\u00fas se acerc\u00f3 a ellos, los toc\u00f3 y les dijo: \u201cLev\u00e1ntense y no teman\u201d. Alzando entonces los ojos, ya no vieron a nadie m\u00e1s que a Jes\u00fas.<\/strong><\/p>\n<p><strong>Mientras bajaban del monte, Jes\u00fas les orden\u00f3: \u201cNo le cuenten a nadie lo que han visto, hasta que el Hijo del hombre haya resucitado de entre los muertos\u201d.<\/p>\n<p><em>Los textos de la Sagrada Escritura utilizados en esta obra han sido tomados de los Leccionarios I, II y III, propiedad de la Comisi\u00f3n Episcopal de Pastoral Lit\u00fargica de la Conferencia Episcopal Mexicana, copyright \u00a9 1987, quinta edici\u00f3n de septiembre de 2004. Utilizados con permiso. Todos los derechos reservados. Debido a cuestiones de permisos de impresi\u00f3n, los Salmos Responsoriales que se incluyen aqu\u00ed son los del Leccionario que se utiliza en M\u00e9xico. Su parroquia podr\u00eda usar un texto diferente.<\/em><\/p>\n<p><img loading=\"lazy\" decoding=\"async\" src=\"http:\/\/fatherbroom.com\/es\/wp-content\/media\/sites\/3\/Screen-Shot-2020-08-05-at-8.23.25-PM-300x100.png\" alt=\"\" width=\"519\" height=\"173\" class=\"aligncenter  wp-image-23649\" srcset=\"https:\/\/fatherbroom.com\/es\/wp-content\/media\/sites\/3\/Screen-Shot-2020-08-05-at-8.23.25-PM-300x100.png 300w, https:\/\/fatherbroom.com\/es\/wp-content\/media\/sites\/3\/Screen-Shot-2020-08-05-at-8.23.25-PM-768x255.png 768w, https:\/\/fatherbroom.com\/es\/wp-content\/media\/sites\/3\/Screen-Shot-2020-08-05-at-8.23.25-PM-1024x341.png 1024w, https:\/\/fatherbroom.com\/es\/wp-content\/media\/sites\/3\/Screen-Shot-2020-08-05-at-8.23.25-PM.png 1642w\" sizes=\"auto, (max-width: 519px) 100vw, 519px\" \/><br \/>Catecismo de la Iglesia\u00a0Cat\u00f3lica\u00a0<\/strong><\/p>\n<p><strong>III Cristo Jes\u00fas, \u00abmediador y plenitud de toda la Revelaci\u00f3n\u00bb (DV 2)<\/strong><\/p>\n<p><strong>Dios ha dicho todo en su Verbo<\/strong><\/p>\n<p><strong>65 \u00abMuchas veces y de muchos modos habl\u00f3 Dios en el pasado a nuestros padres por medio de los profetas; en estos \u00faltimos tiempos nos ha hablado por su Hijo\u00bb (Hb 1,1-2). Cristo, el Hijo de Dios hecho hombre, es la Palabra \u00fanica, perfecta e insuperable del Padre. En \u00c9l lo dice todo, no habr\u00e1 otra palabra m\u00e1s que \u00e9sta. San Juan de la Cruz, despu\u00e9s de otros muchos, lo expresa de manera luminosa, comentando Hb 1,1-2:<\/strong><\/p>\n<p><strong>\u00abPorque en darnos, como nos dio a su Hijo, que es una Palabra suya, que no tiene otra, todo nos lo habl\u00f3 junto y de una vez en esta sola Palabra [&#8230;]; porque lo que hablaba antes en partes a los profetas ya lo ha hablado todo en \u00c9l, d\u00e1ndonos al Todo, que es su Hijo. Por lo cual, el que ahora quisiese preguntar a Dios, o querer alguna visi\u00f3n o revelaci\u00f3n, no s\u00f3lo har\u00eda una necedad, sino har\u00eda agravio a Dios, no poniendo los ojos totalmente en Cristo, sin querer otra alguna cosa o novedad (San Juan de la Cruz, Subida del monte Carmelo 2,22,3-5: Biblioteca M\u00edstica Carmelitana, v. 11 (Burgos 1929), p. 184.).<\/strong><\/p>\n<p><strong>\u00a0<\/strong><\/p>\n<\/div>\n<\/div>\n<\/div>\n<\/div>\n<\/div>\n<\/div>\n<div class=\"synved-social-container synved-social-container-share\" style=\"text-align: center\"><a class=\"synved-social-button synved-social-button-share synved-social-size-48 synved-social-resolution-single synved-social-provider-facebook nolightbox\" data-provider=\"facebook\" target=\"_blank\" rel=\"nofollow\" title=\"Share on Facebook\" href=\"https:\/\/www.facebook.com\/sharer.php?u=https%3A%2F%2Ffatherbroom.com%2Fes%2Fwp-json%2Fwp%2Fv2%2Fposts%2F23645&#038;t=LECTURAS%20DEL%20DIA%20%7C%206%20DE%20AGOSTO%202020&#038;s=100&#038;p&#091;url&#093;=https%3A%2F%2Ffatherbroom.com%2Fes%2Fwp-json%2Fwp%2Fv2%2Fposts%2F23645&#038;p&#091;images&#093;&#091;0&#093;=http%3A%2F%2Ffatherbroom.com%2Fes%2Fwp-content%2Fmedia%2Fsites%2F3%2FScreen-Shot-2020-08-05-at-8.23.25-PM-300x100.png&#038;p&#091;title&#093;=LECTURAS%20DEL%20DIA%20%7C%206%20DE%20AGOSTO%202020\" style=\"font-size: 0px;width:48px;height:48px;margin:0;margin-bottom:5px;margin-right:5px\"><img loading=\"lazy\" decoding=\"async\" alt=\"Facebook\" title=\"Share on Facebook\" class=\"synved-share-image synved-social-image synved-social-image-share\" width=\"48\" height=\"48\" style=\"display: inline;width:48px;height:48px;margin: 0;padding: 0;border: none;box-shadow: none\" src=\"https:\/\/fatherbroom.com\/es\/wp-content\/plugins\/social-media-feather\/synved-social\/image\/social\/regular\/96x96\/facebook.png\" \/><\/a><a class=\"synved-social-button synved-social-button-share synved-social-size-48 synved-social-resolution-single synved-social-provider-twitter nolightbox\" data-provider=\"twitter\" target=\"_blank\" rel=\"nofollow\" title=\"Share on Twitter\" href=\"https:\/\/twitter.com\/intent\/tweet?url=https%3A%2F%2Ffatherbroom.com%2Fes%2Fwp-json%2Fwp%2Fv2%2Fposts%2F23645&#038;text=Hey%20check%20this%20out\" style=\"font-size: 0px;width:48px;height:48px;margin:0;margin-bottom:5px;margin-right:5px\"><img loading=\"lazy\" decoding=\"async\" alt=\"twitter\" title=\"Share on Twitter\" class=\"synved-share-image synved-social-image synved-social-image-share\" width=\"48\" height=\"48\" style=\"display: inline;width:48px;height:48px;margin: 0;padding: 0;border: none;box-shadow: none\" src=\"https:\/\/fatherbroom.com\/es\/wp-content\/plugins\/social-media-feather\/synved-social\/image\/social\/regular\/96x96\/twitter.png\" \/><\/a><a class=\"synved-social-button synved-social-button-share synved-social-size-48 synved-social-resolution-single synved-social-provider-reddit nolightbox\" data-provider=\"reddit\" target=\"_blank\" rel=\"nofollow\" title=\"Share on Reddit\" href=\"https:\/\/www.reddit.com\/submit?url=https%3A%2F%2Ffatherbroom.com%2Fes%2Fwp-json%2Fwp%2Fv2%2Fposts%2F23645&#038;title=LECTURAS%20DEL%20DIA%20%7C%206%20DE%20AGOSTO%202020\" style=\"font-size: 0px;width:48px;height:48px;margin:0;margin-bottom:5px;margin-right:5px\"><img loading=\"lazy\" decoding=\"async\" alt=\"reddit\" title=\"Share on Reddit\" class=\"synved-share-image synved-social-image synved-social-image-share\" width=\"48\" height=\"48\" style=\"display: inline;width:48px;height:48px;margin: 0;padding: 0;border: none;box-shadow: none\" src=\"https:\/\/fatherbroom.com\/es\/wp-content\/plugins\/social-media-feather\/synved-social\/image\/social\/regular\/96x96\/reddit.png\" \/><\/a><a class=\"synved-social-button synved-social-button-share synved-social-size-48 synved-social-resolution-single synved-social-provider-pinterest nolightbox\" data-provider=\"pinterest\" target=\"_blank\" rel=\"nofollow\" title=\"Pin it with Pinterest\" href=\"https:\/\/pinterest.com\/pin\/create\/button\/?url=https%3A%2F%2Ffatherbroom.com%2Fes%2Fwp-json%2Fwp%2Fv2%2Fposts%2F23645&#038;media=http%3A%2F%2Ffatherbroom.com%2Fes%2Fwp-content%2Fmedia%2Fsites%2F3%2FScreen-Shot-2020-08-05-at-8.23.25-PM-300x100.png&#038;description=LECTURAS%20DEL%20DIA%20%7C%206%20DE%20AGOSTO%202020\" style=\"font-size: 0px;width:48px;height:48px;margin:0;margin-bottom:5px;margin-right:5px\"><img loading=\"lazy\" decoding=\"async\" alt=\"pinterest\" title=\"Pin it with Pinterest\" class=\"synved-share-image synved-social-image synved-social-image-share\" width=\"48\" height=\"48\" style=\"display: inline;width:48px;height:48px;margin: 0;padding: 0;border: none;box-shadow: none\" src=\"https:\/\/fatherbroom.com\/es\/wp-content\/plugins\/social-media-feather\/synved-social\/image\/social\/regular\/96x96\/pinterest.png\" \/><\/a><a class=\"synved-social-button synved-social-button-share synved-social-size-48 synved-social-resolution-single synved-social-provider-linkedin nolightbox\" data-provider=\"linkedin\" target=\"_blank\" rel=\"nofollow\" title=\"Share on Linkedin\" href=\"https:\/\/www.linkedin.com\/shareArticle?mini=true&#038;url=https%3A%2F%2Ffatherbroom.com%2Fes%2Fwp-json%2Fwp%2Fv2%2Fposts%2F23645&#038;title=LECTURAS%20DEL%20DIA%20%7C%206%20DE%20AGOSTO%202020\" style=\"font-size: 0px;width:48px;height:48px;margin:0;margin-bottom:5px;margin-right:5px\"><img loading=\"lazy\" decoding=\"async\" alt=\"linkedin\" title=\"Share on Linkedin\" class=\"synved-share-image synved-social-image synved-social-image-share\" width=\"48\" height=\"48\" style=\"display: inline;width:48px;height:48px;margin: 0;padding: 0;border: none;box-shadow: none\" src=\"https:\/\/fatherbroom.com\/es\/wp-content\/plugins\/social-media-feather\/synved-social\/image\/social\/regular\/96x96\/linkedin.png\" \/><\/a><a class=\"synved-social-button synved-social-button-share synved-social-size-48 synved-social-resolution-single synved-social-provider-mail nolightbox\" data-provider=\"mail\" rel=\"nofollow\" title=\"Share by email\" href=\"mailto:?subject=LECTURAS%20DEL%20DIA%20%7C%206%20DE%20AGOSTO%202020&#038;body=Hey%20check%20this%20out:%20https%3A%2F%2Ffatherbroom.com%2Fes%2Fwp-json%2Fwp%2Fv2%2Fposts%2F23645\" style=\"font-size: 0px;width:48px;height:48px;margin:0;margin-bottom:5px\"><img loading=\"lazy\" decoding=\"async\" alt=\"mail\" title=\"Share by email\" class=\"synved-share-image synved-social-image synved-social-image-share\" width=\"48\" height=\"48\" style=\"display: inline;width:48px;height:48px;margin: 0;padding: 0;border: none;box-shadow: none\" src=\"https:\/\/fatherbroom.com\/es\/wp-content\/plugins\/social-media-feather\/synved-social\/image\/social\/regular\/96x96\/mail.png\" \/><\/a><\/div>","protected":false},"excerpt":{"rendered":"<p>Fiesta de la Transfiguraci\u00f3n del Se\u00f1or Primera lectura Dn 7, 9-10. 13-14 Yo, Daniel, tuve una visi\u00f3n nocturna:Vi que colocaban unos tronosy un anciano se sent\u00f3.Su vestido era blanco como la nieve,y sus cabellos, blancos como lana.Su trono, llamas de fuego,con ruedas encendidas.Un r\u00edo de fuego brotaba delante de \u00e9l.Miles y miles lo serv\u00edan,millones y [&hellip;]<\/p>\n","protected":false},"author":13,"featured_media":0,"comment_status":"open","ping_status":"open","sticky":false,"template":"","format":"standard","meta":{"_genesis_hide_title":false,"_genesis_hide_breadcrumbs":false,"_genesis_hide_singular_image":false,"_genesis_hide_footer_widgets":false,"_genesis_custom_body_class":"","_genesis_custom_post_class":"","_genesis_layout":"","footnotes":""},"categories":[277],"tags":[],"class_list":{"0":"post-23645","1":"post","2":"type-post","3":"status-publish","4":"format-standard","6":"category-lecturas-del-dia","7":"entry"},"_links":{"self":[{"href":"https:\/\/fatherbroom.com\/es\/wp-json\/wp\/v2\/posts\/23645","targetHints":{"allow":["GET"]}}],"collection":[{"href":"https:\/\/fatherbroom.com\/es\/wp-json\/wp\/v2\/posts"}],"about":[{"href":"https:\/\/fatherbroom.com\/es\/wp-json\/wp\/v2\/types\/post"}],"author":[{"embeddable":true,"href":"https:\/\/fatherbroom.com\/es\/wp-json\/wp\/v2\/users\/13"}],"replies":[{"embeddable":true,"href":"https:\/\/fatherbroom.com\/es\/wp-json\/wp\/v2\/comments?post=23645"}],"version-history":[{"count":5,"href":"https:\/\/fatherbroom.com\/es\/wp-json\/wp\/v2\/posts\/23645\/revisions"}],"predecessor-version":[{"id":23666,"href":"https:\/\/fatherbroom.com\/es\/wp-json\/wp\/v2\/posts\/23645\/revisions\/23666"}],"wp:attachment":[{"href":"https:\/\/fatherbroom.com\/es\/wp-json\/wp\/v2\/media?parent=23645"}],"wp:term":[{"taxonomy":"category","embeddable":true,"href":"https:\/\/fatherbroom.com\/es\/wp-json\/wp\/v2\/categories?post=23645"},{"taxonomy":"post_tag","embeddable":true,"href":"https:\/\/fatherbroom.com\/es\/wp-json\/wp\/v2\/tags?post=23645"}],"curies":[{"name":"wp","href":"https:\/\/api.w.org\/{rel}","templated":true}]}}