{"id":23635,"date":"2020-08-05T02:00:05","date_gmt":"2020-08-05T09:00:05","guid":{"rendered":"http:\/\/fatherbroom.com\/es\/?p=23635"},"modified":"2020-08-06T22:26:16","modified_gmt":"2020-08-07T05:26:16","slug":"lecturas-del-dia-5-de-agosoto-2020","status":"publish","type":"post","link":"https:\/\/fatherbroom.com\/es\/2020\/08\/lecturas-del-dia-5-de-agosoto-2020\/","title":{"rendered":"LECTURAS DEL DIA | 5 DE AGOSTO 2020"},"content":{"rendered":"<p><img loading=\"lazy\" decoding=\"async\" src=\"http:\/\/fatherbroom.com\/es\/wp-content\/media\/sites\/3\/Screen-Shot-2020-08-06-at-10.25.40-PM-300x168.png\" alt=\"\" width=\"563\" height=\"315\" class=\"aligncenter  wp-image-23690\" srcset=\"https:\/\/fatherbroom.com\/es\/wp-content\/media\/sites\/3\/Screen-Shot-2020-08-06-at-10.25.40-PM-300x168.png 300w, https:\/\/fatherbroom.com\/es\/wp-content\/media\/sites\/3\/Screen-Shot-2020-08-06-at-10.25.40-PM-768x431.png 768w, https:\/\/fatherbroom.com\/es\/wp-content\/media\/sites\/3\/Screen-Shot-2020-08-06-at-10.25.40-PM-1024x575.png 1024w, https:\/\/fatherbroom.com\/es\/wp-content\/media\/sites\/3\/Screen-Shot-2020-08-06-at-10.25.40-PM.png 1638w\" sizes=\"auto, (max-width: 563px) 100vw, 563px\" \/><\/p>\n<div class=\"wr-block b-lectionary padding-top-l padding-bottom-s bg-white\">\n<div class=\"container\">\n<div class=\"row\">\n<div class=\"p-wrap col-lg-10 offset-lg-1 col-xl-8 offset-xl-2 col-xxl-6 offset-xxl-3\">\n<div class=\"innerblock\">\n<h4><strong>Mi\u00e9rcoles de la XVII semana del Tiempo ordinario<\/strong><\/h4>\n<\/div>\n<\/div>\n<\/div>\n<\/div>\n<\/div>\n<div class=\"wr-block b-verse bg-white padding-bottom-m\">\n<div class=\"container\">\n<div class=\"row\">\n<div class=\"p-wrap col-lg-10 offset-lg-1 col-xl-8 offset-xl-2 col-xxl-6 offset-xxl-3 \">\n<div class=\"innerblock\">\n<div class=\"content-header\">\n<h4 class=\"name\"><strong>Primera lectura<\/strong><\/h4>\n<h4 class=\"address\"><strong>Jer 31, 1-7<\/strong><\/h4>\n<\/div>\n<div class=\"content-body\">\n<p><strong>\u201cEn aquel tiempo, dice el Se\u00f1or,<\/strong><br \/><strong>yo ser\u00e9 el Dios de todas las tribus de Israel<\/strong><br \/><strong>y ellos ser\u00e1n mi pueblo.<\/strong><\/p>\n<p><strong>El pueblo de Israel, que se libr\u00f3 de la espada,<\/strong><br \/><strong>hall\u00f3 misericordia en el desierto<\/strong><br \/><strong>y camina hacia el descanso;<\/strong><br \/><strong>el Se\u00f1or se le apareci\u00f3 de lejos\u2019\u2019.<\/strong><\/p>\n<p><strong>Esto dice el Se\u00f1or:<\/strong><br \/><strong>\u201cYo te amo con amor eterno,<\/strong><br \/><strong>por eso siempre me apiado de ti.<\/strong><br \/><strong>Volver\u00e9, pues, a construirte<\/strong><br \/><strong>y ser\u00e1s reconstruida, capital de Israel.<\/strong><br \/><strong>Volver\u00e1s a tocar tus panderos<\/strong><br \/><strong>y saldr\u00e1s a bailar entre m\u00fasicos y coros;<\/strong><br \/><strong>volver\u00e1s a plantar vi\u00f1as en los montes de Samaria<\/strong><br \/><strong>y los que las planten, las disfrutar\u00e1n.<\/strong><br \/><strong>En la monta\u00f1a de Efra\u00edn gritar\u00e1n los centinelas:<\/strong><br \/><strong>\u2018\u00a1Ya es de d\u00eda! \u00a1Lev\u00e1ntense y vayamos a Si\u00f3n,<\/strong><br \/><strong>hacia el Se\u00f1or, nuestro Dios!\u2019 \u201d<\/strong><\/p>\n<p><strong>Esto dice el Se\u00f1or:<\/strong><br \/><strong>\u201cGriten de alegr\u00eda por Jacob,<\/strong><br \/><strong>regoc\u00edjense por el mejor de los pueblos;<\/strong><br \/><strong>proclamen, alaben y digan:<\/strong><br \/><strong>\u2018El Se\u00f1or ha salvado a su pueblo,<\/strong><br \/><strong>al grupo de los sobrevivientes de Israel\u2019 \u201d.<\/strong><\/p>\n<\/div>\n<\/div>\n<\/div>\n<\/div>\n<\/div>\n<\/div>\n<div class=\"wr-block b-verse bg-white padding-bottom-m\">\n<div class=\"container\">\n<div class=\"row\">\n<div class=\"p-wrap col-lg-10 offset-lg-1 col-xl-8 offset-xl-2 col-xxl-6 offset-xxl-3 \">\n<div class=\"innerblock\">\n<div class=\"content-header\">\n<h4 class=\"name\"><strong>Salmo Responsorial<\/strong><\/h4>\n<h4 class=\"address\"><strong>Jerem\u00edas 31, 10. 11-12ab. 13<\/strong><\/h4>\n<\/div>\n<div class=\"content-body\">\n<p><strong>R. (cf. 10d) El Se\u00f1or ser\u00e1 nuestro pastor.<\/strong><\/p>\n<p><strong>Escuchen, pueblos, la palabra del Se\u00f1or,<\/strong><br \/><strong>y an\u00fancienla aun es las islas m\u00e1s remotas:<\/strong><br \/><strong>\u201cEl que dispers\u00f3 a Israel lo reunir\u00e1<\/strong><br \/><strong>y lo cuidar\u00e1 como el pastor a su reba\u00f1o\u201d. R.<\/strong><\/p>\n<p><strong>Porque el Se\u00f1or redimi\u00f3 a Jacob<\/strong><br \/><strong>y lo rescat\u00f3 de las manos del poderoso.<\/strong><br \/><strong>Ellos vendr\u00e1n para aclamar al monte Si\u00f3n,<\/strong><br \/><strong>Y vendr\u00e1n a gozar de los bienes del Se\u00f1or. R.<\/strong><\/p>\n<p><strong>Entonces se alegrar\u00e1n los j\u00f3venes, danzando;<\/strong><br \/><strong>se sentir\u00e1n felices j\u00f3venes y viejos,\u00a0 \u00a0<\/strong><br \/><strong>porque yo convertir\u00e9 su tristeza en alegr\u00eda,\u00a0 \u00a0<\/strong><br \/><strong>los llenar\u00e9 de gozo y aliviar\u00e9 sus penas. R.<\/strong><\/p>\n<\/div>\n<\/div>\n<\/div>\n<\/div>\n<\/div>\n<\/div>\n<div class=\"wr-block b-verse bg-white padding-bottom-m\">\n<div class=\"container\">\n<div class=\"row\">\n<div class=\"p-wrap col-lg-10 offset-lg-1 col-xl-8 offset-xl-2 col-xxl-6 offset-xxl-3 \">\n<div class=\"innerblock\">\n<div class=\"content-header\">\n<h4 class=\"name\"><strong>Aclamaci\u00f3n antes del Evangelio<\/strong><\/h4>\n<h4 class=\"address\"><strong>Lc 7, 16<\/strong><\/h4>\n<\/div>\n<div class=\"content-body\">\n<p><strong>R. Aleluya, aleluya.<\/strong><br \/><strong>Un gran profeta ha surgido entre nosotros.<\/strong><br \/><strong>Dios ha visitado a su pueblo.<\/strong><br \/><strong>R. Aleluya.<\/strong><\/p>\n<\/div>\n<\/div>\n<\/div>\n<\/div>\n<\/div>\n<\/div>\n<div class=\"wr-block b-verse bg-white padding-bottom-m\">\n<div class=\"container\">\n<div class=\"row\">\n<div class=\"p-wrap col-lg-10 offset-lg-1 col-xl-8 offset-xl-2 col-xxl-6 offset-xxl-3 \">\n<div class=\"innerblock\">\n<div class=\"content-header\">\n<h4 class=\"name\"><strong>Evangelio<\/strong><\/h4>\n<h4 class=\"address\"><strong>Mt 15, 21-28<\/strong><\/h4>\n<\/div>\n<div class=\"content-body\">\n<p><strong>En aquel tiempo, Jes\u00fas se retir\u00f3 a la comarca de Tiro y Sid\u00f3n. Entonces una mujer cananea le sali\u00f3 al encuentro y se puso a gritar: \u201cSe\u00f1or, hijo de David, ten compasi\u00f3n de m\u00ed. Mi hija est\u00e1 terriblemente atormentada por un demonio\u201d. Jes\u00fas no le contest\u00f3 una sola palabra; pero los disc\u00edpulos se acercaron y le rogaban: \u201cAti\u00e9ndela, porque viene gritando detr\u00e1s de nosotros\u201d. \u00c9l les contest\u00f3: \u201cYo no he sido enviado sino a las ovejas descarriadas de la casa de Israel\u201d.<\/strong><\/p>\n<p><strong>Ella se acerc\u00f3 entonces a Jes\u00fas y postrada ante \u00e9l, le dijo: \u201c\u00a1Se\u00f1or, ay\u00fadame!\u201d El le respondi\u00f3: \u201cNo est\u00e1 bien quitarles el pan a los hijos para ech\u00e1rselo a los perritos\u201d. Pero ella replic\u00f3: \u201cEs cierto, Se\u00f1or; pero tambi\u00e9n los perritos se comen las migajas que caen de la mesa de sus amos\u201d. Entonces Jes\u00fas le respondi\u00f3: \u201cMujer, \u00a1qu\u00e9 grande es tu fe! Que se cumpla lo que deseas\u201d. Y en aquel mismo instante qued\u00f3 curada su hija.<\/p>\n<p><em>Los textos de la Sagrada Escritura utilizados en esta obra han sido tomados de los Leccionarios I, II y III, propiedad de la Comisi\u00f3n Episcopal de Pastoral Lit\u00fargica de la Conferencia Episcopal Mexicana, copyright \u00a9 1987, quinta edici\u00f3n de septiembre de 2004. Utilizados con permiso. Todos los derechos reservados. Debido a cuestiones de permisos de impresi\u00f3n, los Salmos Responsoriales que se incluyen aqu\u00ed son los del Leccionario que se utiliza en M\u00e9xico. Su parroquia podr\u00eda usar un texto diferente.<br \/><\/em><br \/><img loading=\"lazy\" decoding=\"async\" src=\"http:\/\/fatherbroom.com\/es\/wp-content\/media\/sites\/3\/Screen-Shot-2020-08-04-at-11.29.52-AM-300x100.png\" alt=\"\" width=\"495\" height=\"165\" class=\"aligncenter  wp-image-23639\" srcset=\"https:\/\/fatherbroom.com\/es\/wp-content\/media\/sites\/3\/Screen-Shot-2020-08-04-at-11.29.52-AM-300x100.png 300w, https:\/\/fatherbroom.com\/es\/wp-content\/media\/sites\/3\/Screen-Shot-2020-08-04-at-11.29.52-AM-768x256.png 768w, https:\/\/fatherbroom.com\/es\/wp-content\/media\/sites\/3\/Screen-Shot-2020-08-04-at-11.29.52-AM-1024x342.png 1024w, https:\/\/fatherbroom.com\/es\/wp-content\/media\/sites\/3\/Screen-Shot-2020-08-04-at-11.29.52-AM.png 1300w\" sizes=\"auto, (max-width: 495px) 100vw, 495px\" \/><br \/><\/strong><\/p>\n<\/div>\n<\/div>\n<\/div>\n<\/div>\n<\/div>\n<\/div>\n<p><strong>Catecismo de la Iglesia Cat\u00f3lica<\/strong><\/p>\n<p><strong>64 Por los profetas, Dios forma a su pueblo en la esperanza de la salvaci\u00f3n, en la espera de una Alianza nueva y eterna destinada a todos los hombres (cf. <i>Is<\/i> 2,2-4), y que ser\u00e1 grabada en los corazones (cf. <i>Jr<\/i> 31,31-34; <i>Hb<\/i> 10,16). Los profetas anuncian una redenci\u00f3n radical del pueblo de Dios, la purificaci\u00f3n de todas sus infidelidades (cf. <i>Ez<\/i> 36), una salvaci\u00f3n que incluir\u00e1 a todas las naciones (cf. <i>Is<\/i> 49,5-6; 53,11). Ser\u00e1n sobre todo los pobres y los humildes del Se\u00f1or (cf. <i>So<\/i> 2,3) quienes mantendr\u00e1n esta esperanza. Las mujeres santas como Sara, Rebeca, Raquel, Miriam, D\u00e9bora, Ana, Judit y Ester conservaron viva la esperanza de la salvaci\u00f3n de Israel. De ellas la figura m\u00e1s pura es Mar\u00eda (cf. <i>Lc<\/i><\/strong><span><span><strong> 1,38).<\/strong><\/p>\n<p><\/span><\/span><\/p>\n<h4>Memoria opcional de la Dedicaci\u00f3n de la Basilica de Santa Mar\u00eda la Mayor<\/p>\n<p><img loading=\"lazy\" decoding=\"async\" src=\"http:\/\/fatherbroom.com\/es\/wp-content\/media\/sites\/3\/DSCN6236-300x225.jpg\" alt=\"\" width=\"468\" height=\"351\" class=\"aligncenter  wp-image-23636\" srcset=\"https:\/\/fatherbroom.com\/es\/wp-content\/media\/sites\/3\/DSCN6236-300x225.jpg 300w, https:\/\/fatherbroom.com\/es\/wp-content\/media\/sites\/3\/DSCN6236-768x576.jpg 768w, https:\/\/fatherbroom.com\/es\/wp-content\/media\/sites\/3\/DSCN6236-1024x768.jpg 1024w\" sizes=\"auto, (max-width: 468px) 100vw, 468px\" \/><br \/><span>La <\/span><b>Bas\u00edlica Papal de Santa Mar\u00eda la Mayor, es una de las cuatro bas\u00edlicas mayores situada en Roma, Italia<br \/><\/b><br \/><img loading=\"lazy\" decoding=\"async\" src=\"http:\/\/fatherbroom.com\/es\/wp-content\/media\/sites\/3\/DSCN6241-300x225.jpg\" alt=\"\" width=\"467\" height=\"350\" class=\"aligncenter  wp-image-23637\" srcset=\"https:\/\/fatherbroom.com\/es\/wp-content\/media\/sites\/3\/DSCN6241-300x225.jpg 300w, https:\/\/fatherbroom.com\/es\/wp-content\/media\/sites\/3\/DSCN6241-768x576.jpg 768w, https:\/\/fatherbroom.com\/es\/wp-content\/media\/sites\/3\/DSCN6241-1024x768.jpg 1024w\" sizes=\"auto, (max-width: 467px) 100vw, 467px\" \/><\/h4>\n<p><strong>&#8230;el interior de Santa Mar\u00eda la Mayor.<\/strong><\/p>\n<p><img loading=\"lazy\" decoding=\"async\" src=\"http:\/\/fatherbroom.com\/es\/wp-content\/media\/sites\/3\/DSCN6243-300x225.jpg\" alt=\"\" width=\"471\" height=\"353\" class=\"aligncenter  wp-image-23638\" srcset=\"https:\/\/fatherbroom.com\/es\/wp-content\/media\/sites\/3\/DSCN6243-300x225.jpg 300w, https:\/\/fatherbroom.com\/es\/wp-content\/media\/sites\/3\/DSCN6243-768x576.jpg 768w, https:\/\/fatherbroom.com\/es\/wp-content\/media\/sites\/3\/DSCN6243-1024x768.jpg 1024w\" sizes=\"auto, (max-width: 471px) 100vw, 471px\" \/><\/p>\n<p><img loading=\"lazy\" decoding=\"async\" src=\"http:\/\/fatherbroom.com\/es\/wp-content\/media\/sites\/3\/Screen-Shot-2020-08-04-at-11.33.47-AM-300x206.png\" alt=\"\" width=\"469\" height=\"322\" class=\"aligncenter  wp-image-23643\" srcset=\"https:\/\/fatherbroom.com\/es\/wp-content\/media\/sites\/3\/Screen-Shot-2020-08-04-at-11.33.47-AM-300x206.png 300w, https:\/\/fatherbroom.com\/es\/wp-content\/media\/sites\/3\/Screen-Shot-2020-08-04-at-11.33.47-AM-768x528.png 768w, https:\/\/fatherbroom.com\/es\/wp-content\/media\/sites\/3\/Screen-Shot-2020-08-04-at-11.33.47-AM-1024x704.png 1024w\" sizes=\"auto, (max-width: 469px) 100vw, 469px\" \/><br \/><span><strong>El relicario del Pesebre est\u00e1 justo bajo el gran baldaquino del altar mayor. Este relicario\u00a0encierra las\u00a0maderas del pesebre del ni\u00f1o Jes\u00fas.<\/strong><\/p>\n<p><\/span><\/p>\n<div class=\"synved-social-container synved-social-container-share\" style=\"text-align: center\"><a class=\"synved-social-button synved-social-button-share synved-social-size-48 synved-social-resolution-single synved-social-provider-facebook nolightbox\" data-provider=\"facebook\" target=\"_blank\" rel=\"nofollow\" title=\"Share on Facebook\" href=\"https:\/\/www.facebook.com\/sharer.php?u=https%3A%2F%2Ffatherbroom.com%2Fes%2Fwp-json%2Fwp%2Fv2%2Fposts%2F23635&#038;t=LECTURAS%20DEL%20DIA%20%7C%205%20DE%20AGOSTO%202020&#038;s=100&#038;p&#091;url&#093;=https%3A%2F%2Ffatherbroom.com%2Fes%2Fwp-json%2Fwp%2Fv2%2Fposts%2F23635&#038;p&#091;images&#093;&#091;0&#093;=http%3A%2F%2Ffatherbroom.com%2Fes%2Fwp-content%2Fmedia%2Fsites%2F3%2FScreen-Shot-2020-08-04-at-11.33.47-AM-300x206.png&#038;p&#091;title&#093;=LECTURAS%20DEL%20DIA%20%7C%205%20DE%20AGOSTO%202020\" style=\"font-size: 0px;width:48px;height:48px;margin:0;margin-bottom:5px;margin-right:5px\"><img loading=\"lazy\" decoding=\"async\" alt=\"Facebook\" title=\"Share on Facebook\" class=\"synved-share-image synved-social-image synved-social-image-share\" width=\"48\" height=\"48\" style=\"display: inline;width:48px;height:48px;margin: 0;padding: 0;border: none;box-shadow: none\" src=\"https:\/\/fatherbroom.com\/es\/wp-content\/plugins\/social-media-feather\/synved-social\/image\/social\/regular\/96x96\/facebook.png\" \/><\/a><a class=\"synved-social-button synved-social-button-share synved-social-size-48 synved-social-resolution-single synved-social-provider-twitter nolightbox\" data-provider=\"twitter\" target=\"_blank\" rel=\"nofollow\" title=\"Share on Twitter\" href=\"https:\/\/twitter.com\/intent\/tweet?url=https%3A%2F%2Ffatherbroom.com%2Fes%2Fwp-json%2Fwp%2Fv2%2Fposts%2F23635&#038;text=Hey%20check%20this%20out\" style=\"font-size: 0px;width:48px;height:48px;margin:0;margin-bottom:5px;margin-right:5px\"><img loading=\"lazy\" decoding=\"async\" alt=\"twitter\" title=\"Share on Twitter\" class=\"synved-share-image synved-social-image synved-social-image-share\" width=\"48\" height=\"48\" style=\"display: inline;width:48px;height:48px;margin: 0;padding: 0;border: none;box-shadow: none\" src=\"https:\/\/fatherbroom.com\/es\/wp-content\/plugins\/social-media-feather\/synved-social\/image\/social\/regular\/96x96\/twitter.png\" \/><\/a><a class=\"synved-social-button synved-social-button-share synved-social-size-48 synved-social-resolution-single synved-social-provider-reddit nolightbox\" data-provider=\"reddit\" target=\"_blank\" rel=\"nofollow\" title=\"Share on Reddit\" href=\"https:\/\/www.reddit.com\/submit?url=https%3A%2F%2Ffatherbroom.com%2Fes%2Fwp-json%2Fwp%2Fv2%2Fposts%2F23635&#038;title=LECTURAS%20DEL%20DIA%20%7C%205%20DE%20AGOSTO%202020\" style=\"font-size: 0px;width:48px;height:48px;margin:0;margin-bottom:5px;margin-right:5px\"><img loading=\"lazy\" decoding=\"async\" alt=\"reddit\" title=\"Share on Reddit\" class=\"synved-share-image synved-social-image synved-social-image-share\" width=\"48\" height=\"48\" style=\"display: inline;width:48px;height:48px;margin: 0;padding: 0;border: none;box-shadow: none\" src=\"https:\/\/fatherbroom.com\/es\/wp-content\/plugins\/social-media-feather\/synved-social\/image\/social\/regular\/96x96\/reddit.png\" \/><\/a><a class=\"synved-social-button synved-social-button-share synved-social-size-48 synved-social-resolution-single synved-social-provider-pinterest nolightbox\" data-provider=\"pinterest\" target=\"_blank\" rel=\"nofollow\" title=\"Pin it with Pinterest\" href=\"https:\/\/pinterest.com\/pin\/create\/button\/?url=https%3A%2F%2Ffatherbroom.com%2Fes%2Fwp-json%2Fwp%2Fv2%2Fposts%2F23635&#038;media=http%3A%2F%2Ffatherbroom.com%2Fes%2Fwp-content%2Fmedia%2Fsites%2F3%2FScreen-Shot-2020-08-04-at-11.33.47-AM-300x206.png&#038;description=LECTURAS%20DEL%20DIA%20%7C%205%20DE%20AGOSTO%202020\" style=\"font-size: 0px;width:48px;height:48px;margin:0;margin-bottom:5px;margin-right:5px\"><img loading=\"lazy\" decoding=\"async\" alt=\"pinterest\" title=\"Pin it with Pinterest\" class=\"synved-share-image synved-social-image synved-social-image-share\" width=\"48\" height=\"48\" style=\"display: inline;width:48px;height:48px;margin: 0;padding: 0;border: none;box-shadow: none\" src=\"https:\/\/fatherbroom.com\/es\/wp-content\/plugins\/social-media-feather\/synved-social\/image\/social\/regular\/96x96\/pinterest.png\" \/><\/a><a class=\"synved-social-button synved-social-button-share synved-social-size-48 synved-social-resolution-single synved-social-provider-linkedin nolightbox\" data-provider=\"linkedin\" target=\"_blank\" rel=\"nofollow\" title=\"Share on Linkedin\" href=\"https:\/\/www.linkedin.com\/shareArticle?mini=true&#038;url=https%3A%2F%2Ffatherbroom.com%2Fes%2Fwp-json%2Fwp%2Fv2%2Fposts%2F23635&#038;title=LECTURAS%20DEL%20DIA%20%7C%205%20DE%20AGOSTO%202020\" style=\"font-size: 0px;width:48px;height:48px;margin:0;margin-bottom:5px;margin-right:5px\"><img loading=\"lazy\" decoding=\"async\" alt=\"linkedin\" title=\"Share on Linkedin\" class=\"synved-share-image synved-social-image synved-social-image-share\" width=\"48\" height=\"48\" style=\"display: inline;width:48px;height:48px;margin: 0;padding: 0;border: none;box-shadow: none\" src=\"https:\/\/fatherbroom.com\/es\/wp-content\/plugins\/social-media-feather\/synved-social\/image\/social\/regular\/96x96\/linkedin.png\" \/><\/a><a class=\"synved-social-button synved-social-button-share synved-social-size-48 synved-social-resolution-single synved-social-provider-mail nolightbox\" data-provider=\"mail\" rel=\"nofollow\" title=\"Share by email\" href=\"mailto:?subject=LECTURAS%20DEL%20DIA%20%7C%205%20DE%20AGOSTO%202020&#038;body=Hey%20check%20this%20out:%20https%3A%2F%2Ffatherbroom.com%2Fes%2Fwp-json%2Fwp%2Fv2%2Fposts%2F23635\" style=\"font-size: 0px;width:48px;height:48px;margin:0;margin-bottom:5px\"><img loading=\"lazy\" decoding=\"async\" alt=\"mail\" title=\"Share by email\" class=\"synved-share-image synved-social-image synved-social-image-share\" width=\"48\" height=\"48\" style=\"display: inline;width:48px;height:48px;margin: 0;padding: 0;border: none;box-shadow: none\" src=\"https:\/\/fatherbroom.com\/es\/wp-content\/plugins\/social-media-feather\/synved-social\/image\/social\/regular\/96x96\/mail.png\" \/><\/a><\/div>","protected":false},"excerpt":{"rendered":"<p>Mi\u00e9rcoles de la XVII semana del Tiempo ordinario Primera lectura Jer 31, 1-7 \u201cEn aquel tiempo, dice el Se\u00f1or,yo ser\u00e9 el Dios de todas las tribus de Israely ellos ser\u00e1n mi pueblo. El pueblo de Israel, que se libr\u00f3 de la espada,hall\u00f3 misericordia en el desiertoy camina hacia el descanso;el Se\u00f1or se le apareci\u00f3 de [&hellip;]<\/p>\n","protected":false},"author":13,"featured_media":0,"comment_status":"open","ping_status":"open","sticky":false,"template":"","format":"standard","meta":{"_genesis_hide_title":false,"_genesis_hide_breadcrumbs":false,"_genesis_hide_singular_image":false,"_genesis_hide_footer_widgets":false,"_genesis_custom_body_class":"","_genesis_custom_post_class":"","_genesis_layout":"","footnotes":""},"categories":[277],"tags":[],"class_list":{"0":"post-23635","1":"post","2":"type-post","3":"status-publish","4":"format-standard","6":"category-lecturas-del-dia","7":"entry"},"_links":{"self":[{"href":"https:\/\/fatherbroom.com\/es\/wp-json\/wp\/v2\/posts\/23635","targetHints":{"allow":["GET"]}}],"collection":[{"href":"https:\/\/fatherbroom.com\/es\/wp-json\/wp\/v2\/posts"}],"about":[{"href":"https:\/\/fatherbroom.com\/es\/wp-json\/wp\/v2\/types\/post"}],"author":[{"embeddable":true,"href":"https:\/\/fatherbroom.com\/es\/wp-json\/wp\/v2\/users\/13"}],"replies":[{"embeddable":true,"href":"https:\/\/fatherbroom.com\/es\/wp-json\/wp\/v2\/comments?post=23635"}],"version-history":[{"count":5,"href":"https:\/\/fatherbroom.com\/es\/wp-json\/wp\/v2\/posts\/23635\/revisions"}],"predecessor-version":[{"id":23691,"href":"https:\/\/fatherbroom.com\/es\/wp-json\/wp\/v2\/posts\/23635\/revisions\/23691"}],"wp:attachment":[{"href":"https:\/\/fatherbroom.com\/es\/wp-json\/wp\/v2\/media?parent=23635"}],"wp:term":[{"taxonomy":"category","embeddable":true,"href":"https:\/\/fatherbroom.com\/es\/wp-json\/wp\/v2\/categories?post=23635"},{"taxonomy":"post_tag","embeddable":true,"href":"https:\/\/fatherbroom.com\/es\/wp-json\/wp\/v2\/tags?post=23635"}],"curies":[{"name":"wp","href":"https:\/\/api.w.org\/{rel}","templated":true}]}}