{"id":23606,"date":"2020-08-04T02:00:38","date_gmt":"2020-08-04T09:00:38","guid":{"rendered":"http:\/\/fatherbroom.com\/es\/?p=23606"},"modified":"2020-08-04T11:07:58","modified_gmt":"2020-08-04T18:07:58","slug":"lecturas-del-dia-4-de-agosoto-2020","status":"publish","type":"post","link":"https:\/\/fatherbroom.com\/es\/2020\/08\/lecturas-del-dia-4-de-agosoto-2020\/","title":{"rendered":"LECTURAS DEL DIA | 4 DE AGOSOTO 2020"},"content":{"rendered":"<p><img loading=\"lazy\" decoding=\"async\" src=\"http:\/\/fatherbroom.com\/es\/wp-content\/media\/sites\/3\/Screen-Shot-2020-08-04-at-7.11.54-AM-300x169.png\" alt=\"\" width=\"515\" height=\"290\" class=\"aligncenter  wp-image-23625\" srcset=\"https:\/\/fatherbroom.com\/es\/wp-content\/media\/sites\/3\/Screen-Shot-2020-08-04-at-7.11.54-AM-300x169.png 300w, https:\/\/fatherbroom.com\/es\/wp-content\/media\/sites\/3\/Screen-Shot-2020-08-04-at-7.11.54-AM-768x432.png 768w, https:\/\/fatherbroom.com\/es\/wp-content\/media\/sites\/3\/Screen-Shot-2020-08-04-at-7.11.54-AM-1024x577.png 1024w, https:\/\/fatherbroom.com\/es\/wp-content\/media\/sites\/3\/Screen-Shot-2020-08-04-at-7.11.54-AM.png 1300w\" sizes=\"auto, (max-width: 515px) 100vw, 515px\" \/><\/p>\n<h4><strong>Memoria de San Juan Mar\u00eda Vianney, presb\u00edtero<\/strong><\/h4>\n<div class=\"wr-block b-verse bg-white padding-bottom-m\">\n<div class=\"container\">\n<div class=\"row\">\n<div class=\"p-wrap col-lg-10 offset-lg-1 col-xl-8 offset-xl-2 col-xxl-6 offset-xxl-3 \">\n<div class=\"innerblock\">\n<div class=\"content-header\">\n<h4 class=\"address\"><strong>Jer 30, 1-2. 12-15. 18-22<\/strong><\/h4>\n<\/div>\n<div class=\"content-body\">\n<hr \/>\n<p><strong>Estas palabras le fueron dirigidas a Jerem\u00edas de parte del Se\u00f1or: \u201cEsto dice el Se\u00f1or, Dios de Israel: \u2018Escribe en un libro todas las palabras que te he dicho\u2019 \u201d.<\/strong><\/p>\n<p><strong>\u201cEsto dice el Se\u00f1or:<\/strong><br \/><strong>\u2018Tu quebranto es irremediable<\/strong><br \/><strong>e incurables tus heridas.<\/strong><br \/><strong>Est\u00e1s desahuciado.<\/strong><br \/><strong>Hay heridas que tienen curaci\u00f3n,<\/strong><br \/><strong>pero las tuyas no tienen remedio.<\/strong><\/p>\n<p><strong>Todos tus amantes te han olvidado<\/strong><br \/><strong>y ya no preguntan por ti.<\/strong><br \/><strong>Como si fuera tu enemigo, te her\u00ed<\/strong><br \/><strong>y te impuse un cruel castigo<\/strong><br \/><strong>por tu gran culpa, por tus enormes pecados.<\/strong><br \/><strong>\u00bfPor qu\u00e9 te quejas de tus heridas?<\/strong><br \/><strong>Tu dolor es irremediable.<\/strong><br \/><strong>Por tu gran culpa, por tus enormes pecados<\/strong><br \/><strong>te he tratado as\u00ed\u2019 \u201d.<\/strong><\/p>\n<p><strong>\u201cEsto dice el Se\u00f1or:<\/strong><br \/><strong>\u2018Yo cambiar\u00e9 la suerte del pueblo de Israel:<\/strong><br \/><strong>lo har\u00e9 volver a su patria;<\/strong><br \/><strong>me apiadar\u00e9 de sus casas,<\/strong><br \/><strong>la ciudad ser\u00e1 reedificada<\/strong><br \/><strong>sobre sus propias ruinas<\/strong><br \/><strong>y el templo ser\u00e1 reconstruido<\/strong><br \/><strong>tal como era.<\/strong><br \/><strong>Se escuchar\u00e1n himnos de alabanza<\/strong><br \/><strong>y los cantos de un pueblo que se alegra.<\/strong><\/p>\n<p><strong>Y los multiplicar\u00e9 y ya no ser\u00e1n pocos,<\/strong><br \/><strong>los honrar\u00e9 y ya no ser\u00e1n despreciados;<\/strong><br \/><strong>sus hijos ser\u00e1n como eran antes,<\/strong><br \/><strong>la comunidad que est\u00e1 delante de m\u00ed,<\/strong><br \/><strong>y yo castigar\u00e9 a todos sus enemigos.<\/strong><\/p>\n<p><strong>Un pr\u00edncipe nacer\u00e1 de mi pueblo,<\/strong><br \/><strong>uno de ellos mismos ser\u00e1 su jefe.<\/strong><br \/><strong>Yo lo har\u00e9 acercarse y \u00e9l vendr\u00e1 hasta m\u00ed;<\/strong><br \/><strong>porque, si no, \u00bfqui\u00e9n se atrever\u00e1 a acercarse a m\u00ed?<\/strong><br \/><strong>Ustedes ser\u00e1n mi pueblo<\/strong><br \/><strong>y yo ser\u00e9 su Dios\u2019 \u201d.<\/strong><\/p>\n<\/div>\n<\/div>\n<\/div>\n<\/div>\n<\/div>\n<\/div>\n<div class=\"wr-block b-verse bg-white padding-bottom-m\">\n<div class=\"container\">\n<div class=\"row\">\n<div class=\"p-wrap col-lg-10 offset-lg-1 col-xl-8 offset-xl-2 col-xxl-6 offset-xxl-3 \">\n<div class=\"innerblock\">\n<div class=\"content-header\">\n<h4 class=\"name\"><strong>Salmo Responsorial            \u00a0Salmo 101, 16-18. 19-21. 29 y 22-23<\/strong><\/h4>\n<hr \/>\n<\/div>\n<div class=\"content-body\">\n<p><strong>R. (17) El Se\u00f1or es nuestro Dios.<br \/><\/strong><br \/><strong>Cuando el Se\u00f1or reedifique Si\u00f3n,<\/strong><br \/><strong>y aparezca glorioso,<\/strong><br \/><strong>cuando oiga el clamor del oprimido<\/strong><br \/><strong>y no se muestre a sus plegarias sordo,<\/strong><br \/><strong>entonces al Se\u00f1or temer\u00e1n todos los pueblos,<\/strong><br \/><strong>y su gloria ver\u00e1n los poderosos. R.<\/strong><\/p>\n<p><strong>Esto se escribir\u00e1 para el futuro<\/strong><br \/><strong>y alabar\u00e1 al Se\u00f1or el pueblo nuevo,<\/strong><br \/><strong>porque el Se\u00f1or, desde su altura santa,<\/strong><br \/><strong>ha mirado a la tierra desde el cielo,<\/strong><br \/><strong>para o\u00edr los gemidos del cautivo<\/strong><br \/><strong>y librar de la muerte al prisionero. R.<\/strong><\/p>\n<p><strong>Bajo tu protecci\u00f3n, Se\u00f1or,<\/strong><br \/><strong>Habitar\u00e1n los hijos de tus siervos<\/strong><br \/><strong>y se establecer\u00e1n sus descendientes.<\/strong><br \/><strong>Tu nombre en Si\u00f3n alabar\u00e1n por eso,<\/strong><br \/><strong>cuando en Jerusal\u00e9n, a darte culto,<\/strong><br \/><strong>se re\u00fanan, Se\u00f1or, todos los pueblos. R.<\/strong><\/p>\n<p><strong>Aclamaci\u00f3n antes del Evangelio<\/strong><\/p>\n<\/div>\n<\/div>\n<\/div>\n<\/div>\n<\/div>\n<\/div>\n<div class=\"wr-block b-verse bg-white padding-bottom-m\">\n<div class=\"container\">\n<div class=\"row\">\n<div class=\"p-wrap col-lg-10 offset-lg-1 col-xl-8 offset-xl-2 col-xxl-6 offset-xxl-3 \">\n<div class=\"innerblock\">\n<div class=\"content-header\">\n<div class=\"address\"><strong>Jn 1, 49<\/strong><\/div>\n<\/div>\n<div class=\"content-body\">\n<p><strong>R. Aleluya, aleluya.<\/strong><br \/><strong>Maestro, t\u00fa eres el Hijo de Dios,<\/strong><br \/><strong>t\u00fa eres el rey de Israel.<\/strong><br \/><strong>R. Aleluya.<\/strong><\/p>\n<\/div>\n<\/div>\n<\/div>\n<\/div>\n<\/div>\n<\/div>\n<div class=\"wr-block b-verse bg-white padding-bottom-m\">\n<div class=\"container\">\n<div class=\"row\">\n<div class=\"p-wrap col-lg-10 offset-lg-1 col-xl-8 offset-xl-2 col-xxl-6 offset-xxl-3 \">\n<div class=\"innerblock\">\n<div class=\"content-header\">\n<h4 class=\"name\"><strong>Evangelio<\/strong><\/h4>\n<hr \/>\n<h4 class=\"address\"><strong>Mt 14, 22-36<\/strong><\/h4>\n<\/div>\n<div class=\"content-body\">\n<p><strong>En aquel tiempo, inmediatamente despu\u00e9s de la multiplicaci\u00f3n de los panes, Jes\u00fas hizo que sus disc\u00edpulos subieran a la barca y se dirigieran a la otra orilla, mientras \u00e9l desped\u00eda a la gente. Despu\u00e9s de despedirla, subi\u00f3 al monte a solas para orar. Llegada la noche, estaba \u00e9l solo all\u00ed.<\/strong><\/p>\n<p><strong>Entre tanto, la barca iba ya muy lejos de la costa y las olas la sacud\u00edan, porque el viento era contrario. A la madrugada, Jes\u00fas fue hacia ellos, caminando sobre el agua. Los disc\u00edpulos, al verlo andar sobre el agua, se espantaron y dec\u00edan: \u201c\u00a1Es un fantasma!\u201d Y daban gritos de terror. Pero Jes\u00fas les dijo enseguida: \u201cTranquil\u00edcense y no teman. Soy yo\u201d.<\/strong><\/p>\n<p><strong>Entonces le dijo Pedro: \u201cSe\u00f1or, si eres t\u00fa, m\u00e1ndame ir a ti caminando sobre el agua\u201d. Jes\u00fas le contest\u00f3: \u201cVen\u201d. Pedro baj\u00f3 de la barca y comenz\u00f3 a caminar sobre el agua hacia Jes\u00fas; pero al sentir la fuerza del viento, le entr\u00f3 miedo, comenz\u00f3 a hundirse y grit\u00f3: \u201c\u00a1S\u00e1lvame, Se\u00f1or!\u201d Inmediatamente Jes\u00fas le tendi\u00f3 la mano, lo sostuvo y le dijo: \u201cHombre de poca fe, \u00bfpor qu\u00e9 dudaste?\u201d<\/strong><\/p>\n<p><strong>En cuanto subieron a la barca, el viento se calm\u00f3. Los que estaban en la barca se postraron ante Jes\u00fas, diciendo: \u201cVerdaderamente t\u00fa eres el Hijo de Dios\u201d.<\/strong><\/p>\n<p><strong>Terminada la traves\u00eda, llegaron a Genesaret. Apenas lo reconocieron los habitantes de aquel lugar, pregonaron la noticia por toda la regi\u00f3n y le trajeron a todos los enfermos. Le ped\u00edan que los dejara tocar siquiera el borde de su manto; y cuantos lo tocaron, quedaron curados.<\/strong><\/p>\n<\/div>\n<\/div>\n<\/div>\n<\/div>\n<\/div>\n<\/div>\n<p><\/p>\n<hr \/>\n<p><span><em><strong>Los textos de la Sagrada Escritura utilizados en esta obra han sido tomados de los Leccionarios I, II y III, propiedad de la Comisi\u00f3n Episcopal de Pastoral Lit\u00fargica de la Conferencia Episcopal Mexicana, copyright \u00a9 1987, quinta edici\u00f3n de septiembre de 2004. Utilizados con permiso. Todos los derechos reservados. Debido a cuestiones de permisos de impresi\u00f3n, los Salmos Responsoriales que se incluyen aqu\u00ed son los del Leccionario que se utiliza en M\u00e9xico. Su parroquia podr\u00eda usar un texto diferente.<\/p>\n<p><img loading=\"lazy\" decoding=\"async\" src=\"http:\/\/fatherbroom.com\/es\/wp-content\/media\/sites\/3\/Screen-Shot-2020-08-04-at-7.15.27-AM-300x100.png\" alt=\"\" width=\"510\" height=\"170\" class=\"aligncenter  wp-image-23629\" srcset=\"https:\/\/fatherbroom.com\/es\/wp-content\/media\/sites\/3\/Screen-Shot-2020-08-04-at-7.15.27-AM-300x100.png 300w, https:\/\/fatherbroom.com\/es\/wp-content\/media\/sites\/3\/Screen-Shot-2020-08-04-at-7.15.27-AM-768x255.png 768w, https:\/\/fatherbroom.com\/es\/wp-content\/media\/sites\/3\/Screen-Shot-2020-08-04-at-7.15.27-AM-1024x340.png 1024w, https:\/\/fatherbroom.com\/es\/wp-content\/media\/sites\/3\/Screen-Shot-2020-08-04-at-7.15.27-AM.png 1302w\" sizes=\"auto, (max-width: 510px) 100vw, 510px\" \/><br \/><\/strong><\/em><strong>Catecismo de la Iglesia Catolica<\/strong><em><strong><\/p>\n<p><\/strong><\/em><strong>63<\/strong><strong> Israel es el pueblo sacerdotal de Dios (cf. Ex 19, 6), \u00absobre el que es invocado el nombre del Se\u00f1or\u00bb (Dt 28, 10). Es el pueblo de aquellos \u00aba quienes Dios habl\u00f3 primero\u00bb (Viernes Santo, Pasi\u00f3n y Muerte del Se\u00f1or, Oraci\u00f3n universal VI, Misal Romano), el pueblo de los \u00abhermanos mayores\u00bb en la fe de Abraham (cf. Discurso en la sinagoga ante la comunidad hebrea de Roma, 13 abril 1986).<\/p>\n<p><img loading=\"lazy\" decoding=\"async\" src=\"http:\/\/fatherbroom.com\/es\/wp-content\/media\/sites\/3\/Screen-Shot-2020-08-04-at-9.05.31-AM-300x99.png\" alt=\"\" width=\"527\" height=\"174\" class=\"aligncenter  wp-image-23632\" srcset=\"https:\/\/fatherbroom.com\/es\/wp-content\/media\/sites\/3\/Screen-Shot-2020-08-04-at-9.05.31-AM-300x99.png 300w, https:\/\/fatherbroom.com\/es\/wp-content\/media\/sites\/3\/Screen-Shot-2020-08-04-at-9.05.31-AM-768x252.png 768w, https:\/\/fatherbroom.com\/es\/wp-content\/media\/sites\/3\/Screen-Shot-2020-08-04-at-9.05.31-AM-1024x337.png 1024w, https:\/\/fatherbroom.com\/es\/wp-content\/media\/sites\/3\/Screen-Shot-2020-08-04-at-9.05.31-AM.png 1296w\" sizes=\"auto, (max-width: 527px) 100vw, 527px\" \/><br \/><\/strong><img loading=\"lazy\" decoding=\"async\" src=\"http:\/\/fatherbroom.com\/es\/wp-content\/media\/sites\/3\/5f093a2b73a1903bfd6925a166d2982d-catholic-prayers-catholic-saints-203x300.jpg\" alt=\"\" width=\"203\" height=\"300\" class=\"aligncenter size-medium wp-image-23631\" srcset=\"https:\/\/fatherbroom.com\/es\/wp-content\/media\/sites\/3\/5f093a2b73a1903bfd6925a166d2982d-catholic-prayers-catholic-saints-203x300.jpg 203w, https:\/\/fatherbroom.com\/es\/wp-content\/media\/sites\/3\/5f093a2b73a1903bfd6925a166d2982d-catholic-prayers-catholic-saints.jpg 236w\" sizes=\"auto, (max-width: 203px) 100vw, 203px\" \/><strong><br \/>\u00abMar\u00eda, no me dejes ni un instante, estate siempre a mi lado. Volvamos a ella con confianza, y estaremos seguros de que, por miserables que seamos, ella obtendr\u00e1 la gracia de nuestra conversi\u00f3n.\u00a0<\/strong><strong>Mar\u00eda es tan buena que no deja de echar una mirada de compasi\u00f3n al pecador. Siempre est\u00e1 esperando que le invoquemos.\u00a0En el coraz\u00f3n de Mar\u00eda no hay m\u00e1s que misericordia\u00bb.<\/strong><\/p>\n<p><strong>San Juan Mar\u00eda Vianney<\/strong><\/span><\/p>\n<div class=\"synved-social-container synved-social-container-share\" style=\"text-align: center\"><a class=\"synved-social-button synved-social-button-share synved-social-size-48 synved-social-resolution-single synved-social-provider-facebook nolightbox\" data-provider=\"facebook\" target=\"_blank\" rel=\"nofollow\" title=\"Share on Facebook\" href=\"https:\/\/www.facebook.com\/sharer.php?u=https%3A%2F%2Ffatherbroom.com%2Fes%2Fwp-json%2Fwp%2Fv2%2Fposts%2F23606&#038;t=LECTURAS%20DEL%20DIA%20%7C%204%20DE%20AGOSOTO%202020&#038;s=100&#038;p&#091;url&#093;=https%3A%2F%2Ffatherbroom.com%2Fes%2Fwp-json%2Fwp%2Fv2%2Fposts%2F23606&#038;p&#091;images&#093;&#091;0&#093;=http%3A%2F%2Ffatherbroom.com%2Fes%2Fwp-content%2Fmedia%2Fsites%2F3%2F5f093a2b73a1903bfd6925a166d2982d-catholic-prayers-catholic-saints-203x300.jpg&#038;p&#091;title&#093;=LECTURAS%20DEL%20DIA%20%7C%204%20DE%20AGOSOTO%202020\" style=\"font-size: 0px;width:48px;height:48px;margin:0;margin-bottom:5px;margin-right:5px\"><img loading=\"lazy\" decoding=\"async\" alt=\"Facebook\" title=\"Share on Facebook\" class=\"synved-share-image synved-social-image synved-social-image-share\" width=\"48\" height=\"48\" style=\"display: inline;width:48px;height:48px;margin: 0;padding: 0;border: none;box-shadow: none\" src=\"https:\/\/fatherbroom.com\/es\/wp-content\/plugins\/social-media-feather\/synved-social\/image\/social\/regular\/96x96\/facebook.png\" \/><\/a><a class=\"synved-social-button synved-social-button-share synved-social-size-48 synved-social-resolution-single synved-social-provider-twitter nolightbox\" data-provider=\"twitter\" target=\"_blank\" rel=\"nofollow\" title=\"Share on Twitter\" href=\"https:\/\/twitter.com\/intent\/tweet?url=https%3A%2F%2Ffatherbroom.com%2Fes%2Fwp-json%2Fwp%2Fv2%2Fposts%2F23606&#038;text=Hey%20check%20this%20out\" style=\"font-size: 0px;width:48px;height:48px;margin:0;margin-bottom:5px;margin-right:5px\"><img loading=\"lazy\" decoding=\"async\" alt=\"twitter\" title=\"Share on Twitter\" class=\"synved-share-image synved-social-image synved-social-image-share\" width=\"48\" height=\"48\" style=\"display: inline;width:48px;height:48px;margin: 0;padding: 0;border: none;box-shadow: none\" src=\"https:\/\/fatherbroom.com\/es\/wp-content\/plugins\/social-media-feather\/synved-social\/image\/social\/regular\/96x96\/twitter.png\" \/><\/a><a class=\"synved-social-button synved-social-button-share synved-social-size-48 synved-social-resolution-single synved-social-provider-reddit nolightbox\" data-provider=\"reddit\" target=\"_blank\" rel=\"nofollow\" title=\"Share on Reddit\" href=\"https:\/\/www.reddit.com\/submit?url=https%3A%2F%2Ffatherbroom.com%2Fes%2Fwp-json%2Fwp%2Fv2%2Fposts%2F23606&#038;title=LECTURAS%20DEL%20DIA%20%7C%204%20DE%20AGOSOTO%202020\" style=\"font-size: 0px;width:48px;height:48px;margin:0;margin-bottom:5px;margin-right:5px\"><img loading=\"lazy\" decoding=\"async\" alt=\"reddit\" title=\"Share on Reddit\" class=\"synved-share-image synved-social-image synved-social-image-share\" width=\"48\" height=\"48\" style=\"display: inline;width:48px;height:48px;margin: 0;padding: 0;border: none;box-shadow: none\" src=\"https:\/\/fatherbroom.com\/es\/wp-content\/plugins\/social-media-feather\/synved-social\/image\/social\/regular\/96x96\/reddit.png\" \/><\/a><a class=\"synved-social-button synved-social-button-share synved-social-size-48 synved-social-resolution-single synved-social-provider-pinterest nolightbox\" data-provider=\"pinterest\" target=\"_blank\" rel=\"nofollow\" title=\"Pin it with Pinterest\" href=\"https:\/\/pinterest.com\/pin\/create\/button\/?url=https%3A%2F%2Ffatherbroom.com%2Fes%2Fwp-json%2Fwp%2Fv2%2Fposts%2F23606&#038;media=http%3A%2F%2Ffatherbroom.com%2Fes%2Fwp-content%2Fmedia%2Fsites%2F3%2F5f093a2b73a1903bfd6925a166d2982d-catholic-prayers-catholic-saints-203x300.jpg&#038;description=LECTURAS%20DEL%20DIA%20%7C%204%20DE%20AGOSOTO%202020\" style=\"font-size: 0px;width:48px;height:48px;margin:0;margin-bottom:5px;margin-right:5px\"><img loading=\"lazy\" decoding=\"async\" alt=\"pinterest\" title=\"Pin it with Pinterest\" class=\"synved-share-image synved-social-image synved-social-image-share\" width=\"48\" height=\"48\" style=\"display: inline;width:48px;height:48px;margin: 0;padding: 0;border: none;box-shadow: none\" src=\"https:\/\/fatherbroom.com\/es\/wp-content\/plugins\/social-media-feather\/synved-social\/image\/social\/regular\/96x96\/pinterest.png\" \/><\/a><a class=\"synved-social-button synved-social-button-share synved-social-size-48 synved-social-resolution-single synved-social-provider-linkedin nolightbox\" data-provider=\"linkedin\" target=\"_blank\" rel=\"nofollow\" title=\"Share on Linkedin\" href=\"https:\/\/www.linkedin.com\/shareArticle?mini=true&#038;url=https%3A%2F%2Ffatherbroom.com%2Fes%2Fwp-json%2Fwp%2Fv2%2Fposts%2F23606&#038;title=LECTURAS%20DEL%20DIA%20%7C%204%20DE%20AGOSOTO%202020\" style=\"font-size: 0px;width:48px;height:48px;margin:0;margin-bottom:5px;margin-right:5px\"><img loading=\"lazy\" decoding=\"async\" alt=\"linkedin\" title=\"Share on Linkedin\" class=\"synved-share-image synved-social-image synved-social-image-share\" width=\"48\" height=\"48\" style=\"display: inline;width:48px;height:48px;margin: 0;padding: 0;border: none;box-shadow: none\" src=\"https:\/\/fatherbroom.com\/es\/wp-content\/plugins\/social-media-feather\/synved-social\/image\/social\/regular\/96x96\/linkedin.png\" \/><\/a><a class=\"synved-social-button synved-social-button-share synved-social-size-48 synved-social-resolution-single synved-social-provider-mail nolightbox\" data-provider=\"mail\" rel=\"nofollow\" title=\"Share by email\" href=\"mailto:?subject=LECTURAS%20DEL%20DIA%20%7C%204%20DE%20AGOSOTO%202020&#038;body=Hey%20check%20this%20out:%20https%3A%2F%2Ffatherbroom.com%2Fes%2Fwp-json%2Fwp%2Fv2%2Fposts%2F23606\" style=\"font-size: 0px;width:48px;height:48px;margin:0;margin-bottom:5px\"><img loading=\"lazy\" decoding=\"async\" alt=\"mail\" title=\"Share by email\" class=\"synved-share-image synved-social-image synved-social-image-share\" width=\"48\" height=\"48\" style=\"display: inline;width:48px;height:48px;margin: 0;padding: 0;border: none;box-shadow: none\" src=\"https:\/\/fatherbroom.com\/es\/wp-content\/plugins\/social-media-feather\/synved-social\/image\/social\/regular\/96x96\/mail.png\" \/><\/a><\/div>","protected":false},"excerpt":{"rendered":"<p>Memoria de San Juan Mar\u00eda Vianney, presb\u00edtero Jer 30, 1-2. 12-15. 18-22 Estas palabras le fueron dirigidas a Jerem\u00edas de parte del Se\u00f1or: \u201cEsto dice el Se\u00f1or, Dios de Israel: \u2018Escribe en un libro todas las palabras que te he dicho\u2019 \u201d. \u201cEsto dice el Se\u00f1or:\u2018Tu quebranto es irremediablee incurables tus heridas.Est\u00e1s desahuciado.Hay heridas que [&hellip;]<\/p>\n","protected":false},"author":7,"featured_media":0,"comment_status":"open","ping_status":"open","sticky":false,"template":"","format":"standard","meta":{"_genesis_hide_title":false,"_genesis_hide_breadcrumbs":false,"_genesis_hide_singular_image":false,"_genesis_hide_footer_widgets":false,"_genesis_custom_body_class":"","_genesis_custom_post_class":"","_genesis_layout":"","footnotes":""},"categories":[277],"tags":[],"class_list":{"0":"post-23606","1":"post","2":"type-post","3":"status-publish","4":"format-standard","6":"category-lecturas-del-dia","7":"entry"},"_links":{"self":[{"href":"https:\/\/fatherbroom.com\/es\/wp-json\/wp\/v2\/posts\/23606","targetHints":{"allow":["GET"]}}],"collection":[{"href":"https:\/\/fatherbroom.com\/es\/wp-json\/wp\/v2\/posts"}],"about":[{"href":"https:\/\/fatherbroom.com\/es\/wp-json\/wp\/v2\/types\/post"}],"author":[{"embeddable":true,"href":"https:\/\/fatherbroom.com\/es\/wp-json\/wp\/v2\/users\/7"}],"replies":[{"embeddable":true,"href":"https:\/\/fatherbroom.com\/es\/wp-json\/wp\/v2\/comments?post=23606"}],"version-history":[{"count":7,"href":"https:\/\/fatherbroom.com\/es\/wp-json\/wp\/v2\/posts\/23606\/revisions"}],"predecessor-version":[{"id":23634,"href":"https:\/\/fatherbroom.com\/es\/wp-json\/wp\/v2\/posts\/23606\/revisions\/23634"}],"wp:attachment":[{"href":"https:\/\/fatherbroom.com\/es\/wp-json\/wp\/v2\/media?parent=23606"}],"wp:term":[{"taxonomy":"category","embeddable":true,"href":"https:\/\/fatherbroom.com\/es\/wp-json\/wp\/v2\/categories?post=23606"},{"taxonomy":"post_tag","embeddable":true,"href":"https:\/\/fatherbroom.com\/es\/wp-json\/wp\/v2\/tags?post=23606"}],"curies":[{"name":"wp","href":"https:\/\/api.w.org\/{rel}","templated":true}]}}