{"id":23600,"date":"2020-08-03T02:00:43","date_gmt":"2020-08-03T09:00:43","guid":{"rendered":"http:\/\/fatherbroom.com\/es\/?p=23600"},"modified":"2020-08-02T08:59:48","modified_gmt":"2020-08-02T15:59:48","slug":"lecturas-del-dia-3-de-agosto-2020","status":"publish","type":"post","link":"https:\/\/fatherbroom.com\/es\/2020\/08\/lecturas-del-dia-3-de-agosto-2020\/","title":{"rendered":"LECTURAS DEL DIA | 3 DE AGOSTO 2020"},"content":{"rendered":"<p><img loading=\"lazy\" decoding=\"async\" src=\"http:\/\/fatherbroom.com\/es\/wp-content\/media\/sites\/3\/Screen-Shot-2020-08-02-at-8.58.04-AM-300x169.png\" alt=\"\" width=\"563\" height=\"317\" class=\"aligncenter  wp-image-23604\" srcset=\"https:\/\/fatherbroom.com\/es\/wp-content\/media\/sites\/3\/Screen-Shot-2020-08-02-at-8.58.04-AM-300x169.png 300w, https:\/\/fatherbroom.com\/es\/wp-content\/media\/sites\/3\/Screen-Shot-2020-08-02-at-8.58.04-AM-768x433.png 768w, https:\/\/fatherbroom.com\/es\/wp-content\/media\/sites\/3\/Screen-Shot-2020-08-02-at-8.58.04-AM-1024x577.png 1024w, https:\/\/fatherbroom.com\/es\/wp-content\/media\/sites\/3\/Screen-Shot-2020-08-02-at-8.58.04-AM.png 1636w\" sizes=\"auto, (max-width: 563px) 100vw, 563px\" \/><\/p>\n<h4><strong>3 de agosto 2020<\/strong><\/h4>\n<div class=\"contentarea\">\n<div id=\"cs_control_1386\" class=\"cs_control CS_Element_Schedule\">\n<div title=\"\" id=\"CS_Element_maincontent\">\n<div id=\"gridRow_1_1_1386\" class=\"cs_GridRow\">\n<div id=\"gridCol_1_1_1_1_1386\" class=\"cs_GridColumn\">\n<div id=\"cs_control_157991\" class=\"cs_control  lecturas-block\">\n<div id=\"cs_control_3683\" class=\"cs_control  CS_Element_Textblock\">\n<div class=\"CS_Textblock_Text\">\n<h4><strong>Lunes de la XVIII semana del Tiempo ordinario<\/strong><\/p>\n<p><strong>Primera lectura<\/strong><\/h4>\n<\/div>\n<\/div>\n<div id=\"cs_control_3684\" class=\"cs_control  CS_Element_Textblock\">\n<div class=\"CS_Textblock_Text\">\n<div class=\"bibleReadingsWrapper\">\n<h4><strong>Jer 28, 1-17<\/strong><\/h4>\n<div class=\"poetry\">\n<p><strong>El quinto mes del cuarto a\u00f1o del reinado de Sedec\u00edas, Janan\u00edas, hijo de Azur y profeta de Gaba\u00f3n, le dijo a Jerem\u00edas en el templo, en presencia de los sacerdotes y de todo el pueblo: \u201cEsto dice el Se\u00f1or de los ej\u00e9rcitos, el Dios de Israel: \u2018Voy a romper el yugo del rey de Babilonia. Dentro de dos a\u00f1os har\u00e9 que se devuelvan todos los objetos del templo del Se\u00f1or, que el rey Nabucodonosor tom\u00f3 de este lugar y se llev\u00f3 a Babilonia; har\u00e9 volver a Jecon\u00edas, hijo de Joaqu\u00edn y rey de Jud\u00e1, y a todos los desterrados de Jud\u00e1 que han ido a Babilonia, en cuanto yo rompa, dice el Se\u00f1or, el yugo del rey Nabucodonosor\u2019\u201d.<\/strong><\/p>\n<p><strong>Entonces el profeta Jerem\u00edas le respondi\u00f3 a Janan\u00edas, en presencia de los sacerdotes y de todo el pueblo que estaba en el templo del Se\u00f1or: \u201cAm\u00e9n. Que as\u00ed lo haga el Se\u00f1or. Que el Se\u00f1or confirme lo que has predicho y haga retornar de Babilonia a este lugar los objetos del templo del Se\u00f1or y a todos los desterrados. Pero, pon atenci\u00f3n a lo que voy a decirte delante de todo el pueblo: Antes de m\u00ed y antes de ti, siempre ha habido profetas que predijeron a muchos pa\u00edses y a grandes reinos la guerra, el hambre y la peste. Y cuando un profeta predice la paz, s\u00f3lo hasta que se cumplen sus palabras, se puede reconocer que es verdadero profeta, enviado por el Se\u00f1or\u201d. Entonces Janan\u00edas tom\u00f3 el yugo que tra\u00eda Jerem\u00edas en el cuello, lo rompi\u00f3 y dijo delante de todo el pueblo: \u201cEsto dice el Se\u00f1or: \u2018As\u00ed romper\u00e9 el yugo de Nabucodonosor, rey de Babilonia, dentro de dos a\u00f1os y lo quitar\u00e9 del cuello de todas las naciones\u2019 \u201d.<\/strong><\/p>\n<p><strong>Jerem\u00edas se alej\u00f3 de all\u00ed. Pero un tiempo despu\u00e9s de que Janan\u00edas hab\u00eda roto el yugo del cuello del profeta Jerem\u00edas, el Se\u00f1or le habl\u00f3 a \u00e9ste y le dijo: \u201cVe y dile a Janan\u00edas: \u2018Esto dice el Se\u00f1or: Has roto un yugo de madera, pero yo lo sustituir\u00e9 por uno de hierro. Porque esto dice el Se\u00f1or de los ej\u00e9rcitos, el Dios de Israel: He puesto en el cuello de todas estas naciones un yugo de hierro, para someterlas al servicio de Nabucodonosor, rey de Babilonia, y hasta las bestias del campo lo servir\u00e1n\u2019 \u201d. Y Jerem\u00edas a\u00f1adi\u00f3: \u201cEscucha, Janan\u00edas: No te ha enviado el Se\u00f1or y t\u00fa has hecho que el pueblo crea en una mentira. Por eso el Se\u00f1or te dice: \u2018Yo te borrar\u00e9 de la superficie de la tierra. Este a\u00f1o morir\u00e1s, por haber incitado a la rebeli\u00f3n contra el Se\u00f1or\u2019 \u201d. Y el profeta Janan\u00edas muri\u00f3 aquel mismo a\u00f1o, en el mes s\u00e9ptimo.<\/strong><\/p>\n<\/div>\n<\/div>\n<\/div>\n<\/div>\n<div id=\"cs_control_289228\" class=\"cs_control  CS_Element_Textblock\">\n<div class=\"CS_Textblock_Text\">\n<div class=\"bibleReadingsWrapper\">\n<h4><strong>Salmo Responsorial<\/strong><\/h4>\n<h4><strong>Salmo 118, 29. 43. 79. 80. 95. 102<\/strong><\/h4>\n<div class=\"poetry\">\n<p><strong>R. (68b) Ens\u00e9\u00f1ame, Se\u00f1or, tus mandamientos.<\/strong><br \/><strong>Ap\u00e1rtame de los caminos falsos,<\/strong><br \/><strong>\u00a0y dame la gracia de cumplir tu voluntad.<\/strong><br \/><strong>No quites de mi boca las palabras sinceras,<\/strong><br \/><strong>porque yo espero en tus mandamientos. R.<\/strong><br \/><strong>R. Ens\u00e9\u00f1ame, Se\u00f1or, tus mandamientos.<br \/><\/strong><br \/><strong>Que se vuelvan hacia m\u00ed tus fieles,<\/strong><br \/><strong>los que hacen caso de tus preceptos.<\/strong><br \/><strong>Que sea mi coraz\u00f3n perfecto en tus leyes,<\/strong><br \/><strong>as\u00ed no quedar\u00e9 avergonzado. R.<\/strong><br \/><strong>R. Ens\u00e9\u00f1ame, Se\u00f1or, tus mandamientos.<br \/><\/strong><br \/><strong>Los malvados me esperaban para matarme,<\/strong><br \/><strong>pero yo meditaba tus preceptos.<\/strong><br \/><strong>No me aparto de tus mandamientos,<\/strong><br \/><strong>porque t\u00fa me has instruido. R.<\/strong><br \/><strong>R. Ens\u00e9\u00f1ame, Se\u00f1or, tus mandamientos.<\/strong><\/p>\n<\/div>\n<\/div>\n<\/div>\n<\/div>\n<div id=\"cs_control_289230\" class=\"cs_control  CS_Element_Textblock\">\n<div class=\"CS_Textblock_Text\">\n<div class=\"bibleReadingsWrapper\">\n<h4><strong>Aclamaci\u00f3n antes del Evangelio<\/strong><\/h4>\n<h4><strong>Mt 4, 4<\/strong><\/h4>\n<div class=\"poetry\">\n<p><strong>R. Aleluya, aleluya.<\/strong><br \/><strong>No s\u00f3lo de pan vive el hombre,<\/strong><br \/><strong>sino tambi\u00e9n de toda palabra<\/strong><br \/><strong>que sale de la boca de Dios.<\/strong><br \/><strong>R. Aleluya.<\/strong><\/p>\n<\/div>\n<\/div>\n<\/div>\n<\/div>\n<div id=\"cs_control_289231\" class=\"cs_control  CS_Element_Textblock\">\n<div class=\"CS_Textblock_Text\">\n<div class=\"bibleReadingsWrapper\">\n<h4><strong>Evangelio<\/strong><\/h4>\n<h4><strong>Mt 14, 22-36<\/strong><\/h4>\n<div class=\"poetry\">\n<p><strong>En aquel tiempo, inmediatamente despu\u00e9s de la multiplicaci\u00f3n de los panes, Jes\u00fas hizo que sus disc\u00edpulos subieran a la barca y se dirigieran a la otra orilla, mientras \u00e9l desped\u00eda a la gente. Despu\u00e9s de despedirla, subi\u00f3 al monte a solas para orar. Llegada la noche, estaba \u00e9l solo all\u00ed.<\/strong><\/p>\n<p><strong>Entre tanto, la barca iba ya muy lejos de la costa y las olas la sacud\u00edan, porque el viento era contrario. A la madrugada, Jes\u00fas fue hacia ellos, caminando sobre el agua. Los disc\u00edpulos, al verlo andar sobre el agua, se espantaron y dec\u00edan: \u201c\u00a1Es un fantasma!\u201d Y daban gritos de terror. Pero Jes\u00fas les dijo enseguida: \u201cTranquil\u00edcense y no teman. Soy yo\u201d.<\/strong><\/p>\n<p><strong>Entonces le dijo Pedro: \u201cSe\u00f1or, si eres t\u00fa, m\u00e1ndame ir a ti caminando sobre el agua\u201d. Jes\u00fas le contest\u00f3: \u201cVen\u201d. Pedro baj\u00f3 de la barca y comenz\u00f3 a caminar sobre el agua hacia Jes\u00fas; pero al sentir la fuerza del viento, le entr\u00f3 miedo, comenz\u00f3 a hundirse y grit\u00f3: \u201c\u00a1S\u00e1lvame, Se\u00f1or!\u201d Inmediatamente Jes\u00fas le tendi\u00f3 la mano, lo sostuvo y le dijo: \u201cHombre de poca fe, \u00bfpor qu\u00e9 dudaste?\u201d<\/strong><\/p>\n<p><strong>En cuanto subieron a la barca, el viento se calm\u00f3. Los que estaban en la barca se postraron ante Jes\u00fas, diciendo: \u201cVerdaderamente t\u00fa eres el Hijo de Dios\u201d.<\/strong><\/p>\n<p><strong>Terminada la traves\u00eda, llegaron a Genesaret. Apenas lo reconocieron los habitantes de aquel lugar, pregonaron la noticia por toda la regi\u00f3n y le trajeron a todos los enfermos. Le ped\u00edan que los dejara tocar siquiera el borde de su manto; y cuantos lo tocaron, quedaron curados.<\/strong><\/p>\n<\/div>\n<\/div>\n<\/div>\n<\/div>\n<div id=\"cs_control_289214\" class=\"cs_control  CS_Element_Textblock\">\n<div class=\"CS_Textblock_Text\">\n<p><strong><img loading=\"lazy\" decoding=\"async\" src=\"http:\/\/fatherbroom.com\/es\/wp-content\/media\/sites\/3\/Screen-Shot-2020-08-02-at-8.47.52-AM-300x100.png\" alt=\"\" width=\"549\" height=\"183\" class=\"aligncenter  wp-image-23601\" srcset=\"https:\/\/fatherbroom.com\/es\/wp-content\/media\/sites\/3\/Screen-Shot-2020-08-02-at-8.47.52-AM-300x100.png 300w, https:\/\/fatherbroom.com\/es\/wp-content\/media\/sites\/3\/Screen-Shot-2020-08-02-at-8.47.52-AM-768x255.png 768w, https:\/\/fatherbroom.com\/es\/wp-content\/media\/sites\/3\/Screen-Shot-2020-08-02-at-8.47.52-AM-1024x340.png 1024w, https:\/\/fatherbroom.com\/es\/wp-content\/media\/sites\/3\/Screen-Shot-2020-08-02-at-8.47.52-AM.png 1814w\" sizes=\"auto, (max-width: 549px) 100vw, 549px\" \/><\/strong><\/p>\n<\/div>\n<\/div>\n<\/div>\n<\/div>\n<\/div>\n<\/div>\n<\/div>\n<\/div>\n<p><\/p>\n<p><strong>Dios forma a su pueblo Israel<\/strong><\/p>\n<p><strong>62 Despu\u00e9s de la etapa de los patriarcas, Dios constituy\u00f3 a Israel como su pueblo salv\u00e1ndolo de la esclavitud de Egipto. Estableci\u00f3 con \u00e9l la alianza del Sina\u00ed y le dio por medio de Mois\u00e9s su Ley, para que lo reconociese y le sirviera como al \u00fanico Dios vivo y verdadero, Padre providente y juez justo, y para que esperase al Salvador prometido (cf. DV 3)<\/strong><\/p>\n<p><img loading=\"lazy\" decoding=\"async\" src=\"http:\/\/fatherbroom.com\/es\/wp-content\/media\/sites\/3\/Screen-Shot-2020-07-29-at-6.45.09-PM-300x200.png\" alt=\"\" width=\"585\" height=\"390\" class=\"aligncenter  wp-image-23602\" srcset=\"https:\/\/fatherbroom.com\/es\/wp-content\/media\/sites\/3\/Screen-Shot-2020-07-29-at-6.45.09-PM-300x200.png 300w, https:\/\/fatherbroom.com\/es\/wp-content\/media\/sites\/3\/Screen-Shot-2020-07-29-at-6.45.09-PM-768x513.png 768w, https:\/\/fatherbroom.com\/es\/wp-content\/media\/sites\/3\/Screen-Shot-2020-07-29-at-6.45.09-PM-1024x684.png 1024w\" sizes=\"auto, (max-width: 585px) 100vw, 585px\" \/><br \/><em>Fotos: La basilica catedral metropolitana de Santa Maria del Fiore de la archidi\u00f3cesis de Florencia, Italia, en italiano: duomo. Las paredes est\u00e1n cubiertas de bandas alternadas en horizontal y vertical con m\u00e1rmoles multicolor: blanco, verde y rojo.<\/em><\/p>\n<div class=\"synved-social-container synved-social-container-share\" style=\"text-align: center\"><a class=\"synved-social-button synved-social-button-share synved-social-size-48 synved-social-resolution-single synved-social-provider-facebook nolightbox\" data-provider=\"facebook\" target=\"_blank\" rel=\"nofollow\" title=\"Share on Facebook\" href=\"https:\/\/www.facebook.com\/sharer.php?u=https%3A%2F%2Ffatherbroom.com%2Fes%2Fwp-json%2Fwp%2Fv2%2Fposts%2F23600&#038;t=LECTURAS%20DEL%20DIA%20%7C%203%20DE%20AGOSTO%202020&#038;s=100&#038;p&#091;url&#093;=https%3A%2F%2Ffatherbroom.com%2Fes%2Fwp-json%2Fwp%2Fv2%2Fposts%2F23600&#038;p&#091;images&#093;&#091;0&#093;=http%3A%2F%2Ffatherbroom.com%2Fes%2Fwp-content%2Fmedia%2Fsites%2F3%2FScreen-Shot-2020-07-29-at-6.45.09-PM-300x200.png&#038;p&#091;title&#093;=LECTURAS%20DEL%20DIA%20%7C%203%20DE%20AGOSTO%202020\" style=\"font-size: 0px;width:48px;height:48px;margin:0;margin-bottom:5px;margin-right:5px\"><img loading=\"lazy\" decoding=\"async\" alt=\"Facebook\" title=\"Share on Facebook\" class=\"synved-share-image synved-social-image synved-social-image-share\" width=\"48\" height=\"48\" style=\"display: inline;width:48px;height:48px;margin: 0;padding: 0;border: none;box-shadow: none\" src=\"https:\/\/fatherbroom.com\/es\/wp-content\/plugins\/social-media-feather\/synved-social\/image\/social\/regular\/96x96\/facebook.png\" \/><\/a><a class=\"synved-social-button synved-social-button-share synved-social-size-48 synved-social-resolution-single synved-social-provider-twitter nolightbox\" data-provider=\"twitter\" target=\"_blank\" rel=\"nofollow\" title=\"Share on Twitter\" href=\"https:\/\/twitter.com\/intent\/tweet?url=https%3A%2F%2Ffatherbroom.com%2Fes%2Fwp-json%2Fwp%2Fv2%2Fposts%2F23600&#038;text=Hey%20check%20this%20out\" style=\"font-size: 0px;width:48px;height:48px;margin:0;margin-bottom:5px;margin-right:5px\"><img loading=\"lazy\" decoding=\"async\" alt=\"twitter\" title=\"Share on Twitter\" class=\"synved-share-image synved-social-image synved-social-image-share\" width=\"48\" height=\"48\" style=\"display: inline;width:48px;height:48px;margin: 0;padding: 0;border: none;box-shadow: none\" src=\"https:\/\/fatherbroom.com\/es\/wp-content\/plugins\/social-media-feather\/synved-social\/image\/social\/regular\/96x96\/twitter.png\" \/><\/a><a class=\"synved-social-button synved-social-button-share synved-social-size-48 synved-social-resolution-single synved-social-provider-reddit nolightbox\" data-provider=\"reddit\" target=\"_blank\" rel=\"nofollow\" title=\"Share on Reddit\" href=\"https:\/\/www.reddit.com\/submit?url=https%3A%2F%2Ffatherbroom.com%2Fes%2Fwp-json%2Fwp%2Fv2%2Fposts%2F23600&#038;title=LECTURAS%20DEL%20DIA%20%7C%203%20DE%20AGOSTO%202020\" style=\"font-size: 0px;width:48px;height:48px;margin:0;margin-bottom:5px;margin-right:5px\"><img loading=\"lazy\" decoding=\"async\" alt=\"reddit\" title=\"Share on Reddit\" class=\"synved-share-image synved-social-image synved-social-image-share\" width=\"48\" height=\"48\" style=\"display: inline;width:48px;height:48px;margin: 0;padding: 0;border: none;box-shadow: none\" src=\"https:\/\/fatherbroom.com\/es\/wp-content\/plugins\/social-media-feather\/synved-social\/image\/social\/regular\/96x96\/reddit.png\" \/><\/a><a class=\"synved-social-button synved-social-button-share synved-social-size-48 synved-social-resolution-single synved-social-provider-pinterest nolightbox\" data-provider=\"pinterest\" target=\"_blank\" rel=\"nofollow\" title=\"Pin it with Pinterest\" href=\"https:\/\/pinterest.com\/pin\/create\/button\/?url=https%3A%2F%2Ffatherbroom.com%2Fes%2Fwp-json%2Fwp%2Fv2%2Fposts%2F23600&#038;media=http%3A%2F%2Ffatherbroom.com%2Fes%2Fwp-content%2Fmedia%2Fsites%2F3%2FScreen-Shot-2020-07-29-at-6.45.09-PM-300x200.png&#038;description=LECTURAS%20DEL%20DIA%20%7C%203%20DE%20AGOSTO%202020\" style=\"font-size: 0px;width:48px;height:48px;margin:0;margin-bottom:5px;margin-right:5px\"><img loading=\"lazy\" decoding=\"async\" alt=\"pinterest\" title=\"Pin it with Pinterest\" class=\"synved-share-image synved-social-image synved-social-image-share\" width=\"48\" height=\"48\" style=\"display: inline;width:48px;height:48px;margin: 0;padding: 0;border: none;box-shadow: none\" src=\"https:\/\/fatherbroom.com\/es\/wp-content\/plugins\/social-media-feather\/synved-social\/image\/social\/regular\/96x96\/pinterest.png\" \/><\/a><a class=\"synved-social-button synved-social-button-share synved-social-size-48 synved-social-resolution-single synved-social-provider-linkedin nolightbox\" data-provider=\"linkedin\" target=\"_blank\" rel=\"nofollow\" title=\"Share on Linkedin\" href=\"https:\/\/www.linkedin.com\/shareArticle?mini=true&#038;url=https%3A%2F%2Ffatherbroom.com%2Fes%2Fwp-json%2Fwp%2Fv2%2Fposts%2F23600&#038;title=LECTURAS%20DEL%20DIA%20%7C%203%20DE%20AGOSTO%202020\" style=\"font-size: 0px;width:48px;height:48px;margin:0;margin-bottom:5px;margin-right:5px\"><img loading=\"lazy\" decoding=\"async\" alt=\"linkedin\" title=\"Share on Linkedin\" class=\"synved-share-image synved-social-image synved-social-image-share\" width=\"48\" height=\"48\" style=\"display: inline;width:48px;height:48px;margin: 0;padding: 0;border: none;box-shadow: none\" src=\"https:\/\/fatherbroom.com\/es\/wp-content\/plugins\/social-media-feather\/synved-social\/image\/social\/regular\/96x96\/linkedin.png\" \/><\/a><a class=\"synved-social-button synved-social-button-share synved-social-size-48 synved-social-resolution-single synved-social-provider-mail nolightbox\" data-provider=\"mail\" rel=\"nofollow\" title=\"Share by email\" href=\"mailto:?subject=LECTURAS%20DEL%20DIA%20%7C%203%20DE%20AGOSTO%202020&#038;body=Hey%20check%20this%20out:%20https%3A%2F%2Ffatherbroom.com%2Fes%2Fwp-json%2Fwp%2Fv2%2Fposts%2F23600\" style=\"font-size: 0px;width:48px;height:48px;margin:0;margin-bottom:5px\"><img loading=\"lazy\" decoding=\"async\" alt=\"mail\" title=\"Share by email\" class=\"synved-share-image synved-social-image synved-social-image-share\" width=\"48\" height=\"48\" style=\"display: inline;width:48px;height:48px;margin: 0;padding: 0;border: none;box-shadow: none\" src=\"https:\/\/fatherbroom.com\/es\/wp-content\/plugins\/social-media-feather\/synved-social\/image\/social\/regular\/96x96\/mail.png\" \/><\/a><\/div>","protected":false},"excerpt":{"rendered":"<p>3 de agosto 2020 Lunes de la XVIII semana del Tiempo ordinario Primera lectura Jer 28, 1-17 El quinto mes del cuarto a\u00f1o del reinado de Sedec\u00edas, Janan\u00edas, hijo de Azur y profeta de Gaba\u00f3n, le dijo a Jerem\u00edas en el templo, en presencia de los sacerdotes y de todo el pueblo: \u201cEsto dice el [&hellip;]<\/p>\n","protected":false},"author":7,"featured_media":0,"comment_status":"open","ping_status":"open","sticky":false,"template":"","format":"standard","meta":{"_genesis_hide_title":false,"_genesis_hide_breadcrumbs":false,"_genesis_hide_singular_image":false,"_genesis_hide_footer_widgets":false,"_genesis_custom_body_class":"","_genesis_custom_post_class":"","_genesis_layout":"","footnotes":""},"categories":[277],"tags":[],"class_list":{"0":"post-23600","1":"post","2":"type-post","3":"status-publish","4":"format-standard","6":"category-lecturas-del-dia","7":"entry"},"_links":{"self":[{"href":"https:\/\/fatherbroom.com\/es\/wp-json\/wp\/v2\/posts\/23600","targetHints":{"allow":["GET"]}}],"collection":[{"href":"https:\/\/fatherbroom.com\/es\/wp-json\/wp\/v2\/posts"}],"about":[{"href":"https:\/\/fatherbroom.com\/es\/wp-json\/wp\/v2\/types\/post"}],"author":[{"embeddable":true,"href":"https:\/\/fatherbroom.com\/es\/wp-json\/wp\/v2\/users\/7"}],"replies":[{"embeddable":true,"href":"https:\/\/fatherbroom.com\/es\/wp-json\/wp\/v2\/comments?post=23600"}],"version-history":[{"count":2,"href":"https:\/\/fatherbroom.com\/es\/wp-json\/wp\/v2\/posts\/23600\/revisions"}],"predecessor-version":[{"id":23605,"href":"https:\/\/fatherbroom.com\/es\/wp-json\/wp\/v2\/posts\/23600\/revisions\/23605"}],"wp:attachment":[{"href":"https:\/\/fatherbroom.com\/es\/wp-json\/wp\/v2\/media?parent=23600"}],"wp:term":[{"taxonomy":"category","embeddable":true,"href":"https:\/\/fatherbroom.com\/es\/wp-json\/wp\/v2\/categories?post=23600"},{"taxonomy":"post_tag","embeddable":true,"href":"https:\/\/fatherbroom.com\/es\/wp-json\/wp\/v2\/tags?post=23600"}],"curies":[{"name":"wp","href":"https:\/\/api.w.org\/{rel}","templated":true}]}}