{"id":23579,"date":"2020-08-01T02:00:42","date_gmt":"2020-08-01T09:00:42","guid":{"rendered":"http:\/\/fatherbroom.com\/es\/?p=23579"},"modified":"2020-07-31T22:46:48","modified_gmt":"2020-08-01T05:46:48","slug":"lecturas-del-dia-1-de-agosto-2020","status":"publish","type":"post","link":"https:\/\/fatherbroom.com\/es\/2020\/08\/lecturas-del-dia-1-de-agosto-2020\/","title":{"rendered":"LECTURAS DEL DIA | 1 DE AGOSTO 2020"},"content":{"rendered":"<p><img loading=\"lazy\" decoding=\"async\" src=\"http:\/\/fatherbroom.com\/es\/wp-content\/media\/sites\/3\/Screen-Shot-2020-07-31-at-10.37.57-PM-300x169.png\" alt=\"\" width=\"561\" height=\"316\" class=\"aligncenter  wp-image-23580\" srcset=\"https:\/\/fatherbroom.com\/es\/wp-content\/media\/sites\/3\/Screen-Shot-2020-07-31-at-10.37.57-PM-300x169.png 300w, https:\/\/fatherbroom.com\/es\/wp-content\/media\/sites\/3\/Screen-Shot-2020-07-31-at-10.37.57-PM-768x432.png 768w, https:\/\/fatherbroom.com\/es\/wp-content\/media\/sites\/3\/Screen-Shot-2020-07-31-at-10.37.57-PM-1024x577.png 1024w, https:\/\/fatherbroom.com\/es\/wp-content\/media\/sites\/3\/Screen-Shot-2020-07-31-at-10.37.57-PM.png 1634w\" sizes=\"auto, (max-width: 561px) 100vw, 561px\" \/><\/p>\n<h4><strong>1 de agosto 2020<\/strong><\/h4>\n<div class=\"contentarea\">\n<div id=\"cs_control_1386\" class=\"cs_control CS_Element_Schedule\">\n<div title=\"\" id=\"CS_Element_maincontent\">\n<div id=\"gridRow_1_1_1386\" class=\"cs_GridRow\">\n<div id=\"gridCol_1_1_1_1_1386\" class=\"cs_GridColumn\">\n<div id=\"cs_control_157991\" class=\"cs_control  lecturas-block\">\n<div id=\"cs_control_3683\" class=\"cs_control  CS_Element_Textblock\">\n<div class=\"CS_Textblock_Text\">\n<h4><strong>Memoria de San Alfonso Mar\u00eda de Ligorio, obispo y doctor de la Iglesia<\/strong><\/p>\n<p><strong>Primera lectura<\/strong><\/h4>\n<\/div>\n<\/div>\n<div id=\"cs_control_3684\" class=\"cs_control  CS_Element_Textblock\">\n<div class=\"CS_Textblock_Text\">\n<div class=\"bibleReadingsWrapper\">\n<h4><strong>Jer 26, 11-16. 24<\/strong><\/h4>\n<div class=\"poetry\">\n<p><strong>En aquellos d\u00edas, los sacerdotes y los profetas dijeron a los jefes y al pueblo: \u201cEse hombre, Jerem\u00edas, merece la muerte, porque ha profetizado contra esta ciudad, como ustedes mismos lo han o\u00eddo\u201d.<\/strong><\/p>\n<p><strong>Pero Jerem\u00edas les dijo a los jefes y al pueblo: \u201cEl Se\u00f1or me ha enviado a profetizar todo lo que han o\u00eddo contra este templo y esta ciudad. Pues bien, corrijan su conducta y sus obras, escuchen la voz del Se\u00f1or, su Dios, y el Se\u00f1or se retractar\u00e1 de la amenaza que ha pronunciado contra ustedes. Por mi parte, yo estoy en manos de ustedes: hagan de m\u00ed lo que les parezca justo y conveniente. Pero s\u00e9panlo bien: si me matan, ustedes, la ciudad y sus habitantes ser\u00e1n responsables de la muerte de un inocente, porque es cierto que el Se\u00f1or me ha enviado a ustedes para anunciarles todas estas cosas\u201d.<\/strong><\/p>\n<p><strong>Los jefes y todo el pueblo dijeron a los sacerdotes y a los profetas: \u201cEste hombre no merece sentencia de muerte, porque nos ha hablado en nombre del Se\u00f1or, nuestro Dios\u201d.<\/strong><\/p>\n<p><strong>Entonces Ajicam, hijo de Saf\u00e1n, defendi\u00f3 a Jerem\u00edas, para que no fuera entregado en manos del pueblo y lo mataran.<\/strong><\/p>\n<\/div>\n<\/div>\n<\/div>\n<\/div>\n<div id=\"cs_control_289228\" class=\"cs_control  CS_Element_Textblock\">\n<div class=\"CS_Textblock_Text\">\n<div class=\"bibleReadingsWrapper\">\n<h4><strong>Salmo Responsorial<\/strong><\/h4>\n<h4><strong>Salmo 68, 15-16. 30-31. 33-34<\/strong><\/h4>\n<div class=\"poetry\">\n<p><strong>R. (cf. 14) Defi\u00e9ndeme y ay\u00fadame, Dios m\u00edo.<\/strong><br \/><strong>S\u00e1came de este cieno,<\/strong><br \/><strong>no vaya a ser que no me hunda;<\/strong><br \/><strong>ponme a salvo, Se\u00f1or, de los que me odian<\/strong><br \/><strong>y de estas aguas tan profundas. R.<\/strong><br \/><strong>R. Defi\u00e9ndeme y ay\u00fadame, Dios m\u00edo.<\/strong><br \/><strong>No dejes que me arrastre la corriente<\/strong><br \/><strong>y que me trague el remolino;<\/strong><br \/><strong>no dejes que se cierre sobre m\u00ed<\/strong><br \/><strong>la boca del abismo. R.<\/strong><br \/><strong>R. Defi\u00e9ndeme y ay\u00fadame, Dios m\u00edo.<\/strong><br \/><strong>M\u00edrame enfermo y afligido;<\/strong><br \/><strong>defi\u00e9ndeme y ay\u00fadame, Dios m\u00edo.<\/strong><br \/><strong>En mi cantar exaltar\u00e9 tu nombre,<\/strong><br \/><strong>Proclamar\u00e9 tu gloria, agradecido. R.<\/strong><br \/><strong>R. Defi\u00e9ndeme y ay\u00fadame, Dios m\u00edo.<\/strong><br \/><strong>Se alegrar\u00e1n al verlo los que sufren;<\/strong><br \/><strong>quienes buscan a Dios tendr\u00e1n m\u00e1s \u00e1nimo,<\/strong><br \/><strong>porque el Se\u00f1or jam\u00e1s desoye al pobre,<\/strong><br \/><strong>no olvida al que se encuentra encadenado. R.<\/strong><br \/><strong>R. Defi\u00e9ndeme y ay\u00fadame, Dios m\u00edo.<\/strong><\/p>\n<\/div>\n<\/div>\n<\/div>\n<\/div>\n<div id=\"cs_control_289230\" class=\"cs_control  CS_Element_Textblock\">\n<div class=\"CS_Textblock_Text\">\n<div class=\"bibleReadingsWrapper\">\n<h4><strong>Aclamaci\u00f3n antes del Evangelio<\/strong><\/h4>\n<h4><strong>Mt 5, 10<\/strong><\/h4>\n<div class=\"poetry\">\n<p><strong>R. Aleluya, aleluya.<\/strong><br \/><strong>Dichosos los perseguidos por causa de la justicia,<\/strong><br \/><strong>porque de ellos es el Reino de los cielos, dice el Se\u00f1or.<\/strong><br \/><strong>R. Aleluya.<\/strong><\/p>\n<\/div>\n<\/div>\n<\/div>\n<\/div>\n<div id=\"cs_control_289231\" class=\"cs_control  CS_Element_Textblock\">\n<div class=\"CS_Textblock_Text\">\n<div class=\"bibleReadingsWrapper\">\n<h4><strong>Evangelio<\/strong><\/h4>\n<h4><strong>Mt 14, 1-12<\/strong><\/h4>\n<div class=\"poetry\">\n<p><strong>En aquel tiempo, el rey Herodes oy\u00f3 lo que contaban de Jes\u00fas y les dijo a sus cortesanos: \u201cEs Juan el Bautista, que ha resucitado de entre los muertos y por eso act\u00faan en \u00e9l fuerzas milagrosas\u201d.<\/strong><\/p>\n<p><strong>Herodes hab\u00eda apresado a Juan y lo hab\u00eda encadenado en la c\u00e1rcel por causa de Herod\u00edas, la mujer de su hermano Filipo, pues Juan le dec\u00eda a Herodes que no le estaba permitido tenerla por mujer. Y aunque quer\u00eda quitarle la vida, le ten\u00eda miedo a la gente, porque cre\u00edan que Juan era un profeta.<\/strong><\/p>\n<p><strong>Pero lleg\u00f3 el cumplea\u00f1os de Herodes, y la hija de Herod\u00edas bail\u00f3 delante de todos y le gust\u00f3 tanto a Herodes, que jur\u00f3 darle lo que le pidiera. Ella, aconsejada por su madre, le dijo: \u201cDame, sobre esta bandeja, la cabeza de Juan el Bautista\u201d.<\/strong><\/p>\n<p><strong>El rey se entristeci\u00f3, pero a causa de su juramento y por no quedar mal con los invitados, orden\u00f3 que se la dieran; y entonces mand\u00f3 degollar a Juan en la c\u00e1rcel. Trajeron, pues, la cabeza en una bandeja, se la entregaron a la joven y ella se la llev\u00f3 a su madre.<\/strong><\/p>\n<p><strong>Despu\u00e9s vinieron los disc\u00edpulos de Juan, recogieron el cuerpo, lo sepultaron, y luego fueron a avisarle a Jes\u00fas.<\/strong><\/p>\n<p><img loading=\"lazy\" decoding=\"async\" src=\"http:\/\/fatherbroom.com\/es\/wp-content\/media\/sites\/3\/Screen-Shot-2020-07-31-at-10.39.25-PM-300x100.png\" alt=\"\" width=\"603\" height=\"201\" class=\"aligncenter  wp-image-23581\" srcset=\"https:\/\/fatherbroom.com\/es\/wp-content\/media\/sites\/3\/Screen-Shot-2020-07-31-at-10.39.25-PM-300x100.png 300w, https:\/\/fatherbroom.com\/es\/wp-content\/media\/sites\/3\/Screen-Shot-2020-07-31-at-10.39.25-PM-768x256.png 768w, https:\/\/fatherbroom.com\/es\/wp-content\/media\/sites\/3\/Screen-Shot-2020-07-31-at-10.39.25-PM-1024x341.png 1024w, https:\/\/fatherbroom.com\/es\/wp-content\/media\/sites\/3\/Screen-Shot-2020-07-31-at-10.39.25-PM.png 1814w\" sizes=\"auto, (max-width: 603px) 100vw, 603px\" \/><br \/><b>C<\/b><strong>atecismo de la Iglesia\u00a0Cat\u00f3lica<\/strong><\/p>\n<p><strong>60 El pueblo nacido de Abraham ser\u00e1 el depositario de la promesa hecha a los patriarcas, el pueblo de la elecci\u00f3n (cf. <i>Rm<\/i> 11,28), llamado a preparar la reuni\u00f3n un d\u00eda de todos los hijos de Dios en la unidad de la Iglesia (cf. <i>Jn<\/i> 11,52; 10,16); ese pueblo ser\u00e1 la ra\u00edz en la que ser\u00e1n injertados los paganos hechos creyentes (cf. <i>Rm<\/i> 11,17-18.24).<\/p>\n<p><img loading=\"lazy\" decoding=\"async\" src=\"http:\/\/fatherbroom.com\/es\/wp-content\/media\/sites\/3\/Screen-Shot-2020-07-31-at-10.45.38-PM-300x100.png\" alt=\"\" width=\"582\" height=\"194\" class=\"aligncenter  wp-image-23586\" srcset=\"https:\/\/fatherbroom.com\/es\/wp-content\/media\/sites\/3\/Screen-Shot-2020-07-31-at-10.45.38-PM-300x100.png 300w, https:\/\/fatherbroom.com\/es\/wp-content\/media\/sites\/3\/Screen-Shot-2020-07-31-at-10.45.38-PM-768x255.png 768w, https:\/\/fatherbroom.com\/es\/wp-content\/media\/sites\/3\/Screen-Shot-2020-07-31-at-10.45.38-PM-1024x340.png 1024w, https:\/\/fatherbroom.com\/es\/wp-content\/media\/sites\/3\/Screen-Shot-2020-07-31-at-10.45.38-PM.png 1820w\" sizes=\"auto, (max-width: 582px) 100vw, 582px\" \/><\/p>\n<p><img loading=\"lazy\" decoding=\"async\" src=\"http:\/\/fatherbroom.com\/es\/wp-content\/media\/sites\/3\/37625075_455964678204242_6699699144065286144_n-240x300.jpg\" alt=\"\" width=\"303\" height=\"379\" class=\"aligncenter  wp-image-23584\" srcset=\"https:\/\/fatherbroom.com\/es\/wp-content\/media\/sites\/3\/37625075_455964678204242_6699699144065286144_n-240x300.jpg 240w, https:\/\/fatherbroom.com\/es\/wp-content\/media\/sites\/3\/37625075_455964678204242_6699699144065286144_n-768x960.jpg 768w, https:\/\/fatherbroom.com\/es\/wp-content\/media\/sites\/3\/37625075_455964678204242_6699699144065286144_n-820x1024.jpg 820w, https:\/\/fatherbroom.com\/es\/wp-content\/media\/sites\/3\/37625075_455964678204242_6699699144065286144_n.jpg 930w\" sizes=\"auto, (max-width: 303px) 100vw, 303px\" \/><br \/>San Alfonso Maria Ligorio,<br \/>Ruega por nosotros.<\/strong><\/p>\n<\/div>\n<\/div>\n<\/div>\n<\/div>\n<\/div>\n<\/div>\n<\/div>\n<\/div>\n<\/div>\n<\/div>\n<div class=\"synved-social-container synved-social-container-share\" style=\"text-align: center\"><a class=\"synved-social-button synved-social-button-share synved-social-size-48 synved-social-resolution-single synved-social-provider-facebook nolightbox\" data-provider=\"facebook\" target=\"_blank\" rel=\"nofollow\" title=\"Share on Facebook\" href=\"https:\/\/www.facebook.com\/sharer.php?u=https%3A%2F%2Ffatherbroom.com%2Fes%2Fwp-json%2Fwp%2Fv2%2Fposts%2F23579&#038;t=LECTURAS%20DEL%20DIA%20%7C%201%20DE%20AGOSTO%202020&#038;s=100&#038;p&#091;url&#093;=https%3A%2F%2Ffatherbroom.com%2Fes%2Fwp-json%2Fwp%2Fv2%2Fposts%2F23579&#038;p&#091;images&#093;&#091;0&#093;=http%3A%2F%2Ffatherbroom.com%2Fes%2Fwp-content%2Fmedia%2Fsites%2F3%2F37625075_455964678204242_6699699144065286144_n-240x300.jpg&#038;p&#091;title&#093;=LECTURAS%20DEL%20DIA%20%7C%201%20DE%20AGOSTO%202020\" style=\"font-size: 0px;width:48px;height:48px;margin:0;margin-bottom:5px;margin-right:5px\"><img loading=\"lazy\" decoding=\"async\" alt=\"Facebook\" title=\"Share on Facebook\" class=\"synved-share-image synved-social-image synved-social-image-share\" width=\"48\" height=\"48\" style=\"display: inline;width:48px;height:48px;margin: 0;padding: 0;border: none;box-shadow: none\" src=\"https:\/\/fatherbroom.com\/es\/wp-content\/plugins\/social-media-feather\/synved-social\/image\/social\/regular\/96x96\/facebook.png\" \/><\/a><a class=\"synved-social-button synved-social-button-share synved-social-size-48 synved-social-resolution-single synved-social-provider-twitter nolightbox\" data-provider=\"twitter\" target=\"_blank\" rel=\"nofollow\" title=\"Share on Twitter\" href=\"https:\/\/twitter.com\/intent\/tweet?url=https%3A%2F%2Ffatherbroom.com%2Fes%2Fwp-json%2Fwp%2Fv2%2Fposts%2F23579&#038;text=Hey%20check%20this%20out\" style=\"font-size: 0px;width:48px;height:48px;margin:0;margin-bottom:5px;margin-right:5px\"><img loading=\"lazy\" decoding=\"async\" alt=\"twitter\" title=\"Share on Twitter\" class=\"synved-share-image synved-social-image synved-social-image-share\" width=\"48\" height=\"48\" style=\"display: inline;width:48px;height:48px;margin: 0;padding: 0;border: none;box-shadow: none\" src=\"https:\/\/fatherbroom.com\/es\/wp-content\/plugins\/social-media-feather\/synved-social\/image\/social\/regular\/96x96\/twitter.png\" \/><\/a><a class=\"synved-social-button synved-social-button-share synved-social-size-48 synved-social-resolution-single synved-social-provider-reddit nolightbox\" data-provider=\"reddit\" target=\"_blank\" rel=\"nofollow\" title=\"Share on Reddit\" href=\"https:\/\/www.reddit.com\/submit?url=https%3A%2F%2Ffatherbroom.com%2Fes%2Fwp-json%2Fwp%2Fv2%2Fposts%2F23579&#038;title=LECTURAS%20DEL%20DIA%20%7C%201%20DE%20AGOSTO%202020\" style=\"font-size: 0px;width:48px;height:48px;margin:0;margin-bottom:5px;margin-right:5px\"><img loading=\"lazy\" decoding=\"async\" alt=\"reddit\" title=\"Share on Reddit\" class=\"synved-share-image synved-social-image synved-social-image-share\" width=\"48\" height=\"48\" style=\"display: inline;width:48px;height:48px;margin: 0;padding: 0;border: none;box-shadow: none\" src=\"https:\/\/fatherbroom.com\/es\/wp-content\/plugins\/social-media-feather\/synved-social\/image\/social\/regular\/96x96\/reddit.png\" \/><\/a><a class=\"synved-social-button synved-social-button-share synved-social-size-48 synved-social-resolution-single synved-social-provider-pinterest nolightbox\" data-provider=\"pinterest\" target=\"_blank\" rel=\"nofollow\" title=\"Pin it with Pinterest\" href=\"https:\/\/pinterest.com\/pin\/create\/button\/?url=https%3A%2F%2Ffatherbroom.com%2Fes%2Fwp-json%2Fwp%2Fv2%2Fposts%2F23579&#038;media=http%3A%2F%2Ffatherbroom.com%2Fes%2Fwp-content%2Fmedia%2Fsites%2F3%2F37625075_455964678204242_6699699144065286144_n-240x300.jpg&#038;description=LECTURAS%20DEL%20DIA%20%7C%201%20DE%20AGOSTO%202020\" style=\"font-size: 0px;width:48px;height:48px;margin:0;margin-bottom:5px;margin-right:5px\"><img loading=\"lazy\" decoding=\"async\" alt=\"pinterest\" title=\"Pin it with Pinterest\" class=\"synved-share-image synved-social-image synved-social-image-share\" width=\"48\" height=\"48\" style=\"display: inline;width:48px;height:48px;margin: 0;padding: 0;border: none;box-shadow: none\" src=\"https:\/\/fatherbroom.com\/es\/wp-content\/plugins\/social-media-feather\/synved-social\/image\/social\/regular\/96x96\/pinterest.png\" \/><\/a><a class=\"synved-social-button synved-social-button-share synved-social-size-48 synved-social-resolution-single synved-social-provider-linkedin nolightbox\" data-provider=\"linkedin\" target=\"_blank\" rel=\"nofollow\" title=\"Share on Linkedin\" href=\"https:\/\/www.linkedin.com\/shareArticle?mini=true&#038;url=https%3A%2F%2Ffatherbroom.com%2Fes%2Fwp-json%2Fwp%2Fv2%2Fposts%2F23579&#038;title=LECTURAS%20DEL%20DIA%20%7C%201%20DE%20AGOSTO%202020\" style=\"font-size: 0px;width:48px;height:48px;margin:0;margin-bottom:5px;margin-right:5px\"><img loading=\"lazy\" decoding=\"async\" alt=\"linkedin\" title=\"Share on Linkedin\" class=\"synved-share-image synved-social-image synved-social-image-share\" width=\"48\" height=\"48\" style=\"display: inline;width:48px;height:48px;margin: 0;padding: 0;border: none;box-shadow: none\" src=\"https:\/\/fatherbroom.com\/es\/wp-content\/plugins\/social-media-feather\/synved-social\/image\/social\/regular\/96x96\/linkedin.png\" \/><\/a><a class=\"synved-social-button synved-social-button-share synved-social-size-48 synved-social-resolution-single synved-social-provider-mail nolightbox\" data-provider=\"mail\" rel=\"nofollow\" title=\"Share by email\" href=\"mailto:?subject=LECTURAS%20DEL%20DIA%20%7C%201%20DE%20AGOSTO%202020&#038;body=Hey%20check%20this%20out:%20https%3A%2F%2Ffatherbroom.com%2Fes%2Fwp-json%2Fwp%2Fv2%2Fposts%2F23579\" style=\"font-size: 0px;width:48px;height:48px;margin:0;margin-bottom:5px\"><img loading=\"lazy\" decoding=\"async\" alt=\"mail\" title=\"Share by email\" class=\"synved-share-image synved-social-image synved-social-image-share\" width=\"48\" height=\"48\" style=\"display: inline;width:48px;height:48px;margin: 0;padding: 0;border: none;box-shadow: none\" src=\"https:\/\/fatherbroom.com\/es\/wp-content\/plugins\/social-media-feather\/synved-social\/image\/social\/regular\/96x96\/mail.png\" \/><\/a><\/div>","protected":false},"excerpt":{"rendered":"<p>1 de agosto 2020 Memoria de San Alfonso Mar\u00eda de Ligorio, obispo y doctor de la Iglesia Primera lectura Jer 26, 11-16. 24 En aquellos d\u00edas, los sacerdotes y los profetas dijeron a los jefes y al pueblo: \u201cEse hombre, Jerem\u00edas, merece la muerte, porque ha profetizado contra esta ciudad, como ustedes mismos lo han [&hellip;]<\/p>\n","protected":false},"author":7,"featured_media":0,"comment_status":"open","ping_status":"open","sticky":false,"template":"","format":"standard","meta":{"_genesis_hide_title":false,"_genesis_hide_breadcrumbs":false,"_genesis_hide_singular_image":false,"_genesis_hide_footer_widgets":false,"_genesis_custom_body_class":"","_genesis_custom_post_class":"","_genesis_layout":"","footnotes":""},"categories":[277],"tags":[],"class_list":{"0":"post-23579","1":"post","2":"type-post","3":"status-publish","4":"format-standard","6":"category-lecturas-del-dia","7":"entry"},"_links":{"self":[{"href":"https:\/\/fatherbroom.com\/es\/wp-json\/wp\/v2\/posts\/23579","targetHints":{"allow":["GET"]}}],"collection":[{"href":"https:\/\/fatherbroom.com\/es\/wp-json\/wp\/v2\/posts"}],"about":[{"href":"https:\/\/fatherbroom.com\/es\/wp-json\/wp\/v2\/types\/post"}],"author":[{"embeddable":true,"href":"https:\/\/fatherbroom.com\/es\/wp-json\/wp\/v2\/users\/7"}],"replies":[{"embeddable":true,"href":"https:\/\/fatherbroom.com\/es\/wp-json\/wp\/v2\/comments?post=23579"}],"version-history":[{"count":4,"href":"https:\/\/fatherbroom.com\/es\/wp-json\/wp\/v2\/posts\/23579\/revisions"}],"predecessor-version":[{"id":23587,"href":"https:\/\/fatherbroom.com\/es\/wp-json\/wp\/v2\/posts\/23579\/revisions\/23587"}],"wp:attachment":[{"href":"https:\/\/fatherbroom.com\/es\/wp-json\/wp\/v2\/media?parent=23579"}],"wp:term":[{"taxonomy":"category","embeddable":true,"href":"https:\/\/fatherbroom.com\/es\/wp-json\/wp\/v2\/categories?post=23579"},{"taxonomy":"post_tag","embeddable":true,"href":"https:\/\/fatherbroom.com\/es\/wp-json\/wp\/v2\/tags?post=23579"}],"curies":[{"name":"wp","href":"https:\/\/api.w.org\/{rel}","templated":true}]}}