{"id":23568,"date":"2020-07-31T09:02:27","date_gmt":"2020-07-31T16:02:27","guid":{"rendered":"http:\/\/fatherbroom.com\/es\/?p=23568"},"modified":"2020-07-31T09:39:17","modified_gmt":"2020-07-31T16:39:17","slug":"lecturas-del-dia-31-de-julio-2020","status":"publish","type":"post","link":"https:\/\/fatherbroom.com\/es\/2020\/07\/lecturas-del-dia-31-de-julio-2020\/","title":{"rendered":"LECTURAS DEL DIA | 31 DE JULIO 2020"},"content":{"rendered":"<p><img loading=\"lazy\" decoding=\"async\" src=\"http:\/\/fatherbroom.com\/es\/wp-content\/media\/sites\/3\/Screen-Shot-2020-07-31-at-9.03.46-AM-300x169.png\" alt=\"\" width=\"621\" height=\"350\" class=\"aligncenter  wp-image-23570\" srcset=\"https:\/\/fatherbroom.com\/es\/wp-content\/media\/sites\/3\/Screen-Shot-2020-07-31-at-9.03.46-AM-300x169.png 300w, https:\/\/fatherbroom.com\/es\/wp-content\/media\/sites\/3\/Screen-Shot-2020-07-31-at-9.03.46-AM-768x432.png 768w, https:\/\/fatherbroom.com\/es\/wp-content\/media\/sites\/3\/Screen-Shot-2020-07-31-at-9.03.46-AM-1024x576.png 1024w, https:\/\/fatherbroom.com\/es\/wp-content\/media\/sites\/3\/Screen-Shot-2020-07-31-at-9.03.46-AM.png 1636w\" sizes=\"auto, (max-width: 621px) 100vw, 621px\" \/><\/p>\n<div id=\"cs_control_3683\" class=\"cs_control  CS_Element_Textblock\">\n<div class=\"CS_Textblock_Text\">\n<h4><strong>Memoria de San Ignacio de Loyola, presb\u00edtero<\/strong><\/p>\n<p><strong>Primera lectura<\/strong><\/h4>\n<\/div>\n<\/div>\n<div id=\"cs_control_3684\" class=\"cs_control  CS_Element_Textblock\">\n<div class=\"CS_Textblock_Text\">\n<div class=\"bibleReadingsWrapper\">\n<h4><strong>Jer 26, 1-9<\/strong><\/h4>\n<div class=\"poetry\">\n<p><strong>Al principio del reinado de Joaqu\u00edn, hijo de Jos\u00edas y rey de Jud\u00e1, el Se\u00f1or le habl\u00f3 a Jerem\u00edas y le dijo: \u201cEsto dice el Se\u00f1or: \u2018Ve al atrio del templo y diles a todos los habitantes de Jud\u00e1 que entran en el templo para adorar al Se\u00f1or, todas las palabras que yo te voy a ordenar, sin omitir ninguna. A ver si las escuchan y se convierten de su mala vida, y me arrepiento del castigo que he pensado imponerles a causa de sus malas acciones\u2019.<\/strong><\/p>\n<p><strong>Diles, pues: \u2018Esto dice el Se\u00f1or: Si no me obedecen, ni cumplen la ley que he dado, ni escuchan las palabras de mis siervos, los profetas, que sin cesar les he enviado y a quienes ustedes no han escuchado, entonces yo tratar\u00e9 a este templo como al de Sil\u00f3 y har\u00e9 que esta ciudad sirva de escarmiento para todos los pueblos de la tierra\u2019 \u201d.<\/strong><\/p>\n<p><strong>Los sacerdotes, los profetas y el pueblo oyeron a Jerem\u00edas pronunciar estas palabras en el templo del Se\u00f1or. Y cuando \u00e9l termin\u00f3 de decir cuanto el Se\u00f1or le hab\u00eda mandado, los sacerdotes y los profetas lo apresaron, dici\u00e9ndole al pueblo: \u201cEste hombre debe morir, porque ha profetizado en nombre del Se\u00f1or que este templo ser\u00e1 como el de Sil\u00f3 y que esta ciudad ser\u00e1 destruida y quedar\u00e1 deshabitada\u201d. Entonces la gente se amotin\u00f3 contra Jerem\u00edas en el templo del Se\u00f1or.<\/strong><\/p>\n<\/div>\n<\/div>\n<\/div>\n<\/div>\n<div id=\"cs_control_289228\" class=\"cs_control  CS_Element_Textblock\">\n<div class=\"CS_Textblock_Text\">\n<div class=\"bibleReadingsWrapper\">\n<h4><strong>Salmo Responsorial<\/strong><\/h4>\n<h4><strong>Salmo 68, 35. 8-10.\u00a0 14<\/strong><\/h4>\n<div class=\"poetry\">\n<p><strong>R. (14c) Esc\u00fachanos, Se\u00f1or, conforme a tu clemencia.<\/strong><br \/><strong>Son m\u00e1s que mis cabellos los que me odian<\/strong><br \/><strong>sin tener un motivo<\/strong><br \/><strong>y m\u00e1s fuertes que yo los que pretenden<\/strong><br \/><strong>con sus calumnias acabar conmigo.<\/strong><br \/><strong>Lo que yo no rob\u00e9,<\/strong><br \/><strong>\u00bfacaso tengo yo que restituirlo? R.<\/strong><br \/><strong>R. Esc\u00fachanos, Se\u00f1or, conforme a tu clemencia.<\/strong><br \/><strong>Por ti he sufrido injurias<\/strong><br \/><strong>y la verg\u00fcenza cubre mi semblante.<\/strong><br \/><strong>Extra\u00f1o soy y advenedizo,<\/strong><br \/><strong>aun para aquellos de mi propia sangre;<\/strong><br \/><strong>pues me devora el celo de tu casa,<\/strong><br \/><strong>el odio del que te odia, en m\u00ed recae. R.<\/strong><br \/><strong>R. Esc\u00fachanos, Se\u00f1or, conforme a tu clemencia.<\/strong><br \/><strong>A ti, Se\u00f1or elevo mi plegaria,<\/strong><br \/><strong>ven en mi ayuda pronto;<\/strong><br \/><strong>esc\u00fachame conforme a tu clemencia,<\/strong><br \/><strong>Dios fiel en el socorro. R.<\/strong><br \/><strong>R. Esc\u00fachanos, Se\u00f1or, conforme a tu clemencia.<\/strong><\/p>\n<\/div>\n<\/div>\n<\/div>\n<\/div>\n<div id=\"cs_control_289230\" class=\"cs_control  CS_Element_Textblock\">\n<div class=\"CS_Textblock_Text\">\n<div class=\"bibleReadingsWrapper\">\n<h4><strong>Aclamaci\u00f3n antes del Evangelio<\/strong><\/h4>\n<h4><strong>1 Pedro 1, 25<\/strong><\/h4>\n<div class=\"poetry\">\n<p><strong>R. Aleluya, aleluya.<\/strong><br \/><strong>La palabra de Dios permanece para siempre.<\/strong><br \/><strong>Y \u00e9sa es la palabra que se les ha anunciado.<\/strong><br \/><strong>R. Aleluya.<\/strong><\/p>\n<\/div>\n<\/div>\n<\/div>\n<\/div>\n<div id=\"cs_control_289231\" class=\"cs_control  CS_Element_Textblock\">\n<div class=\"CS_Textblock_Text\">\n<div class=\"bibleReadingsWrapper\">\n<h4><strong>Evangelio<\/strong><\/h4>\n<h4><strong>Mt 13, 54-58<\/strong><\/h4>\n<div class=\"poetry\">\n<p><strong>En aquel tiempo, Jes\u00fas lleg\u00f3 a su tierra y se puso a ense\u00f1ar a la gente en la sinagoga, de tal forma, que todos estaban asombrados y se preguntaban: \u201c\u00bfDe d\u00f3nde ha sacado \u00e9ste esa sabidur\u00eda y esos poderes milagrosos? \u00bfAcaso no es \u00e9ste el hijo del carpintero? \u00bfNo se llama Mar\u00eda su madre y no son sus hermanos Santiago, Jos\u00e9, Sim\u00f3n y Judas? \u00bfQu\u00e9 no viven entre nosotros todas sus hermanas? \u00bfDe d\u00f3nde, pues, ha sacado todas estas cosas?\u201d Y se negaban a creer en \u00e9l.<\/strong><\/p>\n<p><strong>Entonces, Jes\u00fas les dijo: \u201cUn profeta no es despreciado m\u00e1s que en su patria y en su casa\u201d. Y no hizo muchos milagros all\u00ed por la incredulidad de ellos.<\/strong><\/p>\n<p><img loading=\"lazy\" decoding=\"async\" src=\"http:\/\/fatherbroom.com\/es\/wp-content\/media\/sites\/3\/Screen-Shot-2020-07-31-at-9.06.13-AM-300x100.png\" alt=\"\" width=\"558\" height=\"186\" class=\"aligncenter  wp-image-23573\" srcset=\"https:\/\/fatherbroom.com\/es\/wp-content\/media\/sites\/3\/Screen-Shot-2020-07-31-at-9.06.13-AM-300x100.png 300w, https:\/\/fatherbroom.com\/es\/wp-content\/media\/sites\/3\/Screen-Shot-2020-07-31-at-9.06.13-AM-768x256.png 768w, https:\/\/fatherbroom.com\/es\/wp-content\/media\/sites\/3\/Screen-Shot-2020-07-31-at-9.06.13-AM-1024x341.png 1024w, https:\/\/fatherbroom.com\/es\/wp-content\/media\/sites\/3\/Screen-Shot-2020-07-31-at-9.06.13-AM.png 1818w\" sizes=\"auto, (max-width: 558px) 100vw, 558px\" \/><br \/><strong>Catecismo de la Iglesia Cat\u00f3lica<\/strong><br \/><strong>Dios elige a Abraham<\/strong><\/p>\n<p><strong>59 Para reunir a la humanidad dispersa, Dios elige a Abram llam\u00e1ndolo \u00abfuera de su tierra, de su patria y de su casa\u00bb (Gn 12,1), para hacer de \u00e9l \u00abAbraham\u00bb, es decir, \u00abel padre de una multitud de naciones\u00bb (Gn 17,5): \u00abEn ti ser\u00e1n benditas todas las naciones de la tierra\u00bb (Gn 12,3; cf. Ga 3,8).<\/p>\n<p><img loading=\"lazy\" decoding=\"async\" src=\"http:\/\/fatherbroom.com\/es\/wp-content\/media\/sites\/3\/Screen-Shot-2020-07-31-at-9.25.19-AM-300x99.png\" alt=\"\" width=\"542\" height=\"179\" class=\"aligncenter  wp-image-23576\" srcset=\"https:\/\/fatherbroom.com\/es\/wp-content\/media\/sites\/3\/Screen-Shot-2020-07-31-at-9.25.19-AM-300x99.png 300w, https:\/\/fatherbroom.com\/es\/wp-content\/media\/sites\/3\/Screen-Shot-2020-07-31-at-9.25.19-AM-768x255.png 768w, https:\/\/fatherbroom.com\/es\/wp-content\/media\/sites\/3\/Screen-Shot-2020-07-31-at-9.25.19-AM-1024x339.png 1024w, https:\/\/fatherbroom.com\/es\/wp-content\/media\/sites\/3\/Screen-Shot-2020-07-31-at-9.25.19-AM.png 1816w\" sizes=\"auto, (max-width: 542px) 100vw, 542px\" \/><\/p>\n<p><img loading=\"lazy\" decoding=\"async\" src=\"http:\/\/fatherbroom.com\/es\/wp-content\/media\/sites\/3\/St_Ignatius_of_Loyola_1491-1556_Founder_of_the_Jesuits-184x300.jpg\" alt=\"\" width=\"272\" height=\"443\" class=\"aligncenter  wp-image-23577\" srcset=\"https:\/\/fatherbroom.com\/es\/wp-content\/media\/sites\/3\/St_Ignatius_of_Loyola_1491-1556_Founder_of_the_Jesuits-184x300.jpg 184w, https:\/\/fatherbroom.com\/es\/wp-content\/media\/sites\/3\/St_Ignatius_of_Loyola_1491-1556_Founder_of_the_Jesuits-768x1249.jpg 768w, https:\/\/fatherbroom.com\/es\/wp-content\/media\/sites\/3\/St_Ignatius_of_Loyola_1491-1556_Founder_of_the_Jesuits-629x1024.jpg 629w, https:\/\/fatherbroom.com\/es\/wp-content\/media\/sites\/3\/St_Ignatius_of_Loyola_1491-1556_Founder_of_the_Jesuits.jpg 1956w\" sizes=\"auto, (max-width: 272px) 100vw, 272px\" \/>San Ignacio de Loyola<br \/>Ruega por nosotros.<\/strong><\/p>\n<\/div>\n<\/div>\n<\/div>\n<\/div>\n<div class=\"synved-social-container synved-social-container-share\" style=\"text-align: center\"><a class=\"synved-social-button synved-social-button-share synved-social-size-48 synved-social-resolution-single synved-social-provider-facebook nolightbox\" data-provider=\"facebook\" target=\"_blank\" rel=\"nofollow\" title=\"Share on Facebook\" href=\"https:\/\/www.facebook.com\/sharer.php?u=https%3A%2F%2Ffatherbroom.com%2Fes%2Fwp-json%2Fwp%2Fv2%2Fposts%2F23568&#038;t=LECTURAS%20DEL%20DIA%20%7C%2031%20DE%20JULIO%202020&#038;s=100&#038;p&#091;url&#093;=https%3A%2F%2Ffatherbroom.com%2Fes%2Fwp-json%2Fwp%2Fv2%2Fposts%2F23568&#038;p&#091;images&#093;&#091;0&#093;=http%3A%2F%2Ffatherbroom.com%2Fes%2Fwp-content%2Fmedia%2Fsites%2F3%2FSt_Ignatius_of_Loyola_1491-1556_Founder_of_the_Jesuits-184x300.jpg&#038;p&#091;title&#093;=LECTURAS%20DEL%20DIA%20%7C%2031%20DE%20JULIO%202020\" style=\"font-size: 0px;width:48px;height:48px;margin:0;margin-bottom:5px;margin-right:5px\"><img loading=\"lazy\" decoding=\"async\" alt=\"Facebook\" title=\"Share on Facebook\" class=\"synved-share-image synved-social-image synved-social-image-share\" width=\"48\" height=\"48\" style=\"display: inline;width:48px;height:48px;margin: 0;padding: 0;border: none;box-shadow: none\" src=\"https:\/\/fatherbroom.com\/es\/wp-content\/plugins\/social-media-feather\/synved-social\/image\/social\/regular\/96x96\/facebook.png\" \/><\/a><a class=\"synved-social-button synved-social-button-share synved-social-size-48 synved-social-resolution-single synved-social-provider-twitter nolightbox\" data-provider=\"twitter\" target=\"_blank\" rel=\"nofollow\" title=\"Share on Twitter\" href=\"https:\/\/twitter.com\/intent\/tweet?url=https%3A%2F%2Ffatherbroom.com%2Fes%2Fwp-json%2Fwp%2Fv2%2Fposts%2F23568&#038;text=Hey%20check%20this%20out\" style=\"font-size: 0px;width:48px;height:48px;margin:0;margin-bottom:5px;margin-right:5px\"><img loading=\"lazy\" decoding=\"async\" alt=\"twitter\" title=\"Share on Twitter\" class=\"synved-share-image synved-social-image synved-social-image-share\" width=\"48\" height=\"48\" style=\"display: inline;width:48px;height:48px;margin: 0;padding: 0;border: none;box-shadow: none\" src=\"https:\/\/fatherbroom.com\/es\/wp-content\/plugins\/social-media-feather\/synved-social\/image\/social\/regular\/96x96\/twitter.png\" \/><\/a><a class=\"synved-social-button synved-social-button-share synved-social-size-48 synved-social-resolution-single synved-social-provider-reddit nolightbox\" data-provider=\"reddit\" target=\"_blank\" rel=\"nofollow\" title=\"Share on Reddit\" href=\"https:\/\/www.reddit.com\/submit?url=https%3A%2F%2Ffatherbroom.com%2Fes%2Fwp-json%2Fwp%2Fv2%2Fposts%2F23568&#038;title=LECTURAS%20DEL%20DIA%20%7C%2031%20DE%20JULIO%202020\" style=\"font-size: 0px;width:48px;height:48px;margin:0;margin-bottom:5px;margin-right:5px\"><img loading=\"lazy\" decoding=\"async\" alt=\"reddit\" title=\"Share on Reddit\" class=\"synved-share-image synved-social-image synved-social-image-share\" width=\"48\" height=\"48\" style=\"display: inline;width:48px;height:48px;margin: 0;padding: 0;border: none;box-shadow: none\" src=\"https:\/\/fatherbroom.com\/es\/wp-content\/plugins\/social-media-feather\/synved-social\/image\/social\/regular\/96x96\/reddit.png\" \/><\/a><a class=\"synved-social-button synved-social-button-share synved-social-size-48 synved-social-resolution-single synved-social-provider-pinterest nolightbox\" data-provider=\"pinterest\" target=\"_blank\" rel=\"nofollow\" title=\"Pin it with Pinterest\" href=\"https:\/\/pinterest.com\/pin\/create\/button\/?url=https%3A%2F%2Ffatherbroom.com%2Fes%2Fwp-json%2Fwp%2Fv2%2Fposts%2F23568&#038;media=http%3A%2F%2Ffatherbroom.com%2Fes%2Fwp-content%2Fmedia%2Fsites%2F3%2FSt_Ignatius_of_Loyola_1491-1556_Founder_of_the_Jesuits-184x300.jpg&#038;description=LECTURAS%20DEL%20DIA%20%7C%2031%20DE%20JULIO%202020\" style=\"font-size: 0px;width:48px;height:48px;margin:0;margin-bottom:5px;margin-right:5px\"><img loading=\"lazy\" decoding=\"async\" alt=\"pinterest\" title=\"Pin it with Pinterest\" class=\"synved-share-image synved-social-image synved-social-image-share\" width=\"48\" height=\"48\" style=\"display: inline;width:48px;height:48px;margin: 0;padding: 0;border: none;box-shadow: none\" src=\"https:\/\/fatherbroom.com\/es\/wp-content\/plugins\/social-media-feather\/synved-social\/image\/social\/regular\/96x96\/pinterest.png\" \/><\/a><a class=\"synved-social-button synved-social-button-share synved-social-size-48 synved-social-resolution-single synved-social-provider-linkedin nolightbox\" data-provider=\"linkedin\" target=\"_blank\" rel=\"nofollow\" title=\"Share on Linkedin\" href=\"https:\/\/www.linkedin.com\/shareArticle?mini=true&#038;url=https%3A%2F%2Ffatherbroom.com%2Fes%2Fwp-json%2Fwp%2Fv2%2Fposts%2F23568&#038;title=LECTURAS%20DEL%20DIA%20%7C%2031%20DE%20JULIO%202020\" style=\"font-size: 0px;width:48px;height:48px;margin:0;margin-bottom:5px;margin-right:5px\"><img loading=\"lazy\" decoding=\"async\" alt=\"linkedin\" title=\"Share on Linkedin\" class=\"synved-share-image synved-social-image synved-social-image-share\" width=\"48\" height=\"48\" style=\"display: inline;width:48px;height:48px;margin: 0;padding: 0;border: none;box-shadow: none\" src=\"https:\/\/fatherbroom.com\/es\/wp-content\/plugins\/social-media-feather\/synved-social\/image\/social\/regular\/96x96\/linkedin.png\" \/><\/a><a class=\"synved-social-button synved-social-button-share synved-social-size-48 synved-social-resolution-single synved-social-provider-mail nolightbox\" data-provider=\"mail\" rel=\"nofollow\" title=\"Share by email\" href=\"mailto:?subject=LECTURAS%20DEL%20DIA%20%7C%2031%20DE%20JULIO%202020&#038;body=Hey%20check%20this%20out:%20https%3A%2F%2Ffatherbroom.com%2Fes%2Fwp-json%2Fwp%2Fv2%2Fposts%2F23568\" style=\"font-size: 0px;width:48px;height:48px;margin:0;margin-bottom:5px\"><img loading=\"lazy\" decoding=\"async\" alt=\"mail\" title=\"Share by email\" class=\"synved-share-image synved-social-image synved-social-image-share\" width=\"48\" height=\"48\" style=\"display: inline;width:48px;height:48px;margin: 0;padding: 0;border: none;box-shadow: none\" src=\"https:\/\/fatherbroom.com\/es\/wp-content\/plugins\/social-media-feather\/synved-social\/image\/social\/regular\/96x96\/mail.png\" \/><\/a><\/div>","protected":false},"excerpt":{"rendered":"<p>Memoria de San Ignacio de Loyola, presb\u00edtero Primera lectura Jer 26, 1-9 Al principio del reinado de Joaqu\u00edn, hijo de Jos\u00edas y rey de Jud\u00e1, el Se\u00f1or le habl\u00f3 a Jerem\u00edas y le dijo: \u201cEsto dice el Se\u00f1or: \u2018Ve al atrio del templo y diles a todos los habitantes de Jud\u00e1 que entran en el [&hellip;]<\/p>\n","protected":false},"author":7,"featured_media":0,"comment_status":"open","ping_status":"open","sticky":false,"template":"","format":"standard","meta":{"_genesis_hide_title":false,"_genesis_hide_breadcrumbs":false,"_genesis_hide_singular_image":false,"_genesis_hide_footer_widgets":false,"_genesis_custom_body_class":"","_genesis_custom_post_class":"","_genesis_layout":"","footnotes":""},"categories":[277],"tags":[],"class_list":{"0":"post-23568","1":"post","2":"type-post","3":"status-publish","4":"format-standard","6":"category-lecturas-del-dia","7":"entry"},"_links":{"self":[{"href":"https:\/\/fatherbroom.com\/es\/wp-json\/wp\/v2\/posts\/23568","targetHints":{"allow":["GET"]}}],"collection":[{"href":"https:\/\/fatherbroom.com\/es\/wp-json\/wp\/v2\/posts"}],"about":[{"href":"https:\/\/fatherbroom.com\/es\/wp-json\/wp\/v2\/types\/post"}],"author":[{"embeddable":true,"href":"https:\/\/fatherbroom.com\/es\/wp-json\/wp\/v2\/users\/7"}],"replies":[{"embeddable":true,"href":"https:\/\/fatherbroom.com\/es\/wp-json\/wp\/v2\/comments?post=23568"}],"version-history":[{"count":6,"href":"https:\/\/fatherbroom.com\/es\/wp-json\/wp\/v2\/posts\/23568\/revisions"}],"predecessor-version":[{"id":23578,"href":"https:\/\/fatherbroom.com\/es\/wp-json\/wp\/v2\/posts\/23568\/revisions\/23578"}],"wp:attachment":[{"href":"https:\/\/fatherbroom.com\/es\/wp-json\/wp\/v2\/media?parent=23568"}],"wp:term":[{"taxonomy":"category","embeddable":true,"href":"https:\/\/fatherbroom.com\/es\/wp-json\/wp\/v2\/categories?post=23568"},{"taxonomy":"post_tag","embeddable":true,"href":"https:\/\/fatherbroom.com\/es\/wp-json\/wp\/v2\/tags?post=23568"}],"curies":[{"name":"wp","href":"https:\/\/api.w.org\/{rel}","templated":true}]}}