{"id":23447,"date":"2020-07-29T02:00:08","date_gmt":"2020-07-29T09:00:08","guid":{"rendered":"http:\/\/fatherbroom.com\/es\/?p=23447"},"modified":"2020-07-27T21:17:22","modified_gmt":"2020-07-28T04:17:22","slug":"lecturas-del-dia-29-de-julio-2020","status":"publish","type":"post","link":"https:\/\/fatherbroom.com\/es\/2020\/07\/lecturas-del-dia-29-de-julio-2020\/","title":{"rendered":"LECTURAS DEL DIA | 29 DE JULIO 2020"},"content":{"rendered":"<p><strong><img loading=\"lazy\" decoding=\"async\" src=\"http:\/\/fatherbroom.com\/es\/wp-content\/media\/sites\/3\/Screen-Shot-2020-07-27-at-9.11.41-PM-300x168.png\" alt=\"\" width=\"639\" height=\"358\" class=\"aligncenter  wp-image-23552\" srcset=\"https:\/\/fatherbroom.com\/es\/wp-content\/media\/sites\/3\/Screen-Shot-2020-07-27-at-9.11.41-PM-300x168.png 300w, https:\/\/fatherbroom.com\/es\/wp-content\/media\/sites\/3\/Screen-Shot-2020-07-27-at-9.11.41-PM-768x431.png 768w, https:\/\/fatherbroom.com\/es\/wp-content\/media\/sites\/3\/Screen-Shot-2020-07-27-at-9.11.41-PM-1024x575.png 1024w, https:\/\/fatherbroom.com\/es\/wp-content\/media\/sites\/3\/Screen-Shot-2020-07-27-at-9.11.41-PM.png 1636w\" sizes=\"auto, (max-width: 639px) 100vw, 639px\" \/><\/strong><\/p>\n<h4><strong>29 de julio 2020<\/strong><\/h4>\n<div class=\"contentarea\">\n<div id=\"cs_control_1386\" class=\"cs_control CS_Element_Schedule\">\n<div title=\"\" id=\"CS_Element_maincontent\">\n<div id=\"gridRow_1_1_1386\" class=\"cs_GridRow\">\n<div id=\"gridCol_1_1_1_1_1386\" class=\"cs_GridColumn\">\n<div id=\"cs_control_157991\" class=\"cs_control  lecturas-block\">\n<div id=\"cs_control_3683\" class=\"cs_control  CS_Element_Textblock\">\n<div class=\"CS_Textblock_Text\">\n<h4><strong>Memoria de Santa Marta<\/strong><\/p>\n<p><strong>Primera lectura<\/strong><\/h4>\n<\/div>\n<\/div>\n<div id=\"cs_control_3684\" class=\"cs_control  CS_Element_Textblock\">\n<div class=\"CS_Textblock_Text\">\n<div class=\"bibleReadingsWrapper\">\n<h4><strong>Jer 15, 10. 16-21<\/strong><\/h4>\n<div class=\"poetry\">\n<p><strong>\u00a1Ay de m\u00ed, madre m\u00eda!<\/strong><br \/><strong>\u00bfPor qu\u00e9 me engendraste<\/strong><br \/><strong>para que fuera objeto de pleitos y discordias<\/strong><br \/><strong>en todo el pa\u00eds?<\/strong><br \/><strong>A nadie debo dinero, ni me lo deben a m\u00ed,<\/strong><br \/><strong>y sin embargo, todos me maldicen.<\/strong><\/p>\n<p><strong>Siempre que o\u00ed tus palabras, Se\u00f1or,<\/strong><br \/><strong>las acept\u00e9 con gusto;<\/strong><br \/><strong>tus palabras eran mi gozo<\/strong><br \/><strong>y la alegr\u00eda de mi coraz\u00f3n,<\/strong><br \/><strong>porque yo defend\u00eda tu causa,<\/strong><br \/><strong>Se\u00f1or, Dios de los ej\u00e9rcitos.<\/strong><\/p>\n<p><strong>No me sent\u00e9 a re\u00edr con los que se divert\u00edan;<\/strong><br \/><strong>forzado por tu mano, me sentaba aparte,<\/strong><br \/><strong>porque me hab\u00edas contagiado con tu propia ira.<\/strong><br \/><strong>\u00bfPor qu\u00e9 mi dolor no acaba nunca<\/strong><br \/><strong>y mi herida se ha vuelto incurable?<\/strong><br \/><strong>\u00bfAcaso te has convertido para m\u00ed, Se\u00f1or,<\/strong><br \/><strong>en espejismo de aguas que no existen?<\/strong><\/p>\n<p><strong>Entonces el Se\u00f1or me respondi\u00f3:<\/strong><br \/><strong>\u201cSi te vuelves a m\u00ed, yo har\u00e9 que cambies de actitud,<\/strong><br \/><strong>y seguir\u00e1s a mi servicio;<\/strong><br \/><strong>si separas el metal precioso de la escoria,<\/strong><br \/><strong>seguir\u00e1s siendo mi profeta.<\/strong><br \/><strong>Ellos cambiar\u00e1n de actitud para contigo<\/strong><br \/><strong>y no t\u00fa para con ellos.<\/strong><br \/><strong>Yo te convertir\u00e9 frente a este pueblo<\/strong><br \/><strong>en una poderosa muralla de bronce:<\/strong><br \/><strong>luchar\u00e1n contra ti, pero no podr\u00e1n contigo,<\/strong><br \/><strong>porque yo estar\u00e9 a tu lado para librarte y defenderte,<\/strong><br \/><strong>dice el Se\u00f1or.<\/strong><br \/><strong>Te librar\u00e9 de las manos de los perversos,<\/strong><br \/><strong>te rescatar\u00e9 de las manos de los poderosos\u201d.<\/strong><\/p>\n<\/div>\n<\/div>\n<\/div>\n<\/div>\n<div id=\"cs_control_289228\" class=\"cs_control  CS_Element_Textblock\">\n<div class=\"CS_Textblock_Text\">\n<div class=\"bibleReadingsWrapper\">\n<h4><strong>Salmo Responsorial<\/strong><\/h4>\n<h4><strong>Salmo 58, 2-3. 4-5a. 10-11. 17. 18<\/strong><\/h4>\n<div class=\"poetry\">\n<p><strong>R. (17d) Me alegrar\u00e9, Se\u00f1or, por tu bondad.<\/strong><br \/><strong>Dios m\u00edo, l\u00edbrame de mis enemigos<\/strong><br \/><strong>prot\u00e9geme de mis agresores,<\/strong><br \/><strong>l\u00edbrame de los que hacen injusticias,<\/strong><br \/><strong>s\u00e1lvame de los hombres sanguinarios. R.<\/strong><br \/><strong>R. Me alegrar\u00e9, Se\u00f1or, por tu bondad.<\/strong><br \/><strong>Mira c\u00f3mo se conjuran contra m\u00ed los poderosos<\/strong><br \/><strong>y esperan el momento de matarme.<\/strong><br \/><strong>Sin embargo, Se\u00f1or, en m\u00ed no hay crimen ni pecado;<\/strong><br \/><strong>sin culpa m\u00eda, avanzan contra m\u00ed para atacarme. R.<\/strong><br \/><strong>R. Me alegrar\u00e9, Se\u00f1or, por tu bondad.<\/strong><br \/><strong>En ti, Se\u00f1or, tendr\u00e9 fijos los ojos,<\/strong><br \/><strong>porque t\u00fa eres mi fuerza y mi refugio.<\/strong><br \/><strong>El Dios de mi amor vendr\u00e1 en mi ayuda<\/strong><br \/><strong>y me har\u00e1 ver la derrota de mis enemigos. R.<\/strong><br \/><strong>R. Me alegrar\u00e9, Se\u00f1or, por tu bondad.<\/strong><br \/><strong>Yo celebrar\u00e9 tu poder<\/strong><br \/><strong>y desde la ma\u00f1ana me alegrar\u00e9 por tu bondad,<\/strong><br \/><strong>porque has sido mi defensa<\/strong><br \/><strong>y mi refugio en el d\u00eda de la tribulaci\u00f3n. R.<\/strong><br \/><strong>R. Me alegrar\u00e9, Se\u00f1or, por tu bondad.<\/strong><\/p>\n<\/div>\n<\/div>\n<\/div>\n<\/div>\n<div id=\"cs_control_289230\" class=\"cs_control  CS_Element_Textblock\">\n<div class=\"CS_Textblock_Text\">\n<div class=\"bibleReadingsWrapper\">\n<h4><strong>Aclamaci\u00f3n antes del Evangelio<\/strong><\/h4>\n<h4><strong>Jn 8, 12<\/strong><\/h4>\n<div class=\"poetry\">\n<p><strong>R. Aleluya, aleluya.<\/strong><br \/><strong>Yo soy la luz del mundo, dice el Se\u00f1or;<\/strong><br \/><strong>el que me sigue tendr\u00e1 la luz de la vida.<\/strong><br \/><strong>R. Aleluya.<\/strong><\/p>\n<\/div>\n<\/div>\n<\/div>\n<\/div>\n<div id=\"cs_control_289231\" class=\"cs_control  CS_Element_Textblock\">\n<div class=\"CS_Textblock_Text\">\n<div class=\"bibleReadingsWrapper\">\n<h4><strong>Evangelio<\/strong><\/h4>\n<h4><strong>Jn 11, 19-27<\/strong><\/h4>\n<div class=\"poetry\">\n<p><strong>En aquel tiempo, muchos jud\u00edos hab\u00edan ido a ver a Marta y a Ma\u00acr\u00eda para consolarlas por la muerte de su hermano L\u00e1zaro. Apenas oy\u00f3 Marta que Jes\u00fas llegaba, sali\u00f3 a su encuentro; pero Mar\u00eda se qued\u00f3 en casa. Le dijo Marta a Jes\u00fas: \u201cSe\u00f1or, si hubieras estado aqu\u00ed, no habr\u00eda muerto mi hermano. Pero a\u00fan ahora estoy segura de que Dios te conceder\u00e1 cuanto le pidas\u201d.<\/strong><\/p>\n<p><strong>Jes\u00fas le dijo: \u201cTu hermano resucitar\u00e1\u201d. Marta respondi\u00f3: \u201cYa s\u00e9 que resucitar\u00e1 en la resurrecci\u00f3n del \u00faltimo d\u00eda\u201d. Jes\u00fas le dijo: \u201cYo soy la resurrecci\u00f3n y la vida. El que cree en m\u00ed, aunque haya muerto, vivir\u00e1; y todo aquel que est\u00e1 vivo y cree en m\u00ed, no morir\u00e1 para siempre. \u00bfCrees t\u00fa esto?\u201d Ella le contest\u00f3: \u201cS\u00ed, Se\u00f1or. Creo firmemente que t\u00fa eres el Mes\u00edas, el Hijo de Dios, el que ten\u00eda que venir al mundo\u201d.<\/strong><\/p>\n<p><img loading=\"lazy\" decoding=\"async\" src=\"http:\/\/fatherbroom.com\/es\/wp-content\/media\/sites\/3\/Screen-Shot-2020-07-27-at-9.12.37-PM-300x99.png\" alt=\"\" width=\"567\" height=\"187\" class=\"aligncenter  wp-image-23553\" srcset=\"https:\/\/fatherbroom.com\/es\/wp-content\/media\/sites\/3\/Screen-Shot-2020-07-27-at-9.12.37-PM-300x99.png 300w, https:\/\/fatherbroom.com\/es\/wp-content\/media\/sites\/3\/Screen-Shot-2020-07-27-at-9.12.37-PM-768x253.png 768w, https:\/\/fatherbroom.com\/es\/wp-content\/media\/sites\/3\/Screen-Shot-2020-07-27-at-9.12.37-PM-1024x338.png 1024w, https:\/\/fatherbroom.com\/es\/wp-content\/media\/sites\/3\/Screen-Shot-2020-07-27-at-9.12.37-PM.png 1808w\" sizes=\"auto, (max-width: 567px) 100vw, 567px\" \/><\/p>\n<p><strong>Catecismo de la Iglesia Cat\u00f3lica<\/strong><\/p>\n<p><strong>57 Este orden a la vez c\u00f3smico, social y religioso de la pluralidad de las naciones (cf. Hch 17,26-27), est\u00e1 destinado a limitar el orgullo de una humanidad ca\u00edda que, un\u00e1nime en su perversidad (cf. Sb 10,5), quisiera hacer por s\u00ed misma su unidad a la manera de Babel (cf. Gn 11,4-6). Pero, a causa del pecado (cf. Rm 1,18-25), el polite\u00edsmo, as\u00ed como la idolatr\u00eda de la naci\u00f3n y de su jefe, son una amenaza constante de vuelta al paganismo para esta econom\u00eda a\u00fan no definitiva.<\/strong><\/p>\n<p><img loading=\"lazy\" decoding=\"async\" src=\"http:\/\/fatherbroom.com\/es\/wp-content\/media\/sites\/3\/Screen-Shot-2020-07-27-at-9.14.41-PM-300x100.png\" alt=\"\" width=\"585\" height=\"195\" class=\"aligncenter  wp-image-23554\" srcset=\"https:\/\/fatherbroom.com\/es\/wp-content\/media\/sites\/3\/Screen-Shot-2020-07-27-at-9.14.41-PM-300x100.png 300w, https:\/\/fatherbroom.com\/es\/wp-content\/media\/sites\/3\/Screen-Shot-2020-07-27-at-9.14.41-PM-768x256.png 768w, https:\/\/fatherbroom.com\/es\/wp-content\/media\/sites\/3\/Screen-Shot-2020-07-27-at-9.14.41-PM-1024x341.png 1024w, https:\/\/fatherbroom.com\/es\/wp-content\/media\/sites\/3\/Screen-Shot-2020-07-27-at-9.14.41-PM.png 1812w\" sizes=\"auto, (max-width: 585px) 100vw, 585px\" \/><\/p>\n<p><img loading=\"lazy\" decoding=\"async\" src=\"http:\/\/fatherbroom.com\/es\/wp-content\/media\/sites\/3\/400px-Johannes_Jan_Vermeer_-_Christ_in_the_House_of_Martha_and_Mary_-_Google_Art_Project-259x300.jpg\" alt=\"\" width=\"423\" height=\"490\" class=\"aligncenter  wp-image-23555\" srcset=\"https:\/\/fatherbroom.com\/es\/wp-content\/media\/sites\/3\/400px-Johannes_Jan_Vermeer_-_Christ_in_the_House_of_Martha_and_Mary_-_Google_Art_Project-259x300.jpg 259w, https:\/\/fatherbroom.com\/es\/wp-content\/media\/sites\/3\/400px-Johannes_Jan_Vermeer_-_Christ_in_the_House_of_Martha_and_Mary_-_Google_Art_Project.jpg 400w\" sizes=\"auto, (max-width: 423px) 100vw, 423px\" \/><strong>Santa Marta,<\/strong><br \/><strong>Ruega por nosotros.<\/strong><\/p>\n<\/div>\n<\/div>\n<\/div>\n<\/div>\n<\/div>\n<\/div>\n<\/div>\n<\/div>\n<\/div>\n<\/div>\n<div class=\"synved-social-container synved-social-container-share\" style=\"text-align: center\"><a class=\"synved-social-button synved-social-button-share synved-social-size-48 synved-social-resolution-single synved-social-provider-facebook nolightbox\" data-provider=\"facebook\" target=\"_blank\" rel=\"nofollow\" title=\"Share on Facebook\" href=\"https:\/\/www.facebook.com\/sharer.php?u=https%3A%2F%2Ffatherbroom.com%2Fes%2Fwp-json%2Fwp%2Fv2%2Fposts%2F23447&#038;t=LECTURAS%20DEL%20DIA%20%7C%2029%20DE%20JULIO%202020&#038;s=100&#038;p&#091;url&#093;=https%3A%2F%2Ffatherbroom.com%2Fes%2Fwp-json%2Fwp%2Fv2%2Fposts%2F23447&#038;p&#091;images&#093;&#091;0&#093;=http%3A%2F%2Ffatherbroom.com%2Fes%2Fwp-content%2Fmedia%2Fsites%2F3%2F400px-Johannes_Jan_Vermeer_-_Christ_in_the_House_of_Martha_and_Mary_-_Google_Art_Project-259x300.jpg&#038;p&#091;title&#093;=LECTURAS%20DEL%20DIA%20%7C%2029%20DE%20JULIO%202020\" style=\"font-size: 0px;width:48px;height:48px;margin:0;margin-bottom:5px;margin-right:5px\"><img loading=\"lazy\" decoding=\"async\" alt=\"Facebook\" title=\"Share on Facebook\" class=\"synved-share-image synved-social-image synved-social-image-share\" width=\"48\" height=\"48\" style=\"display: inline;width:48px;height:48px;margin: 0;padding: 0;border: none;box-shadow: none\" src=\"https:\/\/fatherbroom.com\/es\/wp-content\/plugins\/social-media-feather\/synved-social\/image\/social\/regular\/96x96\/facebook.png\" \/><\/a><a class=\"synved-social-button synved-social-button-share synved-social-size-48 synved-social-resolution-single synved-social-provider-twitter nolightbox\" data-provider=\"twitter\" target=\"_blank\" rel=\"nofollow\" title=\"Share on Twitter\" href=\"https:\/\/twitter.com\/intent\/tweet?url=https%3A%2F%2Ffatherbroom.com%2Fes%2Fwp-json%2Fwp%2Fv2%2Fposts%2F23447&#038;text=Hey%20check%20this%20out\" style=\"font-size: 0px;width:48px;height:48px;margin:0;margin-bottom:5px;margin-right:5px\"><img loading=\"lazy\" decoding=\"async\" alt=\"twitter\" title=\"Share on Twitter\" class=\"synved-share-image synved-social-image synved-social-image-share\" width=\"48\" height=\"48\" style=\"display: inline;width:48px;height:48px;margin: 0;padding: 0;border: none;box-shadow: none\" src=\"https:\/\/fatherbroom.com\/es\/wp-content\/plugins\/social-media-feather\/synved-social\/image\/social\/regular\/96x96\/twitter.png\" \/><\/a><a class=\"synved-social-button synved-social-button-share synved-social-size-48 synved-social-resolution-single synved-social-provider-reddit nolightbox\" data-provider=\"reddit\" target=\"_blank\" rel=\"nofollow\" title=\"Share on Reddit\" href=\"https:\/\/www.reddit.com\/submit?url=https%3A%2F%2Ffatherbroom.com%2Fes%2Fwp-json%2Fwp%2Fv2%2Fposts%2F23447&#038;title=LECTURAS%20DEL%20DIA%20%7C%2029%20DE%20JULIO%202020\" style=\"font-size: 0px;width:48px;height:48px;margin:0;margin-bottom:5px;margin-right:5px\"><img loading=\"lazy\" decoding=\"async\" alt=\"reddit\" title=\"Share on Reddit\" class=\"synved-share-image synved-social-image synved-social-image-share\" width=\"48\" height=\"48\" style=\"display: inline;width:48px;height:48px;margin: 0;padding: 0;border: none;box-shadow: none\" src=\"https:\/\/fatherbroom.com\/es\/wp-content\/plugins\/social-media-feather\/synved-social\/image\/social\/regular\/96x96\/reddit.png\" \/><\/a><a class=\"synved-social-button synved-social-button-share synved-social-size-48 synved-social-resolution-single synved-social-provider-pinterest nolightbox\" data-provider=\"pinterest\" target=\"_blank\" rel=\"nofollow\" title=\"Pin it with Pinterest\" href=\"https:\/\/pinterest.com\/pin\/create\/button\/?url=https%3A%2F%2Ffatherbroom.com%2Fes%2Fwp-json%2Fwp%2Fv2%2Fposts%2F23447&#038;media=http%3A%2F%2Ffatherbroom.com%2Fes%2Fwp-content%2Fmedia%2Fsites%2F3%2F400px-Johannes_Jan_Vermeer_-_Christ_in_the_House_of_Martha_and_Mary_-_Google_Art_Project-259x300.jpg&#038;description=LECTURAS%20DEL%20DIA%20%7C%2029%20DE%20JULIO%202020\" style=\"font-size: 0px;width:48px;height:48px;margin:0;margin-bottom:5px;margin-right:5px\"><img loading=\"lazy\" decoding=\"async\" alt=\"pinterest\" title=\"Pin it with Pinterest\" class=\"synved-share-image synved-social-image synved-social-image-share\" width=\"48\" height=\"48\" style=\"display: inline;width:48px;height:48px;margin: 0;padding: 0;border: none;box-shadow: none\" src=\"https:\/\/fatherbroom.com\/es\/wp-content\/plugins\/social-media-feather\/synved-social\/image\/social\/regular\/96x96\/pinterest.png\" \/><\/a><a class=\"synved-social-button synved-social-button-share synved-social-size-48 synved-social-resolution-single synved-social-provider-linkedin nolightbox\" data-provider=\"linkedin\" target=\"_blank\" rel=\"nofollow\" title=\"Share on Linkedin\" href=\"https:\/\/www.linkedin.com\/shareArticle?mini=true&#038;url=https%3A%2F%2Ffatherbroom.com%2Fes%2Fwp-json%2Fwp%2Fv2%2Fposts%2F23447&#038;title=LECTURAS%20DEL%20DIA%20%7C%2029%20DE%20JULIO%202020\" style=\"font-size: 0px;width:48px;height:48px;margin:0;margin-bottom:5px;margin-right:5px\"><img loading=\"lazy\" decoding=\"async\" alt=\"linkedin\" title=\"Share on Linkedin\" class=\"synved-share-image synved-social-image synved-social-image-share\" width=\"48\" height=\"48\" style=\"display: inline;width:48px;height:48px;margin: 0;padding: 0;border: none;box-shadow: none\" src=\"https:\/\/fatherbroom.com\/es\/wp-content\/plugins\/social-media-feather\/synved-social\/image\/social\/regular\/96x96\/linkedin.png\" \/><\/a><a class=\"synved-social-button synved-social-button-share synved-social-size-48 synved-social-resolution-single synved-social-provider-mail nolightbox\" data-provider=\"mail\" rel=\"nofollow\" title=\"Share by email\" href=\"mailto:?subject=LECTURAS%20DEL%20DIA%20%7C%2029%20DE%20JULIO%202020&#038;body=Hey%20check%20this%20out:%20https%3A%2F%2Ffatherbroom.com%2Fes%2Fwp-json%2Fwp%2Fv2%2Fposts%2F23447\" style=\"font-size: 0px;width:48px;height:48px;margin:0;margin-bottom:5px\"><img loading=\"lazy\" decoding=\"async\" alt=\"mail\" title=\"Share by email\" class=\"synved-share-image synved-social-image synved-social-image-share\" width=\"48\" height=\"48\" style=\"display: inline;width:48px;height:48px;margin: 0;padding: 0;border: none;box-shadow: none\" src=\"https:\/\/fatherbroom.com\/es\/wp-content\/plugins\/social-media-feather\/synved-social\/image\/social\/regular\/96x96\/mail.png\" \/><\/a><\/div>","protected":false},"excerpt":{"rendered":"<p>29 de julio 2020 Memoria de Santa Marta Primera lectura Jer 15, 10. 16-21 \u00a1Ay de m\u00ed, madre m\u00eda!\u00bfPor qu\u00e9 me engendrastepara que fuera objeto de pleitos y discordiasen todo el pa\u00eds?A nadie debo dinero, ni me lo deben a m\u00ed,y sin embargo, todos me maldicen. Siempre que o\u00ed tus palabras, Se\u00f1or,las acept\u00e9 con gusto;tus [&hellip;]<\/p>\n","protected":false},"author":7,"featured_media":0,"comment_status":"open","ping_status":"open","sticky":false,"template":"","format":"standard","meta":{"_genesis_hide_title":false,"_genesis_hide_breadcrumbs":false,"_genesis_hide_singular_image":false,"_genesis_hide_footer_widgets":false,"_genesis_custom_body_class":"","_genesis_custom_post_class":"","_genesis_layout":"","footnotes":""},"categories":[277],"tags":[],"class_list":{"0":"post-23447","1":"post","2":"type-post","3":"status-publish","4":"format-standard","6":"category-lecturas-del-dia","7":"entry"},"_links":{"self":[{"href":"https:\/\/fatherbroom.com\/es\/wp-json\/wp\/v2\/posts\/23447","targetHints":{"allow":["GET"]}}],"collection":[{"href":"https:\/\/fatherbroom.com\/es\/wp-json\/wp\/v2\/posts"}],"about":[{"href":"https:\/\/fatherbroom.com\/es\/wp-json\/wp\/v2\/types\/post"}],"author":[{"embeddable":true,"href":"https:\/\/fatherbroom.com\/es\/wp-json\/wp\/v2\/users\/7"}],"replies":[{"embeddable":true,"href":"https:\/\/fatherbroom.com\/es\/wp-json\/wp\/v2\/comments?post=23447"}],"version-history":[{"count":4,"href":"https:\/\/fatherbroom.com\/es\/wp-json\/wp\/v2\/posts\/23447\/revisions"}],"predecessor-version":[{"id":23556,"href":"https:\/\/fatherbroom.com\/es\/wp-json\/wp\/v2\/posts\/23447\/revisions\/23556"}],"wp:attachment":[{"href":"https:\/\/fatherbroom.com\/es\/wp-json\/wp\/v2\/media?parent=23447"}],"wp:term":[{"taxonomy":"category","embeddable":true,"href":"https:\/\/fatherbroom.com\/es\/wp-json\/wp\/v2\/categories?post=23447"},{"taxonomy":"post_tag","embeddable":true,"href":"https:\/\/fatherbroom.com\/es\/wp-json\/wp\/v2\/tags?post=23447"}],"curies":[{"name":"wp","href":"https:\/\/api.w.org\/{rel}","templated":true}]}}