{"id":23445,"date":"2020-07-28T02:00:47","date_gmt":"2020-07-28T09:00:47","guid":{"rendered":"http:\/\/fatherbroom.com\/es\/?p=23445"},"modified":"2020-07-27T08:41:48","modified_gmt":"2020-07-27T15:41:48","slug":"lecturas-del-dia-28-de-julio-2020","status":"publish","type":"post","link":"https:\/\/fatherbroom.com\/es\/2020\/07\/lecturas-del-dia-28-de-julio-2020\/","title":{"rendered":"LECTURAS DEL DIA | 28 DE JULIO 2020"},"content":{"rendered":"<p><img loading=\"lazy\" decoding=\"async\" src=\"http:\/\/fatherbroom.com\/es\/wp-content\/media\/sites\/3\/Screen-Shot-2020-07-27-at-8.39.55-AM-300x169.png\" alt=\"\" width=\"614\" height=\"346\" class=\"aligncenter  wp-image-23538\" srcset=\"https:\/\/fatherbroom.com\/es\/wp-content\/media\/sites\/3\/Screen-Shot-2020-07-27-at-8.39.55-AM-300x169.png 300w, https:\/\/fatherbroom.com\/es\/wp-content\/media\/sites\/3\/Screen-Shot-2020-07-27-at-8.39.55-AM-768x434.png 768w, https:\/\/fatherbroom.com\/es\/wp-content\/media\/sites\/3\/Screen-Shot-2020-07-27-at-8.39.55-AM-1024x578.png 1024w, https:\/\/fatherbroom.com\/es\/wp-content\/media\/sites\/3\/Screen-Shot-2020-07-27-at-8.39.55-AM.png 1636w\" sizes=\"auto, (max-width: 614px) 100vw, 614px\" \/><\/p>\n<h4><strong>28 de julio 2020<\/strong><\/h4>\n<div class=\"contentarea\">\n<div id=\"cs_control_1386\" class=\"cs_control CS_Element_Schedule\">\n<div title=\"\" id=\"CS_Element_maincontent\">\n<div id=\"gridRow_1_1_1386\" class=\"cs_GridRow\">\n<div id=\"gridCol_1_1_1_1_1386\" class=\"cs_GridColumn\">\n<div id=\"cs_control_157991\" class=\"cs_control  lecturas-block\">\n<div id=\"cs_control_3683\" class=\"cs_control  CS_Element_Textblock\">\n<div class=\"CS_Textblock_Text\">\n<h4><strong>Martes de la XVII semana del Tiempo ordinario<\/strong><\/p>\n<p><strong>Primera lectura<\/strong><\/h4>\n<\/div>\n<\/div>\n<div id=\"cs_control_3684\" class=\"cs_control  CS_Element_Textblock\">\n<div class=\"CS_Textblock_Text\">\n<div class=\"bibleReadingsWrapper\">\n<h4><strong>Jer 14, 17-22<\/strong><\/h4>\n<div class=\"poetry\">\n<p><strong>Que mis ojos lloren sin cesar de d\u00eda y de noche,<\/strong><br \/><strong>porque la capital de mi pueblo est\u00e1 afligida por un gran desastre,<\/strong><br \/><strong>por una herida grav\u00edsima.<\/strong><br \/><strong>Si salgo al campo, encuentro gente muerta por la espada;<\/strong><br \/><strong>si entro en la ciudad, hallo gente que se muere de hambre.<\/strong><br \/><strong>Hasta los profetas y los sacerdotes<\/strong><br \/><strong>andan errantes por el pa\u00eds y no saben qu\u00e9 hacer.<\/strong><\/p>\n<p><strong>\u00bfAcaso has rechazado, Se\u00f1or, a Jud\u00e1?<\/strong><br \/><strong>\u00bfO te has cansado ya de Si\u00f3n?<\/strong><br \/><strong>\u00bfPor qu\u00e9 nos has herido tan gravemente,<\/strong><br \/><strong>que ya no tenemos remedio?<\/strong><br \/><strong>Esper\u00e1bamos tranquilidad y s\u00f3lo hay perturbaci\u00f3n;<\/strong><br \/><strong>esper\u00e1bamos la curaci\u00f3n y s\u00f3lo encontramos miedo.<\/strong><\/p>\n<p><strong>Reconocemos, Se\u00f1or, nuestras maldades<\/strong><br \/><strong>y las culpas de nuestros padres;<\/strong><br \/><strong>hemos pecado contra ti.<\/strong><br \/><strong>Por ser t\u00fa quien eres, no nos rechaces;<\/strong><br \/><strong>no deshonres el trono de tu gloria.<\/strong><br \/><strong>Acu\u00e9rdate, Se\u00f1or, de tu alianza con nosotros<\/strong><br \/><strong>y no la quebrantes.<\/strong><br \/><strong>\u00bfAcaso los \u00eddolos de los paganos pueden hacer llover?<\/strong><br \/><strong>\u00bfAcaso los cielos, por s\u00ed solos, pueden darnos la lluvia?<\/strong><br \/><strong>T\u00fa solo, Se\u00f1or y Dios nuestro, haces todas estas cosas,<\/strong><br \/><strong>por eso en ti tenemos puesta nuestra esperanza.<\/strong><\/p>\n<\/div>\n<\/div>\n<\/div>\n<\/div>\n<div id=\"cs_control_289228\" class=\"cs_control  CS_Element_Textblock\">\n<div class=\"CS_Textblock_Text\">\n<div class=\"bibleReadingsWrapper\">\n<h4><strong>Salmo Responsorial<\/strong><\/h4>\n<h4><strong>Salmo 78, 8. 9. 11 y 13<\/strong><\/h4>\n<div class=\"poetry\">\n<p><strong>R. (9bc) Soc\u00f3rrenos, Se\u00f1or, y te alabaremos.<\/strong><br \/><strong>No recuerdes, Se\u00f1or, contra nosotros,<\/strong><br \/><strong>las culpas de nuestros padres.<\/strong><br \/><strong>Que tu amor venga pronto a socorrernos,<\/strong><br \/><strong>porque estamos totalmente abatidos. R.<\/strong><br \/><strong>R. Soc\u00f3rrenos, Se\u00f1or, y te alabaremos.<\/strong><br \/><strong>Para que sepan qui\u00e9n eres,<\/strong><br \/><strong>soc\u00f3rrenos, Dios y salvador nuestro.<\/strong><br \/><strong>Por el honor de tu nombre,<\/strong><br \/><strong>s\u00e1lvanos y perdona nuestros pecados. R.<\/strong><br \/><strong>R. Soc\u00f3rrenos, Se\u00f1or, y te alabaremos.<\/strong><br \/><strong>Que lleguen hasta ti los gemidos del cautivo;<\/strong><br \/><strong>con tu brazo poderoso salva a los condenados a muerte.<\/strong><br \/><strong>Y nosotros, pueblo tuyo y ovejas de tu reba\u00f1o,<\/strong><br \/><strong>te daremos gracias siempre<\/strong><br \/><strong>y de generaci\u00f3n en generaci\u00f3n te alabaremos. R.<\/strong><br \/><strong>R. Soc\u00f3rrenos, Se\u00f1or, y te alabaremos.<\/strong><\/p>\n<\/div>\n<\/div>\n<\/div>\n<\/div>\n<div id=\"cs_control_289230\" class=\"cs_control  CS_Element_Textblock\">\n<div class=\"CS_Textblock_Text\">\n<div class=\"bibleReadingsWrapper\">\n<h4><strong>Aclamaci\u00f3n antes del Evangelio<\/strong><\/h4>\n<div class=\"poetry\">\n<p><strong>R. Aleluya, aleluya.<\/strong><br \/><strong>La semilla es la palabra de Dios y el sembrador es Cristo;<\/strong><br \/><strong>todo aquel que lo encuentra vivir\u00e1 para siempre.<\/strong><br \/><strong>R. Aleluya.<\/strong><\/p>\n<\/div>\n<\/div>\n<\/div>\n<\/div>\n<div id=\"cs_control_289231\" class=\"cs_control  CS_Element_Textblock\">\n<div class=\"CS_Textblock_Text\">\n<div class=\"bibleReadingsWrapper\">\n<h4><strong>Evangelio<\/strong><\/h4>\n<h4><strong>Mt 13, 36-43<\/strong><\/h4>\n<div class=\"poetry\">\n<p><strong>En aquel tiempo, Jes\u00fas despidi\u00f3 a la multitud y se fue a su casa. Entonces se le acercaron sus disc\u00edpulos y le dijeron: \u201cExpl\u00edcanos la par\u00e1bola de la ciza\u00f1a sembrada en el campo\u201d.<\/strong><\/p>\n<p><strong>Jes\u00fas les contest\u00f3: \u201cEl sembrador de la buena semilla es el Hijo del hombre; el campo es el mundo; la buena semilla son los ciudadanos del Reino; la ciza\u00f1a son los partidarios del demonio; el enemigo que la siembra es el demonio; el tiempo de la cosecha es el fin del mundo, y los segadores son los \u00e1ngeles.<\/strong><\/p>\n<p><strong>Y as\u00ed como recogen la ciza\u00f1a y la queman en el fuego, as\u00ed suceder\u00e1 al fin del mundo: el Hijo del hombre enviar\u00e1 a sus \u00e1ngeles para que arranquen de su Reino a todos los que inducen a otros al pecado y a todos los malvados, y los arrojen en el horno encendido. All\u00ed ser\u00e1 el llanto y la desesperaci\u00f3n. Entonces los justos brillar\u00e1n como el sol en el Reino de su Padre. El que tenga o\u00eddos, que oiga\u2019\u2019.<\/strong><\/p>\n<\/div>\n<\/div>\n<\/div>\n<\/div>\n<div id=\"cs_control_289214\" class=\"cs_control  CS_Element_Textblock\">\n<div class=\"CS_Textblock_Text\"><img loading=\"lazy\" decoding=\"async\" src=\"http:\/\/fatherbroom.com\/es\/wp-content\/media\/sites\/3\/Screen-Shot-2020-07-27-at-8.41.16-AM-300x100.png\" alt=\"\" width=\"564\" height=\"188\" class=\"aligncenter  wp-image-23541\" srcset=\"https:\/\/fatherbroom.com\/es\/wp-content\/media\/sites\/3\/Screen-Shot-2020-07-27-at-8.41.16-AM-300x100.png 300w, https:\/\/fatherbroom.com\/es\/wp-content\/media\/sites\/3\/Screen-Shot-2020-07-27-at-8.41.16-AM-768x255.png 768w, https:\/\/fatherbroom.com\/es\/wp-content\/media\/sites\/3\/Screen-Shot-2020-07-27-at-8.41.16-AM-1024x341.png 1024w, https:\/\/fatherbroom.com\/es\/wp-content\/media\/sites\/3\/Screen-Shot-2020-07-27-at-8.41.16-AM.png 1816w\" sizes=\"auto, (max-width: 564px) 100vw, 564px\" \/><\/p>\n<p><strong>Catecismo de la Iglesia Cat\u00f3lica<\/strong><\/div>\n<\/div>\n<\/div>\n<\/div>\n<\/div>\n<\/div>\n<\/div>\n<\/div>\n<p><strong>La alianza con No\u00e9<\/strong><\/p>\n<p><strong>56 Una vez rota la unidad del g\u00e9nero humano por el pecado, Dios decide desde el comienzo salvar a la humanidad a trav\u00e9s de una serie de etapas. La alianza con No\u00e9 despu\u00e9s del diluvio (cf. Gn 9,9) expresa el principio de la Econom\u00eda divina con las \u00abnaciones\u00bb, es decir con los hombres agrupados \u00abseg\u00fan sus pa\u00edses, cada uno seg\u00fan su lengua, y seg\u00fan sus clanes\u00bb (Gn 10,5; cf. Gn 10,20-31).<\/strong><\/p>\n<div class=\"synved-social-container synved-social-container-share\" style=\"text-align: center\"><a class=\"synved-social-button synved-social-button-share synved-social-size-48 synved-social-resolution-single synved-social-provider-facebook nolightbox\" data-provider=\"facebook\" target=\"_blank\" rel=\"nofollow\" title=\"Share on Facebook\" href=\"https:\/\/www.facebook.com\/sharer.php?u=https%3A%2F%2Ffatherbroom.com%2Fes%2Fwp-json%2Fwp%2Fv2%2Fposts%2F23445&#038;t=LECTURAS%20DEL%20DIA%20%7C%2028%20DE%20JULIO%202020&#038;s=100&#038;p&#091;url&#093;=https%3A%2F%2Ffatherbroom.com%2Fes%2Fwp-json%2Fwp%2Fv2%2Fposts%2F23445&#038;p&#091;images&#093;&#091;0&#093;=http%3A%2F%2Ffatherbroom.com%2Fes%2Fwp-content%2Fmedia%2Fsites%2F3%2FScreen-Shot-2020-07-27-at-8.41.16-AM-300x100.png&#038;p&#091;title&#093;=LECTURAS%20DEL%20DIA%20%7C%2028%20DE%20JULIO%202020\" style=\"font-size: 0px;width:48px;height:48px;margin:0;margin-bottom:5px;margin-right:5px\"><img loading=\"lazy\" decoding=\"async\" alt=\"Facebook\" title=\"Share on Facebook\" class=\"synved-share-image synved-social-image synved-social-image-share\" width=\"48\" height=\"48\" style=\"display: inline;width:48px;height:48px;margin: 0;padding: 0;border: none;box-shadow: none\" src=\"https:\/\/fatherbroom.com\/es\/wp-content\/plugins\/social-media-feather\/synved-social\/image\/social\/regular\/96x96\/facebook.png\" \/><\/a><a class=\"synved-social-button synved-social-button-share synved-social-size-48 synved-social-resolution-single synved-social-provider-twitter nolightbox\" data-provider=\"twitter\" target=\"_blank\" rel=\"nofollow\" title=\"Share on Twitter\" href=\"https:\/\/twitter.com\/intent\/tweet?url=https%3A%2F%2Ffatherbroom.com%2Fes%2Fwp-json%2Fwp%2Fv2%2Fposts%2F23445&#038;text=Hey%20check%20this%20out\" style=\"font-size: 0px;width:48px;height:48px;margin:0;margin-bottom:5px;margin-right:5px\"><img loading=\"lazy\" decoding=\"async\" alt=\"twitter\" title=\"Share on Twitter\" class=\"synved-share-image synved-social-image synved-social-image-share\" width=\"48\" height=\"48\" style=\"display: inline;width:48px;height:48px;margin: 0;padding: 0;border: none;box-shadow: none\" src=\"https:\/\/fatherbroom.com\/es\/wp-content\/plugins\/social-media-feather\/synved-social\/image\/social\/regular\/96x96\/twitter.png\" \/><\/a><a class=\"synved-social-button synved-social-button-share synved-social-size-48 synved-social-resolution-single synved-social-provider-reddit nolightbox\" data-provider=\"reddit\" target=\"_blank\" rel=\"nofollow\" title=\"Share on Reddit\" href=\"https:\/\/www.reddit.com\/submit?url=https%3A%2F%2Ffatherbroom.com%2Fes%2Fwp-json%2Fwp%2Fv2%2Fposts%2F23445&#038;title=LECTURAS%20DEL%20DIA%20%7C%2028%20DE%20JULIO%202020\" style=\"font-size: 0px;width:48px;height:48px;margin:0;margin-bottom:5px;margin-right:5px\"><img loading=\"lazy\" decoding=\"async\" alt=\"reddit\" title=\"Share on Reddit\" class=\"synved-share-image synved-social-image synved-social-image-share\" width=\"48\" height=\"48\" style=\"display: inline;width:48px;height:48px;margin: 0;padding: 0;border: none;box-shadow: none\" src=\"https:\/\/fatherbroom.com\/es\/wp-content\/plugins\/social-media-feather\/synved-social\/image\/social\/regular\/96x96\/reddit.png\" \/><\/a><a class=\"synved-social-button synved-social-button-share synved-social-size-48 synved-social-resolution-single synved-social-provider-pinterest nolightbox\" data-provider=\"pinterest\" target=\"_blank\" rel=\"nofollow\" title=\"Pin it with Pinterest\" href=\"https:\/\/pinterest.com\/pin\/create\/button\/?url=https%3A%2F%2Ffatherbroom.com%2Fes%2Fwp-json%2Fwp%2Fv2%2Fposts%2F23445&#038;media=http%3A%2F%2Ffatherbroom.com%2Fes%2Fwp-content%2Fmedia%2Fsites%2F3%2FScreen-Shot-2020-07-27-at-8.41.16-AM-300x100.png&#038;description=LECTURAS%20DEL%20DIA%20%7C%2028%20DE%20JULIO%202020\" style=\"font-size: 0px;width:48px;height:48px;margin:0;margin-bottom:5px;margin-right:5px\"><img loading=\"lazy\" decoding=\"async\" alt=\"pinterest\" title=\"Pin it with Pinterest\" class=\"synved-share-image synved-social-image synved-social-image-share\" width=\"48\" height=\"48\" style=\"display: inline;width:48px;height:48px;margin: 0;padding: 0;border: none;box-shadow: none\" src=\"https:\/\/fatherbroom.com\/es\/wp-content\/plugins\/social-media-feather\/synved-social\/image\/social\/regular\/96x96\/pinterest.png\" \/><\/a><a class=\"synved-social-button synved-social-button-share synved-social-size-48 synved-social-resolution-single synved-social-provider-linkedin nolightbox\" data-provider=\"linkedin\" target=\"_blank\" rel=\"nofollow\" title=\"Share on Linkedin\" href=\"https:\/\/www.linkedin.com\/shareArticle?mini=true&#038;url=https%3A%2F%2Ffatherbroom.com%2Fes%2Fwp-json%2Fwp%2Fv2%2Fposts%2F23445&#038;title=LECTURAS%20DEL%20DIA%20%7C%2028%20DE%20JULIO%202020\" style=\"font-size: 0px;width:48px;height:48px;margin:0;margin-bottom:5px;margin-right:5px\"><img loading=\"lazy\" decoding=\"async\" alt=\"linkedin\" title=\"Share on Linkedin\" class=\"synved-share-image synved-social-image synved-social-image-share\" width=\"48\" height=\"48\" style=\"display: inline;width:48px;height:48px;margin: 0;padding: 0;border: none;box-shadow: none\" src=\"https:\/\/fatherbroom.com\/es\/wp-content\/plugins\/social-media-feather\/synved-social\/image\/social\/regular\/96x96\/linkedin.png\" \/><\/a><a class=\"synved-social-button synved-social-button-share synved-social-size-48 synved-social-resolution-single synved-social-provider-mail nolightbox\" data-provider=\"mail\" rel=\"nofollow\" title=\"Share by email\" href=\"mailto:?subject=LECTURAS%20DEL%20DIA%20%7C%2028%20DE%20JULIO%202020&#038;body=Hey%20check%20this%20out:%20https%3A%2F%2Ffatherbroom.com%2Fes%2Fwp-json%2Fwp%2Fv2%2Fposts%2F23445\" style=\"font-size: 0px;width:48px;height:48px;margin:0;margin-bottom:5px\"><img loading=\"lazy\" decoding=\"async\" alt=\"mail\" title=\"Share by email\" class=\"synved-share-image synved-social-image synved-social-image-share\" width=\"48\" height=\"48\" style=\"display: inline;width:48px;height:48px;margin: 0;padding: 0;border: none;box-shadow: none\" src=\"https:\/\/fatherbroom.com\/es\/wp-content\/plugins\/social-media-feather\/synved-social\/image\/social\/regular\/96x96\/mail.png\" \/><\/a><\/div>","protected":false},"excerpt":{"rendered":"<p>28 de julio 2020 Martes de la XVII semana del Tiempo ordinario Primera lectura Jer 14, 17-22 Que mis ojos lloren sin cesar de d\u00eda y de noche,porque la capital de mi pueblo est\u00e1 afligida por un gran desastre,por una herida grav\u00edsima.Si salgo al campo, encuentro gente muerta por la espada;si entro en la ciudad, [&hellip;]<\/p>\n","protected":false},"author":7,"featured_media":0,"comment_status":"open","ping_status":"open","sticky":false,"template":"","format":"standard","meta":{"_genesis_hide_title":false,"_genesis_hide_breadcrumbs":false,"_genesis_hide_singular_image":false,"_genesis_hide_footer_widgets":false,"_genesis_custom_body_class":"","_genesis_custom_post_class":"","_genesis_layout":"","footnotes":""},"categories":[277],"tags":[],"class_list":{"0":"post-23445","1":"post","2":"type-post","3":"status-publish","4":"format-standard","6":"category-lecturas-del-dia","7":"entry"},"_links":{"self":[{"href":"https:\/\/fatherbroom.com\/es\/wp-json\/wp\/v2\/posts\/23445","targetHints":{"allow":["GET"]}}],"collection":[{"href":"https:\/\/fatherbroom.com\/es\/wp-json\/wp\/v2\/posts"}],"about":[{"href":"https:\/\/fatherbroom.com\/es\/wp-json\/wp\/v2\/types\/post"}],"author":[{"embeddable":true,"href":"https:\/\/fatherbroom.com\/es\/wp-json\/wp\/v2\/users\/7"}],"replies":[{"embeddable":true,"href":"https:\/\/fatherbroom.com\/es\/wp-json\/wp\/v2\/comments?post=23445"}],"version-history":[{"count":5,"href":"https:\/\/fatherbroom.com\/es\/wp-json\/wp\/v2\/posts\/23445\/revisions"}],"predecessor-version":[{"id":23542,"href":"https:\/\/fatherbroom.com\/es\/wp-json\/wp\/v2\/posts\/23445\/revisions\/23542"}],"wp:attachment":[{"href":"https:\/\/fatherbroom.com\/es\/wp-json\/wp\/v2\/media?parent=23445"}],"wp:term":[{"taxonomy":"category","embeddable":true,"href":"https:\/\/fatherbroom.com\/es\/wp-json\/wp\/v2\/categories?post=23445"},{"taxonomy":"post_tag","embeddable":true,"href":"https:\/\/fatherbroom.com\/es\/wp-json\/wp\/v2\/tags?post=23445"}],"curies":[{"name":"wp","href":"https:\/\/api.w.org\/{rel}","templated":true}]}}