{"id":23439,"date":"2020-07-26T02:00:12","date_gmt":"2020-07-26T09:00:12","guid":{"rendered":"http:\/\/fatherbroom.com\/es\/?p=23439"},"modified":"2020-07-26T10:38:43","modified_gmt":"2020-07-26T17:38:43","slug":"lecturas-del-dia-26-de-julio-2020","status":"publish","type":"post","link":"https:\/\/fatherbroom.com\/es\/2020\/07\/lecturas-del-dia-26-de-julio-2020\/","title":{"rendered":"LECTURAS DEL DIA | 26 DE JULIO 2020"},"content":{"rendered":"<p><img loading=\"lazy\" decoding=\"async\" src=\"http:\/\/fatherbroom.com\/es\/wp-content\/media\/sites\/3\/Screen-Shot-2020-07-26-at-10.36.18-AM-300x169.png\" alt=\"\" width=\"620\" height=\"349\" class=\"aligncenter  wp-image-23512\" srcset=\"https:\/\/fatherbroom.com\/es\/wp-content\/media\/sites\/3\/Screen-Shot-2020-07-26-at-10.36.18-AM-300x169.png 300w, https:\/\/fatherbroom.com\/es\/wp-content\/media\/sites\/3\/Screen-Shot-2020-07-26-at-10.36.18-AM-768x432.png 768w, https:\/\/fatherbroom.com\/es\/wp-content\/media\/sites\/3\/Screen-Shot-2020-07-26-at-10.36.18-AM-1024x577.png 1024w, https:\/\/fatherbroom.com\/es\/wp-content\/media\/sites\/3\/Screen-Shot-2020-07-26-at-10.36.18-AM.png 1634w\" sizes=\"auto, (max-width: 620px) 100vw, 620px\" \/><\/p>\n<h4><strong>26 de julio 2020<\/strong><\/h4>\n<div class=\"contentarea\">\n<div id=\"cs_control_1386\" class=\"cs_control CS_Element_Schedule\">\n<div title=\"\" id=\"CS_Element_maincontent\">\n<div id=\"gridRow_1_1_1386\" class=\"cs_GridRow\">\n<div id=\"gridCol_1_1_1_1_1386\" class=\"cs_GridColumn\">\n<div id=\"cs_control_3683\" class=\"cs_control  CS_Element_Textblock\">\n<h4 class=\"CS_Textblock_Text\"><strong>XVII Domingo Ordinario<\/strong><\/p>\n<p><strong>Primera lectura<\/strong><\/h4>\n<\/div>\n<div id=\"cs_control_3684\" class=\"cs_control  CS_Element_Textblock\">\n<div class=\"CS_Textblock_Text\">\n<div class=\"bibleReadingsWrapper\">\n<h4><strong>1 Reyes 3, 5. 7-12<\/strong><\/h4>\n<div class=\"poetry\">\n<p><strong>En aquellos d\u00edas, el Se\u00f1or se le apareci\u00f3 al rey Salom\u00f3n en sue\u00f1os y le dijo: \u201cSalom\u00f3n, p\u00eddeme lo que quieras, que yo te lo dar\u00e9\u201d.<\/strong><\/p>\n<p><strong>Salom\u00f3n le respondi\u00f3: \u201cSe\u00f1or, t\u00fa trataste con misericordia a tu siervo David, mi padre, porque se port\u00f3 contigo con lealtad, con justicia y rectitud de coraz\u00f3n. M\u00e1s a\u00fan, tambi\u00e9n ahora lo sigues tratando con misericordia, porque has hecho que un hijo suyo lo suceda en el trono. S\u00ed; t\u00fa quisiste, Se\u00f1or y Dios m\u00edo, que yo, tu siervo, sucediera en el trono a mi padre, David. Pero yo no soy m\u00e1s que un muchacho y no s\u00e9 c\u00f3mo actuar. Soy tu siervo y me encuentro perdido en medio de este pueblo tuyo, tan numeroso, que es imposible contarlo. Por eso te pido que me concedas sabidur\u00eda de coraz\u00f3n para que sepa gobernar a tu pueblo y distinguir entre el bien y el mal. Pues sin ella, \u00bfqui\u00e9n ser\u00e1 capaz de gobernar a este pueblo tuyo tan grande?\u201d<\/strong><\/p>\n<p><strong>Al Se\u00f1or le agrad\u00f3 que Salom\u00f3n le hubiera pedido sabidur\u00eda y le dijo: \u201cPor haberme pedido esto, y no una larga vida, ni riquezas, ni la muerte de tus enemigos, sino sabidur\u00eda para gobernar, yo te concedo lo que me has pedido. Te doy un coraz\u00f3n sabio y prudente, como no lo ha habido antes ni lo habr\u00e1 despu\u00e9s de ti. Te voy a conceder, adem\u00e1s, lo que no me has pedido: tanta gloria y riqueza, que no habr\u00e1 rey que se pueda comparar contigo\u201d.<\/strong><\/p>\n<\/div>\n<\/div>\n<\/div>\n<\/div>\n<div id=\"cs_control_289228\" class=\"cs_control  CS_Element_Textblock\">\n<div class=\"CS_Textblock_Text\">\n<div class=\"bibleReadingsWrapper\">\n<h4><strong>Salmo Responsorial<\/strong><\/h4>\n<h4><strong>Salmo 118, 57 y 72. 76-77. 127-128. 129-130<\/strong><\/h4>\n<div class=\"poetry\">\n<p><strong>R. (97a) Yo amo, Se\u00f1or, tus mandamientos.<\/strong><br \/><strong>A m\u00ed, Se\u00f1or, lo que me toca<\/strong><br \/><strong>es cumplir tus preceptos.<\/strong><br \/><strong>Para m\u00ed valen m\u00e1s tus ense\u00f1anzas<\/strong><br \/><strong>que miles de monedas de oro y plata.<\/strong><br \/><strong>R. Yo amo, Se\u00f1or, tus mandamientos.<\/strong><br \/><strong>Se\u00f1or, que tu amor me consuele,<\/strong><br \/><strong>conforme a las promesas que me has hecho.<\/strong><br \/><strong>Mu\u00e9strame tu ternura y vivir\u00e9,<\/strong><br \/><strong>porque en tu ley he puesto mi contento.<\/strong><br \/><strong>R. Yo amo, Se\u00f1or, tus mandamientos.<\/strong><br \/><strong>Amo, Se\u00f1or, tus mandamientos<\/strong><br \/><strong>m\u00e1s que el oro pur\u00edsimo;<\/strong><br \/><strong>por eso tus preceptos son mi gu\u00eda<\/strong><br \/><strong>y odio toda mentira. R.<\/strong><br \/><strong>R. Yo amo, Se\u00f1or, tus mandamientos.<\/strong><br \/><strong>Tus preceptos, Se\u00f1or, son admirables,<\/strong><br \/><strong>por eso yo los sigo.<\/strong><br \/><strong>La explicaci\u00f3n de tu palabra<\/strong><br \/><strong>da luz y entendimiento a los sencillos.<\/strong><br \/><strong>R. Yo amo, Se\u00f1or, tus mandamientos.<\/strong><\/p>\n<\/div>\n<\/div>\n<\/div>\n<\/div>\n<div id=\"cs_control_289230\" class=\"cs_control  CS_Element_Textblock\">\n<div class=\"CS_Textblock_Text\">\n<div class=\"bibleReadingsWrapper\">\n<h4><strong>Segunda lectura<\/strong><\/h4>\n<h4><strong>Rom 8, 28-30<\/strong><\/h4>\n<div class=\"poetry\">\n<p><strong>Hermanos: Ya sabemos que todo contribuye para bien de los que aman a Dios, de aquellos que han sido llamados por \u00e9l seg\u00fan su designio salvador.<\/strong><\/p>\n<p><strong>En efecto, a quienes conoce de antemano, los predestina para que reproduzcan en s\u00ed mismos la imagen de su propio Hijo, a fin de que \u00e9l sea el primog\u00e9nito entre muchos hermanos. A quienes predestina, los llama; a quienes llama, los justifica; y a quienes justifica, los glorifica.<\/strong><\/p>\n<\/div>\n<\/div>\n<div class=\"bibleReadingsWrapper\">\n<h4><strong>Aclamaci\u00f3n antes del Evangelio<\/strong><\/h4>\n<h4><strong>Cfr Mt 11, 25<\/strong><\/h4>\n<div class=\"poetry\">\n<p><strong>R. Aleluya, aleluya.<\/strong><br \/><strong>Te doy gracias, Padre, Se\u00f1or del cielo y de la tierra,<\/strong><br \/><strong>porque has revelado los misterios del Reino<\/strong><br \/><strong>a la gente sencilla.<\/strong><br \/><strong>R. Aleluya.<\/strong><\/p>\n<\/div>\n<\/div>\n<\/div>\n<\/div>\n<div id=\"cs_control_289231\" class=\"cs_control  CS_Element_Textblock\">\n<div class=\"CS_Textblock_Text\">\n<div class=\"bibleReadingsWrapper\">\n<h4><strong>Evangelio<\/strong><\/h4>\n<h4><strong>Mt 13, 44-52<\/strong><\/h4>\n<div class=\"poetry\">\n<p><strong>En aquel tiempo, Jes\u00fas dijo a sus disc\u00edpulos: \u201cEl Reino de los cielos se parece a un tesoro escondido en un campo. El que lo encuentra lo vuelve a esconder, y lleno de alegr\u00eda, va y vende cuanto tiene y compra aquel campo.<\/strong><\/p>\n<p><strong>El Reino de los cielos se parece tambi\u00e9n a un comerciante en perlas finas que, al encontrar una perla muy valiosa, va y vende cuanto tiene y la compra.<\/strong><\/p>\n<p><strong>Tambi\u00e9n se parece el Reino de los cielos a la red que los pescadores echan en el mar y recoge toda clase de peces. Cuando se llena la red, los pescadores la sacan a la playa y se sientan a escoger los pescados; ponen los buenos en canastos y tiran los malos. Lo mismo suceder\u00e1 al final de los tiempos: vendr\u00e1n los \u00e1ngeles, separar\u00e1n a los malos de los buenos y los arrojar\u00e1n al horno encendido. All\u00ed ser\u00e1 el llanto y la desesperaci\u00f3n.<\/strong><\/p>\n<p><strong>\u00bfHan entendido todo esto?\u2019\u2019 Ellos le contestaron: \u201cS\u00ed\u201d. Entonces \u00e9l les dijo: \u201cPor eso, todo escriba instruido en las cosas del Reino de los cielos es semejante al padre de familia, que va sacando de su tesoro cosas nuevas y cosas antiguas\u201d.<\/strong><\/p>\n<p><img loading=\"lazy\" decoding=\"async\" src=\"http:\/\/fatherbroom.com\/es\/wp-content\/media\/sites\/3\/Screen-Shot-2020-07-26-at-10.38.06-AM-300x99.png\" alt=\"\" width=\"552\" height=\"182\" class=\"aligncenter  wp-image-23514\" srcset=\"https:\/\/fatherbroom.com\/es\/wp-content\/media\/sites\/3\/Screen-Shot-2020-07-26-at-10.38.06-AM-300x99.png 300w, https:\/\/fatherbroom.com\/es\/wp-content\/media\/sites\/3\/Screen-Shot-2020-07-26-at-10.38.06-AM-768x252.png 768w, https:\/\/fatherbroom.com\/es\/wp-content\/media\/sites\/3\/Screen-Shot-2020-07-26-at-10.38.06-AM-1024x336.png 1024w, https:\/\/fatherbroom.com\/es\/wp-content\/media\/sites\/3\/Screen-Shot-2020-07-26-at-10.38.06-AM.png 1814w\" sizes=\"auto, (max-width: 552px) 100vw, 552px\" \/><\/p>\n<p><strong>Catecismo de la\u00a0Iglesia\u00a0Cat\u00f3lica<\/strong><\/p>\n<p><strong>II Las etapas de la revelaci\u00f3n<\/strong><\/p>\n<p><strong>Desde el origen, Dios se da a conocer<\/strong><\/p>\n<p><strong>54 \u00abDios, cre\u00e1ndolo todo y conserv\u00e1ndolo por su Verbo, da a los hombres testimonio perenne de s\u00ed en las cosas creadas, y, queriendo abrir el camino de la salvaci\u00f3n sobrenatural, se manifest\u00f3, adem\u00e1s, personalmente a nuestros primeros padres ya desde el principio\u00bb (DV 3). Los invit\u00f3 a una comuni\u00f3n \u00edntima con \u00cbl revisti\u00e9ndolos de una gracia y de una justicia resplandecientes.<\/strong><\/p>\n<\/div>\n<\/div>\n<\/div>\n<\/div>\n<\/div>\n<\/div>\n<\/div>\n<\/div>\n<\/div>\n<div class=\"synved-social-container synved-social-container-share\" style=\"text-align: center\"><a class=\"synved-social-button synved-social-button-share synved-social-size-48 synved-social-resolution-single synved-social-provider-facebook nolightbox\" data-provider=\"facebook\" target=\"_blank\" rel=\"nofollow\" title=\"Share on Facebook\" href=\"https:\/\/www.facebook.com\/sharer.php?u=https%3A%2F%2Ffatherbroom.com%2Fes%2Fwp-json%2Fwp%2Fv2%2Fposts%2F23439&#038;t=LECTURAS%20DEL%20DIA%20%7C%2026%20DE%20JULIO%202020&#038;s=100&#038;p&#091;url&#093;=https%3A%2F%2Ffatherbroom.com%2Fes%2Fwp-json%2Fwp%2Fv2%2Fposts%2F23439&#038;p&#091;images&#093;&#091;0&#093;=http%3A%2F%2Ffatherbroom.com%2Fes%2Fwp-content%2Fmedia%2Fsites%2F3%2FScreen-Shot-2020-07-26-at-10.38.06-AM-300x99.png&#038;p&#091;title&#093;=LECTURAS%20DEL%20DIA%20%7C%2026%20DE%20JULIO%202020\" style=\"font-size: 0px;width:48px;height:48px;margin:0;margin-bottom:5px;margin-right:5px\"><img loading=\"lazy\" decoding=\"async\" alt=\"Facebook\" title=\"Share on Facebook\" class=\"synved-share-image synved-social-image synved-social-image-share\" width=\"48\" height=\"48\" style=\"display: inline;width:48px;height:48px;margin: 0;padding: 0;border: none;box-shadow: none\" src=\"https:\/\/fatherbroom.com\/es\/wp-content\/plugins\/social-media-feather\/synved-social\/image\/social\/regular\/96x96\/facebook.png\" \/><\/a><a class=\"synved-social-button synved-social-button-share synved-social-size-48 synved-social-resolution-single synved-social-provider-twitter nolightbox\" data-provider=\"twitter\" target=\"_blank\" rel=\"nofollow\" title=\"Share on Twitter\" href=\"https:\/\/twitter.com\/intent\/tweet?url=https%3A%2F%2Ffatherbroom.com%2Fes%2Fwp-json%2Fwp%2Fv2%2Fposts%2F23439&#038;text=Hey%20check%20this%20out\" style=\"font-size: 0px;width:48px;height:48px;margin:0;margin-bottom:5px;margin-right:5px\"><img loading=\"lazy\" decoding=\"async\" alt=\"twitter\" title=\"Share on Twitter\" class=\"synved-share-image synved-social-image synved-social-image-share\" width=\"48\" height=\"48\" style=\"display: inline;width:48px;height:48px;margin: 0;padding: 0;border: none;box-shadow: none\" src=\"https:\/\/fatherbroom.com\/es\/wp-content\/plugins\/social-media-feather\/synved-social\/image\/social\/regular\/96x96\/twitter.png\" \/><\/a><a class=\"synved-social-button synved-social-button-share synved-social-size-48 synved-social-resolution-single synved-social-provider-reddit nolightbox\" data-provider=\"reddit\" target=\"_blank\" rel=\"nofollow\" title=\"Share on Reddit\" href=\"https:\/\/www.reddit.com\/submit?url=https%3A%2F%2Ffatherbroom.com%2Fes%2Fwp-json%2Fwp%2Fv2%2Fposts%2F23439&#038;title=LECTURAS%20DEL%20DIA%20%7C%2026%20DE%20JULIO%202020\" style=\"font-size: 0px;width:48px;height:48px;margin:0;margin-bottom:5px;margin-right:5px\"><img loading=\"lazy\" decoding=\"async\" alt=\"reddit\" title=\"Share on Reddit\" class=\"synved-share-image synved-social-image synved-social-image-share\" width=\"48\" height=\"48\" style=\"display: inline;width:48px;height:48px;margin: 0;padding: 0;border: none;box-shadow: none\" src=\"https:\/\/fatherbroom.com\/es\/wp-content\/plugins\/social-media-feather\/synved-social\/image\/social\/regular\/96x96\/reddit.png\" \/><\/a><a class=\"synved-social-button synved-social-button-share synved-social-size-48 synved-social-resolution-single synved-social-provider-pinterest nolightbox\" data-provider=\"pinterest\" target=\"_blank\" rel=\"nofollow\" title=\"Pin it with Pinterest\" href=\"https:\/\/pinterest.com\/pin\/create\/button\/?url=https%3A%2F%2Ffatherbroom.com%2Fes%2Fwp-json%2Fwp%2Fv2%2Fposts%2F23439&#038;media=http%3A%2F%2Ffatherbroom.com%2Fes%2Fwp-content%2Fmedia%2Fsites%2F3%2FScreen-Shot-2020-07-26-at-10.38.06-AM-300x99.png&#038;description=LECTURAS%20DEL%20DIA%20%7C%2026%20DE%20JULIO%202020\" style=\"font-size: 0px;width:48px;height:48px;margin:0;margin-bottom:5px;margin-right:5px\"><img loading=\"lazy\" decoding=\"async\" alt=\"pinterest\" title=\"Pin it with Pinterest\" class=\"synved-share-image synved-social-image synved-social-image-share\" width=\"48\" height=\"48\" style=\"display: inline;width:48px;height:48px;margin: 0;padding: 0;border: none;box-shadow: none\" src=\"https:\/\/fatherbroom.com\/es\/wp-content\/plugins\/social-media-feather\/synved-social\/image\/social\/regular\/96x96\/pinterest.png\" \/><\/a><a class=\"synved-social-button synved-social-button-share synved-social-size-48 synved-social-resolution-single synved-social-provider-linkedin nolightbox\" data-provider=\"linkedin\" target=\"_blank\" rel=\"nofollow\" title=\"Share on Linkedin\" href=\"https:\/\/www.linkedin.com\/shareArticle?mini=true&#038;url=https%3A%2F%2Ffatherbroom.com%2Fes%2Fwp-json%2Fwp%2Fv2%2Fposts%2F23439&#038;title=LECTURAS%20DEL%20DIA%20%7C%2026%20DE%20JULIO%202020\" style=\"font-size: 0px;width:48px;height:48px;margin:0;margin-bottom:5px;margin-right:5px\"><img loading=\"lazy\" decoding=\"async\" alt=\"linkedin\" title=\"Share on Linkedin\" class=\"synved-share-image synved-social-image synved-social-image-share\" width=\"48\" height=\"48\" style=\"display: inline;width:48px;height:48px;margin: 0;padding: 0;border: none;box-shadow: none\" src=\"https:\/\/fatherbroom.com\/es\/wp-content\/plugins\/social-media-feather\/synved-social\/image\/social\/regular\/96x96\/linkedin.png\" \/><\/a><a class=\"synved-social-button synved-social-button-share synved-social-size-48 synved-social-resolution-single synved-social-provider-mail nolightbox\" data-provider=\"mail\" rel=\"nofollow\" title=\"Share by email\" href=\"mailto:?subject=LECTURAS%20DEL%20DIA%20%7C%2026%20DE%20JULIO%202020&#038;body=Hey%20check%20this%20out:%20https%3A%2F%2Ffatherbroom.com%2Fes%2Fwp-json%2Fwp%2Fv2%2Fposts%2F23439\" style=\"font-size: 0px;width:48px;height:48px;margin:0;margin-bottom:5px\"><img loading=\"lazy\" decoding=\"async\" alt=\"mail\" title=\"Share by email\" class=\"synved-share-image synved-social-image synved-social-image-share\" width=\"48\" height=\"48\" style=\"display: inline;width:48px;height:48px;margin: 0;padding: 0;border: none;box-shadow: none\" src=\"https:\/\/fatherbroom.com\/es\/wp-content\/plugins\/social-media-feather\/synved-social\/image\/social\/regular\/96x96\/mail.png\" \/><\/a><\/div>","protected":false},"excerpt":{"rendered":"<p>26 de julio 2020 XVII Domingo Ordinario Primera lectura 1 Reyes 3, 5. 7-12 En aquellos d\u00edas, el Se\u00f1or se le apareci\u00f3 al rey Salom\u00f3n en sue\u00f1os y le dijo: \u201cSalom\u00f3n, p\u00eddeme lo que quieras, que yo te lo dar\u00e9\u201d. Salom\u00f3n le respondi\u00f3: \u201cSe\u00f1or, t\u00fa trataste con misericordia a tu siervo David, mi padre, porque [&hellip;]<\/p>\n","protected":false},"author":7,"featured_media":0,"comment_status":"open","ping_status":"open","sticky":false,"template":"","format":"standard","meta":{"_genesis_hide_title":false,"_genesis_hide_breadcrumbs":false,"_genesis_hide_singular_image":false,"_genesis_hide_footer_widgets":false,"_genesis_custom_body_class":"","_genesis_custom_post_class":"","_genesis_layout":"","footnotes":""},"categories":[277],"tags":[],"class_list":{"0":"post-23439","1":"post","2":"type-post","3":"status-publish","4":"format-standard","6":"category-lecturas-del-dia","7":"entry"},"_links":{"self":[{"href":"https:\/\/fatherbroom.com\/es\/wp-json\/wp\/v2\/posts\/23439","targetHints":{"allow":["GET"]}}],"collection":[{"href":"https:\/\/fatherbroom.com\/es\/wp-json\/wp\/v2\/posts"}],"about":[{"href":"https:\/\/fatherbroom.com\/es\/wp-json\/wp\/v2\/types\/post"}],"author":[{"embeddable":true,"href":"https:\/\/fatherbroom.com\/es\/wp-json\/wp\/v2\/users\/7"}],"replies":[{"embeddable":true,"href":"https:\/\/fatherbroom.com\/es\/wp-json\/wp\/v2\/comments?post=23439"}],"version-history":[{"count":4,"href":"https:\/\/fatherbroom.com\/es\/wp-json\/wp\/v2\/posts\/23439\/revisions"}],"predecessor-version":[{"id":23515,"href":"https:\/\/fatherbroom.com\/es\/wp-json\/wp\/v2\/posts\/23439\/revisions\/23515"}],"wp:attachment":[{"href":"https:\/\/fatherbroom.com\/es\/wp-json\/wp\/v2\/media?parent=23439"}],"wp:term":[{"taxonomy":"category","embeddable":true,"href":"https:\/\/fatherbroom.com\/es\/wp-json\/wp\/v2\/categories?post=23439"},{"taxonomy":"post_tag","embeddable":true,"href":"https:\/\/fatherbroom.com\/es\/wp-json\/wp\/v2\/tags?post=23439"}],"curies":[{"name":"wp","href":"https:\/\/api.w.org\/{rel}","templated":true}]}}