{"id":23437,"date":"2020-07-25T02:00:53","date_gmt":"2020-07-25T09:00:53","guid":{"rendered":"http:\/\/fatherbroom.com\/es\/?p=23437"},"modified":"2020-07-24T20:59:45","modified_gmt":"2020-07-25T03:59:45","slug":"lecturas-del-dia-25-de-julio-2020","status":"publish","type":"post","link":"https:\/\/fatherbroom.com\/es\/2020\/07\/lecturas-del-dia-25-de-julio-2020\/","title":{"rendered":"LECTURAS DEL DIA | 25 DE JULIO 2020"},"content":{"rendered":"<p><img loading=\"lazy\" decoding=\"async\" src=\"http:\/\/fatherbroom.com\/es\/wp-content\/media\/sites\/3\/Screen-Shot-2020-07-24-at-8.52.04-PM-300x169.png\" alt=\"\" width=\"579\" height=\"326\" class=\"aligncenter  wp-image-23507\" srcset=\"https:\/\/fatherbroom.com\/es\/wp-content\/media\/sites\/3\/Screen-Shot-2020-07-24-at-8.52.04-PM-300x169.png 300w, https:\/\/fatherbroom.com\/es\/wp-content\/media\/sites\/3\/Screen-Shot-2020-07-24-at-8.52.04-PM-768x434.png 768w, https:\/\/fatherbroom.com\/es\/wp-content\/media\/sites\/3\/Screen-Shot-2020-07-24-at-8.52.04-PM-1024x579.png 1024w, https:\/\/fatherbroom.com\/es\/wp-content\/media\/sites\/3\/Screen-Shot-2020-07-24-at-8.52.04-PM.png 1632w\" sizes=\"auto, (max-width: 579px) 100vw, 579px\" \/><\/p>\n<h4><strong>25 de julio 2020<\/strong><\/p>\n<p><strong>Fiesta de Santiago, Ap\u00f3stol<\/strong><\/p>\n<p><strong>Primera lectura\u00a0<\/strong><strong>2 Cor 4, 7-15<\/strong><\/h4>\n<div class=\"contentarea\">\n<div id=\"cs_control_1386\" class=\"cs_control CS_Element_Schedule\">\n<div title=\"\" id=\"CS_Element_maincontent\">\n<div id=\"gridRow_1_1_1386\" class=\"cs_GridRow\">\n<div id=\"gridCol_1_1_1_1_1386\" class=\"cs_GridColumn\">\n<div id=\"cs_control_157991\" class=\"cs_control  lecturas-block\">\n<div id=\"cs_control_3684\" class=\"cs_control  CS_Element_Textblock\">\n<div class=\"CS_Textblock_Text\">\n<div class=\"bibleReadingsWrapper\">\n<div class=\"poetry\">\n<p><strong>Hermanos: Llevamos un tesoro en vasijas de barro, para que se vea que esta fuerza tan extraordinaria proviene de Dios y no de nosotros mismos. Por eso sufrimos toda clase de pruebas, pero no nos angustiamos. Nos abruman las preocupaciones, pero no nos desesperamos. Nos vemos perseguidos, pero no desamparados; derribados, pero no vencidos.<\/strong><\/p>\n<p><strong>Llevamos siempre y por todas partes la muerte de Jes\u00fas en nuestro cuerpo, para que en este mismo cuerpo se manifieste tambi\u00e9n la vida de Jes\u00fas. Nuestra vida es un continuo estar expuestos a la muerte por causa de Jes\u00fas, para que tambi\u00e9n la vida de Jes\u00fas se manifieste en nuestra carne mortal. De modo que la muerte act\u00faa en nosotros, y en ustedes, la vida.<\/strong><\/p>\n<p><strong>Y como poseemos el mismo esp\u00edritu de fe que se expresa en aquel texto de la Escritura: <em>Creo, por eso hablo,<\/em> tambi\u00e9n nosotros creemos y por eso hablamos, sabiendo que aquel que resucit\u00f3 a Jes\u00fas nos resucitar\u00e1 tambi\u00e9n a nosotros con Jes\u00fas y nos colocar\u00e1 a su lado con ustedes. Y todo esto es para bien de ustedes, de manera que, al extenderse la gracia a m\u00e1s y m\u00e1s personas, se multiplique la acci\u00f3n de gracias para gloria de Dios.<\/strong><\/p>\n<\/div>\n<\/div>\n<\/div>\n<\/div>\n<div id=\"cs_control_289228\" class=\"cs_control  CS_Element_Textblock\">\n<div class=\"CS_Textblock_Text\">\n<div class=\"bibleReadingsWrapper\">\n<h4><strong>Salmo Responsorial<\/strong><\/h4>\n<h4><strong>Salmo 125, 1-2ab. 2cd-3. 4-5. 6<\/strong><\/h4>\n<div class=\"poetry\">\n<p><strong>R. (5) Entre gritos de j\u00fabilo cosechar\u00e1n<br \/>aquellos que siembran con dolor.<\/strong><br \/><strong>Cuando el Se\u00f1or nos hizo volver del cautiverio,<\/strong><br \/><strong>cre\u00edamos so\u00f1ar;<\/strong><br \/><strong>entonces no cesaba de re\u00edr nuestra boca,<\/strong><br \/><strong>ni se cansaba entonces la lengua de cantar.<\/strong><br \/><strong>R. Entre gritos de j\u00fabilo cosechar\u00e1n<br \/>aquellos que siembran con dolor.<\/strong><br \/><strong>Au los mismos paganos con asombro dec\u00edan:<\/strong><br \/><strong>\u201c\u00a1Grandes cosas ha hecho por ellos el Se\u00f1or!\u201d<\/strong><br \/><strong>Y est\u00e1bamos alegres,<\/strong><br \/><strong>pues ha hecho grandes cosas por su pueblo el Se\u00f1or.<\/strong><br \/><strong>R. Entre gritos de j\u00fabilo cosechar\u00e1n<br \/>aquellos que siembran con dolor.<\/strong><br \/><strong>Como cambian los r\u00edos la suerte del desierto,<\/strong><br \/><strong>cambia tambi\u00e9n ahora nuestra suerte, Se\u00f1or,<\/strong><br \/><strong>y entre gritos de j\u00fabilo<\/strong><br \/><strong>cosechar\u00e1n aquellos que siembran con dolor.<\/strong><br \/><strong>R. Entre gritos de j\u00fabilo cosechar\u00e1n<br \/>aquellos que siembran con dolor.<\/strong><br \/><strong>Al ir, iban llorando, cargando la semilla;<\/strong><br \/><strong>al regresar, cantando vendr\u00e1n con sus gavillas..<\/strong><br \/><strong>R. Entre gritos de j\u00fabilo cosechar\u00e1n<br \/>aquellos que siembran con dolor.<\/strong><\/p>\n<\/div>\n<\/div>\n<\/div>\n<\/div>\n<div id=\"cs_control_289230\" class=\"cs_control  CS_Element_Textblock\">\n<div class=\"CS_Textblock_Text\">\n<div class=\"bibleReadingsWrapper\">\n<h4><strong>Aclamaci\u00f3n antes del Evangelio<\/strong><\/h4>\n<h4><strong>Cfr Jn 15, 16<\/strong><\/h4>\n<div class=\"poetry\">\n<p><strong>R. Aleluya, aleluya.<\/strong><br \/><strong>Yo los he elegido del mundo, dice el Se\u00f1or,<\/strong><br \/><strong>para que vayan y den fruto y su fruto permanezca.<\/strong><br \/><strong>R. Aleluya.<\/strong><\/p>\n<\/div>\n<\/div>\n<\/div>\n<\/div>\n<div id=\"cs_control_289231\" class=\"cs_control  CS_Element_Textblock\">\n<div class=\"CS_Textblock_Text\">\n<div class=\"bibleReadingsWrapper\">\n<h4><strong>Evangelio<\/strong><\/h4>\n<h4><strong>Mt 20, 20-28<\/strong><\/h4>\n<div class=\"poetry\">\n<p><strong>En aquel tiempo, se acerc\u00f3 a Jes\u00fas la madre de los hijos de Zebedeo, junto con ellos, y se postr\u00f3 para hacerle una petici\u00f3n. \u00c9l le pregunt\u00f3: \u201c\u00bfQu\u00e9 deseas?\u201d Ella respondi\u00f3: \u201cConc\u00e9deme que estos dos hijos m\u00edos se sienten, uno a tu derecha y el otro a tu izquierda, en tu Reino\u201d. Pero Jes\u00fas replic\u00f3: \u201cNo saben ustedes lo que piden. \u00bfPodr\u00e1n beber el c\u00e1liz que yo he de beber?\u201d Ellos contestaron: \u201cS\u00ed podemos\u201d. Y \u00e9l les dijo: \u201cBeber\u00e1n mi c\u00e1liz; pero eso de sentarse a mi derecha o a mi izquierda no me toca a m\u00ed concederlo; es para quien mi Padre lo tiene reservado\u201d.<\/strong><\/p>\n<p><strong>Al o\u00edr aquello, los otros diez disc\u00edpulos se indignaron contra los dos hermanos. Pero Jes\u00fas los llam\u00f3 y les dijo: \u201cYa saben que los jefes de los pueblos los tiranizan y que los grandes los oprimen. Que no sea as\u00ed entre ustedes. El que quiera ser grande entre ustedes, que sea el que los sirva, y el que quiera ser primero, que sea su esclavo; as\u00ed como el Hijo del hombre no ha venido a ser servido, sino a servir y a dar la vida por la redenci\u00f3n de todos\u201d.<\/strong><\/p>\n<p><img loading=\"lazy\" decoding=\"async\" src=\"http:\/\/fatherbroom.com\/es\/wp-content\/media\/sites\/3\/Screen-Shot-2020-07-24-at-8.53.18-PM-300x99.png\" alt=\"\" width=\"524\" height=\"173\" class=\"aligncenter  wp-image-23508\" srcset=\"https:\/\/fatherbroom.com\/es\/wp-content\/media\/sites\/3\/Screen-Shot-2020-07-24-at-8.53.18-PM-300x99.png 300w, https:\/\/fatherbroom.com\/es\/wp-content\/media\/sites\/3\/Screen-Shot-2020-07-24-at-8.53.18-PM-768x254.png 768w, https:\/\/fatherbroom.com\/es\/wp-content\/media\/sites\/3\/Screen-Shot-2020-07-24-at-8.53.18-PM-1024x339.png 1024w, https:\/\/fatherbroom.com\/es\/wp-content\/media\/sites\/3\/Screen-Shot-2020-07-24-at-8.53.18-PM.png 1812w\" sizes=\"auto, (max-width: 524px) 100vw, 524px\" \/><br \/><strong>Catecismo de la Iglesia Cat\u00f3lica<\/strong><\/p>\n<\/div>\n<\/div>\n<\/div>\n<\/div>\n<div id=\"cs_control_289214\" class=\"cs_control  CS_Element_Textblock\">\n<div class=\"CS_Textblock_Text\">\n<p><strong>53 El designio divino de la revelaci\u00f3n se realiza a la vez \u00abmediante acciones y palabras\u00bb, \u00edntimamente ligadas entre s\u00ed y que se esclarecen mutuamente (DV 2). Este designio comporta una \u00abpedagog\u00eda divina\u00bb particular: Dios se comunica gradualmente al hombre, lo prepara por etapas para acoger la Revelaci\u00f3n sobrenatural que hace de s\u00ed mismo y que culminar\u00e1 en la Persona y la misi\u00f3n del Verbo encarnado, Jesucristo.<\/strong><\/p>\n<p><strong>San Ireneo de Lyon habla en varias ocasiones de esta pedagog\u00eda divina bajo la imagen de un mutuo acostumbrarse entre Dios y el hombre: \u00abEl Verbo de Dios [&#8230;] ha habitado en el hombre y se ha hecho Hijo del hombre para acostumbrar al hombre a comprender a Dios y para acostumbrar a Dios a habitar en el hombre, seg\u00fan la voluntad del Padre\u00bb (Adversus haereses, 3,20,2; cf. por ejemplo, Ibid., 3, 17,1; Ib\u00edd., 4,12,4; Ib\u00edd.,4, 21,3).<\/strong><\/p>\n<\/div>\n<\/div>\n<\/div>\n<\/div>\n<\/div>\n<\/div>\n<\/div>\n<\/div>\n<h4><img loading=\"lazy\" decoding=\"async\" src=\"http:\/\/fatherbroom.com\/es\/wp-content\/media\/sites\/3\/Screen-Shot-2020-07-24-at-8.54.23-PM-300x100.png\" alt=\"\" width=\"492\" height=\"164\" class=\"aligncenter  wp-image-23509\" srcset=\"https:\/\/fatherbroom.com\/es\/wp-content\/media\/sites\/3\/Screen-Shot-2020-07-24-at-8.54.23-PM-300x100.png 300w, https:\/\/fatherbroom.com\/es\/wp-content\/media\/sites\/3\/Screen-Shot-2020-07-24-at-8.54.23-PM-768x257.png 768w, https:\/\/fatherbroom.com\/es\/wp-content\/media\/sites\/3\/Screen-Shot-2020-07-24-at-8.54.23-PM-1024x343.png 1024w, https:\/\/fatherbroom.com\/es\/wp-content\/media\/sites\/3\/Screen-Shot-2020-07-24-at-8.54.23-PM.png 1816w\" sizes=\"auto, (max-width: 492px) 100vw, 492px\" \/><br \/><strong><br \/><\/strong><\/h4>\n<figure id=\"attachment_23505\" aria-describedby=\"caption-attachment-23505\" style=\"width: 435px\" class=\"wp-caption aligncenter\"><img loading=\"lazy\" decoding=\"async\" src=\"http:\/\/fatherbroom.com\/es\/wp-content\/media\/sites\/3\/1200px-Guido_Reni_-_Saint_James_the_Greater_-_Google_Art_Project-218x300.jpg\" alt=\"\" width=\"435\" height=\"599\" class=\" wp-image-23505\" srcset=\"https:\/\/fatherbroom.com\/es\/wp-content\/media\/sites\/3\/1200px-Guido_Reni_-_Saint_James_the_Greater_-_Google_Art_Project-218x300.jpg 218w, https:\/\/fatherbroom.com\/es\/wp-content\/media\/sites\/3\/1200px-Guido_Reni_-_Saint_James_the_Greater_-_Google_Art_Project-768x1057.jpg 768w, https:\/\/fatherbroom.com\/es\/wp-content\/media\/sites\/3\/1200px-Guido_Reni_-_Saint_James_the_Greater_-_Google_Art_Project-744x1024.jpg 744w, https:\/\/fatherbroom.com\/es\/wp-content\/media\/sites\/3\/1200px-Guido_Reni_-_Saint_James_the_Greater_-_Google_Art_Project.jpg 1200w\" sizes=\"auto, (max-width: 435px) 100vw, 435px\" \/><figcaption id=\"caption-attachment-23505\" class=\"wp-caption-text\">Saint James the Great by Guido Reni<\/figcaption><\/figure>\n<p><strong>Santo Santiago, Ap\u00f3stol<br \/>Ruega por nosotros.<\/strong><\/p>\n<h4><strong>\u00a0<\/strong><\/h4>\n<div class=\"synved-social-container synved-social-container-share\" style=\"text-align: center\"><a class=\"synved-social-button synved-social-button-share synved-social-size-48 synved-social-resolution-single synved-social-provider-facebook nolightbox\" data-provider=\"facebook\" target=\"_blank\" rel=\"nofollow\" title=\"Share on Facebook\" href=\"https:\/\/www.facebook.com\/sharer.php?u=https%3A%2F%2Ffatherbroom.com%2Fes%2Fwp-json%2Fwp%2Fv2%2Fposts%2F23437&#038;t=LECTURAS%20DEL%20DIA%20%7C%2025%20DE%20JULIO%202020&#038;s=100&#038;p&#091;url&#093;=https%3A%2F%2Ffatherbroom.com%2Fes%2Fwp-json%2Fwp%2Fv2%2Fposts%2F23437&#038;p&#091;images&#093;&#091;0&#093;=http%3A%2F%2Ffatherbroom.com%2Fes%2Fwp-content%2Fmedia%2Fsites%2F3%2F1200px-Guido_Reni_-_Saint_James_the_Greater_-_Google_Art_Project-218x300.jpg&#038;p&#091;title&#093;=LECTURAS%20DEL%20DIA%20%7C%2025%20DE%20JULIO%202020\" style=\"font-size: 0px;width:48px;height:48px;margin:0;margin-bottom:5px;margin-right:5px\"><img loading=\"lazy\" decoding=\"async\" alt=\"Facebook\" title=\"Share on Facebook\" class=\"synved-share-image synved-social-image synved-social-image-share\" width=\"48\" height=\"48\" style=\"display: inline;width:48px;height:48px;margin: 0;padding: 0;border: none;box-shadow: none\" src=\"https:\/\/fatherbroom.com\/es\/wp-content\/plugins\/social-media-feather\/synved-social\/image\/social\/regular\/96x96\/facebook.png\" \/><\/a><a class=\"synved-social-button synved-social-button-share synved-social-size-48 synved-social-resolution-single synved-social-provider-twitter nolightbox\" data-provider=\"twitter\" target=\"_blank\" rel=\"nofollow\" title=\"Share on Twitter\" href=\"https:\/\/twitter.com\/intent\/tweet?url=https%3A%2F%2Ffatherbroom.com%2Fes%2Fwp-json%2Fwp%2Fv2%2Fposts%2F23437&#038;text=Hey%20check%20this%20out\" style=\"font-size: 0px;width:48px;height:48px;margin:0;margin-bottom:5px;margin-right:5px\"><img loading=\"lazy\" decoding=\"async\" alt=\"twitter\" title=\"Share on Twitter\" class=\"synved-share-image synved-social-image synved-social-image-share\" width=\"48\" height=\"48\" style=\"display: inline;width:48px;height:48px;margin: 0;padding: 0;border: none;box-shadow: none\" src=\"https:\/\/fatherbroom.com\/es\/wp-content\/plugins\/social-media-feather\/synved-social\/image\/social\/regular\/96x96\/twitter.png\" \/><\/a><a class=\"synved-social-button synved-social-button-share synved-social-size-48 synved-social-resolution-single synved-social-provider-reddit nolightbox\" data-provider=\"reddit\" target=\"_blank\" rel=\"nofollow\" title=\"Share on Reddit\" href=\"https:\/\/www.reddit.com\/submit?url=https%3A%2F%2Ffatherbroom.com%2Fes%2Fwp-json%2Fwp%2Fv2%2Fposts%2F23437&#038;title=LECTURAS%20DEL%20DIA%20%7C%2025%20DE%20JULIO%202020\" style=\"font-size: 0px;width:48px;height:48px;margin:0;margin-bottom:5px;margin-right:5px\"><img loading=\"lazy\" decoding=\"async\" alt=\"reddit\" title=\"Share on Reddit\" class=\"synved-share-image synved-social-image synved-social-image-share\" width=\"48\" height=\"48\" style=\"display: inline;width:48px;height:48px;margin: 0;padding: 0;border: none;box-shadow: none\" src=\"https:\/\/fatherbroom.com\/es\/wp-content\/plugins\/social-media-feather\/synved-social\/image\/social\/regular\/96x96\/reddit.png\" \/><\/a><a class=\"synved-social-button synved-social-button-share synved-social-size-48 synved-social-resolution-single synved-social-provider-pinterest nolightbox\" data-provider=\"pinterest\" target=\"_blank\" rel=\"nofollow\" title=\"Pin it with Pinterest\" href=\"https:\/\/pinterest.com\/pin\/create\/button\/?url=https%3A%2F%2Ffatherbroom.com%2Fes%2Fwp-json%2Fwp%2Fv2%2Fposts%2F23437&#038;media=http%3A%2F%2Ffatherbroom.com%2Fes%2Fwp-content%2Fmedia%2Fsites%2F3%2F1200px-Guido_Reni_-_Saint_James_the_Greater_-_Google_Art_Project-218x300.jpg&#038;description=LECTURAS%20DEL%20DIA%20%7C%2025%20DE%20JULIO%202020\" style=\"font-size: 0px;width:48px;height:48px;margin:0;margin-bottom:5px;margin-right:5px\"><img loading=\"lazy\" decoding=\"async\" alt=\"pinterest\" title=\"Pin it with Pinterest\" class=\"synved-share-image synved-social-image synved-social-image-share\" width=\"48\" height=\"48\" style=\"display: inline;width:48px;height:48px;margin: 0;padding: 0;border: none;box-shadow: none\" src=\"https:\/\/fatherbroom.com\/es\/wp-content\/plugins\/social-media-feather\/synved-social\/image\/social\/regular\/96x96\/pinterest.png\" \/><\/a><a class=\"synved-social-button synved-social-button-share synved-social-size-48 synved-social-resolution-single synved-social-provider-linkedin nolightbox\" data-provider=\"linkedin\" target=\"_blank\" rel=\"nofollow\" title=\"Share on Linkedin\" href=\"https:\/\/www.linkedin.com\/shareArticle?mini=true&#038;url=https%3A%2F%2Ffatherbroom.com%2Fes%2Fwp-json%2Fwp%2Fv2%2Fposts%2F23437&#038;title=LECTURAS%20DEL%20DIA%20%7C%2025%20DE%20JULIO%202020\" style=\"font-size: 0px;width:48px;height:48px;margin:0;margin-bottom:5px;margin-right:5px\"><img loading=\"lazy\" decoding=\"async\" alt=\"linkedin\" title=\"Share on Linkedin\" class=\"synved-share-image synved-social-image synved-social-image-share\" width=\"48\" height=\"48\" style=\"display: inline;width:48px;height:48px;margin: 0;padding: 0;border: none;box-shadow: none\" src=\"https:\/\/fatherbroom.com\/es\/wp-content\/plugins\/social-media-feather\/synved-social\/image\/social\/regular\/96x96\/linkedin.png\" \/><\/a><a class=\"synved-social-button synved-social-button-share synved-social-size-48 synved-social-resolution-single synved-social-provider-mail nolightbox\" data-provider=\"mail\" rel=\"nofollow\" title=\"Share by email\" href=\"mailto:?subject=LECTURAS%20DEL%20DIA%20%7C%2025%20DE%20JULIO%202020&#038;body=Hey%20check%20this%20out:%20https%3A%2F%2Ffatherbroom.com%2Fes%2Fwp-json%2Fwp%2Fv2%2Fposts%2F23437\" style=\"font-size: 0px;width:48px;height:48px;margin:0;margin-bottom:5px\"><img loading=\"lazy\" decoding=\"async\" alt=\"mail\" title=\"Share by email\" class=\"synved-share-image synved-social-image synved-social-image-share\" width=\"48\" height=\"48\" style=\"display: inline;width:48px;height:48px;margin: 0;padding: 0;border: none;box-shadow: none\" src=\"https:\/\/fatherbroom.com\/es\/wp-content\/plugins\/social-media-feather\/synved-social\/image\/social\/regular\/96x96\/mail.png\" \/><\/a><\/div>","protected":false},"excerpt":{"rendered":"<p>25 de julio 2020 Fiesta de Santiago, Ap\u00f3stol Primera lectura\u00a02 Cor 4, 7-15 Hermanos: Llevamos un tesoro en vasijas de barro, para que se vea que esta fuerza tan extraordinaria proviene de Dios y no de nosotros mismos. Por eso sufrimos toda clase de pruebas, pero no nos angustiamos. Nos abruman las preocupaciones, pero no [&hellip;]<\/p>\n","protected":false},"author":7,"featured_media":0,"comment_status":"open","ping_status":"open","sticky":false,"template":"","format":"standard","meta":{"_genesis_hide_title":false,"_genesis_hide_breadcrumbs":false,"_genesis_hide_singular_image":false,"_genesis_hide_footer_widgets":false,"_genesis_custom_body_class":"","_genesis_custom_post_class":"","_genesis_layout":"","footnotes":""},"categories":[277],"tags":[],"class_list":{"0":"post-23437","1":"post","2":"type-post","3":"status-publish","4":"format-standard","6":"category-lecturas-del-dia","7":"entry"},"_links":{"self":[{"href":"https:\/\/fatherbroom.com\/es\/wp-json\/wp\/v2\/posts\/23437","targetHints":{"allow":["GET"]}}],"collection":[{"href":"https:\/\/fatherbroom.com\/es\/wp-json\/wp\/v2\/posts"}],"about":[{"href":"https:\/\/fatherbroom.com\/es\/wp-json\/wp\/v2\/types\/post"}],"author":[{"embeddable":true,"href":"https:\/\/fatherbroom.com\/es\/wp-json\/wp\/v2\/users\/7"}],"replies":[{"embeddable":true,"href":"https:\/\/fatherbroom.com\/es\/wp-json\/wp\/v2\/comments?post=23437"}],"version-history":[{"count":4,"href":"https:\/\/fatherbroom.com\/es\/wp-json\/wp\/v2\/posts\/23437\/revisions"}],"predecessor-version":[{"id":23511,"href":"https:\/\/fatherbroom.com\/es\/wp-json\/wp\/v2\/posts\/23437\/revisions\/23511"}],"wp:attachment":[{"href":"https:\/\/fatherbroom.com\/es\/wp-json\/wp\/v2\/media?parent=23437"}],"wp:term":[{"taxonomy":"category","embeddable":true,"href":"https:\/\/fatherbroom.com\/es\/wp-json\/wp\/v2\/categories?post=23437"},{"taxonomy":"post_tag","embeddable":true,"href":"https:\/\/fatherbroom.com\/es\/wp-json\/wp\/v2\/tags?post=23437"}],"curies":[{"name":"wp","href":"https:\/\/api.w.org\/{rel}","templated":true}]}}