{"id":23435,"date":"2020-07-24T02:00:20","date_gmt":"2020-07-24T09:00:20","guid":{"rendered":"http:\/\/fatherbroom.com\/es\/?p=23435"},"modified":"2020-07-24T10:55:24","modified_gmt":"2020-07-24T17:55:24","slug":"lecturas-del-dia-24-de-julio-2020","status":"publish","type":"post","link":"https:\/\/fatherbroom.com\/es\/2020\/07\/lecturas-del-dia-24-de-julio-2020\/","title":{"rendered":"LECTURAS DEL DIA | 24 DE JULIO 2020"},"content":{"rendered":"<p><img loading=\"lazy\" decoding=\"async\" src=\"http:\/\/fatherbroom.com\/es\/wp-content\/media\/sites\/3\/Screen-Shot-2020-07-24-at-10.46.45-AM-300x169.png\" alt=\"\" width=\"575\" height=\"324\" class=\"aligncenter  wp-image-23493\" srcset=\"https:\/\/fatherbroom.com\/es\/wp-content\/media\/sites\/3\/Screen-Shot-2020-07-24-at-10.46.45-AM-300x169.png 300w, https:\/\/fatherbroom.com\/es\/wp-content\/media\/sites\/3\/Screen-Shot-2020-07-24-at-10.46.45-AM-768x432.png 768w, https:\/\/fatherbroom.com\/es\/wp-content\/media\/sites\/3\/Screen-Shot-2020-07-24-at-10.46.45-AM-1024x576.png 1024w, https:\/\/fatherbroom.com\/es\/wp-content\/media\/sites\/3\/Screen-Shot-2020-07-24-at-10.46.45-AM.png 1636w\" sizes=\"auto, (max-width: 575px) 100vw, 575px\" \/><\/p>\n<h4><strong>24 de julio 2020<\/strong><\/h4>\n<div class=\"contentarea\">\n<div id=\"cs_control_1386\" class=\"cs_control CS_Element_Schedule\">\n<div title=\"\" id=\"CS_Element_maincontent\">\n<div id=\"gridRow_1_1_1386\" class=\"cs_GridRow\">\n<div id=\"gridCol_1_1_1_1_1386\" class=\"cs_GridColumn\">\n<div id=\"cs_control_157991\" class=\"cs_control  lecturas-block\">\n<div id=\"cs_control_3683\" class=\"cs_control  CS_Element_Textblock\">\n<div class=\"CS_Textblock_Text\">\n<h4><strong>Viernes de la XVI semana del Tiempo ordinario<\/strong><\/p>\n<p><strong>Primera lectura<\/strong><\/h4>\n<\/div>\n<\/div>\n<div id=\"cs_control_3684\" class=\"cs_control  CS_Element_Textblock\">\n<div class=\"CS_Textblock_Text\">\n<div class=\"bibleReadingsWrapper\">\n<h4><strong>Jer 3, 14-17<\/strong><\/h4>\n<div class=\"poetry\">\n<p><strong>\u201cVu\u00e9lvanse a m\u00ed, hijos rebeldes, porque yo soy su due\u00f1o, dice el Se\u00f1or: Ir\u00e9 tomando conmigo a uno de cada ciudad, a dos de cada familia y los traer\u00e9 a Si\u00f3n; les dar\u00e9 pastores seg\u00fan mi coraz\u00f3n, que los apacienten con sabidur\u00eda y prudencia.<\/strong><\/p>\n<p><strong>Despu\u00e9s, cuando ustedes se hayan multiplicado y hayan prosperado en el pa\u00eds, palabra del Se\u00f1or, ya no habr\u00e1 necesidad de invocar el arca de la alianza del Se\u00f1or, pues ya no pensar\u00e1n en ella, ni se acordar\u00e1n de ella, ni la echar\u00e1n de menos, ni se les ocurrir\u00e1 hacer otra.<\/strong><\/p>\n<p><strong>En aquel tiempo, llamar\u00e1n a Jerusal\u00e9n \u2018el trono del Se\u00f1or\u2019, acudir\u00e1n a ella todos los pueblos en el nombre del Se\u00f1or y ya no seguir\u00e1n la maldad de su coraz\u00f3n obstinado\u201d.<\/strong><\/p>\n<\/div>\n<\/div>\n<\/div>\n<\/div>\n<div id=\"cs_control_289228\" class=\"cs_control  CS_Element_Textblock\">\n<div class=\"CS_Textblock_Text\">\n<div class=\"bibleReadingsWrapper\">\n<h4><strong>Salmo Responsorial<\/strong><\/h4>\n<h4><strong>Jerem\u00edas 31, 10. 11-12ab. 13<\/strong><\/h4>\n<div class=\"poetry\">\n<p><strong>R. (cf. 10d) El Se\u00f1or es nuestro pastor.<\/strong><br \/><strong>Escuchen, pueblos, la palabra del Se\u00f1or,<\/strong><br \/><strong>y an\u00fancienla aun es las islas m\u00e1s remotas:<\/strong><br \/><strong>\u201cEl que dispers\u00f3 a Israel lo reunir\u00e1<\/strong><br \/><strong>y lo cuidar\u00e1 como el pastor a su reba\u00f1o\u201d. R.<\/strong><br \/><strong>R. El Se\u00f1or es nuestro pastor.<\/strong><br \/><strong>Porque el Se\u00f1or redimi\u00f3 a Jacob<\/strong><br \/><strong>y lo rescat\u00f3 de las manos del poderoso.<\/strong><br \/><strong>Ellos vendr\u00e1n para aclamarlo al monte Si\u00f3n<\/strong><br \/><strong>Y correr\u00e1n hacia los bienes del Se\u00f1or. R.<\/strong><br \/><strong>R. El Se\u00f1or es nuestro pastor.<\/strong><br \/><strong>Entonces se alegrar\u00e1n las j\u00f3venes, danzando;<\/strong><br \/><strong>se sentir\u00e1n felices j\u00f3venes y viejos,\u00a0 \u00a0<\/strong><br \/><strong>porque yo convertir\u00e9 su tristeza en alegr\u00eda,\u00a0 \u00a0<\/strong><br \/><strong>y los llenar\u00e9 de gozo y aliviar\u00e9 sus penas. R.<\/strong><br \/><strong>R. El Se\u00f1or es nuestro pastor.<\/strong><\/p>\n<\/div>\n<\/div>\n<\/div>\n<\/div>\n<div id=\"cs_control_289230\" class=\"cs_control  CS_Element_Textblock\">\n<div class=\"CS_Textblock_Text\">\n<div class=\"bibleReadingsWrapper\">\n<h4><strong>Aclamaci\u00f3n antes del Evangelio<\/strong><\/h4>\n<h4><strong>Cfr Lc 8, 15<\/strong><\/h4>\n<div class=\"poetry\">\n<p><strong>R. Aleluya, aleluya.<\/strong><br \/><strong>Dichosos los que cumplen la palabra del Se\u00f1or<\/strong><br \/><strong>con un coraz\u00f3n bueno y sincero,<\/strong><br \/><strong>y perseveran hasta dar fruto.<\/strong><br \/><strong>R. Aleluya.<\/strong><\/p>\n<\/div>\n<\/div>\n<\/div>\n<\/div>\n<div id=\"cs_control_289231\" class=\"cs_control  CS_Element_Textblock\">\n<div class=\"CS_Textblock_Text\">\n<div class=\"bibleReadingsWrapper\">\n<h4><strong>Evangelio<\/strong><\/h4>\n<h4><strong>Mt 13, 18-23<\/strong><\/h4>\n<div class=\"poetry\">\n<p><strong>En aquel tiempo, Jes\u00fas dijo a sus disc\u00edpulos: \u201cEscuchen ustedes lo que significa la par\u00e1bola del sembrador. A todo hombre que oye la palabra del Reino y no la entiende, le llega el diablo y le arrebata lo sembrado en su coraz\u00f3n. Esto es lo que significan los granos que cayeron a lo largo del camino.<\/strong><\/p>\n<p><strong>Lo sembrado sobre terreno pedregoso significa al que oye la palabra y la acepta inmediatamente con alegr\u00eda; pero, como es inconstante, no la deja echar ra\u00edces, y apenas le viene una tribulaci\u00f3n o una persecuci\u00f3n por causa de la palabra, sucumbe.<\/strong><\/p>\n<p><strong>Lo sembrado entre los espinos representa a aquel que oye la palabra, pero las preocupaciones de la vida y la seducci\u00f3n de las riquezas, la sofocan y queda sin fruto.<\/strong><\/p>\n<p><strong>En cambio, lo sembrado en tierra buena, representa a quienes oyen la palabra, la entienden y dan fruto; unos, el ciento por uno; otros, el sesenta; y otros, el treinta\u2019\u2019.<br \/><\/strong><br \/><img loading=\"lazy\" decoding=\"async\" src=\"http:\/\/fatherbroom.com\/es\/wp-content\/media\/sites\/3\/Screen-Shot-2020-07-24-at-10.47.56-AM-300x99.png\" alt=\"\" width=\"556\" height=\"183\" class=\"aligncenter  wp-image-23495\" srcset=\"https:\/\/fatherbroom.com\/es\/wp-content\/media\/sites\/3\/Screen-Shot-2020-07-24-at-10.47.56-AM-300x99.png 300w, https:\/\/fatherbroom.com\/es\/wp-content\/media\/sites\/3\/Screen-Shot-2020-07-24-at-10.47.56-AM-768x253.png 768w, https:\/\/fatherbroom.com\/es\/wp-content\/media\/sites\/3\/Screen-Shot-2020-07-24-at-10.47.56-AM-1024x338.png 1024w, https:\/\/fatherbroom.com\/es\/wp-content\/media\/sites\/3\/Screen-Shot-2020-07-24-at-10.47.56-AM.png 1808w\" sizes=\"auto, (max-width: 556px) 100vw, 556px\" \/><\/p>\n<p><strong>Catecismo de la Iglesia Cat\u00f3lica<\/strong><\/p>\n<p><strong>52 Dios, que \u00abhabita una luz inaccesible\u00bb (<i>1 Tm<\/i> 6,16) quiere comunicar su propia vida divina a los hombres libremente creados por \u00e9l, para hacer de ellos, en su Hijo \u00fanico, hijos adoptivos (cf. <i>Ef<\/i> 1,4-5). Al revelarse a s\u00ed mismo, Dios quiere hacer a los hombres capaces de responderle, de conocerle y de amarle m\u00e1s all\u00e1 de lo que ellos ser\u00edan capaces por sus propias fuerzas.<\/strong><\/p>\n<p><img loading=\"lazy\" decoding=\"async\" src=\"http:\/\/fatherbroom.com\/es\/wp-content\/media\/sites\/3\/Screen-Shot-2020-07-24-at-10.54.44-AM-300x99.png\" alt=\"\" width=\"545\" height=\"180\" class=\"aligncenter  wp-image-23497\" srcset=\"https:\/\/fatherbroom.com\/es\/wp-content\/media\/sites\/3\/Screen-Shot-2020-07-24-at-10.54.44-AM-300x99.png 300w, https:\/\/fatherbroom.com\/es\/wp-content\/media\/sites\/3\/Screen-Shot-2020-07-24-at-10.54.44-AM-768x253.png 768w, https:\/\/fatherbroom.com\/es\/wp-content\/media\/sites\/3\/Screen-Shot-2020-07-24-at-10.54.44-AM-1024x338.png 1024w, https:\/\/fatherbroom.com\/es\/wp-content\/media\/sites\/3\/Screen-Shot-2020-07-24-at-10.54.44-AM.png 1818w\" sizes=\"auto, (max-width: 545px) 100vw, 545px\" \/><\/p>\n<p><img loading=\"lazy\" decoding=\"async\" src=\"http:\/\/fatherbroom.com\/es\/wp-content\/media\/sites\/3\/Charbel-211x300.jpg\" alt=\"\" width=\"211\" height=\"300\" class=\"aligncenter size-medium wp-image-23496\" srcset=\"https:\/\/fatherbroom.com\/es\/wp-content\/media\/sites\/3\/Charbel-211x300.jpg 211w, https:\/\/fatherbroom.com\/es\/wp-content\/media\/sites\/3\/Charbel.jpg 419w\" sizes=\"auto, (max-width: 211px) 100vw, 211px\" \/><\/p>\n<p><strong>San Ch\u00e1rbel Makhl\u016bf<br \/>Ruega por nosotros.<\/strong><\/p>\n<\/div>\n<\/div>\n<\/div>\n<\/div>\n<\/div>\n<\/div>\n<\/div>\n<\/div>\n<\/div>\n<\/div>\n<div class=\"synved-social-container synved-social-container-share\" style=\"text-align: center\"><a class=\"synved-social-button synved-social-button-share synved-social-size-48 synved-social-resolution-single synved-social-provider-facebook nolightbox\" data-provider=\"facebook\" target=\"_blank\" rel=\"nofollow\" title=\"Share on Facebook\" href=\"https:\/\/www.facebook.com\/sharer.php?u=https%3A%2F%2Ffatherbroom.com%2Fes%2Fwp-json%2Fwp%2Fv2%2Fposts%2F23435&#038;t=LECTURAS%20DEL%20DIA%20%7C%2024%20DE%20JULIO%202020&#038;s=100&#038;p&#091;url&#093;=https%3A%2F%2Ffatherbroom.com%2Fes%2Fwp-json%2Fwp%2Fv2%2Fposts%2F23435&#038;p&#091;images&#093;&#091;0&#093;=http%3A%2F%2Ffatherbroom.com%2Fes%2Fwp-content%2Fmedia%2Fsites%2F3%2FCharbel-211x300.jpg&#038;p&#091;title&#093;=LECTURAS%20DEL%20DIA%20%7C%2024%20DE%20JULIO%202020\" style=\"font-size: 0px;width:48px;height:48px;margin:0;margin-bottom:5px;margin-right:5px\"><img loading=\"lazy\" decoding=\"async\" alt=\"Facebook\" title=\"Share on Facebook\" class=\"synved-share-image synved-social-image synved-social-image-share\" width=\"48\" height=\"48\" style=\"display: inline;width:48px;height:48px;margin: 0;padding: 0;border: none;box-shadow: none\" src=\"https:\/\/fatherbroom.com\/es\/wp-content\/plugins\/social-media-feather\/synved-social\/image\/social\/regular\/96x96\/facebook.png\" \/><\/a><a class=\"synved-social-button synved-social-button-share synved-social-size-48 synved-social-resolution-single synved-social-provider-twitter nolightbox\" data-provider=\"twitter\" target=\"_blank\" rel=\"nofollow\" title=\"Share on Twitter\" href=\"https:\/\/twitter.com\/intent\/tweet?url=https%3A%2F%2Ffatherbroom.com%2Fes%2Fwp-json%2Fwp%2Fv2%2Fposts%2F23435&#038;text=Hey%20check%20this%20out\" style=\"font-size: 0px;width:48px;height:48px;margin:0;margin-bottom:5px;margin-right:5px\"><img loading=\"lazy\" decoding=\"async\" alt=\"twitter\" title=\"Share on Twitter\" class=\"synved-share-image synved-social-image synved-social-image-share\" width=\"48\" height=\"48\" style=\"display: inline;width:48px;height:48px;margin: 0;padding: 0;border: none;box-shadow: none\" src=\"https:\/\/fatherbroom.com\/es\/wp-content\/plugins\/social-media-feather\/synved-social\/image\/social\/regular\/96x96\/twitter.png\" \/><\/a><a class=\"synved-social-button synved-social-button-share synved-social-size-48 synved-social-resolution-single synved-social-provider-reddit nolightbox\" data-provider=\"reddit\" target=\"_blank\" rel=\"nofollow\" title=\"Share on Reddit\" href=\"https:\/\/www.reddit.com\/submit?url=https%3A%2F%2Ffatherbroom.com%2Fes%2Fwp-json%2Fwp%2Fv2%2Fposts%2F23435&#038;title=LECTURAS%20DEL%20DIA%20%7C%2024%20DE%20JULIO%202020\" style=\"font-size: 0px;width:48px;height:48px;margin:0;margin-bottom:5px;margin-right:5px\"><img loading=\"lazy\" decoding=\"async\" alt=\"reddit\" title=\"Share on Reddit\" class=\"synved-share-image synved-social-image synved-social-image-share\" width=\"48\" height=\"48\" style=\"display: inline;width:48px;height:48px;margin: 0;padding: 0;border: none;box-shadow: none\" src=\"https:\/\/fatherbroom.com\/es\/wp-content\/plugins\/social-media-feather\/synved-social\/image\/social\/regular\/96x96\/reddit.png\" \/><\/a><a class=\"synved-social-button synved-social-button-share synved-social-size-48 synved-social-resolution-single synved-social-provider-pinterest nolightbox\" data-provider=\"pinterest\" target=\"_blank\" rel=\"nofollow\" title=\"Pin it with Pinterest\" href=\"https:\/\/pinterest.com\/pin\/create\/button\/?url=https%3A%2F%2Ffatherbroom.com%2Fes%2Fwp-json%2Fwp%2Fv2%2Fposts%2F23435&#038;media=http%3A%2F%2Ffatherbroom.com%2Fes%2Fwp-content%2Fmedia%2Fsites%2F3%2FCharbel-211x300.jpg&#038;description=LECTURAS%20DEL%20DIA%20%7C%2024%20DE%20JULIO%202020\" style=\"font-size: 0px;width:48px;height:48px;margin:0;margin-bottom:5px;margin-right:5px\"><img loading=\"lazy\" decoding=\"async\" alt=\"pinterest\" title=\"Pin it with Pinterest\" class=\"synved-share-image synved-social-image synved-social-image-share\" width=\"48\" height=\"48\" style=\"display: inline;width:48px;height:48px;margin: 0;padding: 0;border: none;box-shadow: none\" src=\"https:\/\/fatherbroom.com\/es\/wp-content\/plugins\/social-media-feather\/synved-social\/image\/social\/regular\/96x96\/pinterest.png\" \/><\/a><a class=\"synved-social-button synved-social-button-share synved-social-size-48 synved-social-resolution-single synved-social-provider-linkedin nolightbox\" data-provider=\"linkedin\" target=\"_blank\" rel=\"nofollow\" title=\"Share on Linkedin\" href=\"https:\/\/www.linkedin.com\/shareArticle?mini=true&#038;url=https%3A%2F%2Ffatherbroom.com%2Fes%2Fwp-json%2Fwp%2Fv2%2Fposts%2F23435&#038;title=LECTURAS%20DEL%20DIA%20%7C%2024%20DE%20JULIO%202020\" style=\"font-size: 0px;width:48px;height:48px;margin:0;margin-bottom:5px;margin-right:5px\"><img loading=\"lazy\" decoding=\"async\" alt=\"linkedin\" title=\"Share on Linkedin\" class=\"synved-share-image synved-social-image synved-social-image-share\" width=\"48\" height=\"48\" style=\"display: inline;width:48px;height:48px;margin: 0;padding: 0;border: none;box-shadow: none\" src=\"https:\/\/fatherbroom.com\/es\/wp-content\/plugins\/social-media-feather\/synved-social\/image\/social\/regular\/96x96\/linkedin.png\" \/><\/a><a class=\"synved-social-button synved-social-button-share synved-social-size-48 synved-social-resolution-single synved-social-provider-mail nolightbox\" data-provider=\"mail\" rel=\"nofollow\" title=\"Share by email\" href=\"mailto:?subject=LECTURAS%20DEL%20DIA%20%7C%2024%20DE%20JULIO%202020&#038;body=Hey%20check%20this%20out:%20https%3A%2F%2Ffatherbroom.com%2Fes%2Fwp-json%2Fwp%2Fv2%2Fposts%2F23435\" style=\"font-size: 0px;width:48px;height:48px;margin:0;margin-bottom:5px\"><img loading=\"lazy\" decoding=\"async\" alt=\"mail\" title=\"Share by email\" class=\"synved-share-image synved-social-image synved-social-image-share\" width=\"48\" height=\"48\" style=\"display: inline;width:48px;height:48px;margin: 0;padding: 0;border: none;box-shadow: none\" src=\"https:\/\/fatherbroom.com\/es\/wp-content\/plugins\/social-media-feather\/synved-social\/image\/social\/regular\/96x96\/mail.png\" \/><\/a><\/div>","protected":false},"excerpt":{"rendered":"<p>24 de julio 2020 Viernes de la XVI semana del Tiempo ordinario Primera lectura Jer 3, 14-17 \u201cVu\u00e9lvanse a m\u00ed, hijos rebeldes, porque yo soy su due\u00f1o, dice el Se\u00f1or: Ir\u00e9 tomando conmigo a uno de cada ciudad, a dos de cada familia y los traer\u00e9 a Si\u00f3n; les dar\u00e9 pastores seg\u00fan mi coraz\u00f3n, que [&hellip;]<\/p>\n","protected":false},"author":13,"featured_media":0,"comment_status":"open","ping_status":"open","sticky":false,"template":"","format":"standard","meta":{"_genesis_hide_title":false,"_genesis_hide_breadcrumbs":false,"_genesis_hide_singular_image":false,"_genesis_hide_footer_widgets":false,"_genesis_custom_body_class":"","_genesis_custom_post_class":"","_genesis_layout":"","footnotes":""},"categories":[277],"tags":[],"class_list":{"0":"post-23435","1":"post","2":"type-post","3":"status-publish","4":"format-standard","6":"category-lecturas-del-dia","7":"entry"},"_links":{"self":[{"href":"https:\/\/fatherbroom.com\/es\/wp-json\/wp\/v2\/posts\/23435","targetHints":{"allow":["GET"]}}],"collection":[{"href":"https:\/\/fatherbroom.com\/es\/wp-json\/wp\/v2\/posts"}],"about":[{"href":"https:\/\/fatherbroom.com\/es\/wp-json\/wp\/v2\/types\/post"}],"author":[{"embeddable":true,"href":"https:\/\/fatherbroom.com\/es\/wp-json\/wp\/v2\/users\/13"}],"replies":[{"embeddable":true,"href":"https:\/\/fatherbroom.com\/es\/wp-json\/wp\/v2\/comments?post=23435"}],"version-history":[{"count":3,"href":"https:\/\/fatherbroom.com\/es\/wp-json\/wp\/v2\/posts\/23435\/revisions"}],"predecessor-version":[{"id":23498,"href":"https:\/\/fatherbroom.com\/es\/wp-json\/wp\/v2\/posts\/23435\/revisions\/23498"}],"wp:attachment":[{"href":"https:\/\/fatherbroom.com\/es\/wp-json\/wp\/v2\/media?parent=23435"}],"wp:term":[{"taxonomy":"category","embeddable":true,"href":"https:\/\/fatherbroom.com\/es\/wp-json\/wp\/v2\/categories?post=23435"},{"taxonomy":"post_tag","embeddable":true,"href":"https:\/\/fatherbroom.com\/es\/wp-json\/wp\/v2\/tags?post=23435"}],"curies":[{"name":"wp","href":"https:\/\/api.w.org\/{rel}","templated":true}]}}