{"id":23431,"date":"2020-07-22T02:00:07","date_gmt":"2020-07-22T09:00:07","guid":{"rendered":"http:\/\/fatherbroom.com\/es\/?p=23431"},"modified":"2020-07-22T11:19:06","modified_gmt":"2020-07-22T18:19:06","slug":"lecturas-del-dia-22-de-julio-2020","status":"publish","type":"post","link":"https:\/\/fatherbroom.com\/es\/2020\/07\/lecturas-del-dia-22-de-julio-2020\/","title":{"rendered":"LECTURAS DEL DIA | 22 DE JULIO 2020"},"content":{"rendered":"<p><img loading=\"lazy\" decoding=\"async\" src=\"http:\/\/fatherbroom.com\/es\/wp-content\/media\/sites\/3\/Screen-Shot-2020-07-22-at-11.17.26-AM-300x169.png\" alt=\"\" width=\"570\" height=\"321\" class=\"aligncenter  wp-image-23485\" srcset=\"https:\/\/fatherbroom.com\/es\/wp-content\/media\/sites\/3\/Screen-Shot-2020-07-22-at-11.17.26-AM-300x169.png 300w, https:\/\/fatherbroom.com\/es\/wp-content\/media\/sites\/3\/Screen-Shot-2020-07-22-at-11.17.26-AM-768x431.png 768w, https:\/\/fatherbroom.com\/es\/wp-content\/media\/sites\/3\/Screen-Shot-2020-07-22-at-11.17.26-AM-1024x575.png 1024w, https:\/\/fatherbroom.com\/es\/wp-content\/media\/sites\/3\/Screen-Shot-2020-07-22-at-11.17.26-AM.png 1634w\" sizes=\"auto, (max-width: 570px) 100vw, 570px\" \/><\/p>\n<h4><strong>22 de julio 2020<\/strong><\/h4>\n<h4><strong>Fiesta de Santa Mar\u00eda Magdalena<\/strong><\/h4>\n<h4><strong>Primera lectura<\/strong><\/h4>\n<div class=\"contentarea\">\n<div id=\"cs_control_1386\" class=\"cs_control CS_Element_Schedule\">\n<div title=\"\" id=\"CS_Element_maincontent\">\n<div id=\"gridRow_1_1_1386\" class=\"cs_GridRow\">\n<div id=\"gridCol_1_1_1_1_1386\" class=\"cs_GridColumn\">\n<div id=\"cs_control_157991\" class=\"cs_control  lecturas-block\">\n<div id=\"cs_control_3684\" class=\"cs_control  CS_Element_Textblock\">\n<div class=\"CS_Textblock_Text\">\n<div class=\"bibleReadingsWrapper\">\n<h4><strong>Can 3, 1-4<\/strong><\/h4>\n<div class=\"poetry\">\n<p><strong>Esto dice la esposa:<\/strong><br \/><strong>\u201cEn mi lecho, por las noches,<\/strong><br \/><strong>a mi amado yo buscaba.<\/strong><br \/><strong>Lo busqu\u00e9, pero fue un vano.<\/strong><br \/><strong>Me levantar\u00e9. Por las plazas<\/strong><br \/><strong>y barrios de la ciudad<\/strong><br \/><strong>buscar\u00e9 al amor de mi alma.<\/strong><\/p>\n<p><strong>Lo busqu\u00e9, pero fue en vano.<\/strong><br \/><strong>Y me encontraron los guardias<\/strong><br \/><strong>de la ciudad, y les dije:<\/strong><br \/><strong>\u2018\u00bfQu\u00e9 no vieron a aquel que ama<\/strong><br \/><strong>mi alma?\u2019 Y apenas se fueron,<\/strong><br \/><strong>encontr\u00e9 al amor de mi alma\u201d.<\/strong><\/p>\n<\/div>\n<\/div>\n<\/div>\n<\/div>\n<div id=\"cs_control_289228\" class=\"cs_control  CS_Element_Textblock\">\n<div class=\"CS_Textblock_Text\">\n<div class=\"bibleReadingsWrapper\">\n<h4><strong>Salmo Responsorial<\/strong><\/h4>\n<h4><strong>Salmo 62, 2. 3-4. 5-6. 8-9<\/strong><\/h4>\n<div class=\"poetry\">\n<p><strong>R. (2b) Se\u00f1or, mi alma tiene sed de ti.<\/strong><br \/><strong>Se\u00f1or, t\u00fa eres mi Dios, a ti te busco;<\/strong><br \/><strong>de ti sedienta est\u00e1 mi alma.<\/strong><br \/><strong>Se\u00f1or, todo mi ser te a\u00f1ora,<\/strong><br \/><strong>como el suelo reseco a\u00f1ora el agua.<\/strong><br \/><strong>R. Se\u00f1or, mi alma tiene sed de ti.<\/strong><br \/><strong>Para admirar tu gloria y tu poder,<\/strong><br \/><strong>anhelo contemplarte en el santuario.<\/strong><br \/><strong>Pues mejor es tu amor que la existencia;<\/strong><br \/><strong>siempre, Se\u00f1or, te alabar\u00e1n mis labios.<\/strong><br \/><strong>R. Se\u00f1or, mi alma tiene sed de ti.<\/strong><br \/><strong>Podr\u00e9 as\u00ed bendecirte mientras viva<\/strong><br \/><strong>y levantar en oraci\u00f3n mis manos.<\/strong><br \/><strong>De lo mejor se saciar\u00e1 mi alma;<\/strong><br \/><strong>te alabar\u00e9 con j\u00fabilo en los labios.<\/strong><br \/><strong>R. Se\u00f1or, mi alma tiene sed de ti.<\/strong><br \/><strong>Fuiste mi auxilio<\/strong><br \/><strong>y a tu sombra, cant\u00e9 lleno de gozo.<\/strong><br \/><strong>A ti se adhiere mi alma<\/strong><br \/><strong>y tu diestra me de seguro apoyo.<\/strong><br \/><strong>R. Se\u00f1or, mi alma tiene sed de ti.<\/strong><\/p>\n<\/div>\n<\/div>\n<\/div>\n<\/div>\n<div id=\"cs_control_289230\" class=\"cs_control  CS_Element_Textblock\">\n<div class=\"CS_Textblock_Text\">\n<div class=\"bibleReadingsWrapper\">\n<h4><strong>Aclamaci\u00f3n antes del Evangelio<\/strong><\/h4>\n<div class=\"poetry\">\n<p><strong>R. Aleluya, aleluya.<\/strong><br \/><strong>\u00bfQu\u00e9 has visto de camino,<\/strong><br \/><strong>Mar\u00eda, en la ma\u00f1ana?<\/strong><br \/><strong>A mi Se\u00f1or glorioso,<\/strong><br \/><strong>la tumba abandonada.<\/strong><br \/><strong>R. Aleluya.<\/strong><\/p>\n<\/div>\n<\/div>\n<\/div>\n<\/div>\n<div id=\"cs_control_289231\" class=\"cs_control  CS_Element_Textblock\">\n<div class=\"CS_Textblock_Text\">\n<div class=\"bibleReadingsWrapper\">\n<h4><strong>Evangelio<\/strong><\/h4>\n<h4><strong>Jn 20, 1-2. 11-18<\/strong><\/h4>\n<div class=\"poetry\">\n<p><strong>El primer d\u00eda despu\u00e9s del s\u00e1bado, estando todav\u00eda oscuro, fue Mar\u00eda Magdalena al sepulcro y vio removida la piedra que lo cerraba. Ech\u00f3 a correr, lleg\u00f3 a la casa donde estaban Sim\u00f3n Pedro y el otro disc\u00edpulo, a quien Jes\u00fas amaba, y les dijo: \u201cSe han llevado del sepulcro al Se\u00f1or y no sabemos d\u00f3nde lo habr\u00e1n puesto\u201d.<\/strong><\/p>\n<p><strong>Mar\u00eda se hab\u00eda quedado llorando junto al sepulcro de Jes\u00fas. Sin dejar de llorar, se asom\u00f3 al sepulcro y vio dos \u00e1ngeles vestidos de blanco, sentados en el lugar donde hab\u00eda estado el cuerpo de Jes\u00fas, uno en la cabecera y el otro junto a los pies. Los \u00e1ngeles le preguntaron: \u201c\u00bfPor qu\u00e9 est\u00e1s llorando, mujer?\u201d Ella les contest\u00f3: \u201cPorque se han llevado a mi Se\u00f1or y no s\u00e9 d\u00f3nde lo habr\u00e1n puesto\u201d.<\/strong><\/p>\n<p><strong>Dicho esto, mir\u00f3 hacia atr\u00e1s y vio a Jes\u00fas de pie, pero no sab\u00eda que era Jes\u00fas. Entonces \u00e9l le dijo: \u201cMujer, \u00bfpor qu\u00e9 est\u00e1s llorando? \u00bfA qui\u00e9n buscas?\u201d Ella, creyendo que era el jardinero, le respondi\u00f3: \u201cSe\u00f1or, si t\u00fa te lo llevaste, dime d\u00f3nde lo has puesto\u201d. Jes\u00fas le dijo: \u201c\u00a1Mar\u00eda!\u201d Ella se volvi\u00f3 y exclam\u00f3: \u201c\u00a1Rabbun\u00ed!\u201d, que en hebreo significa \u2018maestro\u2019. Jes\u00fas le dijo: \u201cD\u00e9jame ya, porque todav\u00eda no he subido al Padre. Ve a decir a mis hermanos: \u2018Subo a mi Padre y su Padre, a mi Dios y su Dios\u2019 \u201d.<\/strong><\/p>\n<p><strong>Mar\u00eda Magdalena se fue a ver a los disc\u00edpulos para decirles que hab\u00eda visto al Se\u00f1or y para darles su mensaje.<\/strong><\/p>\n<p><img loading=\"lazy\" decoding=\"async\" src=\"http:\/\/fatherbroom.com\/es\/wp-content\/media\/sites\/3\/Screen-Shot-2020-07-21-at-7.05.42-PM-300x100.png\" alt=\"\" width=\"549\" height=\"183\" class=\"aligncenter  wp-image-23472\" srcset=\"https:\/\/fatherbroom.com\/es\/wp-content\/media\/sites\/3\/Screen-Shot-2020-07-21-at-7.05.42-PM-300x100.png 300w, https:\/\/fatherbroom.com\/es\/wp-content\/media\/sites\/3\/Screen-Shot-2020-07-21-at-7.05.42-PM-768x257.png 768w, https:\/\/fatherbroom.com\/es\/wp-content\/media\/sites\/3\/Screen-Shot-2020-07-21-at-7.05.42-PM-1024x343.png 1024w, https:\/\/fatherbroom.com\/es\/wp-content\/media\/sites\/3\/Screen-Shot-2020-07-21-at-7.05.42-PM.png 1816w\" sizes=\"auto, (max-width: 549px) 100vw, 549px\" \/><\/p>\n<p><strong>Catecismo de la Iglesia\u00a0<\/strong><b>Cat\u00f3lica<\/b><\/p>\n<p><strong>PRIMERA SECCI\u00d3N <\/strong><\/p>\n<p><strong>\u00abCREO\u00bb-\u00abCREEMOS\u00bb<\/strong><\/p>\n<p><strong>CAP\u00cdTULO SEGUNDO<\/strong><\/p>\n<p><strong>DIOS AL ENCUENTRO DEL HOMBRE<\/strong><\/p>\n<p><strong>50 Mediante la raz\u00f3n natural, el hombre puede conocer a Dios con certeza a partir de sus obras. Pero existe otro orden de conocimiento que el hombre no puede de ning\u00fan modo alcanzar por sus propias fuerzas, el de la Revelaci\u00f3n divina (cf. Concilio Vaticano I: DS 3015). Por una decisi\u00f3n enteramente libre, Dios se revela y se da al hombre. Lo hace revelando su misterio, su designio benevolente que estableci\u00f3 desde la eternidad en Cristo en favor de todos los hombres. Revela plenamente su designio enviando a su Hijo amado, nuestro Se\u00f1or Jesucristo, y al Esp\u00edritu Santo.<\/strong><\/p>\n<\/div>\n<\/div>\n<\/div>\n<\/div>\n<div id=\"cs_control_289214\" class=\"cs_control  CS_Element_Textblock\">\n<div class=\"CS_Textblock_Text\">\n<p><img loading=\"lazy\" decoding=\"async\" src=\"http:\/\/fatherbroom.com\/es\/wp-content\/media\/sites\/3\/Screen-Shot-2020-07-21-at-7.04.43-PM-300x100.png\" alt=\"\" width=\"456\" height=\"152\" class=\"aligncenter  wp-image-23471\" srcset=\"https:\/\/fatherbroom.com\/es\/wp-content\/media\/sites\/3\/Screen-Shot-2020-07-21-at-7.04.43-PM-300x100.png 300w, https:\/\/fatherbroom.com\/es\/wp-content\/media\/sites\/3\/Screen-Shot-2020-07-21-at-7.04.43-PM-768x257.png 768w, https:\/\/fatherbroom.com\/es\/wp-content\/media\/sites\/3\/Screen-Shot-2020-07-21-at-7.04.43-PM-1024x342.png 1024w, https:\/\/fatherbroom.com\/es\/wp-content\/media\/sites\/3\/Screen-Shot-2020-07-21-at-7.04.43-PM.png 1818w\" sizes=\"auto, (max-width: 456px) 100vw, 456px\" \/><\/p>\n<p><img loading=\"lazy\" decoding=\"async\" src=\"http:\/\/fatherbroom.com\/es\/wp-content\/media\/sites\/3\/910cda08bea33d6f3afd1313e1bae297-1-141x300.jpg\" alt=\"\" width=\"216\" height=\"460\" class=\"aligncenter  wp-image-23473\" srcset=\"https:\/\/fatherbroom.com\/es\/wp-content\/media\/sites\/3\/910cda08bea33d6f3afd1313e1bae297-1-141x300.jpg 141w, https:\/\/fatherbroom.com\/es\/wp-content\/media\/sites\/3\/910cda08bea33d6f3afd1313e1bae297-1-482x1024.jpg 482w, https:\/\/fatherbroom.com\/es\/wp-content\/media\/sites\/3\/910cda08bea33d6f3afd1313e1bae297-1.jpg 546w\" sizes=\"auto, (max-width: 216px) 100vw, 216px\" \/><\/p>\n<p align=\"left\"><strong><i>\u00abJunto a la cruz de Jes\u00fas estaban su madre, la hermana de su madre, Mar\u00eda de Cleof\u00e1s y Mar\u00eda Magdalena\u00bb<br \/>Juan 19:25<\/p>\n<p><img loading=\"lazy\" decoding=\"async\" src=\"http:\/\/fatherbroom.com\/es\/wp-content\/media\/sites\/3\/magdalena-300x226.jpg\" alt=\"\" width=\"445\" height=\"335\" class=\"aligncenter  wp-image-23476\" srcset=\"https:\/\/fatherbroom.com\/es\/wp-content\/media\/sites\/3\/magdalena-300x226.jpg 300w, https:\/\/fatherbroom.com\/es\/wp-content\/media\/sites\/3\/magdalena-768x579.jpg 768w, https:\/\/fatherbroom.com\/es\/wp-content\/media\/sites\/3\/magdalena-1024x772.jpg 1024w, https:\/\/fatherbroom.com\/es\/wp-content\/media\/sites\/3\/magdalena.jpg 1134w\" sizes=\"auto, (max-width: 445px) 100vw, 445px\" \/><br \/><\/i><\/strong><\/p>\n<\/div>\n<\/div>\n<\/div>\n<\/div>\n<\/div>\n<\/div>\n<\/div>\n<\/div>\n<div class=\"synved-social-container synved-social-container-share\" style=\"text-align: center\"><a class=\"synved-social-button synved-social-button-share synved-social-size-48 synved-social-resolution-single synved-social-provider-facebook nolightbox\" data-provider=\"facebook\" target=\"_blank\" rel=\"nofollow\" title=\"Share on Facebook\" href=\"https:\/\/www.facebook.com\/sharer.php?u=https%3A%2F%2Ffatherbroom.com%2Fes%2Fwp-json%2Fwp%2Fv2%2Fposts%2F23431&#038;t=LECTURAS%20DEL%20DIA%20%7C%2022%20DE%20JULIO%202020&#038;s=100&#038;p&#091;url&#093;=https%3A%2F%2Ffatherbroom.com%2Fes%2Fwp-json%2Fwp%2Fv2%2Fposts%2F23431&#038;p&#091;images&#093;&#091;0&#093;=http%3A%2F%2Ffatherbroom.com%2Fes%2Fwp-content%2Fmedia%2Fsites%2F3%2Fmagdalena-300x226.jpg&#038;p&#091;title&#093;=LECTURAS%20DEL%20DIA%20%7C%2022%20DE%20JULIO%202020\" style=\"font-size: 0px;width:48px;height:48px;margin:0;margin-bottom:5px;margin-right:5px\"><img loading=\"lazy\" decoding=\"async\" alt=\"Facebook\" title=\"Share on Facebook\" class=\"synved-share-image synved-social-image synved-social-image-share\" width=\"48\" height=\"48\" style=\"display: inline;width:48px;height:48px;margin: 0;padding: 0;border: none;box-shadow: none\" src=\"https:\/\/fatherbroom.com\/es\/wp-content\/plugins\/social-media-feather\/synved-social\/image\/social\/regular\/96x96\/facebook.png\" \/><\/a><a class=\"synved-social-button synved-social-button-share synved-social-size-48 synved-social-resolution-single synved-social-provider-twitter nolightbox\" data-provider=\"twitter\" target=\"_blank\" rel=\"nofollow\" title=\"Share on Twitter\" href=\"https:\/\/twitter.com\/intent\/tweet?url=https%3A%2F%2Ffatherbroom.com%2Fes%2Fwp-json%2Fwp%2Fv2%2Fposts%2F23431&#038;text=Hey%20check%20this%20out\" style=\"font-size: 0px;width:48px;height:48px;margin:0;margin-bottom:5px;margin-right:5px\"><img loading=\"lazy\" decoding=\"async\" alt=\"twitter\" title=\"Share on Twitter\" class=\"synved-share-image synved-social-image synved-social-image-share\" width=\"48\" height=\"48\" style=\"display: inline;width:48px;height:48px;margin: 0;padding: 0;border: none;box-shadow: none\" src=\"https:\/\/fatherbroom.com\/es\/wp-content\/plugins\/social-media-feather\/synved-social\/image\/social\/regular\/96x96\/twitter.png\" \/><\/a><a class=\"synved-social-button synved-social-button-share synved-social-size-48 synved-social-resolution-single synved-social-provider-reddit nolightbox\" data-provider=\"reddit\" target=\"_blank\" rel=\"nofollow\" title=\"Share on Reddit\" href=\"https:\/\/www.reddit.com\/submit?url=https%3A%2F%2Ffatherbroom.com%2Fes%2Fwp-json%2Fwp%2Fv2%2Fposts%2F23431&#038;title=LECTURAS%20DEL%20DIA%20%7C%2022%20DE%20JULIO%202020\" style=\"font-size: 0px;width:48px;height:48px;margin:0;margin-bottom:5px;margin-right:5px\"><img loading=\"lazy\" decoding=\"async\" alt=\"reddit\" title=\"Share on Reddit\" class=\"synved-share-image synved-social-image synved-social-image-share\" width=\"48\" height=\"48\" style=\"display: inline;width:48px;height:48px;margin: 0;padding: 0;border: none;box-shadow: none\" src=\"https:\/\/fatherbroom.com\/es\/wp-content\/plugins\/social-media-feather\/synved-social\/image\/social\/regular\/96x96\/reddit.png\" \/><\/a><a class=\"synved-social-button synved-social-button-share synved-social-size-48 synved-social-resolution-single synved-social-provider-pinterest nolightbox\" data-provider=\"pinterest\" target=\"_blank\" rel=\"nofollow\" title=\"Pin it with Pinterest\" href=\"https:\/\/pinterest.com\/pin\/create\/button\/?url=https%3A%2F%2Ffatherbroom.com%2Fes%2Fwp-json%2Fwp%2Fv2%2Fposts%2F23431&#038;media=http%3A%2F%2Ffatherbroom.com%2Fes%2Fwp-content%2Fmedia%2Fsites%2F3%2Fmagdalena-300x226.jpg&#038;description=LECTURAS%20DEL%20DIA%20%7C%2022%20DE%20JULIO%202020\" style=\"font-size: 0px;width:48px;height:48px;margin:0;margin-bottom:5px;margin-right:5px\"><img loading=\"lazy\" decoding=\"async\" alt=\"pinterest\" title=\"Pin it with Pinterest\" class=\"synved-share-image synved-social-image synved-social-image-share\" width=\"48\" height=\"48\" style=\"display: inline;width:48px;height:48px;margin: 0;padding: 0;border: none;box-shadow: none\" src=\"https:\/\/fatherbroom.com\/es\/wp-content\/plugins\/social-media-feather\/synved-social\/image\/social\/regular\/96x96\/pinterest.png\" \/><\/a><a class=\"synved-social-button synved-social-button-share synved-social-size-48 synved-social-resolution-single synved-social-provider-linkedin nolightbox\" data-provider=\"linkedin\" target=\"_blank\" rel=\"nofollow\" title=\"Share on Linkedin\" href=\"https:\/\/www.linkedin.com\/shareArticle?mini=true&#038;url=https%3A%2F%2Ffatherbroom.com%2Fes%2Fwp-json%2Fwp%2Fv2%2Fposts%2F23431&#038;title=LECTURAS%20DEL%20DIA%20%7C%2022%20DE%20JULIO%202020\" style=\"font-size: 0px;width:48px;height:48px;margin:0;margin-bottom:5px;margin-right:5px\"><img loading=\"lazy\" decoding=\"async\" alt=\"linkedin\" title=\"Share on Linkedin\" class=\"synved-share-image synved-social-image synved-social-image-share\" width=\"48\" height=\"48\" style=\"display: inline;width:48px;height:48px;margin: 0;padding: 0;border: none;box-shadow: none\" src=\"https:\/\/fatherbroom.com\/es\/wp-content\/plugins\/social-media-feather\/synved-social\/image\/social\/regular\/96x96\/linkedin.png\" \/><\/a><a class=\"synved-social-button synved-social-button-share synved-social-size-48 synved-social-resolution-single synved-social-provider-mail nolightbox\" data-provider=\"mail\" rel=\"nofollow\" title=\"Share by email\" href=\"mailto:?subject=LECTURAS%20DEL%20DIA%20%7C%2022%20DE%20JULIO%202020&#038;body=Hey%20check%20this%20out:%20https%3A%2F%2Ffatherbroom.com%2Fes%2Fwp-json%2Fwp%2Fv2%2Fposts%2F23431\" style=\"font-size: 0px;width:48px;height:48px;margin:0;margin-bottom:5px\"><img loading=\"lazy\" decoding=\"async\" alt=\"mail\" title=\"Share by email\" class=\"synved-share-image synved-social-image synved-social-image-share\" width=\"48\" height=\"48\" style=\"display: inline;width:48px;height:48px;margin: 0;padding: 0;border: none;box-shadow: none\" src=\"https:\/\/fatherbroom.com\/es\/wp-content\/plugins\/social-media-feather\/synved-social\/image\/social\/regular\/96x96\/mail.png\" \/><\/a><\/div>","protected":false},"excerpt":{"rendered":"<p>22 de julio 2020 Fiesta de Santa Mar\u00eda Magdalena Primera lectura Can 3, 1-4 Esto dice la esposa:\u201cEn mi lecho, por las noches,a mi amado yo buscaba.Lo busqu\u00e9, pero fue un vano.Me levantar\u00e9. Por las plazasy barrios de la ciudadbuscar\u00e9 al amor de mi alma. Lo busqu\u00e9, pero fue en vano.Y me encontraron los guardiasde [&hellip;]<\/p>\n","protected":false},"author":7,"featured_media":0,"comment_status":"open","ping_status":"open","sticky":false,"template":"","format":"standard","meta":{"_genesis_hide_title":false,"_genesis_hide_breadcrumbs":false,"_genesis_hide_singular_image":false,"_genesis_hide_footer_widgets":false,"_genesis_custom_body_class":"","_genesis_custom_post_class":"","_genesis_layout":"","footnotes":""},"categories":[277],"tags":[],"class_list":{"0":"post-23431","1":"post","2":"type-post","3":"status-publish","4":"format-standard","6":"category-lecturas-del-dia","7":"entry"},"_links":{"self":[{"href":"https:\/\/fatherbroom.com\/es\/wp-json\/wp\/v2\/posts\/23431","targetHints":{"allow":["GET"]}}],"collection":[{"href":"https:\/\/fatherbroom.com\/es\/wp-json\/wp\/v2\/posts"}],"about":[{"href":"https:\/\/fatherbroom.com\/es\/wp-json\/wp\/v2\/types\/post"}],"author":[{"embeddable":true,"href":"https:\/\/fatherbroom.com\/es\/wp-json\/wp\/v2\/users\/7"}],"replies":[{"embeddable":true,"href":"https:\/\/fatherbroom.com\/es\/wp-json\/wp\/v2\/comments?post=23431"}],"version-history":[{"count":6,"href":"https:\/\/fatherbroom.com\/es\/wp-json\/wp\/v2\/posts\/23431\/revisions"}],"predecessor-version":[{"id":23486,"href":"https:\/\/fatherbroom.com\/es\/wp-json\/wp\/v2\/posts\/23431\/revisions\/23486"}],"wp:attachment":[{"href":"https:\/\/fatherbroom.com\/es\/wp-json\/wp\/v2\/media?parent=23431"}],"wp:term":[{"taxonomy":"category","embeddable":true,"href":"https:\/\/fatherbroom.com\/es\/wp-json\/wp\/v2\/categories?post=23431"},{"taxonomy":"post_tag","embeddable":true,"href":"https:\/\/fatherbroom.com\/es\/wp-json\/wp\/v2\/tags?post=23431"}],"curies":[{"name":"wp","href":"https:\/\/api.w.org\/{rel}","templated":true}]}}