{"id":23427,"date":"2020-07-21T02:00:47","date_gmt":"2020-07-21T09:00:47","guid":{"rendered":"http:\/\/fatherbroom.com\/es\/?p=23427"},"modified":"2020-07-21T10:43:22","modified_gmt":"2020-07-21T17:43:22","slug":"lecturas-del-dia-21-de-julio-2020","status":"publish","type":"post","link":"https:\/\/fatherbroom.com\/es\/2020\/07\/lecturas-del-dia-21-de-julio-2020\/","title":{"rendered":"LECTURAS DEL DIA | 21 DE JULIO 2020"},"content":{"rendered":"<p><img loading=\"lazy\" decoding=\"async\" src=\"http:\/\/fatherbroom.com\/es\/wp-content\/media\/sites\/3\/Screen-Shot-2020-07-20-at-3.24.53-PM-300x169.png\" alt=\"\" width=\"657\" height=\"370\" class=\"aligncenter  wp-image-23453\" srcset=\"https:\/\/fatherbroom.com\/es\/wp-content\/media\/sites\/3\/Screen-Shot-2020-07-20-at-3.24.53-PM-300x169.png 300w, https:\/\/fatherbroom.com\/es\/wp-content\/media\/sites\/3\/Screen-Shot-2020-07-20-at-3.24.53-PM-768x432.png 768w, https:\/\/fatherbroom.com\/es\/wp-content\/media\/sites\/3\/Screen-Shot-2020-07-20-at-3.24.53-PM-1024x577.png 1024w, https:\/\/fatherbroom.com\/es\/wp-content\/media\/sites\/3\/Screen-Shot-2020-07-20-at-3.24.53-PM.png 1634w\" sizes=\"auto, (max-width: 657px) 100vw, 657px\" \/><\/p>\n<h4><strong>21 de julio 2020<\/strong><\/h4>\n<div class=\"contentarea\">\n<div id=\"cs_control_1386\" class=\"cs_control CS_Element_Schedule\">\n<div title=\"\" id=\"CS_Element_maincontent\">\n<div id=\"gridRow_1_1_1386\" class=\"cs_GridRow\">\n<div id=\"gridCol_1_1_1_1_1386\" class=\"cs_GridColumn\">\n<div id=\"cs_control_157991\" class=\"cs_control  lecturas-block\">\n<div id=\"cs_control_3683\" class=\"cs_control  CS_Element_Textblock\">\n<div class=\"CS_Textblock_Text\">\n<h4><strong>Martes de la XVI semana del Tiempo ordinario<\/strong><\/p>\n<p><strong>Primera lectura<\/strong><\/h4>\n<\/div>\n<\/div>\n<div id=\"cs_control_3684\" class=\"cs_control  CS_Element_Textblock\">\n<div class=\"CS_Textblock_Text\">\n<div class=\"bibleReadingsWrapper\">\n<h4><strong>Miq 7, 14-15. 18-20<\/strong><\/h4>\n<div class=\"poetry\">\n<p><strong>Se\u00f1or, Dios nuestro, pastorea a tu pueblo con tu cayado,<\/strong><br \/><strong>a las ovejas de tu heredad,<\/strong><br \/><strong>que permanecen aisladas en la maleza,<\/strong><br \/><strong>en medio de campos feraces.<\/strong><br \/><strong>Pastar\u00e1n en Bas\u00e1n y en Galaad,<\/strong><br \/><strong>como en los d\u00edas de anta\u00f1o,<\/strong><br \/><strong>como cuando salimos de Egipto<\/strong><br \/><strong>y nos mostrabas tus prodigios.<\/strong><\/p>\n<p><strong>\u00bfQu\u00e9 Dios hay como t\u00fa, que quitas la iniquidad<\/strong><br \/><strong>y pasas por alto la rebeld\u00eda de los sobrevivientes de Israel?<\/strong><br \/><strong>No mantendr\u00e1s por siempre tu c\u00f3lera,<\/strong><br \/><strong>pues te complaces en ser misericordioso.<\/strong><\/p>\n<p><strong>Volver\u00e1s a compadecerte de nosotros,<\/strong><br \/><strong>aplastar\u00e1s con tus pies nuestras iniquidades,<\/strong><br \/><strong>arrojar\u00e1s a lo hondo del mar nuestros delitos.<\/strong><br \/><strong>Ser\u00e1s fiel con Jacob y compasivo con Abraham,<\/strong><br \/><strong>como juraste a nuestros padres en tiempos remotos,<\/strong><br \/><strong>Se\u00f1or, Dios nuestro.<\/strong><\/p>\n<\/div>\n<\/div>\n<\/div>\n<\/div>\n<div id=\"cs_control_289228\" class=\"cs_control  CS_Element_Textblock\">\n<div class=\"CS_Textblock_Text\">\n<div class=\"bibleReadingsWrapper\">\n<h4><strong>Salmo Responsorial<\/strong><\/h4>\n<h4><strong>Salmo 84,\u00a0 2-4. 5-6. 7-8<\/strong><\/h4>\n<div class=\"poetry\">\n<p><strong>R. (8a) Mu\u00e9stranos, Se\u00f1or, tu misericordia.<\/strong><br \/><strong>Se\u00f1or, has sido bueno con tu tierra,<\/strong><br \/><strong>pues cambiaste la suerte de Jacob,<\/strong><br \/><strong>perdonaste las culpas de tu pueblo<\/strong><br \/><strong>y sepultaste todos sus pecados;<\/strong><br \/><strong>reprimiste tu c\u00f3lera,<\/strong><br \/><strong>y frenaste el incendio de tu ira. R.<\/strong><br \/><strong>R. Mu\u00e9stranos, Se\u00f1or, tu misericordia.<\/strong><br \/><strong>Tambi\u00e9n ahora cambia nuestra suerte,<\/strong><br \/><strong>Dios, salvador nuestro,<\/strong><br \/><strong>y deja ya tu rencor contra nosotros.<\/strong><br \/><strong>\u00bfO es que vas a estar siempre enojado,<\/strong><br \/><strong>y a prolongar tu ira de generaci\u00f3n en generaci\u00f3n? R.<\/strong><br \/><strong>R. Mu\u00e9stranos, Se\u00f1or, tu misericordia.<\/strong><br \/><strong>\u00bfNo vas a devolvernos la vida,<\/strong><br \/><strong>para que tu pueblo se alegre contigo?<\/strong><br \/><strong>Mu\u00e9stranos, Se\u00f1or, tu misericordia,<\/strong><br \/><strong>y danos tu salvaci\u00f3n. R.<\/strong><br \/><strong>R. Mu\u00e9stranos, Se\u00f1or, tu misericordia.<\/strong><\/p>\n<\/div>\n<\/div>\n<\/div>\n<\/div>\n<div id=\"cs_control_289230\" class=\"cs_control  CS_Element_Textblock\">\n<div class=\"CS_Textblock_Text\">\n<div class=\"bibleReadingsWrapper\">\n<h4><strong>Aclamaci\u00f3n antes del Evangelio<\/strong><\/h4>\n<h4><strong>Jn 14, 23<\/strong><\/h4>\n<div class=\"poetry\">\n<p><strong>R. Aleluya, aleluya.<\/strong><br \/><strong>El que me ama cumplir\u00e1 mi palabra y mi Padre lo amar\u00e1<\/strong><br \/><strong>y haremos en \u00e9l nuestra morada, dice el Se\u00f1or.<\/strong><br \/><strong>R. Aleluya.<\/strong><\/p>\n<\/div>\n<\/div>\n<\/div>\n<\/div>\n<div id=\"cs_control_289231\" class=\"cs_control  CS_Element_Textblock\">\n<div class=\"CS_Textblock_Text\">\n<div class=\"bibleReadingsWrapper\">\n<h4><strong>Evangelio<\/strong><\/h4>\n<h4><strong>Mt 12, 46-50<\/strong><\/h4>\n<div class=\"poetry\">\n<p><strong>En aquel tiempo, Jes\u00fas estaba hablando a la muchedumbre, cuando su madre y sus parientes se acercaron y trataban de hablar con \u00e9l. Alguien le dijo entonces a Jes\u00fas: \u201cOye, ah\u00ed fuera est\u00e1n tu madre y tus hermanos, y quieren hablar contigo\u201d.<\/strong><\/p>\n<p><strong>Pero \u00e9l respondi\u00f3 al que se lo dec\u00eda: \u201c\u00bfQui\u00e9n es mi madre y qui\u00e9nes son mis hermanos?\u201d Y se\u00f1alando con la mano a sus disc\u00edpulos, dijo: \u201c\u00c9stos son mi madre y mis hermanos. Pues todo el que cumple la voluntad de mi Padre, que est\u00e1 en los cielos, \u00e9se es mi hermano, mi hermana y mi madre\u201d.<\/p>\n<p><\/strong><\/p>\n<p><img loading=\"lazy\" decoding=\"async\" src=\"http:\/\/fatherbroom.com\/es\/wp-content\/media\/sites\/3\/Screen-Shot-2020-07-21-at-10.35.54-AM-300x100.png\" alt=\"\" width=\"549\" height=\"183\" class=\"aligncenter  wp-image-23456\" srcset=\"https:\/\/fatherbroom.com\/es\/wp-content\/media\/sites\/3\/Screen-Shot-2020-07-21-at-10.35.54-AM-300x100.png 300w, https:\/\/fatherbroom.com\/es\/wp-content\/media\/sites\/3\/Screen-Shot-2020-07-21-at-10.35.54-AM-768x255.png 768w, https:\/\/fatherbroom.com\/es\/wp-content\/media\/sites\/3\/Screen-Shot-2020-07-21-at-10.35.54-AM-1024x340.png 1024w, https:\/\/fatherbroom.com\/es\/wp-content\/media\/sites\/3\/Screen-Shot-2020-07-21-at-10.35.54-AM.png 1820w\" sizes=\"auto, (max-width: 549px) 100vw, 549px\" \/><\/p>\n<p><strong>Catecismo de la Iglesia Cat\u00f3lica<\/strong><\/p>\n<p><strong>49 <em>\u00abSin el Creador la criatura se [&#8230;] diluye\u00bb (GS 36)<\/em><em>\u00a0He aqu\u00ed por qu\u00e9 los creyentes saben que son impulsados por el amor de Cristo a llevar la luz del Dios vivo a los que no le conocen o le rechazan.<\/p>\n<p><img loading=\"lazy\" decoding=\"async\" src=\"http:\/\/fatherbroom.com\/es\/wp-content\/media\/sites\/3\/Screen-Shot-2020-07-21-at-10.42.56-AM-300x100.png\" alt=\"\" width=\"558\" height=\"186\" class=\"aligncenter  wp-image-23461\" srcset=\"https:\/\/fatherbroom.com\/es\/wp-content\/media\/sites\/3\/Screen-Shot-2020-07-21-at-10.42.56-AM-300x100.png 300w, https:\/\/fatherbroom.com\/es\/wp-content\/media\/sites\/3\/Screen-Shot-2020-07-21-at-10.42.56-AM-768x257.png 768w, https:\/\/fatherbroom.com\/es\/wp-content\/media\/sites\/3\/Screen-Shot-2020-07-21-at-10.42.56-AM-1024x343.png 1024w, https:\/\/fatherbroom.com\/es\/wp-content\/media\/sites\/3\/Screen-Shot-2020-07-21-at-10.42.56-AM.png 1804w\" sizes=\"auto, (max-width: 558px) 100vw, 558px\" \/><br \/><\/em><\/strong><\/p>\n<p><strong><img loading=\"lazy\" decoding=\"async\" src=\"http:\/\/fatherbroom.com\/es\/wp-content\/media\/sites\/3\/San_Lorenzo_da_Brindisi.jpg\" alt=\"\" width=\"200\" height=\"289\" class=\"aligncenter size-full wp-image-23457\" \/><\/p>\n<p><span>Cuando pidi\u00f3 ser admitido como religioso en los Padres Capuchinos, el superior le adevirti\u00f3 que le iba a ser muy dif\u00edcil soportar aquella vida tan dura y tan austera. El joven le pregunt\u00f3: \u00abPadre, \u00bfen mi celda habr\u00e1 un crucifijo?\u00bb. \u00abSi, lo habr\u00e1\u00bb, respondi\u00f3 el superior. \u00abPues eso me basta. Al mirar a Cristo Crucificado tendr\u00e9 fuerzas para sufrir por amor a El, cuaquier padecimiento\u00bb.<\/span><\/p>\n<p>San Lorenzo de Brindisi,<br \/>Ruega por nosotros<\/strong><\/p>\n<\/div>\n<\/div>\n<\/div>\n<\/div>\n<\/div>\n<\/div>\n<\/div>\n<\/div>\n<\/div>\n<\/div>\n<div class=\"synved-social-container synved-social-container-share\" style=\"text-align: center\"><a class=\"synved-social-button synved-social-button-share synved-social-size-48 synved-social-resolution-single synved-social-provider-facebook nolightbox\" data-provider=\"facebook\" target=\"_blank\" rel=\"nofollow\" title=\"Share on Facebook\" href=\"https:\/\/www.facebook.com\/sharer.php?u=https%3A%2F%2Ffatherbroom.com%2Fes%2Fwp-json%2Fwp%2Fv2%2Fposts%2F23427&#038;t=LECTURAS%20DEL%20DIA%20%7C%2021%20DE%20JULIO%202020&#038;s=100&#038;p&#091;url&#093;=https%3A%2F%2Ffatherbroom.com%2Fes%2Fwp-json%2Fwp%2Fv2%2Fposts%2F23427&#038;p&#091;images&#093;&#091;0&#093;=http%3A%2F%2Ffatherbroom.com%2Fes%2Fwp-content%2Fmedia%2Fsites%2F3%2FSan_Lorenzo_da_Brindisi.jpg&#038;p&#091;title&#093;=LECTURAS%20DEL%20DIA%20%7C%2021%20DE%20JULIO%202020\" style=\"font-size: 0px;width:48px;height:48px;margin:0;margin-bottom:5px;margin-right:5px\"><img loading=\"lazy\" decoding=\"async\" alt=\"Facebook\" title=\"Share on Facebook\" class=\"synved-share-image synved-social-image synved-social-image-share\" width=\"48\" height=\"48\" style=\"display: inline;width:48px;height:48px;margin: 0;padding: 0;border: none;box-shadow: none\" src=\"https:\/\/fatherbroom.com\/es\/wp-content\/plugins\/social-media-feather\/synved-social\/image\/social\/regular\/96x96\/facebook.png\" \/><\/a><a class=\"synved-social-button synved-social-button-share synved-social-size-48 synved-social-resolution-single synved-social-provider-twitter nolightbox\" data-provider=\"twitter\" target=\"_blank\" rel=\"nofollow\" title=\"Share on Twitter\" href=\"https:\/\/twitter.com\/intent\/tweet?url=https%3A%2F%2Ffatherbroom.com%2Fes%2Fwp-json%2Fwp%2Fv2%2Fposts%2F23427&#038;text=Hey%20check%20this%20out\" style=\"font-size: 0px;width:48px;height:48px;margin:0;margin-bottom:5px;margin-right:5px\"><img loading=\"lazy\" decoding=\"async\" alt=\"twitter\" title=\"Share on Twitter\" class=\"synved-share-image synved-social-image synved-social-image-share\" width=\"48\" height=\"48\" style=\"display: inline;width:48px;height:48px;margin: 0;padding: 0;border: none;box-shadow: none\" src=\"https:\/\/fatherbroom.com\/es\/wp-content\/plugins\/social-media-feather\/synved-social\/image\/social\/regular\/96x96\/twitter.png\" \/><\/a><a class=\"synved-social-button synved-social-button-share synved-social-size-48 synved-social-resolution-single synved-social-provider-reddit nolightbox\" data-provider=\"reddit\" target=\"_blank\" rel=\"nofollow\" title=\"Share on Reddit\" href=\"https:\/\/www.reddit.com\/submit?url=https%3A%2F%2Ffatherbroom.com%2Fes%2Fwp-json%2Fwp%2Fv2%2Fposts%2F23427&#038;title=LECTURAS%20DEL%20DIA%20%7C%2021%20DE%20JULIO%202020\" style=\"font-size: 0px;width:48px;height:48px;margin:0;margin-bottom:5px;margin-right:5px\"><img loading=\"lazy\" decoding=\"async\" alt=\"reddit\" title=\"Share on Reddit\" class=\"synved-share-image synved-social-image synved-social-image-share\" width=\"48\" height=\"48\" style=\"display: inline;width:48px;height:48px;margin: 0;padding: 0;border: none;box-shadow: none\" src=\"https:\/\/fatherbroom.com\/es\/wp-content\/plugins\/social-media-feather\/synved-social\/image\/social\/regular\/96x96\/reddit.png\" \/><\/a><a class=\"synved-social-button synved-social-button-share synved-social-size-48 synved-social-resolution-single synved-social-provider-pinterest nolightbox\" data-provider=\"pinterest\" target=\"_blank\" rel=\"nofollow\" title=\"Pin it with Pinterest\" href=\"https:\/\/pinterest.com\/pin\/create\/button\/?url=https%3A%2F%2Ffatherbroom.com%2Fes%2Fwp-json%2Fwp%2Fv2%2Fposts%2F23427&#038;media=http%3A%2F%2Ffatherbroom.com%2Fes%2Fwp-content%2Fmedia%2Fsites%2F3%2FSan_Lorenzo_da_Brindisi.jpg&#038;description=LECTURAS%20DEL%20DIA%20%7C%2021%20DE%20JULIO%202020\" style=\"font-size: 0px;width:48px;height:48px;margin:0;margin-bottom:5px;margin-right:5px\"><img loading=\"lazy\" decoding=\"async\" alt=\"pinterest\" title=\"Pin it with Pinterest\" class=\"synved-share-image synved-social-image synved-social-image-share\" width=\"48\" height=\"48\" style=\"display: inline;width:48px;height:48px;margin: 0;padding: 0;border: none;box-shadow: none\" src=\"https:\/\/fatherbroom.com\/es\/wp-content\/plugins\/social-media-feather\/synved-social\/image\/social\/regular\/96x96\/pinterest.png\" \/><\/a><a class=\"synved-social-button synved-social-button-share synved-social-size-48 synved-social-resolution-single synved-social-provider-linkedin nolightbox\" data-provider=\"linkedin\" target=\"_blank\" rel=\"nofollow\" title=\"Share on Linkedin\" href=\"https:\/\/www.linkedin.com\/shareArticle?mini=true&#038;url=https%3A%2F%2Ffatherbroom.com%2Fes%2Fwp-json%2Fwp%2Fv2%2Fposts%2F23427&#038;title=LECTURAS%20DEL%20DIA%20%7C%2021%20DE%20JULIO%202020\" style=\"font-size: 0px;width:48px;height:48px;margin:0;margin-bottom:5px;margin-right:5px\"><img loading=\"lazy\" decoding=\"async\" alt=\"linkedin\" title=\"Share on Linkedin\" class=\"synved-share-image synved-social-image synved-social-image-share\" width=\"48\" height=\"48\" style=\"display: inline;width:48px;height:48px;margin: 0;padding: 0;border: none;box-shadow: none\" src=\"https:\/\/fatherbroom.com\/es\/wp-content\/plugins\/social-media-feather\/synved-social\/image\/social\/regular\/96x96\/linkedin.png\" \/><\/a><a class=\"synved-social-button synved-social-button-share synved-social-size-48 synved-social-resolution-single synved-social-provider-mail nolightbox\" data-provider=\"mail\" rel=\"nofollow\" title=\"Share by email\" href=\"mailto:?subject=LECTURAS%20DEL%20DIA%20%7C%2021%20DE%20JULIO%202020&#038;body=Hey%20check%20this%20out:%20https%3A%2F%2Ffatherbroom.com%2Fes%2Fwp-json%2Fwp%2Fv2%2Fposts%2F23427\" style=\"font-size: 0px;width:48px;height:48px;margin:0;margin-bottom:5px\"><img loading=\"lazy\" decoding=\"async\" alt=\"mail\" title=\"Share by email\" class=\"synved-share-image synved-social-image synved-social-image-share\" width=\"48\" height=\"48\" style=\"display: inline;width:48px;height:48px;margin: 0;padding: 0;border: none;box-shadow: none\" src=\"https:\/\/fatherbroom.com\/es\/wp-content\/plugins\/social-media-feather\/synved-social\/image\/social\/regular\/96x96\/mail.png\" \/><\/a><\/div>","protected":false},"excerpt":{"rendered":"<p>21 de julio 2020 Martes de la XVI semana del Tiempo ordinario Primera lectura Miq 7, 14-15. 18-20 Se\u00f1or, Dios nuestro, pastorea a tu pueblo con tu cayado,a las ovejas de tu heredad,que permanecen aisladas en la maleza,en medio de campos feraces.Pastar\u00e1n en Bas\u00e1n y en Galaad,como en los d\u00edas de anta\u00f1o,como cuando salimos de [&hellip;]<\/p>\n","protected":false},"author":7,"featured_media":0,"comment_status":"open","ping_status":"open","sticky":false,"template":"","format":"standard","meta":{"_genesis_hide_title":false,"_genesis_hide_breadcrumbs":false,"_genesis_hide_singular_image":false,"_genesis_hide_footer_widgets":false,"_genesis_custom_body_class":"","_genesis_custom_post_class":"","_genesis_layout":"","footnotes":""},"categories":[277],"tags":[],"class_list":{"0":"post-23427","1":"post","2":"type-post","3":"status-publish","4":"format-standard","6":"category-lecturas-del-dia","7":"entry"},"_links":{"self":[{"href":"https:\/\/fatherbroom.com\/es\/wp-json\/wp\/v2\/posts\/23427","targetHints":{"allow":["GET"]}}],"collection":[{"href":"https:\/\/fatherbroom.com\/es\/wp-json\/wp\/v2\/posts"}],"about":[{"href":"https:\/\/fatherbroom.com\/es\/wp-json\/wp\/v2\/types\/post"}],"author":[{"embeddable":true,"href":"https:\/\/fatherbroom.com\/es\/wp-json\/wp\/v2\/users\/7"}],"replies":[{"embeddable":true,"href":"https:\/\/fatherbroom.com\/es\/wp-json\/wp\/v2\/comments?post=23427"}],"version-history":[{"count":7,"href":"https:\/\/fatherbroom.com\/es\/wp-json\/wp\/v2\/posts\/23427\/revisions"}],"predecessor-version":[{"id":23462,"href":"https:\/\/fatherbroom.com\/es\/wp-json\/wp\/v2\/posts\/23427\/revisions\/23462"}],"wp:attachment":[{"href":"https:\/\/fatherbroom.com\/es\/wp-json\/wp\/v2\/media?parent=23427"}],"wp:term":[{"taxonomy":"category","embeddable":true,"href":"https:\/\/fatherbroom.com\/es\/wp-json\/wp\/v2\/categories?post=23427"},{"taxonomy":"post_tag","embeddable":true,"href":"https:\/\/fatherbroom.com\/es\/wp-json\/wp\/v2\/tags?post=23427"}],"curies":[{"name":"wp","href":"https:\/\/api.w.org\/{rel}","templated":true}]}}