{"id":23382,"date":"2020-07-19T09:36:20","date_gmt":"2020-07-19T16:36:20","guid":{"rendered":"http:\/\/fatherbroom.com\/es\/?p=23382"},"modified":"2020-07-19T09:43:00","modified_gmt":"2020-07-19T16:43:00","slug":"lecturas-del-dia-19-de-julio-2020","status":"publish","type":"post","link":"https:\/\/fatherbroom.com\/es\/2020\/07\/lecturas-del-dia-19-de-julio-2020\/","title":{"rendered":"LECTURAS DEL DIA | 19 DE JULIO 2020"},"content":{"rendered":"<p><img loading=\"lazy\" decoding=\"async\" src=\"http:\/\/fatherbroom.com\/es\/wp-content\/media\/sites\/3\/Screen-Shot-2020-07-19-at-9.39.33-AM-300x169.png\" alt=\"\" width=\"582\" height=\"328\" class=\"aligncenter  wp-image-23384\" srcset=\"https:\/\/fatherbroom.com\/es\/wp-content\/media\/sites\/3\/Screen-Shot-2020-07-19-at-9.39.33-AM-300x169.png 300w, https:\/\/fatherbroom.com\/es\/wp-content\/media\/sites\/3\/Screen-Shot-2020-07-19-at-9.39.33-AM-768x432.png 768w, https:\/\/fatherbroom.com\/es\/wp-content\/media\/sites\/3\/Screen-Shot-2020-07-19-at-9.39.33-AM-1024x576.png 1024w, https:\/\/fatherbroom.com\/es\/wp-content\/media\/sites\/3\/Screen-Shot-2020-07-19-at-9.39.33-AM.png 1632w\" sizes=\"auto, (max-width: 582px) 100vw, 582px\" \/><\/p>\n<h4><strong>19 de julio 2020<\/strong><\/h4>\n<div class=\"contentarea\">\n<div id=\"cs_control_1386\" class=\"cs_control CS_Element_Schedule\">\n<div title=\"\" id=\"CS_Element_maincontent\">\n<div id=\"gridRow_1_1_1386\" class=\"cs_GridRow\">\n<div id=\"gridCol_1_1_1_1_1386\" class=\"cs_GridColumn\">\n<div id=\"cs_control_3683\" class=\"cs_control  CS_Element_Textblock\">\n<div class=\"CS_Textblock_Text\">\n<h4><strong>XVI Domingo Ordinario<\/strong><\/p>\n<p><strong>Primera lectura<\/strong><\/h4>\n<\/div>\n<\/div>\n<div id=\"cs_control_3684\" class=\"cs_control  CS_Element_Textblock\">\n<div class=\"CS_Textblock_Text\">\n<div class=\"bibleReadingsWrapper\">\n<h4><strong>Sab 12, 13. 16-19<\/strong><\/h4>\n<div class=\"poetry\">\n<p><strong>No hay m\u00e1s Dios que t\u00fa, Se\u00f1or, que cuidas de todas las cosas.<\/strong><br \/><strong>No hay nadie a quien tengas que rendirle cuentas<\/strong><br \/><strong>de la justicia de tus sentencias.<\/strong><br \/><strong>Tu poder es el fundamento de tu justicia,<\/strong><br \/><strong>y por ser el Se\u00f1or de todos,<\/strong><br \/><strong>eres misericordioso con todos.<\/strong><\/p>\n<p><strong>T\u00fa muestras tu fuerza<\/strong><br \/><strong>a los que dudan de tu poder soberano<\/strong><br \/><strong>y castigas a quienes, conoci\u00e9ndolo, te desaf\u00edan.<\/strong><br \/><strong>Siendo t\u00fa el due\u00f1o de la fuerza,<\/strong><br \/><strong>juzgas con misericordia y nos gobiernas con delicadeza,<\/strong><br \/><strong>porque tienes el poder y lo usas cuando quieres.<\/strong><\/p>\n<p><strong>Con todo esto has ense\u00f1ado a tu pueblo<\/strong><br \/><strong>que el justo debe ser humano,<\/strong><br \/><strong>y has llenado a tus hijos de una dulce esperanza,<\/strong><br \/><strong>ya que al pecador le das tiempo para que se arrepienta.<\/strong><\/p>\n<\/div>\n<\/div>\n<\/div>\n<\/div>\n<div id=\"cs_control_289228\" class=\"cs_control  CS_Element_Textblock\">\n<div class=\"CS_Textblock_Text\">\n<div class=\"bibleReadingsWrapper\">\n<h4><strong>Salmo Responsorial<\/strong><\/h4>\n<h4><strong>Salmo 85, 5-6. 9-10. 15-16a<\/strong><\/h4>\n<div class=\"poetry\">\n<p><strong>R. (5a) T\u00fa, Se\u00f1or, eres bueno y clemente.<\/strong><br \/><strong>Puesto que eres, Se\u00f1or, bueno y clemente<\/strong><br \/><strong>y todo amor con quien tu nombre invoca,<\/strong><br \/><strong>escucha mi oraci\u00f3n<\/strong><br \/><strong>y a mi s\u00faplica da repuesta pronta.<\/strong><br \/><strong>R. T\u00fa, Se\u00f1or, eres bueno y clemente.<\/strong><br \/><strong>Se\u00f1or, todos los pueblos<\/strong><br \/><strong>vendr\u00e1n para adorarte y darte gloria,<\/strong><br \/><strong>pues s\u00f3lo t\u00fa eres Dios,<\/strong><br \/><strong>y tus obras, Se\u00f1or, son portentosas.<\/strong><br \/><strong>R. T\u00fa, Se\u00f1or, eres bueno y clemente.<\/strong><br \/><strong>Dios entra\u00f1ablemente compasivo,<\/strong><br \/><strong>todo amor y lealtad, lenta a la c\u00f3lera,<\/strong><br \/><strong>ten compasi\u00f3n de m\u00ed,<\/strong><br \/><strong>pues clamo a ti, Se\u00f1or, a toda hora.<\/strong><br \/><strong>R. T\u00fa, Se\u00f1or, eres bueno y clemente.<\/strong><\/p>\n<\/div>\n<\/div>\n<\/div>\n<\/div>\n<div id=\"cs_control_289230\" class=\"cs_control  CS_Element_Textblock\">\n<div class=\"CS_Textblock_Text\">\n<div class=\"bibleReadingsWrapper\">\n<h4><strong>Segunda lectura<\/strong><\/h4>\n<h4><strong>Rom 8, 26-27<\/strong><\/h4>\n<div class=\"poetry\"><strong>Hermanos: El Esp\u00edritu nos ayuda en nuestra debilidad, porque nosotros no sabemos pedir lo que nos conviene; pero el Esp\u00edritu mismo intercede por nosotros con gemidos que no pueden expresarse con palabras. Y Dios, que conoce profundamente los corazones, sabe lo que el Esp\u00edritu quiere decir, porque el Esp\u00edritu ruega, conforme a la voluntad de Dios, por los que le pertenecen.<\/strong><\/div>\n<\/div>\n<div class=\"bibleReadingsWrapper\">\n<h4><strong>Aclamaci\u00f3n antes del Evangelio<\/strong><\/h4>\n<h4><strong>Cfr Mt 11, 25<\/strong><\/h4>\n<div class=\"poetry\">\n<p><strong>R. Aleluya, aleluya.<\/strong><br \/><strong>Te doy gracias, Padre, Se\u00f1or del cielo y de la tierra,<\/strong><br \/><strong>porque has revelado los misterios del Reino<\/strong><br \/><strong>a la gente sencilla.<\/strong><br \/><strong>R. Aleluya.<\/strong><\/p>\n<\/div>\n<\/div>\n<\/div>\n<\/div>\n<div id=\"cs_control_289231\" class=\"cs_control  CS_Element_Textblock\">\n<div class=\"CS_Textblock_Text\">\n<div class=\"bibleReadingsWrapper\">\n<h4><strong>Evangelio<\/strong><\/h4>\n<h4><strong>Mt 13, 24-43<\/strong><\/h4>\n<div class=\"poetry\">\n<p><strong>En aquel tiempo, Jes\u00fas propuso esta par\u00e1bola a la muchedumbre: \u201cEl Reino de los cielos se parece a un hombre que sembr\u00f3 buena semilla en su campo; pero mientras los trabajadores dorm\u00edan, lleg\u00f3 un enemigo del due\u00f1o, sembr\u00f3 ciza\u00f1a entre el trigo y se march\u00f3. Cuando crecieron las plantas y se empezaba a formar la espiga, apareci\u00f3 tambi\u00e9n la ciza\u00f1a.<\/strong><\/p>\n<p><strong>Entonces los trabajadores fueron a decirle al amo: \u2018Se\u00f1or, \u00bfqu\u00e9 no sembraste buena semilla en tu campo? \u00bfDe d\u00f3nde, pues, sali\u00f3 esta ciza\u00f1a?\u2019 El amo les respondi\u00f3: \u2018De seguro lo hizo un enemigo m\u00edo\u2019. Ellos le dijeron: \u2018\u00bfQuieres que vayamos a arrancarla?\u2019 Pero \u00e9l les contest\u00f3: \u2018No. No sea que al arrancar la ciza\u00f1a, arranquen tambi\u00e9n el trigo. Dejen que crezcan juntos hasta el tiempo de la cosecha y, cuando llegue la cosecha, dir\u00e9 a los segadores: Arranquen primero la ciza\u00f1a y \u00e1tenla en gavillas para quemarla, y luego almacenen el trigo en mi granero\u2019 \u201d.<\/strong><\/p>\n<p><strong>Luego les propuso esta otra par\u00e1bola: \u201cEl Reino de los cielos es semejante a la semilla de mostaza que un hombre siembra en un huerto. Ciertamente es la m\u00e1s peque\u00f1a de todas las semillas, pero cuando crece, llega a ser m\u00e1s grande que las hortalizas y se convierte en un arbusto, de manera que los p\u00e1jaros vienen y hacen su nido en las ramas\u201d.<\/strong><\/p>\n<p><strong>Les dijo tambi\u00e9n otra par\u00e1bola: \u201cEl Reino de los cielos se parece a un poco de levadura que tom\u00f3 una mujer y la mezcl\u00f3 con tres medidas de harina, y toda la masa acab\u00f3 por fermentar\u201d.<\/strong><\/p>\n<p><strong>Jes\u00fas dec\u00eda a la muchedumbre todas estas cosas con par\u00e1bolas, y sin par\u00e1bolas nada les dec\u00eda, para que se cumpliera lo que dijo el profeta: <em>Abrir\u00e9 mi boca y les hablar\u00e9 con par\u00e1bolas; anunciar\u00e9 lo que estaba oculto desde la creaci\u00f3n del mundo.<\/em><\/strong><\/p>\n<p><strong>Luego despidi\u00f3 a la multitud y se fue a su casa. Entonces se le acercaron sus disc\u00edpulos y le dijeron: \u201cExpl\u00edcanos la par\u00e1bola de la ciza\u00f1a sembrada en el campo\u201d.<\/strong><\/p>\n<p><strong>Jes\u00fas les contest\u00f3: \u201cEl sembrador de la buena semilla es el Hijo del hombre, el campo es el mundo, la buena semilla son los ciudadanos del Reino, la ciza\u00f1a son los partidarios del maligno, el enemigo que la siembra es el diablo, el tiempo de la cosecha es el fin del mundo, y los segadores son los \u00e1ngeles.<\/strong><\/p>\n<p><strong>Y as\u00ed como recogen la ciza\u00f1a y la queman en el fuego, as\u00ed suceder\u00e1 al fin del mundo: el Hijo del hombre enviar\u00e1 a sus \u00e1ngeles para que arranquen de su Reino a todos los que inducen a otros al pecado y a todos los malvados, y los arrojen en el horno encendido. All\u00ed ser\u00e1 el llanto y la desesperaci\u00f3n. Entonces los justos brillar\u00e1n como el sol en el Reino de su Padre. El que tenga o\u00eddos, que oiga\u2019\u2019.<\/p>\n<p><img loading=\"lazy\" decoding=\"async\" src=\"http:\/\/fatherbroom.com\/es\/wp-content\/media\/sites\/3\/Screen-Shot-2020-07-19-at-9.40.59-AM-300x100.png\" alt=\"\" width=\"555\" height=\"185\" class=\"aligncenter  wp-image-23387\" srcset=\"https:\/\/fatherbroom.com\/es\/wp-content\/media\/sites\/3\/Screen-Shot-2020-07-19-at-9.40.59-AM-300x100.png 300w, https:\/\/fatherbroom.com\/es\/wp-content\/media\/sites\/3\/Screen-Shot-2020-07-19-at-9.40.59-AM-768x256.png 768w, https:\/\/fatherbroom.com\/es\/wp-content\/media\/sites\/3\/Screen-Shot-2020-07-19-at-9.40.59-AM-1024x341.png 1024w, https:\/\/fatherbroom.com\/es\/wp-content\/media\/sites\/3\/Screen-Shot-2020-07-19-at-9.40.59-AM.png 1712w\" sizes=\"auto, (max-width: 555px) 100vw, 555px\" \/><\/strong><\/p>\n<p><strong>Catecismo de la Iglesia\u00a0Cat\u00f3lica<\/p>\n<p>47 La Iglesia ense\u00f1a que el Dios \u00fanico y verdadero, nuestro Creador y Se\u00f1or, puede ser conocido con certeza por sus obras, gracias a la luz natural de la raz\u00f3n humana (cf. Concilio Vaticano I: DS 3026).<\/strong><\/p>\n<p><strong><br \/><img loading=\"lazy\" decoding=\"async\" src=\"http:\/\/fatherbroom.com\/es\/wp-content\/media\/sites\/3\/png\/Screen-Shot-2020-04-27-at-10.00.51-PM-300x168.png\" alt=\"\" width=\"405\" height=\"227\" class=\"aligncenter  wp-image-22549\" srcset=\"https:\/\/fatherbroom.com\/es\/wp-content\/media\/sites\/3\/png\/Screen-Shot-2020-04-27-at-10.00.51-PM-300x168.png 300w, https:\/\/fatherbroom.com\/es\/wp-content\/media\/sites\/3\/png\/Screen-Shot-2020-04-27-at-10.00.51-PM-768x431.png 768w, https:\/\/fatherbroom.com\/es\/wp-content\/media\/sites\/3\/png\/Screen-Shot-2020-04-27-at-10.00.51-PM-1024x574.png 1024w, https:\/\/fatherbroom.com\/es\/wp-content\/media\/sites\/3\/png\/Screen-Shot-2020-04-27-at-10.00.51-PM.png 1612w\" sizes=\"auto, (max-width: 405px) 100vw, 405px\" \/>\u00a0<\/strong><\/p>\n<\/div>\n<\/div>\n<\/div>\n<\/div>\n<\/div>\n<\/div>\n<\/div>\n<\/div>\n<\/div>\n<div class=\"synved-social-container synved-social-container-share\" style=\"text-align: center\"><a class=\"synved-social-button synved-social-button-share synved-social-size-48 synved-social-resolution-single synved-social-provider-facebook nolightbox\" data-provider=\"facebook\" target=\"_blank\" rel=\"nofollow\" title=\"Share on Facebook\" href=\"https:\/\/www.facebook.com\/sharer.php?u=https%3A%2F%2Ffatherbroom.com%2Fes%2Fwp-json%2Fwp%2Fv2%2Fposts%2F23382&#038;t=LECTURAS%20DEL%20DIA%20%7C%2019%20DE%20JULIO%202020&#038;s=100&#038;p&#091;url&#093;=https%3A%2F%2Ffatherbroom.com%2Fes%2Fwp-json%2Fwp%2Fv2%2Fposts%2F23382&#038;p&#091;images&#093;&#091;0&#093;=http%3A%2F%2Ffatherbroom.com%2Fes%2Fwp-content%2Fmedia%2Fsites%2F3%2Fpng%2FScreen-Shot-2020-04-27-at-10.00.51-PM-300x168.png&#038;p&#091;title&#093;=LECTURAS%20DEL%20DIA%20%7C%2019%20DE%20JULIO%202020\" style=\"font-size: 0px;width:48px;height:48px;margin:0;margin-bottom:5px;margin-right:5px\"><img loading=\"lazy\" decoding=\"async\" alt=\"Facebook\" title=\"Share on Facebook\" class=\"synved-share-image synved-social-image synved-social-image-share\" width=\"48\" height=\"48\" style=\"display: inline;width:48px;height:48px;margin: 0;padding: 0;border: none;box-shadow: none\" src=\"https:\/\/fatherbroom.com\/es\/wp-content\/plugins\/social-media-feather\/synved-social\/image\/social\/regular\/96x96\/facebook.png\" \/><\/a><a class=\"synved-social-button synved-social-button-share synved-social-size-48 synved-social-resolution-single synved-social-provider-twitter nolightbox\" data-provider=\"twitter\" target=\"_blank\" rel=\"nofollow\" title=\"Share on Twitter\" href=\"https:\/\/twitter.com\/intent\/tweet?url=https%3A%2F%2Ffatherbroom.com%2Fes%2Fwp-json%2Fwp%2Fv2%2Fposts%2F23382&#038;text=Hey%20check%20this%20out\" style=\"font-size: 0px;width:48px;height:48px;margin:0;margin-bottom:5px;margin-right:5px\"><img loading=\"lazy\" decoding=\"async\" alt=\"twitter\" title=\"Share on Twitter\" class=\"synved-share-image synved-social-image synved-social-image-share\" width=\"48\" height=\"48\" style=\"display: inline;width:48px;height:48px;margin: 0;padding: 0;border: none;box-shadow: none\" src=\"https:\/\/fatherbroom.com\/es\/wp-content\/plugins\/social-media-feather\/synved-social\/image\/social\/regular\/96x96\/twitter.png\" \/><\/a><a class=\"synved-social-button synved-social-button-share synved-social-size-48 synved-social-resolution-single synved-social-provider-reddit nolightbox\" data-provider=\"reddit\" target=\"_blank\" rel=\"nofollow\" title=\"Share on Reddit\" href=\"https:\/\/www.reddit.com\/submit?url=https%3A%2F%2Ffatherbroom.com%2Fes%2Fwp-json%2Fwp%2Fv2%2Fposts%2F23382&#038;title=LECTURAS%20DEL%20DIA%20%7C%2019%20DE%20JULIO%202020\" style=\"font-size: 0px;width:48px;height:48px;margin:0;margin-bottom:5px;margin-right:5px\"><img loading=\"lazy\" decoding=\"async\" alt=\"reddit\" title=\"Share on Reddit\" class=\"synved-share-image synved-social-image synved-social-image-share\" width=\"48\" height=\"48\" style=\"display: inline;width:48px;height:48px;margin: 0;padding: 0;border: none;box-shadow: none\" src=\"https:\/\/fatherbroom.com\/es\/wp-content\/plugins\/social-media-feather\/synved-social\/image\/social\/regular\/96x96\/reddit.png\" \/><\/a><a class=\"synved-social-button synved-social-button-share synved-social-size-48 synved-social-resolution-single synved-social-provider-pinterest nolightbox\" data-provider=\"pinterest\" target=\"_blank\" rel=\"nofollow\" title=\"Pin it with Pinterest\" href=\"https:\/\/pinterest.com\/pin\/create\/button\/?url=https%3A%2F%2Ffatherbroom.com%2Fes%2Fwp-json%2Fwp%2Fv2%2Fposts%2F23382&#038;media=http%3A%2F%2Ffatherbroom.com%2Fes%2Fwp-content%2Fmedia%2Fsites%2F3%2Fpng%2FScreen-Shot-2020-04-27-at-10.00.51-PM-300x168.png&#038;description=LECTURAS%20DEL%20DIA%20%7C%2019%20DE%20JULIO%202020\" style=\"font-size: 0px;width:48px;height:48px;margin:0;margin-bottom:5px;margin-right:5px\"><img loading=\"lazy\" decoding=\"async\" alt=\"pinterest\" title=\"Pin it with Pinterest\" class=\"synved-share-image synved-social-image synved-social-image-share\" width=\"48\" height=\"48\" style=\"display: inline;width:48px;height:48px;margin: 0;padding: 0;border: none;box-shadow: none\" src=\"https:\/\/fatherbroom.com\/es\/wp-content\/plugins\/social-media-feather\/synved-social\/image\/social\/regular\/96x96\/pinterest.png\" \/><\/a><a class=\"synved-social-button synved-social-button-share synved-social-size-48 synved-social-resolution-single synved-social-provider-linkedin nolightbox\" data-provider=\"linkedin\" target=\"_blank\" rel=\"nofollow\" title=\"Share on Linkedin\" href=\"https:\/\/www.linkedin.com\/shareArticle?mini=true&#038;url=https%3A%2F%2Ffatherbroom.com%2Fes%2Fwp-json%2Fwp%2Fv2%2Fposts%2F23382&#038;title=LECTURAS%20DEL%20DIA%20%7C%2019%20DE%20JULIO%202020\" style=\"font-size: 0px;width:48px;height:48px;margin:0;margin-bottom:5px;margin-right:5px\"><img loading=\"lazy\" decoding=\"async\" alt=\"linkedin\" title=\"Share on Linkedin\" class=\"synved-share-image synved-social-image synved-social-image-share\" width=\"48\" height=\"48\" style=\"display: inline;width:48px;height:48px;margin: 0;padding: 0;border: none;box-shadow: none\" src=\"https:\/\/fatherbroom.com\/es\/wp-content\/plugins\/social-media-feather\/synved-social\/image\/social\/regular\/96x96\/linkedin.png\" \/><\/a><a class=\"synved-social-button synved-social-button-share synved-social-size-48 synved-social-resolution-single synved-social-provider-mail nolightbox\" data-provider=\"mail\" rel=\"nofollow\" title=\"Share by email\" href=\"mailto:?subject=LECTURAS%20DEL%20DIA%20%7C%2019%20DE%20JULIO%202020&#038;body=Hey%20check%20this%20out:%20https%3A%2F%2Ffatherbroom.com%2Fes%2Fwp-json%2Fwp%2Fv2%2Fposts%2F23382\" style=\"font-size: 0px;width:48px;height:48px;margin:0;margin-bottom:5px\"><img loading=\"lazy\" decoding=\"async\" alt=\"mail\" title=\"Share by email\" class=\"synved-share-image synved-social-image synved-social-image-share\" width=\"48\" height=\"48\" style=\"display: inline;width:48px;height:48px;margin: 0;padding: 0;border: none;box-shadow: none\" src=\"https:\/\/fatherbroom.com\/es\/wp-content\/plugins\/social-media-feather\/synved-social\/image\/social\/regular\/96x96\/mail.png\" \/><\/a><\/div>","protected":false},"excerpt":{"rendered":"<p>19 de julio 2020 XVI Domingo Ordinario Primera lectura Sab 12, 13. 16-19 No hay m\u00e1s Dios que t\u00fa, Se\u00f1or, que cuidas de todas las cosas.No hay nadie a quien tengas que rendirle cuentasde la justicia de tus sentencias.Tu poder es el fundamento de tu justicia,y por ser el Se\u00f1or de todos,eres misericordioso con todos. [&hellip;]<\/p>\n","protected":false},"author":7,"featured_media":0,"comment_status":"open","ping_status":"open","sticky":false,"template":"","format":"standard","meta":{"_genesis_hide_title":false,"_genesis_hide_breadcrumbs":false,"_genesis_hide_singular_image":false,"_genesis_hide_footer_widgets":false,"_genesis_custom_body_class":"","_genesis_custom_post_class":"","_genesis_layout":"","footnotes":""},"categories":[277],"tags":[],"class_list":{"0":"post-23382","1":"post","2":"type-post","3":"status-publish","4":"format-standard","6":"category-lecturas-del-dia","7":"entry"},"_links":{"self":[{"href":"https:\/\/fatherbroom.com\/es\/wp-json\/wp\/v2\/posts\/23382","targetHints":{"allow":["GET"]}}],"collection":[{"href":"https:\/\/fatherbroom.com\/es\/wp-json\/wp\/v2\/posts"}],"about":[{"href":"https:\/\/fatherbroom.com\/es\/wp-json\/wp\/v2\/types\/post"}],"author":[{"embeddable":true,"href":"https:\/\/fatherbroom.com\/es\/wp-json\/wp\/v2\/users\/7"}],"replies":[{"embeddable":true,"href":"https:\/\/fatherbroom.com\/es\/wp-json\/wp\/v2\/comments?post=23382"}],"version-history":[{"count":5,"href":"https:\/\/fatherbroom.com\/es\/wp-json\/wp\/v2\/posts\/23382\/revisions"}],"predecessor-version":[{"id":23389,"href":"https:\/\/fatherbroom.com\/es\/wp-json\/wp\/v2\/posts\/23382\/revisions\/23389"}],"wp:attachment":[{"href":"https:\/\/fatherbroom.com\/es\/wp-json\/wp\/v2\/media?parent=23382"}],"wp:term":[{"taxonomy":"category","embeddable":true,"href":"https:\/\/fatherbroom.com\/es\/wp-json\/wp\/v2\/categories?post=23382"},{"taxonomy":"post_tag","embeddable":true,"href":"https:\/\/fatherbroom.com\/es\/wp-json\/wp\/v2\/tags?post=23382"}],"curies":[{"name":"wp","href":"https:\/\/api.w.org\/{rel}","templated":true}]}}