{"id":23362,"date":"2020-07-18T02:00:40","date_gmt":"2020-07-18T09:00:40","guid":{"rendered":"http:\/\/fatherbroom.com\/es\/?p=23362"},"modified":"2020-07-16T14:50:55","modified_gmt":"2020-07-16T21:50:55","slug":"lecturas-del-dia-18-de-julio-2020","status":"publish","type":"post","link":"https:\/\/fatherbroom.com\/es\/2020\/07\/lecturas-del-dia-18-de-julio-2020\/","title":{"rendered":"LECTURAS DEL DIA | 18 DE JULIO 2020"},"content":{"rendered":"<p><img loading=\"lazy\" decoding=\"async\" src=\"http:\/\/fatherbroom.com\/es\/wp-content\/media\/sites\/3\/Screen-Shot-2020-07-16-at-2.47.39-PM-300x169.png\" alt=\"\" width=\"596\" height=\"336\" class=\"aligncenter  wp-image-23364\" srcset=\"https:\/\/fatherbroom.com\/es\/wp-content\/media\/sites\/3\/Screen-Shot-2020-07-16-at-2.47.39-PM-300x169.png 300w, https:\/\/fatherbroom.com\/es\/wp-content\/media\/sites\/3\/Screen-Shot-2020-07-16-at-2.47.39-PM-768x433.png 768w, https:\/\/fatherbroom.com\/es\/wp-content\/media\/sites\/3\/Screen-Shot-2020-07-16-at-2.47.39-PM-1024x577.png 1024w, https:\/\/fatherbroom.com\/es\/wp-content\/media\/sites\/3\/Screen-Shot-2020-07-16-at-2.47.39-PM.png 1544w\" sizes=\"auto, (max-width: 596px) 100vw, 596px\" \/><\/p>\n<h4><strong>18 de julio 2020<\/strong><\/h4>\n<h4 class=\"imgLine marginBottom10\"><strong>S\u00e1bado de la XV semana del Tiempo ordinario<\/strong><\/p>\n<p><strong>Primera lectura<\/strong><\/h4>\n<div class=\"contentarea\">\n<div id=\"cs_control_1386\" class=\"cs_control CS_Element_Schedule\">\n<div title=\"\" id=\"CS_Element_maincontent\">\n<div id=\"gridRow_1_1_1386\" class=\"cs_GridRow\">\n<div id=\"gridCol_1_1_1_1_1386\" class=\"cs_GridColumn\">\n<div id=\"cs_control_157991\" class=\"cs_control  lecturas-block\">\n<div id=\"cs_control_3684\" class=\"cs_control  CS_Element_Textblock\">\n<div class=\"CS_Textblock_Text\">\n<div class=\"bibleReadingsWrapper\">\n<h4><strong>Miq 2, 1-5<\/strong><\/h4>\n<div class=\"poetry\">\n<p><strong>\u00a1Ay de aquellos que planean injusticias,<\/strong><br \/><strong>que traman el mal durante la noche<\/strong><br \/><strong>y al despuntar la ma\u00f1ana, lo ejecutan,<\/strong><br \/><strong>porque son gente poderosa!<\/strong><\/p>\n<p><strong>Codician los campos y los roban,<\/strong><br \/><strong>codician las casas y las usurpan,<\/strong><br \/><strong>violando todos los derechos<\/strong><br \/><strong>arruinan al hombre y lo despojan de su herencia.<\/strong><\/p>\n<p><strong>Por eso dice el Se\u00f1or:<\/strong><br \/><strong>\u201cEstoy planeando contra esta gente<\/strong><br \/><strong>una serie de calamidades<\/strong><br \/><strong>de las que no podr\u00e1n escapar.<\/strong><br \/><strong>Entonces ya no caminar\u00e1n con altivez,<\/strong><br \/><strong>porque ser\u00e1 un tiempo de desgracias.<\/strong><br \/><strong>Aquel d\u00eda, la gente se burlar\u00e1 de ellos<\/strong><br \/><strong>y les cantar\u00e1 un triste canto:<\/strong><br \/><strong>Nos han despojado de todo<\/strong><br \/><strong>y se han repartido nuestras tierras;<\/strong><br \/><strong>se han apoderado de nuestra herencia<\/strong><br \/><strong>y no hay quien nos la devuelva\u201d.<\/strong><\/p>\n<p><strong>Por eso dice el Se\u00f1or:<\/strong><br \/><strong>\u201cCuando la asamblea del pueblo<\/strong><br \/><strong>distribuya nuevamente las tierras,<\/strong><br \/><strong>no habr\u00e1 parte para ellos\u201d.<\/strong><\/p>\n<\/div>\n<\/div>\n<\/div>\n<\/div>\n<div id=\"cs_control_289228\" class=\"cs_control  CS_Element_Textblock\">\n<div class=\"CS_Textblock_Text\">\n<div class=\"bibleReadingsWrapper\">\n<h4><strong>Salmo Responsorial<\/strong><\/h4>\n<h4><strong>Salmo 9, 22-23. 24-25. 28.29. 35<\/strong><\/h4>\n<div class=\"poetry\">\n<p><strong>R. (12b) Se\u00f1or, no te olvides de los pobres.<\/strong><br \/><strong>\u00bfPor qu\u00e9 te quedas lejos, Se\u00f1or,<\/strong><br \/><strong>y te escondes en el momento de la angustia?<\/strong><br \/><strong>La soberbia del malvado oprime al pobre.<\/strong><br \/><strong>\u00a1Que se enrede en las intrigas que ha tramado! R.<\/strong><br \/><strong>R. Se\u00f1or, no te olvides de los pobres.<\/strong><br \/><strong>El malvado presume de su ambici\u00f3n,<\/strong><br \/><strong>Y e; avaro maldice al Se\u00f1or.<\/strong><br \/><strong>El malvado dice con insolencia<\/strong><br \/><strong>que no hay Dios que le pida cuentas. R.<\/strong><br \/><strong>R. Se\u00f1or, no te olvides de los pobres.<\/strong><br \/><strong>Su boca est\u00e1 llena de enga\u00f1os y fraudes,<\/strong><br \/><strong>Su lengua esconde maldad y opresi\u00f3n;<\/strong><br \/><strong>Se gazapa junto a la casa del inocente<\/strong><br \/><strong>para matarlo a escondidas. R.<\/strong><br \/><strong>R. Se\u00f1or, no te olvides de los pobres.<\/strong><br \/><strong>Pero t\u00fa, Se\u00f1or, ves las penas y los trabajos,<\/strong><br \/><strong>t\u00fa los miras y los tomas en tus manos;<\/strong><br \/><strong>el pobre se encomienda a ti,<\/strong><br \/><strong>t\u00fa eres el socorro del hu\u00e9rfano. R.<\/strong><br \/><strong>R. Se\u00f1or, no te olvides de los pobres.<\/strong><\/p>\n<\/div>\n<\/div>\n<\/div>\n<\/div>\n<div id=\"cs_control_289230\" class=\"cs_control  CS_Element_Textblock\">\n<div class=\"CS_Textblock_Text\">\n<div class=\"bibleReadingsWrapper\">\n<h4><strong>Aclamaci\u00f3n antes del Evangelio<\/strong><\/h4>\n<h4><strong>2 Cor 5, 19<\/strong><\/h4>\n<div class=\"poetry\">\n<p><strong>R. Aleluya, aleluya.<\/strong><br \/><strong>Dios ha reconciliado consigo al mundo, por medio de Cristo,<\/strong><br \/><strong>y nos ha encomendado a nosotros<\/strong><br \/><strong>el mensaje de la reconciliaci\u00f3n.<\/strong><br \/><strong>R. Aleluya.<\/strong><\/p>\n<\/div>\n<\/div>\n<\/div>\n<\/div>\n<div id=\"cs_control_289231\" class=\"cs_control  CS_Element_Textblock\">\n<div class=\"CS_Textblock_Text\">\n<div class=\"bibleReadingsWrapper\">\n<h4><strong>Evangelio<\/strong><\/h4>\n<h4><strong>Mt 12, 14-21<\/strong><\/h4>\n<div class=\"poetry\">\n<p><strong>En aquel tiempo, los fariseos se confabularon contra Jes\u00fas para acabar con \u00e9l. Al saberlo, Jes\u00fas se retir\u00f3 de ah\u00ed. Muchos lo siguieron y \u00e9l cur\u00f3 a todos los enfermos y les mand\u00f3 en\u00e9rgicamente que no lo publicaran, para que se cumplieran las palabras del profeta Isa\u00edas:<\/strong><\/p>\n<p><strong><em>Miren a mi siervo, a quien sostengo;<br \/>a mi elegido, en quien tengo mis complacencias.<br \/>En \u00e9l he puesto mi Esp\u00edritu,<br \/>para que haga brillar la justicia sobre las naciones.<br \/>No gritar\u00e1 ni clamar\u00e1,<br \/>no har\u00e1 o\u00edr su voz en las plazas,<br \/>no romper\u00e1 la ca\u00f1a resquebrajada,<br \/>ni apagar\u00e1 la mecha que a\u00fan humea,<br \/>hasta que haga triunfar la justicia sobre la tierra;<br \/>y en \u00e9l pondr\u00e1n todas las naciones su esperanza.<\/p>\n<p><img loading=\"lazy\" decoding=\"async\" src=\"http:\/\/fatherbroom.com\/es\/wp-content\/media\/sites\/3\/Screen-Shot-2020-07-16-at-2.48.32-PM-300x100.png\" alt=\"\" width=\"549\" height=\"183\" class=\"aligncenter  wp-image-23366\" srcset=\"https:\/\/fatherbroom.com\/es\/wp-content\/media\/sites\/3\/Screen-Shot-2020-07-16-at-2.48.32-PM-300x100.png 300w, https:\/\/fatherbroom.com\/es\/wp-content\/media\/sites\/3\/Screen-Shot-2020-07-16-at-2.48.32-PM-768x256.png 768w, https:\/\/fatherbroom.com\/es\/wp-content\/media\/sites\/3\/Screen-Shot-2020-07-16-at-2.48.32-PM-1024x342.png 1024w, https:\/\/fatherbroom.com\/es\/wp-content\/media\/sites\/3\/Screen-Shot-2020-07-16-at-2.48.32-PM.png 1540w\" sizes=\"auto, (max-width: 549px) 100vw, 549px\" \/><\/em><\/strong><\/p>\n<p><strong>Catecismo de la Iglesia\u00a0Cat\u00f3lica<\/p>\n<p>46 Cuando el hombre escucha el mensaje de las criaturas y la voz de su conciencia, entonces puede alcanzar a certeza de la existencia de Dios, causa y fin de todo.<\/strong><\/p>\n<p style=\"text-align: center\"><strong><em><br \/>San Camilo de Lelis<br \/><img loading=\"lazy\" decoding=\"async\" src=\"http:\/\/fatherbroom.com\/es\/wp-content\/media\/sites\/3\/Lellis2.jpg\" alt=\"\" width=\"251\" height=\"345\" class=\"aligncenter  wp-image-23367\" \/><br \/><\/em><\/strong><\/p>\n<\/div>\n<\/div>\n<\/div>\n<\/div>\n<\/div>\n<\/div>\n<\/div>\n<\/div>\n<\/div>\n<\/div>\n<div class=\"synved-social-container synved-social-container-share\" style=\"text-align: center\"><a class=\"synved-social-button synved-social-button-share synved-social-size-48 synved-social-resolution-single synved-social-provider-facebook nolightbox\" data-provider=\"facebook\" target=\"_blank\" rel=\"nofollow\" title=\"Share on Facebook\" href=\"https:\/\/www.facebook.com\/sharer.php?u=https%3A%2F%2Ffatherbroom.com%2Fes%2Fwp-json%2Fwp%2Fv2%2Fposts%2F23362&#038;t=LECTURAS%20DEL%20DIA%20%7C%2018%20DE%20JULIO%202020&#038;s=100&#038;p&#091;url&#093;=https%3A%2F%2Ffatherbroom.com%2Fes%2Fwp-json%2Fwp%2Fv2%2Fposts%2F23362&#038;p&#091;images&#093;&#091;0&#093;=http%3A%2F%2Ffatherbroom.com%2Fes%2Fwp-content%2Fmedia%2Fsites%2F3%2FLellis2.jpg&#038;p&#091;title&#093;=LECTURAS%20DEL%20DIA%20%7C%2018%20DE%20JULIO%202020\" style=\"font-size: 0px;width:48px;height:48px;margin:0;margin-bottom:5px;margin-right:5px\"><img loading=\"lazy\" decoding=\"async\" alt=\"Facebook\" title=\"Share on Facebook\" class=\"synved-share-image synved-social-image synved-social-image-share\" width=\"48\" height=\"48\" style=\"display: inline;width:48px;height:48px;margin: 0;padding: 0;border: none;box-shadow: none\" src=\"https:\/\/fatherbroom.com\/es\/wp-content\/plugins\/social-media-feather\/synved-social\/image\/social\/regular\/96x96\/facebook.png\" \/><\/a><a class=\"synved-social-button synved-social-button-share synved-social-size-48 synved-social-resolution-single synved-social-provider-twitter nolightbox\" data-provider=\"twitter\" target=\"_blank\" rel=\"nofollow\" title=\"Share on Twitter\" href=\"https:\/\/twitter.com\/intent\/tweet?url=https%3A%2F%2Ffatherbroom.com%2Fes%2Fwp-json%2Fwp%2Fv2%2Fposts%2F23362&#038;text=Hey%20check%20this%20out\" style=\"font-size: 0px;width:48px;height:48px;margin:0;margin-bottom:5px;margin-right:5px\"><img loading=\"lazy\" decoding=\"async\" alt=\"twitter\" title=\"Share on Twitter\" class=\"synved-share-image synved-social-image synved-social-image-share\" width=\"48\" height=\"48\" style=\"display: inline;width:48px;height:48px;margin: 0;padding: 0;border: none;box-shadow: none\" src=\"https:\/\/fatherbroom.com\/es\/wp-content\/plugins\/social-media-feather\/synved-social\/image\/social\/regular\/96x96\/twitter.png\" \/><\/a><a class=\"synved-social-button synved-social-button-share synved-social-size-48 synved-social-resolution-single synved-social-provider-reddit nolightbox\" data-provider=\"reddit\" target=\"_blank\" rel=\"nofollow\" title=\"Share on Reddit\" href=\"https:\/\/www.reddit.com\/submit?url=https%3A%2F%2Ffatherbroom.com%2Fes%2Fwp-json%2Fwp%2Fv2%2Fposts%2F23362&#038;title=LECTURAS%20DEL%20DIA%20%7C%2018%20DE%20JULIO%202020\" style=\"font-size: 0px;width:48px;height:48px;margin:0;margin-bottom:5px;margin-right:5px\"><img loading=\"lazy\" decoding=\"async\" alt=\"reddit\" title=\"Share on Reddit\" class=\"synved-share-image synved-social-image synved-social-image-share\" width=\"48\" height=\"48\" style=\"display: inline;width:48px;height:48px;margin: 0;padding: 0;border: none;box-shadow: none\" src=\"https:\/\/fatherbroom.com\/es\/wp-content\/plugins\/social-media-feather\/synved-social\/image\/social\/regular\/96x96\/reddit.png\" \/><\/a><a class=\"synved-social-button synved-social-button-share synved-social-size-48 synved-social-resolution-single synved-social-provider-pinterest nolightbox\" data-provider=\"pinterest\" target=\"_blank\" rel=\"nofollow\" title=\"Pin it with Pinterest\" href=\"https:\/\/pinterest.com\/pin\/create\/button\/?url=https%3A%2F%2Ffatherbroom.com%2Fes%2Fwp-json%2Fwp%2Fv2%2Fposts%2F23362&#038;media=http%3A%2F%2Ffatherbroom.com%2Fes%2Fwp-content%2Fmedia%2Fsites%2F3%2FLellis2.jpg&#038;description=LECTURAS%20DEL%20DIA%20%7C%2018%20DE%20JULIO%202020\" style=\"font-size: 0px;width:48px;height:48px;margin:0;margin-bottom:5px;margin-right:5px\"><img loading=\"lazy\" decoding=\"async\" alt=\"pinterest\" title=\"Pin it with Pinterest\" class=\"synved-share-image synved-social-image synved-social-image-share\" width=\"48\" height=\"48\" style=\"display: inline;width:48px;height:48px;margin: 0;padding: 0;border: none;box-shadow: none\" src=\"https:\/\/fatherbroom.com\/es\/wp-content\/plugins\/social-media-feather\/synved-social\/image\/social\/regular\/96x96\/pinterest.png\" \/><\/a><a class=\"synved-social-button synved-social-button-share synved-social-size-48 synved-social-resolution-single synved-social-provider-linkedin nolightbox\" data-provider=\"linkedin\" target=\"_blank\" rel=\"nofollow\" title=\"Share on Linkedin\" href=\"https:\/\/www.linkedin.com\/shareArticle?mini=true&#038;url=https%3A%2F%2Ffatherbroom.com%2Fes%2Fwp-json%2Fwp%2Fv2%2Fposts%2F23362&#038;title=LECTURAS%20DEL%20DIA%20%7C%2018%20DE%20JULIO%202020\" style=\"font-size: 0px;width:48px;height:48px;margin:0;margin-bottom:5px;margin-right:5px\"><img loading=\"lazy\" decoding=\"async\" alt=\"linkedin\" title=\"Share on Linkedin\" class=\"synved-share-image synved-social-image synved-social-image-share\" width=\"48\" height=\"48\" style=\"display: inline;width:48px;height:48px;margin: 0;padding: 0;border: none;box-shadow: none\" src=\"https:\/\/fatherbroom.com\/es\/wp-content\/plugins\/social-media-feather\/synved-social\/image\/social\/regular\/96x96\/linkedin.png\" \/><\/a><a class=\"synved-social-button synved-social-button-share synved-social-size-48 synved-social-resolution-single synved-social-provider-mail nolightbox\" data-provider=\"mail\" rel=\"nofollow\" title=\"Share by email\" href=\"mailto:?subject=LECTURAS%20DEL%20DIA%20%7C%2018%20DE%20JULIO%202020&#038;body=Hey%20check%20this%20out:%20https%3A%2F%2Ffatherbroom.com%2Fes%2Fwp-json%2Fwp%2Fv2%2Fposts%2F23362\" style=\"font-size: 0px;width:48px;height:48px;margin:0;margin-bottom:5px\"><img loading=\"lazy\" decoding=\"async\" alt=\"mail\" title=\"Share by email\" class=\"synved-share-image synved-social-image synved-social-image-share\" width=\"48\" height=\"48\" style=\"display: inline;width:48px;height:48px;margin: 0;padding: 0;border: none;box-shadow: none\" src=\"https:\/\/fatherbroom.com\/es\/wp-content\/plugins\/social-media-feather\/synved-social\/image\/social\/regular\/96x96\/mail.png\" \/><\/a><\/div>","protected":false},"excerpt":{"rendered":"<p>18 de julio 2020 S\u00e1bado de la XV semana del Tiempo ordinario Primera lectura Miq 2, 1-5 \u00a1Ay de aquellos que planean injusticias,que traman el mal durante la nochey al despuntar la ma\u00f1ana, lo ejecutan,porque son gente poderosa! Codician los campos y los roban,codician las casas y las usurpan,violando todos los derechosarruinan al hombre y [&hellip;]<\/p>\n","protected":false},"author":13,"featured_media":0,"comment_status":"open","ping_status":"open","sticky":false,"template":"","format":"standard","meta":{"_genesis_hide_title":false,"_genesis_hide_breadcrumbs":false,"_genesis_hide_singular_image":false,"_genesis_hide_footer_widgets":false,"_genesis_custom_body_class":"","_genesis_custom_post_class":"","_genesis_layout":"","footnotes":""},"categories":[277],"tags":[],"class_list":{"0":"post-23362","1":"post","2":"type-post","3":"status-publish","4":"format-standard","6":"category-lecturas-del-dia","7":"entry"},"_links":{"self":[{"href":"https:\/\/fatherbroom.com\/es\/wp-json\/wp\/v2\/posts\/23362","targetHints":{"allow":["GET"]}}],"collection":[{"href":"https:\/\/fatherbroom.com\/es\/wp-json\/wp\/v2\/posts"}],"about":[{"href":"https:\/\/fatherbroom.com\/es\/wp-json\/wp\/v2\/types\/post"}],"author":[{"embeddable":true,"href":"https:\/\/fatherbroom.com\/es\/wp-json\/wp\/v2\/users\/13"}],"replies":[{"embeddable":true,"href":"https:\/\/fatherbroom.com\/es\/wp-json\/wp\/v2\/comments?post=23362"}],"version-history":[{"count":3,"href":"https:\/\/fatherbroom.com\/es\/wp-json\/wp\/v2\/posts\/23362\/revisions"}],"predecessor-version":[{"id":23368,"href":"https:\/\/fatherbroom.com\/es\/wp-json\/wp\/v2\/posts\/23362\/revisions\/23368"}],"wp:attachment":[{"href":"https:\/\/fatherbroom.com\/es\/wp-json\/wp\/v2\/media?parent=23362"}],"wp:term":[{"taxonomy":"category","embeddable":true,"href":"https:\/\/fatherbroom.com\/es\/wp-json\/wp\/v2\/categories?post=23362"},{"taxonomy":"post_tag","embeddable":true,"href":"https:\/\/fatherbroom.com\/es\/wp-json\/wp\/v2\/tags?post=23362"}],"curies":[{"name":"wp","href":"https:\/\/api.w.org\/{rel}","templated":true}]}}