{"id":23354,"date":"2020-07-17T02:00:32","date_gmt":"2020-07-17T09:00:32","guid":{"rendered":"http:\/\/fatherbroom.com\/es\/?p=23354"},"modified":"2020-07-16T14:44:10","modified_gmt":"2020-07-16T21:44:10","slug":"lecturas-del-dia-17-julio-2020","status":"publish","type":"post","link":"https:\/\/fatherbroom.com\/es\/2020\/07\/lecturas-del-dia-17-julio-2020\/","title":{"rendered":"LECTURAS DEL DIA | 17 JULIO 2020"},"content":{"rendered":"<p><img loading=\"lazy\" decoding=\"async\" src=\"http:\/\/fatherbroom.com\/es\/wp-content\/media\/sites\/3\/Screen-Shot-2020-07-16-at-2.40.27-PM-300x169.png\" alt=\"\" width=\"730\" height=\"411\" class=\"aligncenter  wp-image-23358\" srcset=\"https:\/\/fatherbroom.com\/es\/wp-content\/media\/sites\/3\/Screen-Shot-2020-07-16-at-2.40.27-PM-300x169.png 300w, https:\/\/fatherbroom.com\/es\/wp-content\/media\/sites\/3\/Screen-Shot-2020-07-16-at-2.40.27-PM-768x432.png 768w, https:\/\/fatherbroom.com\/es\/wp-content\/media\/sites\/3\/Screen-Shot-2020-07-16-at-2.40.27-PM-1024x576.png 1024w, https:\/\/fatherbroom.com\/es\/wp-content\/media\/sites\/3\/Screen-Shot-2020-07-16-at-2.40.27-PM.png 1544w\" sizes=\"auto, (max-width: 730px) 100vw, 730px\" \/><\/p>\n<h4><strong>17 de julio 2020<\/strong><\/h4>\n<div class=\"contentarea\">\n<div id=\"cs_control_1386\" class=\"cs_control CS_Element_Schedule\">\n<div title=\"\" id=\"CS_Element_maincontent\">\n<div id=\"gridRow_1_1_1386\" class=\"cs_GridRow\">\n<div id=\"gridCol_1_1_1_1_1386\" class=\"cs_GridColumn\">\n<div id=\"cs_control_157991\" class=\"cs_control  lecturas-block\">\n<div id=\"cs_control_3683\" class=\"cs_control  CS_Element_Textblock\">\n<h4 class=\"CS_Textblock_Text\"><strong>Viernes de la XV semana del Tiempo ordinario<\/strong><\/p>\n<p><strong>Primera lectura<\/strong><\/h4>\n<\/div>\n<div id=\"cs_control_3684\" class=\"cs_control  CS_Element_Textblock\">\n<div class=\"CS_Textblock_Text\">\n<div class=\"bibleReadingsWrapper\">\n<h4><strong>Is 38, 1-6. 21-22. 7-8<\/strong><\/h4>\n<div class=\"poetry\">\n<p><strong>En aquel tiempo, el rey Ezequ\u00edas enferm\u00f3 de muerte y vino a verlo el profeta Isa\u00edas, hijo de Am\u00f3s, y le dijo: \u201cEsto dice el Se\u00f1or: \u2018Arregla todos tus asuntos, porque no te vas a aliviar y te vas a morir\u2019 \u201d.<\/strong><\/p>\n<p><strong>Ezequ\u00edas volvi\u00f3 la cara hacia la pared, or\u00f3 al Se\u00f1or y dijo: \u201cAcu\u00e9rdate, Se\u00f1or, de que te he servido con fidelidad y rectitud de coraz\u00f3n y de que he hecho siempre lo que a ti te agrada\u201d. Y llor\u00f3 con abundantes l\u00e1grimas.<\/strong><\/p>\n<p><strong>Entonces el Se\u00f1or le habl\u00f3 a Isa\u00edas y le dijo: \u201cVe a decirle a Ezequ\u00edas: \u2018Esto dice el Se\u00f1or, Dios de tu padre, David: He escuchado tu oraci\u00f3n y he visto tus l\u00e1grimas. Voy a curarte y en tres d\u00edas podr\u00e1s ir al templo del Se\u00f1or. Voy a darte quince a\u00f1os m\u00e1s de vida. Te librar\u00e9 de la mano del rey de Asiria a ti y a tu ciudad, y proteger\u00e9 a Jerusal\u00e9n\u2019 \u201d.<\/strong><\/p>\n<p><strong>Dijo entonces Isa\u00edas: \u201cTraigan un emplasto de higos y apl\u00edquenselo en la llaga para que se alivie\u201d. Y Ezequ\u00edas dijo: \u201c\u00bfCu\u00e1l es la se\u00f1al de que podr\u00e9 ir al templo del Se\u00f1or?\u201d Respondi\u00f3 Isa\u00edas: \u201cEsta ser\u00e1 para ti la se\u00f1al de que el Se\u00f1or cumplir\u00e1 las cosas que te ha dicho: voy a hacer que la sombra retroceda los diez grados que ha avanzado en el reloj de sol de Ajaz\u201d. Y el sol retrocedi\u00f3 los diez grados que hab\u00eda avanzado.<\/strong><\/p>\n<\/div>\n<\/div>\n<\/div>\n<\/div>\n<div id=\"cs_control_289228\" class=\"cs_control  CS_Element_Textblock\">\n<div class=\"CS_Textblock_Text\">\n<div class=\"bibleReadingsWrapper\">\n<h4><strong>Salmo Responsorial<\/strong><\/h4>\n<h4><strong>Isa\u00edas 38, 10. 11. 12abcd. 16<\/strong><\/h4>\n<div class=\"poetry\">\n<p><strong>R. (cf. 17b) S\u00e1lvame, Se\u00f1or, y vivir\u00e9.<\/strong><br \/><strong>Yo pensaba que a la mitad de mi vida<\/strong><br \/><strong>tendr\u00eda que dirigirme hacia las puertas del abismo<\/strong><br \/><strong>y me privar\u00edan del resto de mis a\u00f1os. R.<\/strong><br \/><strong>R. S\u00e1lvame, Se\u00f1or, y vivir\u00e9.<\/strong><br \/><strong>Yo pensaba que ya no volver\u00eda a ver al Se\u00f1or<\/strong><br \/><strong>en la tierra de los vivos,<\/strong><br \/><strong>que ya no volver\u00eda a ver a los hombres<\/strong><br \/><strong>entre los habitantes del mundo. R.<\/strong><br \/><strong>R. S\u00e1lvame, Se\u00f1or, y vivir\u00e9.<\/strong><br \/><strong>Levantan y enrollan mi vida<\/strong><br \/><strong>como una tienda de pastores. \u00a0<\/strong><br \/><strong>Como un tejedor tej\u00eda yo mi vida,<\/strong><br \/><strong>y me cortaron la trama. R.<\/strong><br \/><strong>R. S\u00e1lvame, Se\u00f1or, y vivir\u00e9.<\/strong><br \/><strong>A los que Dios protege viven,<\/strong><br \/><strong>y entre ellos vivir\u00e1 mi esp\u00edritu;<\/strong><br \/><strong>me has curado,<\/strong><br \/><strong>me has hecho revivir. R.<\/strong><br \/><strong>R. S\u00e1lvame, Se\u00f1or, y vivir\u00e9.<\/strong><\/p>\n<\/div>\n<\/div>\n<\/div>\n<\/div>\n<div id=\"cs_control_289230\" class=\"cs_control  CS_Element_Textblock\">\n<div class=\"CS_Textblock_Text\">\n<div class=\"bibleReadingsWrapper\">\n<h4><strong>Aclamaci\u00f3n antes del Evangelio\u00a0Jn 10, 27<\/strong><\/h4>\n<div class=\"poetry\">\n<p><strong>R. Aleluya, aleluya.<\/strong><br \/><strong>Mis ovejas escuchan mi voz, dice el Se\u00f1or;<\/strong><br \/><strong>yo las conozco y ellas me siguen.<\/strong><br \/><strong>R. Aleluya.<\/strong><\/p>\n<\/div>\n<\/div>\n<\/div>\n<\/div>\n<div id=\"cs_control_289231\" class=\"cs_control  CS_Element_Textblock\">\n<div class=\"CS_Textblock_Text\">\n<div class=\"bibleReadingsWrapper\">\n<h4><strong>Evangelio\u00a0Mt 12, 1-8<\/strong><\/h4>\n<div class=\"poetry\">\n<p><strong>Un s\u00e1bado, atravesaba Jes\u00fas por los sembrados. Los disc\u00edpulos, que iban con \u00e9l, ten\u00edan hambre y se pusieron a arrancar espigas y a comerse los granos. Cuando los fariseos los vieron, le dijeron a Jes\u00fas: \u201cTus disc\u00edpulos est\u00e1n haciendo algo que no est\u00e1 permitido hacer en s\u00e1bado\u201d.<\/strong><\/p>\n<p><strong>\u00c9l les contest\u00f3: \u201c\u00bfNo han le\u00eddo ustedes lo que hizo David una vez que sintieron hambre \u00e9l y sus compa\u00f1eros? \u00bfNo recuerdan c\u00f3mo entraron en la casa de Dios y comieron los panes consagrados, de los cuales ni \u00e9l ni sus compa\u00f1eros pod\u00edan comer, sino tan s\u00f3lo los sacerdotes?<\/strong><\/p>\n<p><strong>\u00bfTampoco han le\u00eddo en la ley que los sacerdotes violan el s\u00e1bado porque ofician en el templo y no por eso cometen pecado? Pues yo digo que aqu\u00ed hay alguien m\u00e1s grande que el templo.<\/strong><\/p>\n<p><strong>Si ustedes comprendieran el sentido de las palabras: Misericordia quiero y no sacrificios, no condenar\u00edan a quienes no tienen ninguna culpa. Por lo dem\u00e1s, el Hijo del hombre tambi\u00e9n es due\u00f1o del s\u00e1bado\u2019\u2019.<\/strong><\/p>\n<\/div>\n<\/div>\n<\/div>\n<\/div>\n<div id=\"cs_control_289214\" class=\"cs_control  CS_Element_Textblock\">\n<div class=\"CS_Textblock_Text\">\n<p><img loading=\"lazy\" decoding=\"async\" src=\"http:\/\/fatherbroom.com\/es\/wp-content\/media\/sites\/3\/Screen-Shot-2020-07-16-at-2.42.35-PM-300x100.png\" alt=\"\" width=\"600\" height=\"200\" class=\"aligncenter  wp-image-23359\" srcset=\"https:\/\/fatherbroom.com\/es\/wp-content\/media\/sites\/3\/Screen-Shot-2020-07-16-at-2.42.35-PM-300x100.png 300w, https:\/\/fatherbroom.com\/es\/wp-content\/media\/sites\/3\/Screen-Shot-2020-07-16-at-2.42.35-PM-768x257.png 768w, https:\/\/fatherbroom.com\/es\/wp-content\/media\/sites\/3\/Screen-Shot-2020-07-16-at-2.42.35-PM-1024x342.png 1024w, https:\/\/fatherbroom.com\/es\/wp-content\/media\/sites\/3\/Screen-Shot-2020-07-16-at-2.42.35-PM.png 1544w\" sizes=\"auto, (max-width: 600px) 100vw, 600px\" \/><br \/><strong>Catecismo de la Iglesia Cat\u00f3lica<\/strong><\/p>\n<p><strong>45 El hombre est\u00e1 hecho para vivir en comuni\u00f3n con Dios, en quien encuentra su dicha.\u00bbCuando yo me adhiera a ti con todo mi ser, no habr\u00e1 ya para mi penas ni pruebas, y mi vida, toda llena de ti, ser\u00e1 plena\u00bb (San Agust\u00edn, Confessiones, 10,28,39).<\/strong><\/p>\n<\/div>\n<\/div>\n<\/div>\n<\/div>\n<\/div>\n<\/div>\n<\/div>\n<\/div>\n<div class=\"synved-social-container synved-social-container-share\" style=\"text-align: center\"><a class=\"synved-social-button synved-social-button-share synved-social-size-48 synved-social-resolution-single synved-social-provider-facebook nolightbox\" data-provider=\"facebook\" target=\"_blank\" rel=\"nofollow\" title=\"Share on Facebook\" href=\"https:\/\/www.facebook.com\/sharer.php?u=https%3A%2F%2Ffatherbroom.com%2Fes%2Fwp-json%2Fwp%2Fv2%2Fposts%2F23354&#038;t=LECTURAS%20DEL%20DIA%20%7C%2017%20JULIO%202020&#038;s=100&#038;p&#091;url&#093;=https%3A%2F%2Ffatherbroom.com%2Fes%2Fwp-json%2Fwp%2Fv2%2Fposts%2F23354&#038;p&#091;images&#093;&#091;0&#093;=http%3A%2F%2Ffatherbroom.com%2Fes%2Fwp-content%2Fmedia%2Fsites%2F3%2FScreen-Shot-2020-07-16-at-2.42.35-PM-300x100.png&#038;p&#091;title&#093;=LECTURAS%20DEL%20DIA%20%7C%2017%20JULIO%202020\" style=\"font-size: 0px;width:48px;height:48px;margin:0;margin-bottom:5px;margin-right:5px\"><img loading=\"lazy\" decoding=\"async\" alt=\"Facebook\" title=\"Share on Facebook\" class=\"synved-share-image synved-social-image synved-social-image-share\" width=\"48\" height=\"48\" style=\"display: inline;width:48px;height:48px;margin: 0;padding: 0;border: none;box-shadow: none\" src=\"https:\/\/fatherbroom.com\/es\/wp-content\/plugins\/social-media-feather\/synved-social\/image\/social\/regular\/96x96\/facebook.png\" \/><\/a><a class=\"synved-social-button synved-social-button-share synved-social-size-48 synved-social-resolution-single synved-social-provider-twitter nolightbox\" data-provider=\"twitter\" target=\"_blank\" rel=\"nofollow\" title=\"Share on Twitter\" href=\"https:\/\/twitter.com\/intent\/tweet?url=https%3A%2F%2Ffatherbroom.com%2Fes%2Fwp-json%2Fwp%2Fv2%2Fposts%2F23354&#038;text=Hey%20check%20this%20out\" style=\"font-size: 0px;width:48px;height:48px;margin:0;margin-bottom:5px;margin-right:5px\"><img loading=\"lazy\" decoding=\"async\" alt=\"twitter\" title=\"Share on Twitter\" class=\"synved-share-image synved-social-image synved-social-image-share\" width=\"48\" height=\"48\" style=\"display: inline;width:48px;height:48px;margin: 0;padding: 0;border: none;box-shadow: none\" src=\"https:\/\/fatherbroom.com\/es\/wp-content\/plugins\/social-media-feather\/synved-social\/image\/social\/regular\/96x96\/twitter.png\" \/><\/a><a class=\"synved-social-button synved-social-button-share synved-social-size-48 synved-social-resolution-single synved-social-provider-reddit nolightbox\" data-provider=\"reddit\" target=\"_blank\" rel=\"nofollow\" title=\"Share on Reddit\" href=\"https:\/\/www.reddit.com\/submit?url=https%3A%2F%2Ffatherbroom.com%2Fes%2Fwp-json%2Fwp%2Fv2%2Fposts%2F23354&#038;title=LECTURAS%20DEL%20DIA%20%7C%2017%20JULIO%202020\" style=\"font-size: 0px;width:48px;height:48px;margin:0;margin-bottom:5px;margin-right:5px\"><img loading=\"lazy\" decoding=\"async\" alt=\"reddit\" title=\"Share on Reddit\" class=\"synved-share-image synved-social-image synved-social-image-share\" width=\"48\" height=\"48\" style=\"display: inline;width:48px;height:48px;margin: 0;padding: 0;border: none;box-shadow: none\" src=\"https:\/\/fatherbroom.com\/es\/wp-content\/plugins\/social-media-feather\/synved-social\/image\/social\/regular\/96x96\/reddit.png\" \/><\/a><a class=\"synved-social-button synved-social-button-share synved-social-size-48 synved-social-resolution-single synved-social-provider-pinterest nolightbox\" data-provider=\"pinterest\" target=\"_blank\" rel=\"nofollow\" title=\"Pin it with Pinterest\" href=\"https:\/\/pinterest.com\/pin\/create\/button\/?url=https%3A%2F%2Ffatherbroom.com%2Fes%2Fwp-json%2Fwp%2Fv2%2Fposts%2F23354&#038;media=http%3A%2F%2Ffatherbroom.com%2Fes%2Fwp-content%2Fmedia%2Fsites%2F3%2FScreen-Shot-2020-07-16-at-2.42.35-PM-300x100.png&#038;description=LECTURAS%20DEL%20DIA%20%7C%2017%20JULIO%202020\" style=\"font-size: 0px;width:48px;height:48px;margin:0;margin-bottom:5px;margin-right:5px\"><img loading=\"lazy\" decoding=\"async\" alt=\"pinterest\" title=\"Pin it with Pinterest\" class=\"synved-share-image synved-social-image synved-social-image-share\" width=\"48\" height=\"48\" style=\"display: inline;width:48px;height:48px;margin: 0;padding: 0;border: none;box-shadow: none\" src=\"https:\/\/fatherbroom.com\/es\/wp-content\/plugins\/social-media-feather\/synved-social\/image\/social\/regular\/96x96\/pinterest.png\" \/><\/a><a class=\"synved-social-button synved-social-button-share synved-social-size-48 synved-social-resolution-single synved-social-provider-linkedin nolightbox\" data-provider=\"linkedin\" target=\"_blank\" rel=\"nofollow\" title=\"Share on Linkedin\" href=\"https:\/\/www.linkedin.com\/shareArticle?mini=true&#038;url=https%3A%2F%2Ffatherbroom.com%2Fes%2Fwp-json%2Fwp%2Fv2%2Fposts%2F23354&#038;title=LECTURAS%20DEL%20DIA%20%7C%2017%20JULIO%202020\" style=\"font-size: 0px;width:48px;height:48px;margin:0;margin-bottom:5px;margin-right:5px\"><img loading=\"lazy\" decoding=\"async\" alt=\"linkedin\" title=\"Share on Linkedin\" class=\"synved-share-image synved-social-image synved-social-image-share\" width=\"48\" height=\"48\" style=\"display: inline;width:48px;height:48px;margin: 0;padding: 0;border: none;box-shadow: none\" src=\"https:\/\/fatherbroom.com\/es\/wp-content\/plugins\/social-media-feather\/synved-social\/image\/social\/regular\/96x96\/linkedin.png\" \/><\/a><a class=\"synved-social-button synved-social-button-share synved-social-size-48 synved-social-resolution-single synved-social-provider-mail nolightbox\" data-provider=\"mail\" rel=\"nofollow\" title=\"Share by email\" href=\"mailto:?subject=LECTURAS%20DEL%20DIA%20%7C%2017%20JULIO%202020&#038;body=Hey%20check%20this%20out:%20https%3A%2F%2Ffatherbroom.com%2Fes%2Fwp-json%2Fwp%2Fv2%2Fposts%2F23354\" style=\"font-size: 0px;width:48px;height:48px;margin:0;margin-bottom:5px\"><img loading=\"lazy\" decoding=\"async\" alt=\"mail\" title=\"Share by email\" class=\"synved-share-image synved-social-image synved-social-image-share\" width=\"48\" height=\"48\" style=\"display: inline;width:48px;height:48px;margin: 0;padding: 0;border: none;box-shadow: none\" src=\"https:\/\/fatherbroom.com\/es\/wp-content\/plugins\/social-media-feather\/synved-social\/image\/social\/regular\/96x96\/mail.png\" \/><\/a><\/div>","protected":false},"excerpt":{"rendered":"<p>17 de julio 2020 Viernes de la XV semana del Tiempo ordinario Primera lectura Is 38, 1-6. 21-22. 7-8 En aquel tiempo, el rey Ezequ\u00edas enferm\u00f3 de muerte y vino a verlo el profeta Isa\u00edas, hijo de Am\u00f3s, y le dijo: \u201cEsto dice el Se\u00f1or: \u2018Arregla todos tus asuntos, porque no te vas a aliviar [&hellip;]<\/p>\n","protected":false},"author":13,"featured_media":0,"comment_status":"open","ping_status":"open","sticky":false,"template":"","format":"standard","meta":{"_genesis_hide_title":false,"_genesis_hide_breadcrumbs":false,"_genesis_hide_singular_image":false,"_genesis_hide_footer_widgets":false,"_genesis_custom_body_class":"","_genesis_custom_post_class":"","_genesis_layout":"","footnotes":""},"categories":[277],"tags":[],"class_list":{"0":"post-23354","1":"post","2":"type-post","3":"status-publish","4":"format-standard","6":"category-lecturas-del-dia","7":"entry"},"_links":{"self":[{"href":"https:\/\/fatherbroom.com\/es\/wp-json\/wp\/v2\/posts\/23354","targetHints":{"allow":["GET"]}}],"collection":[{"href":"https:\/\/fatherbroom.com\/es\/wp-json\/wp\/v2\/posts"}],"about":[{"href":"https:\/\/fatherbroom.com\/es\/wp-json\/wp\/v2\/types\/post"}],"author":[{"embeddable":true,"href":"https:\/\/fatherbroom.com\/es\/wp-json\/wp\/v2\/users\/13"}],"replies":[{"embeddable":true,"href":"https:\/\/fatherbroom.com\/es\/wp-json\/wp\/v2\/comments?post=23354"}],"version-history":[{"count":3,"href":"https:\/\/fatherbroom.com\/es\/wp-json\/wp\/v2\/posts\/23354\/revisions"}],"predecessor-version":[{"id":23360,"href":"https:\/\/fatherbroom.com\/es\/wp-json\/wp\/v2\/posts\/23354\/revisions\/23360"}],"wp:attachment":[{"href":"https:\/\/fatherbroom.com\/es\/wp-json\/wp\/v2\/media?parent=23354"}],"wp:term":[{"taxonomy":"category","embeddable":true,"href":"https:\/\/fatherbroom.com\/es\/wp-json\/wp\/v2\/categories?post=23354"},{"taxonomy":"post_tag","embeddable":true,"href":"https:\/\/fatherbroom.com\/es\/wp-json\/wp\/v2\/tags?post=23354"}],"curies":[{"name":"wp","href":"https:\/\/api.w.org\/{rel}","templated":true}]}}