{"id":23344,"date":"2020-07-16T10:09:27","date_gmt":"2020-07-16T17:09:27","guid":{"rendered":"http:\/\/fatherbroom.com\/es\/?p=23344"},"modified":"2020-07-16T14:44:36","modified_gmt":"2020-07-16T21:44:36","slug":"lecturas-del-dia-16-julio-2020","status":"publish","type":"post","link":"https:\/\/fatherbroom.com\/es\/2020\/07\/lecturas-del-dia-16-julio-2020\/","title":{"rendered":"LECTURAS DEL DIA | 16 JULIO 2020"},"content":{"rendered":"<p><img loading=\"lazy\" decoding=\"async\" src=\"http:\/\/fatherbroom.com\/es\/wp-content\/media\/sites\/3\/Screen-Shot-2020-07-16-at-10.08.25-AM-300x169.png\" alt=\"\" width=\"623\" height=\"351\" class=\"aligncenter  wp-image-23345\" srcset=\"https:\/\/fatherbroom.com\/es\/wp-content\/media\/sites\/3\/Screen-Shot-2020-07-16-at-10.08.25-AM-300x169.png 300w, https:\/\/fatherbroom.com\/es\/wp-content\/media\/sites\/3\/Screen-Shot-2020-07-16-at-10.08.25-AM-768x432.png 768w, https:\/\/fatherbroom.com\/es\/wp-content\/media\/sites\/3\/Screen-Shot-2020-07-16-at-10.08.25-AM-1024x576.png 1024w, https:\/\/fatherbroom.com\/es\/wp-content\/media\/sites\/3\/Screen-Shot-2020-07-16-at-10.08.25-AM.png 1542w\" sizes=\"auto, (max-width: 623px) 100vw, 623px\" \/><\/p>\n<h4><strong>16 de julio 2020<\/strong><\/p>\n<p><strong>Jueves de la XV semana del Tiempo ordinario<\/strong><\/p>\n<p><strong>Primera lectura Is 26, 7-9. 12. 16-19<\/strong><\/h4>\n<div class=\"contentarea\">\n<div id=\"cs_control_1386\" class=\"cs_control CS_Element_Schedule\">\n<div title=\"\" id=\"CS_Element_maincontent\">\n<div id=\"gridRow_1_1_1386\" class=\"cs_GridRow\">\n<div id=\"gridCol_1_1_1_1_1386\" class=\"cs_GridColumn\">\n<div id=\"cs_control_157991\" class=\"cs_control  lecturas-block\">\n<div id=\"cs_control_3684\" class=\"cs_control  CS_Element_Textblock\">\n<div class=\"CS_Textblock_Text\">\n<div class=\"bibleReadingsWrapper\">\n<div class=\"poetry\">\n<p><strong>La senda del justo es recta<\/strong><br \/><strong>porque t\u00fa, Se\u00f1or, le allanas el sendero.<\/strong><br \/><strong>En el camino de tus mandamientos te buscamos,<\/strong><br \/><strong>anhelando, Se\u00f1or, tu nombre y tu recuerdo.<\/strong><\/p>\n<p><strong>Mi alma te desea por la noche<\/strong><br \/><strong>y mi esp\u00edritu te busca por la ma\u00f1ana,<\/strong><br \/><strong>porque tus mandamientos son la luz de la tierra<\/strong><br \/><strong>y ense\u00f1an justicia a los habitantes del orbe.<\/strong><\/p>\n<p><strong>T\u00fa nos dar\u00e1s, Se\u00f1or, la paz,<\/strong><br \/><strong>porque todo lo que hemos hecho<\/strong><br \/><strong>eres t\u00fa quien lo ha hecho por nosotros.<\/strong><\/p>\n<p><strong>Acudimos a ti, Se\u00f1or, en el peligro,<\/strong><br \/><strong>cuando nos angustiaba la fuerza de tu castigo.<\/strong><br \/><strong>Como una mujer que va a dar a luz,<\/strong><br \/><strong>que se retuerce y grita angustiada,<\/strong><br \/><strong>as\u00ed \u00e9ramos, Se\u00f1or, en tu presencia:<\/strong><br \/><strong>concebimos y nos retorcimos,<\/strong><br \/><strong>\u00a1pero lo \u00fanico que hemos dado a luz ha sido viento!<\/strong><br \/><strong>No le hemos dado salvaci\u00f3n al pa\u00eds,<\/strong><br \/><strong>no le han nacido habitantes al mundo.<\/strong><\/p>\n<p><strong>Tus muertos vivir\u00e1n, sus cad\u00e1veres resucitar\u00e1n,<\/strong><br \/><strong>despertar\u00e1n jubilosos los que habitan en los sepulcros,<\/strong><br \/><strong>porque tu roc\u00edo es roc\u00edo luminoso<\/strong><br \/><strong>y la tierra de las sombras dar\u00e1 a luz.<\/strong><\/p>\n<\/div>\n<\/div>\n<\/div>\n<\/div>\n<div id=\"cs_control_289228\" class=\"cs_control  CS_Element_Textblock\">\n<div class=\"CS_Textblock_Text\">\n<div class=\"bibleReadingsWrapper\">\n<h4><strong>Salmo Responsorial\u00a0Salmo 101, 13-14ab y 15. 16-18. 19-21<\/strong><\/h4>\n<div class=\"poetry\">\n<p><strong>R. (20b) El Se\u00f1or tiene compasi\u00f3n de nosotros.<\/strong><br \/><strong>T\u00fa, Se\u00f1or, reinas para siempre<\/strong><br \/><strong>y tu fama pasa de generaci\u00f3n en generaci\u00f3n.<\/strong><br \/><strong>Lev\u00e1ntate y ten misericordia de Si\u00f3n,<\/strong><br \/><strong>pues ya es tiempo de que te apiades de ella.<\/strong><br \/><strong>Tus siervos aman sus piedras<\/strong><br \/><strong>y se compadecen de sus ruinas. R.<\/strong><br \/><strong>R. El Se\u00f1or tiene compasi\u00f3n de nosotros.<br \/><\/strong><br \/><strong>Cuando el Se\u00f1or reedifique a Si\u00f3n<\/strong><br \/><strong>a aparezca glorioso,<\/strong><br \/><strong>cuando oiga el clamor del oprimido<\/strong><br \/><strong>y no se muestre a sus plegarias sordo,<\/strong><br \/><strong>entonces temer\u00e1n al Se\u00f1or todos los pueblos,<\/strong><br \/><strong>y su gloria ver\u00e1n los poderosos. R.<\/strong><br \/><strong>R. El Se\u00f1or tiene compasi\u00f3n de nosotros.<br \/><\/strong><br \/><strong>Esto se escribir\u00e1 para el futuro<\/strong><br \/><strong>y alabar\u00e1 al Se\u00f1or el pueblo nuevo.<\/strong><br \/><strong>porque el Se\u00f1or, desde su altura santa,<\/strong><br \/><strong>ha mirado a la tierra desde el cielo,<\/strong><br \/><strong>para o\u00edr los gemidos del cautivo<\/strong><br \/><strong>y librar de la muerte al prisionero. R.<\/strong><br \/><strong>R. El Se\u00f1or tiene compasi\u00f3n de nosotros.<\/strong><\/p>\n<\/div>\n<\/div>\n<\/div>\n<\/div>\n<div id=\"cs_control_289230\" class=\"cs_control  CS_Element_Textblock\">\n<div class=\"CS_Textblock_Text\">\n<div class=\"bibleReadingsWrapper\">\n<h4><strong>Aclamaci\u00f3n antes del Evangelio\u00a0Mt 11, 28<\/strong><\/h4>\n<div class=\"poetry\">\n<p><strong>R. Aleluya, aleluya.<\/strong><br \/><strong>Vengan a m\u00ed, todos los que est\u00e1n fatigados<\/strong><br \/><strong>y agobiados por la carga,<\/strong><br \/><strong>y yo les dar\u00e9 alivio, dice el Se\u00f1or.<\/strong><br \/><strong>R. Aleluya.<\/strong><\/p>\n<\/div>\n<\/div>\n<\/div>\n<\/div>\n<div id=\"cs_control_289231\" class=\"cs_control  CS_Element_Textblock\">\n<div class=\"CS_Textblock_Text\">\n<div class=\"bibleReadingsWrapper\">\n<h4><strong>Evangelio\u00a0Mt 11, 28-30<\/strong><\/h4>\n<div class=\"poetry\"><strong><strong>En aquel tiempo, Jes\u00fas dijo: \u201cVengan a m\u00ed, todos los que est\u00e1n fatigados y agobiados por la carga, y yo les dar\u00e9 alivio. Tomen mi yugo sobre ustedes y aprendan de m\u00ed, que soy manso y humilde de coraz\u00f3n, y encontrar\u00e1n descanso, porque mi yugo es suave y mi carga, ligera\u201d.<\/p>\n<p><img loading=\"lazy\" decoding=\"async\" src=\"http:\/\/fatherbroom.com\/es\/wp-content\/media\/sites\/3\/Screen-Shot-2020-07-16-at-9.42.44-AM-1-300x99.png\" alt=\"\" width=\"603\" height=\"199\" class=\"aligncenter  wp-image-23348\" srcset=\"https:\/\/fatherbroom.com\/es\/wp-content\/media\/sites\/3\/Screen-Shot-2020-07-16-at-9.42.44-AM-1-300x99.png 300w, https:\/\/fatherbroom.com\/es\/wp-content\/media\/sites\/3\/Screen-Shot-2020-07-16-at-9.42.44-AM-1-768x255.png 768w, https:\/\/fatherbroom.com\/es\/wp-content\/media\/sites\/3\/Screen-Shot-2020-07-16-at-9.42.44-AM-1-1024x340.png 1024w, https:\/\/fatherbroom.com\/es\/wp-content\/media\/sites\/3\/Screen-Shot-2020-07-16-at-9.42.44-AM-1.png 1544w\" sizes=\"auto, (max-width: 603px) 100vw, 603px\" \/><br \/><\/strong><\/strong><\/p>\n<p><strong>Catecismo de la Iglesia\u00a0Cat\u00f3lica\u00a0<\/p>\n<p>44 El hombre es por naturaleza y por vocaci\u00f3n un ser religioso. Viniendo de Dios y yendo hacia Dios, el hombre no vive una vida plenamente humana si no vive libremente su v\u00ednculo con Dios.<\/strong><\/p>\n<p><strong><\/p>\n<p><\/strong><\/div>\n<\/div>\n<\/div>\n<\/div>\n<\/div>\n<\/div>\n<\/div>\n<\/div>\n<\/div>\n<\/div>\n<div class=\"synved-social-container synved-social-container-share\" style=\"text-align: center\"><a class=\"synved-social-button synved-social-button-share synved-social-size-48 synved-social-resolution-single synved-social-provider-facebook nolightbox\" data-provider=\"facebook\" target=\"_blank\" rel=\"nofollow\" title=\"Share on Facebook\" href=\"https:\/\/www.facebook.com\/sharer.php?u=https%3A%2F%2Ffatherbroom.com%2Fes%2Fwp-json%2Fwp%2Fv2%2Fposts%2F23344&#038;t=LECTURAS%20DEL%20DIA%20%7C%2016%20JULIO%202020&#038;s=100&#038;p&#091;url&#093;=https%3A%2F%2Ffatherbroom.com%2Fes%2Fwp-json%2Fwp%2Fv2%2Fposts%2F23344&#038;p&#091;images&#093;&#091;0&#093;=http%3A%2F%2Ffatherbroom.com%2Fes%2Fwp-content%2Fmedia%2Fsites%2F3%2FScreen-Shot-2020-07-16-at-9.42.44-AM-1-300x99.png&#038;p&#091;title&#093;=LECTURAS%20DEL%20DIA%20%7C%2016%20JULIO%202020\" style=\"font-size: 0px;width:48px;height:48px;margin:0;margin-bottom:5px;margin-right:5px\"><img loading=\"lazy\" decoding=\"async\" alt=\"Facebook\" title=\"Share on Facebook\" class=\"synved-share-image synved-social-image synved-social-image-share\" width=\"48\" height=\"48\" style=\"display: inline;width:48px;height:48px;margin: 0;padding: 0;border: none;box-shadow: none\" src=\"https:\/\/fatherbroom.com\/es\/wp-content\/plugins\/social-media-feather\/synved-social\/image\/social\/regular\/96x96\/facebook.png\" \/><\/a><a class=\"synved-social-button synved-social-button-share synved-social-size-48 synved-social-resolution-single synved-social-provider-twitter nolightbox\" data-provider=\"twitter\" target=\"_blank\" rel=\"nofollow\" title=\"Share on Twitter\" href=\"https:\/\/twitter.com\/intent\/tweet?url=https%3A%2F%2Ffatherbroom.com%2Fes%2Fwp-json%2Fwp%2Fv2%2Fposts%2F23344&#038;text=Hey%20check%20this%20out\" style=\"font-size: 0px;width:48px;height:48px;margin:0;margin-bottom:5px;margin-right:5px\"><img loading=\"lazy\" decoding=\"async\" alt=\"twitter\" title=\"Share on Twitter\" class=\"synved-share-image synved-social-image synved-social-image-share\" width=\"48\" height=\"48\" style=\"display: inline;width:48px;height:48px;margin: 0;padding: 0;border: none;box-shadow: none\" src=\"https:\/\/fatherbroom.com\/es\/wp-content\/plugins\/social-media-feather\/synved-social\/image\/social\/regular\/96x96\/twitter.png\" \/><\/a><a class=\"synved-social-button synved-social-button-share synved-social-size-48 synved-social-resolution-single synved-social-provider-reddit nolightbox\" data-provider=\"reddit\" target=\"_blank\" rel=\"nofollow\" title=\"Share on Reddit\" href=\"https:\/\/www.reddit.com\/submit?url=https%3A%2F%2Ffatherbroom.com%2Fes%2Fwp-json%2Fwp%2Fv2%2Fposts%2F23344&#038;title=LECTURAS%20DEL%20DIA%20%7C%2016%20JULIO%202020\" style=\"font-size: 0px;width:48px;height:48px;margin:0;margin-bottom:5px;margin-right:5px\"><img loading=\"lazy\" decoding=\"async\" alt=\"reddit\" title=\"Share on Reddit\" class=\"synved-share-image synved-social-image synved-social-image-share\" width=\"48\" height=\"48\" style=\"display: inline;width:48px;height:48px;margin: 0;padding: 0;border: none;box-shadow: none\" src=\"https:\/\/fatherbroom.com\/es\/wp-content\/plugins\/social-media-feather\/synved-social\/image\/social\/regular\/96x96\/reddit.png\" \/><\/a><a class=\"synved-social-button synved-social-button-share synved-social-size-48 synved-social-resolution-single synved-social-provider-pinterest nolightbox\" data-provider=\"pinterest\" target=\"_blank\" rel=\"nofollow\" title=\"Pin it with Pinterest\" href=\"https:\/\/pinterest.com\/pin\/create\/button\/?url=https%3A%2F%2Ffatherbroom.com%2Fes%2Fwp-json%2Fwp%2Fv2%2Fposts%2F23344&#038;media=http%3A%2F%2Ffatherbroom.com%2Fes%2Fwp-content%2Fmedia%2Fsites%2F3%2FScreen-Shot-2020-07-16-at-9.42.44-AM-1-300x99.png&#038;description=LECTURAS%20DEL%20DIA%20%7C%2016%20JULIO%202020\" style=\"font-size: 0px;width:48px;height:48px;margin:0;margin-bottom:5px;margin-right:5px\"><img loading=\"lazy\" decoding=\"async\" alt=\"pinterest\" title=\"Pin it with Pinterest\" class=\"synved-share-image synved-social-image synved-social-image-share\" width=\"48\" height=\"48\" style=\"display: inline;width:48px;height:48px;margin: 0;padding: 0;border: none;box-shadow: none\" src=\"https:\/\/fatherbroom.com\/es\/wp-content\/plugins\/social-media-feather\/synved-social\/image\/social\/regular\/96x96\/pinterest.png\" \/><\/a><a class=\"synved-social-button synved-social-button-share synved-social-size-48 synved-social-resolution-single synved-social-provider-linkedin nolightbox\" data-provider=\"linkedin\" target=\"_blank\" rel=\"nofollow\" title=\"Share on Linkedin\" href=\"https:\/\/www.linkedin.com\/shareArticle?mini=true&#038;url=https%3A%2F%2Ffatherbroom.com%2Fes%2Fwp-json%2Fwp%2Fv2%2Fposts%2F23344&#038;title=LECTURAS%20DEL%20DIA%20%7C%2016%20JULIO%202020\" style=\"font-size: 0px;width:48px;height:48px;margin:0;margin-bottom:5px;margin-right:5px\"><img loading=\"lazy\" decoding=\"async\" alt=\"linkedin\" title=\"Share on Linkedin\" class=\"synved-share-image synved-social-image synved-social-image-share\" width=\"48\" height=\"48\" style=\"display: inline;width:48px;height:48px;margin: 0;padding: 0;border: none;box-shadow: none\" src=\"https:\/\/fatherbroom.com\/es\/wp-content\/plugins\/social-media-feather\/synved-social\/image\/social\/regular\/96x96\/linkedin.png\" \/><\/a><a class=\"synved-social-button synved-social-button-share synved-social-size-48 synved-social-resolution-single synved-social-provider-mail nolightbox\" data-provider=\"mail\" rel=\"nofollow\" title=\"Share by email\" href=\"mailto:?subject=LECTURAS%20DEL%20DIA%20%7C%2016%20JULIO%202020&#038;body=Hey%20check%20this%20out:%20https%3A%2F%2Ffatherbroom.com%2Fes%2Fwp-json%2Fwp%2Fv2%2Fposts%2F23344\" style=\"font-size: 0px;width:48px;height:48px;margin:0;margin-bottom:5px\"><img loading=\"lazy\" decoding=\"async\" alt=\"mail\" title=\"Share by email\" class=\"synved-share-image synved-social-image synved-social-image-share\" width=\"48\" height=\"48\" style=\"display: inline;width:48px;height:48px;margin: 0;padding: 0;border: none;box-shadow: none\" src=\"https:\/\/fatherbroom.com\/es\/wp-content\/plugins\/social-media-feather\/synved-social\/image\/social\/regular\/96x96\/mail.png\" \/><\/a><\/div>","protected":false},"excerpt":{"rendered":"<p>16 de julio 2020 Jueves de la XV semana del Tiempo ordinario Primera lectura Is 26, 7-9. 12. 16-19 La senda del justo es rectaporque t\u00fa, Se\u00f1or, le allanas el sendero.En el camino de tus mandamientos te buscamos,anhelando, Se\u00f1or, tu nombre y tu recuerdo. Mi alma te desea por la nochey mi esp\u00edritu te busca [&hellip;]<\/p>\n","protected":false},"author":7,"featured_media":0,"comment_status":"open","ping_status":"open","sticky":false,"template":"","format":"standard","meta":{"_genesis_hide_title":false,"_genesis_hide_breadcrumbs":false,"_genesis_hide_singular_image":false,"_genesis_hide_footer_widgets":false,"_genesis_custom_body_class":"","_genesis_custom_post_class":"","_genesis_layout":"","footnotes":""},"categories":[277],"tags":[],"class_list":{"0":"post-23344","1":"post","2":"type-post","3":"status-publish","4":"format-standard","6":"category-lecturas-del-dia","7":"entry"},"_links":{"self":[{"href":"https:\/\/fatherbroom.com\/es\/wp-json\/wp\/v2\/posts\/23344","targetHints":{"allow":["GET"]}}],"collection":[{"href":"https:\/\/fatherbroom.com\/es\/wp-json\/wp\/v2\/posts"}],"about":[{"href":"https:\/\/fatherbroom.com\/es\/wp-json\/wp\/v2\/types\/post"}],"author":[{"embeddable":true,"href":"https:\/\/fatherbroom.com\/es\/wp-json\/wp\/v2\/users\/7"}],"replies":[{"embeddable":true,"href":"https:\/\/fatherbroom.com\/es\/wp-json\/wp\/v2\/comments?post=23344"}],"version-history":[{"count":4,"href":"https:\/\/fatherbroom.com\/es\/wp-json\/wp\/v2\/posts\/23344\/revisions"}],"predecessor-version":[{"id":23361,"href":"https:\/\/fatherbroom.com\/es\/wp-json\/wp\/v2\/posts\/23344\/revisions\/23361"}],"wp:attachment":[{"href":"https:\/\/fatherbroom.com\/es\/wp-json\/wp\/v2\/media?parent=23344"}],"wp:term":[{"taxonomy":"category","embeddable":true,"href":"https:\/\/fatherbroom.com\/es\/wp-json\/wp\/v2\/categories?post=23344"},{"taxonomy":"post_tag","embeddable":true,"href":"https:\/\/fatherbroom.com\/es\/wp-json\/wp\/v2\/tags?post=23344"}],"curies":[{"name":"wp","href":"https:\/\/api.w.org\/{rel}","templated":true}]}}