{"id":23316,"date":"2020-07-15T02:00:35","date_gmt":"2020-07-15T09:00:35","guid":{"rendered":"http:\/\/fatherbroom.com\/es\/?p=23316"},"modified":"2020-07-13T18:24:06","modified_gmt":"2020-07-14T01:24:06","slug":"lecturas-del-dia-15-julio-2020","status":"publish","type":"post","link":"https:\/\/fatherbroom.com\/es\/2020\/07\/lecturas-del-dia-15-julio-2020\/","title":{"rendered":"LECTURAS DEL DIA | 15 JULIO 2020"},"content":{"rendered":"<p><img loading=\"lazy\" decoding=\"async\" src=\"http:\/\/fatherbroom.com\/es\/wp-content\/media\/sites\/3\/Screen-Shot-2020-07-13-at-5.53.26-PM-300x169.png\" alt=\"\" width=\"620\" height=\"349\" class=\"aligncenter  wp-image-23321\" srcset=\"https:\/\/fatherbroom.com\/es\/wp-content\/media\/sites\/3\/Screen-Shot-2020-07-13-at-5.53.26-PM-300x169.png 300w, https:\/\/fatherbroom.com\/es\/wp-content\/media\/sites\/3\/Screen-Shot-2020-07-13-at-5.53.26-PM-768x432.png 768w, https:\/\/fatherbroom.com\/es\/wp-content\/media\/sites\/3\/Screen-Shot-2020-07-13-at-5.53.26-PM-1024x576.png 1024w, https:\/\/fatherbroom.com\/es\/wp-content\/media\/sites\/3\/Screen-Shot-2020-07-13-at-5.53.26-PM.png 1546w\" sizes=\"auto, (max-width: 620px) 100vw, 620px\" \/><\/p>\n<h4><strong>15 de julio 2020<\/p>\n<p><\/strong><strong>Memoria de San Buenaventura, obispo y doctor de la Iglesia<\/strong><\/h4>\n<div id=\"cs_control_3683\" class=\"cs_control  CS_Element_Textblock\">\n<div class=\"CS_Textblock_Text\">\n<h4><strong>Primera lectura<\/strong><\/h4>\n<\/div>\n<\/div>\n<div id=\"cs_control_3684\" class=\"cs_control  CS_Element_Textblock\">\n<div class=\"CS_Textblock_Text\">\n<div class=\"bibleReadingsWrapper\">\n<h4><strong>Is 10, 5-7. 13-16<\/strong><\/h4>\n<div class=\"poetry\">\n<p><strong>Esto dice el Se\u00f1or:<\/strong><br \/><strong>\u201c\u00a1Ay Asiria, bast\u00f3n de mi ira,<\/strong><br \/><strong>vara que mi furor maneja!<\/strong><br \/><strong>Contra una naci\u00f3n imp\u00eda voy a guiarte,<\/strong><br \/><strong>contra un pueblo que experimenta mi c\u00f3lera voy a mandarte,<\/strong><br \/><strong>para que lo saquees y lo despojes<\/strong><br \/><strong>y lo pisotees como el lodo de las calles.<\/strong><\/p>\n<p><strong>Pero Asiria no lo piensa as\u00ed<\/strong><br \/><strong>ni son \u00e9stos sus planes;<\/strong><br \/><strong>su intenci\u00f3n es arrasar<\/strong><br \/><strong>y exterminar numerosas naciones,<\/strong><br \/><strong>pues dice: \u2018Con el poder de mi mano lo hice<\/strong><br \/><strong>y con mi sabidur\u00eda, porque soy inteligente;<\/strong><br \/><strong>he borrado las fronteras de los pueblos,<\/strong><br \/><strong>he saqueado sus tesoros<\/strong><br \/><strong>y, como un gigante, he derribado a sus jefes.<\/strong><\/p>\n<p><strong>Como un nido al alcance de mi mano<\/strong><br \/><strong>alcanc\u00e9 la riqueza de los pueblos<\/strong><br \/><strong>y como se recogen los huevos abandonados,<\/strong><br \/><strong>as\u00ed cog\u00ed yo toda la tierra<\/strong><br \/><strong>y no hubo quien aleteara ni abriera el pico ni piara\u2019 \u201d.<\/strong><\/p>\n<p><strong>Pero el Se\u00f1or dice:<\/strong><br \/><strong>\u201c\u00bfAcaso presume el hacha<\/strong><br \/><strong>frente al que corta con ella?<\/strong><br \/><strong>\u00bfO la sierra se tiene por m\u00e1s grande<\/strong><br \/><strong>que aquel que la maneja?<\/strong><br \/><strong>Como si la vara pudiera mover al que la levanta<\/strong><br \/><strong>y el bast\u00f3n pudiera levantar a quien no es de madera.<\/strong><br \/><strong>Por eso, el Se\u00f1or de los ej\u00e9rcitos<\/strong><br \/><strong>har\u00e1 enflaquecer a los bien alimentados<\/strong><br \/><strong>y le prender\u00e1 fuego a su lujo,<\/strong><br \/><strong>como se enciende la le\u00f1a\u201d.<\/strong><\/p>\n<\/div>\n<\/div>\n<\/div>\n<\/div>\n<div id=\"cs_control_289228\" class=\"cs_control  CS_Element_Textblock\">\n<div class=\"CS_Textblock_Text\">\n<div class=\"bibleReadingsWrapper\">\n<h4><strong>Salmo Responsorial<\/strong><\/h4>\n<h4><strong>Salmo 93, 5-6. 7-8. 9-10. 14-15<\/strong><\/h4>\n<div class=\"poetry\">\n<p><strong>R. (14a) Escucha, Se\u00f1or, a tu pueblo.<br \/><\/strong><br \/><strong>Se\u00f1or, los malvados humillan a tu pueblo<\/strong><br \/><strong>y oprimen a tu heredad;<\/strong><br \/><strong>asesinan a las viudas y a los forasteros<\/strong><br \/><strong>y deg\u00fcellan a los hu\u00e9rfanos. R.<\/strong><br \/><strong>R. Escucha, Se\u00f1or, a tu pueblo.<br \/><\/strong><br \/><strong>Y comentan: \u00abEl Se\u00f1or no lo ve,<\/strong><br \/><strong>\u00a0el Dios de Jacob no se entera\u00bb.<\/strong><br \/><strong>Ent\u00e9rense, insensatos;<\/strong><br \/><strong>necios, \u00bfcu\u00e1ndo van ustedes a entender? R.<\/strong><br \/><strong>R. Escucha, Se\u00f1or, a tu pueblo.<br \/><\/strong><br \/><strong>El que plant\u00f3 el o\u00eddo \u00bfno va a o\u00edr?<\/strong><br \/><strong>El form\u00f3 el ojo \u00bfno va a ver?<\/strong><br \/><strong>El que educa a los pueblos \u00bfno va a castigar?<\/strong><br \/><strong>El que instruye al hombre \u00bfno va a saber? R.<\/strong><br \/><strong>R. Escucha, Se\u00f1or, a tu pueblo.<br \/><\/strong><br \/><strong>Jam\u00e1s rechazar\u00e1 Dios a su pueblo<\/strong><br \/><strong>ni dejar\u00e1 a los suyos sin amparo.<\/strong><br \/><strong>Har\u00e1 justicia al justo<\/strong><br \/><strong>y dar\u00e1 un porvenir al hombre honrado. R.<\/strong><br \/><strong>R. Escucha, Se\u00f1or, a tu pueblo.<\/strong><\/p>\n<\/div>\n<\/div>\n<\/div>\n<\/div>\n<div id=\"cs_control_289230\" class=\"cs_control  CS_Element_Textblock\">\n<div class=\"CS_Textblock_Text\">\n<div class=\"bibleReadingsWrapper\">\n<h4><strong>Aclamaci\u00f3n antes del Evangelio<\/strong><\/h4>\n<h4><strong>Cfr Mt 11, 25<\/strong><\/h4>\n<div class=\"poetry\">\n<p><strong>R. Aleluya, aleluya.<\/strong><br \/><strong>Te doy gracias, Padre, Se\u00f1or del cielo y de la tierra,<\/strong><br \/><strong>porque has revelado los misterios del Reino<\/strong><br \/><strong>a la gente sencilla.<\/strong><br \/><strong>R. Aleluya.<\/strong><\/p>\n<\/div>\n<\/div>\n<\/div>\n<\/div>\n<div id=\"cs_control_289231\" class=\"cs_control  CS_Element_Textblock\">\n<div class=\"CS_Textblock_Text\">\n<div class=\"bibleReadingsWrapper\">\n<h4><strong>Evangelio<\/strong><\/h4>\n<h5><strong>Mt 11, 25-27<\/strong><\/h5>\n<div class=\"poetry\">\n<p><strong>En aquel tiempo, Jes\u00fas exclam\u00f3: \u201c\u00a1Te doy gracias, Padre, Se\u00f1or del cielo y de la tierra, porque has escondido estas cosas a los sabios y entendidos, y las has revelado a la gente sencilla! Gracias, Padre, porque as\u00ed te ha parecido bien.<\/strong><\/p>\n<p><strong>El Padre ha puesto todas las cosas en mis manos. Nadie conoce al Hijo sino el Padre, y nadie conoce al Padre sino el Hijo y aquel a quien el Hijo se lo quiera revelar\u2019\u2019.<\/strong><\/p>\n<\/div>\n<\/div>\n<\/div>\n<\/div>\n<p><img loading=\"lazy\" decoding=\"async\" src=\"http:\/\/fatherbroom.com\/es\/wp-content\/media\/sites\/3\/Screen-Shot-2020-07-13-at-5.49.22-PM-300x100.png\" alt=\"\" width=\"477\" height=\"159\" class=\"aligncenter  wp-image-23318\" srcset=\"https:\/\/fatherbroom.com\/es\/wp-content\/media\/sites\/3\/Screen-Shot-2020-07-13-at-5.49.22-PM-300x100.png 300w, https:\/\/fatherbroom.com\/es\/wp-content\/media\/sites\/3\/Screen-Shot-2020-07-13-at-5.49.22-PM-768x256.png 768w, https:\/\/fatherbroom.com\/es\/wp-content\/media\/sites\/3\/Screen-Shot-2020-07-13-at-5.49.22-PM-1024x341.png 1024w, https:\/\/fatherbroom.com\/es\/wp-content\/media\/sites\/3\/Screen-Shot-2020-07-13-at-5.49.22-PM.png 1542w\" sizes=\"auto, (max-width: 477px) 100vw, 477px\" \/><\/p>\n<p><strong>Catecismo de la Iglesia Catolica<\/strong><\/p>\n<p style=\"text-align: left\"><strong>43 Al hablar as\u00ed de Dios, nuestro lenguaje se expresa ciertamente de modo humano, pero capta realmente a Dios mismo, sin poder, no obstante, expresarlo en su infinita simplicidad. Es preciso recordar, en efecto, que \u00abentre el Creador y la criatura no se puede se\u00f1alar una semejanza tal que la desemejanza entre ellos no sea mayor todav\u00eda\u00bb (Concilio de Letr\u00e1n IV: DS 806), y que \u00abnosotros no podemos captar de Dios lo que \u00c9l es, sino solamente lo que no es, y c\u00f3mo los otros seres se sit\u00faan con relaci\u00f3n a \u00cbl\u00bb (Santo Tom\u00e1s de Aquino, Summa contra gentiles, 1,30).<\/p>\n<p><img loading=\"lazy\" decoding=\"async\" src=\"http:\/\/fatherbroom.com\/es\/wp-content\/media\/sites\/3\/buenaventura_san-300x245.jpg\" alt=\"\" width=\"391\" height=\"319\" class=\"aligncenter  wp-image-23323\" srcset=\"https:\/\/fatherbroom.com\/es\/wp-content\/media\/sites\/3\/buenaventura_san-300x245.jpg 300w, https:\/\/fatherbroom.com\/es\/wp-content\/media\/sites\/3\/buenaventura_san.jpg 480w\" sizes=\"auto, (max-width: 391px) 100vw, 391px\" \/><\/p>\n<p>San Buenaventura,<br \/>Ruega por nosotros.<\/strong><\/p>\n<div class=\"synved-social-container synved-social-container-share\" style=\"text-align: center\"><a class=\"synved-social-button synved-social-button-share synved-social-size-48 synved-social-resolution-single synved-social-provider-facebook nolightbox\" data-provider=\"facebook\" target=\"_blank\" rel=\"nofollow\" title=\"Share on Facebook\" href=\"https:\/\/www.facebook.com\/sharer.php?u=https%3A%2F%2Ffatherbroom.com%2Fes%2Fwp-json%2Fwp%2Fv2%2Fposts%2F23316&#038;t=LECTURAS%20DEL%20DIA%20%7C%2015%20JULIO%202020&#038;s=100&#038;p&#091;url&#093;=https%3A%2F%2Ffatherbroom.com%2Fes%2Fwp-json%2Fwp%2Fv2%2Fposts%2F23316&#038;p&#091;images&#093;&#091;0&#093;=http%3A%2F%2Ffatherbroom.com%2Fes%2Fwp-content%2Fmedia%2Fsites%2F3%2Fbuenaventura_san-300x245.jpg&#038;p&#091;title&#093;=LECTURAS%20DEL%20DIA%20%7C%2015%20JULIO%202020\" style=\"font-size: 0px;width:48px;height:48px;margin:0;margin-bottom:5px;margin-right:5px\"><img loading=\"lazy\" decoding=\"async\" alt=\"Facebook\" title=\"Share on Facebook\" class=\"synved-share-image synved-social-image synved-social-image-share\" width=\"48\" height=\"48\" style=\"display: inline;width:48px;height:48px;margin: 0;padding: 0;border: none;box-shadow: none\" src=\"https:\/\/fatherbroom.com\/es\/wp-content\/plugins\/social-media-feather\/synved-social\/image\/social\/regular\/96x96\/facebook.png\" \/><\/a><a class=\"synved-social-button synved-social-button-share synved-social-size-48 synved-social-resolution-single synved-social-provider-twitter nolightbox\" data-provider=\"twitter\" target=\"_blank\" rel=\"nofollow\" title=\"Share on Twitter\" href=\"https:\/\/twitter.com\/intent\/tweet?url=https%3A%2F%2Ffatherbroom.com%2Fes%2Fwp-json%2Fwp%2Fv2%2Fposts%2F23316&#038;text=Hey%20check%20this%20out\" style=\"font-size: 0px;width:48px;height:48px;margin:0;margin-bottom:5px;margin-right:5px\"><img loading=\"lazy\" decoding=\"async\" alt=\"twitter\" title=\"Share on Twitter\" class=\"synved-share-image synved-social-image synved-social-image-share\" width=\"48\" height=\"48\" style=\"display: inline;width:48px;height:48px;margin: 0;padding: 0;border: none;box-shadow: none\" src=\"https:\/\/fatherbroom.com\/es\/wp-content\/plugins\/social-media-feather\/synved-social\/image\/social\/regular\/96x96\/twitter.png\" \/><\/a><a class=\"synved-social-button synved-social-button-share synved-social-size-48 synved-social-resolution-single synved-social-provider-reddit nolightbox\" data-provider=\"reddit\" target=\"_blank\" rel=\"nofollow\" title=\"Share on Reddit\" href=\"https:\/\/www.reddit.com\/submit?url=https%3A%2F%2Ffatherbroom.com%2Fes%2Fwp-json%2Fwp%2Fv2%2Fposts%2F23316&#038;title=LECTURAS%20DEL%20DIA%20%7C%2015%20JULIO%202020\" style=\"font-size: 0px;width:48px;height:48px;margin:0;margin-bottom:5px;margin-right:5px\"><img loading=\"lazy\" decoding=\"async\" alt=\"reddit\" title=\"Share on Reddit\" class=\"synved-share-image synved-social-image synved-social-image-share\" width=\"48\" height=\"48\" style=\"display: inline;width:48px;height:48px;margin: 0;padding: 0;border: none;box-shadow: none\" src=\"https:\/\/fatherbroom.com\/es\/wp-content\/plugins\/social-media-feather\/synved-social\/image\/social\/regular\/96x96\/reddit.png\" \/><\/a><a class=\"synved-social-button synved-social-button-share synved-social-size-48 synved-social-resolution-single synved-social-provider-pinterest nolightbox\" data-provider=\"pinterest\" target=\"_blank\" rel=\"nofollow\" title=\"Pin it with Pinterest\" href=\"https:\/\/pinterest.com\/pin\/create\/button\/?url=https%3A%2F%2Ffatherbroom.com%2Fes%2Fwp-json%2Fwp%2Fv2%2Fposts%2F23316&#038;media=http%3A%2F%2Ffatherbroom.com%2Fes%2Fwp-content%2Fmedia%2Fsites%2F3%2Fbuenaventura_san-300x245.jpg&#038;description=LECTURAS%20DEL%20DIA%20%7C%2015%20JULIO%202020\" style=\"font-size: 0px;width:48px;height:48px;margin:0;margin-bottom:5px;margin-right:5px\"><img loading=\"lazy\" decoding=\"async\" alt=\"pinterest\" title=\"Pin it with Pinterest\" class=\"synved-share-image synved-social-image synved-social-image-share\" width=\"48\" height=\"48\" style=\"display: inline;width:48px;height:48px;margin: 0;padding: 0;border: none;box-shadow: none\" src=\"https:\/\/fatherbroom.com\/es\/wp-content\/plugins\/social-media-feather\/synved-social\/image\/social\/regular\/96x96\/pinterest.png\" \/><\/a><a class=\"synved-social-button synved-social-button-share synved-social-size-48 synved-social-resolution-single synved-social-provider-linkedin nolightbox\" data-provider=\"linkedin\" target=\"_blank\" rel=\"nofollow\" title=\"Share on Linkedin\" href=\"https:\/\/www.linkedin.com\/shareArticle?mini=true&#038;url=https%3A%2F%2Ffatherbroom.com%2Fes%2Fwp-json%2Fwp%2Fv2%2Fposts%2F23316&#038;title=LECTURAS%20DEL%20DIA%20%7C%2015%20JULIO%202020\" style=\"font-size: 0px;width:48px;height:48px;margin:0;margin-bottom:5px;margin-right:5px\"><img loading=\"lazy\" decoding=\"async\" alt=\"linkedin\" title=\"Share on Linkedin\" class=\"synved-share-image synved-social-image synved-social-image-share\" width=\"48\" height=\"48\" style=\"display: inline;width:48px;height:48px;margin: 0;padding: 0;border: none;box-shadow: none\" src=\"https:\/\/fatherbroom.com\/es\/wp-content\/plugins\/social-media-feather\/synved-social\/image\/social\/regular\/96x96\/linkedin.png\" \/><\/a><a class=\"synved-social-button synved-social-button-share synved-social-size-48 synved-social-resolution-single synved-social-provider-mail nolightbox\" data-provider=\"mail\" rel=\"nofollow\" title=\"Share by email\" href=\"mailto:?subject=LECTURAS%20DEL%20DIA%20%7C%2015%20JULIO%202020&#038;body=Hey%20check%20this%20out:%20https%3A%2F%2Ffatherbroom.com%2Fes%2Fwp-json%2Fwp%2Fv2%2Fposts%2F23316\" style=\"font-size: 0px;width:48px;height:48px;margin:0;margin-bottom:5px\"><img loading=\"lazy\" decoding=\"async\" alt=\"mail\" title=\"Share by email\" class=\"synved-share-image synved-social-image synved-social-image-share\" width=\"48\" height=\"48\" style=\"display: inline;width:48px;height:48px;margin: 0;padding: 0;border: none;box-shadow: none\" src=\"https:\/\/fatherbroom.com\/es\/wp-content\/plugins\/social-media-feather\/synved-social\/image\/social\/regular\/96x96\/mail.png\" \/><\/a><\/div>","protected":false},"excerpt":{"rendered":"<p>15 de julio 2020 Memoria de San Buenaventura, obispo y doctor de la Iglesia Primera lectura Is 10, 5-7. 13-16 Esto dice el Se\u00f1or:\u201c\u00a1Ay Asiria, bast\u00f3n de mi ira,vara que mi furor maneja!Contra una naci\u00f3n imp\u00eda voy a guiarte,contra un pueblo que experimenta mi c\u00f3lera voy a mandarte,para que lo saquees y lo despojesy lo [&hellip;]<\/p>\n","protected":false},"author":7,"featured_media":0,"comment_status":"open","ping_status":"open","sticky":false,"template":"","format":"standard","meta":{"_genesis_hide_title":false,"_genesis_hide_breadcrumbs":false,"_genesis_hide_singular_image":false,"_genesis_hide_footer_widgets":false,"_genesis_custom_body_class":"","_genesis_custom_post_class":"","_genesis_layout":"","footnotes":""},"categories":[277],"tags":[],"class_list":{"0":"post-23316","1":"post","2":"type-post","3":"status-publish","4":"format-standard","6":"category-lecturas-del-dia","7":"entry"},"_links":{"self":[{"href":"https:\/\/fatherbroom.com\/es\/wp-json\/wp\/v2\/posts\/23316","targetHints":{"allow":["GET"]}}],"collection":[{"href":"https:\/\/fatherbroom.com\/es\/wp-json\/wp\/v2\/posts"}],"about":[{"href":"https:\/\/fatherbroom.com\/es\/wp-json\/wp\/v2\/types\/post"}],"author":[{"embeddable":true,"href":"https:\/\/fatherbroom.com\/es\/wp-json\/wp\/v2\/users\/7"}],"replies":[{"embeddable":true,"href":"https:\/\/fatherbroom.com\/es\/wp-json\/wp\/v2\/comments?post=23316"}],"version-history":[{"count":4,"href":"https:\/\/fatherbroom.com\/es\/wp-json\/wp\/v2\/posts\/23316\/revisions"}],"predecessor-version":[{"id":23325,"href":"https:\/\/fatherbroom.com\/es\/wp-json\/wp\/v2\/posts\/23316\/revisions\/23325"}],"wp:attachment":[{"href":"https:\/\/fatherbroom.com\/es\/wp-json\/wp\/v2\/media?parent=23316"}],"wp:term":[{"taxonomy":"category","embeddable":true,"href":"https:\/\/fatherbroom.com\/es\/wp-json\/wp\/v2\/categories?post=23316"},{"taxonomy":"post_tag","embeddable":true,"href":"https:\/\/fatherbroom.com\/es\/wp-json\/wp\/v2\/tags?post=23316"}],"curies":[{"name":"wp","href":"https:\/\/api.w.org\/{rel}","templated":true}]}}