{"id":23309,"date":"2020-07-14T02:00:58","date_gmt":"2020-07-14T09:00:58","guid":{"rendered":"http:\/\/fatherbroom.com\/es\/?p=23309"},"modified":"2020-07-13T17:40:56","modified_gmt":"2020-07-14T00:40:56","slug":"lecturas-del-dia-14-julio-2020","status":"publish","type":"post","link":"https:\/\/fatherbroom.com\/es\/2020\/07\/lecturas-del-dia-14-julio-2020\/","title":{"rendered":"LECTURAS DEL DIA | 14 JULIO 2020"},"content":{"rendered":"<h4><strong><img loading=\"lazy\" decoding=\"async\" src=\"http:\/\/fatherbroom.com\/es\/wp-content\/media\/sites\/3\/Screen-Shot-2020-07-13-at-3.25.53-PM-300x170.png\" alt=\"\" width=\"594\" height=\"337\" class=\"aligncenter  wp-image-23311\" srcset=\"https:\/\/fatherbroom.com\/es\/wp-content\/media\/sites\/3\/Screen-Shot-2020-07-13-at-3.25.53-PM-300x170.png 300w, https:\/\/fatherbroom.com\/es\/wp-content\/media\/sites\/3\/Screen-Shot-2020-07-13-at-3.25.53-PM-768x434.png 768w, https:\/\/fatherbroom.com\/es\/wp-content\/media\/sites\/3\/Screen-Shot-2020-07-13-at-3.25.53-PM-1024x579.png 1024w, https:\/\/fatherbroom.com\/es\/wp-content\/media\/sites\/3\/Screen-Shot-2020-07-13-at-3.25.53-PM.png 1542w\" sizes=\"auto, (max-width: 594px) 100vw, 594px\" \/><\/p>\n<p>14 de julio 2020<\/strong><\/h4>\n<div class=\"contentarea\">\n<div id=\"cs_control_1386\" class=\"cs_control CS_Element_Schedule\">\n<div title=\"\" id=\"CS_Element_maincontent\">\n<div id=\"gridRow_1_1_1386\" class=\"cs_GridRow\">\n<div id=\"gridCol_1_1_1_1_1386\" class=\"cs_GridColumn\">\n<div id=\"cs_control_157991\" class=\"cs_control  lecturas-block\">\n<div id=\"cs_control_3683\" class=\"cs_control  CS_Element_Textblock\">\n<div class=\"CS_Textblock_Text\"><strong>Memoria de Santa Kateri Tekakwitha, virgen<\/strong><\/p>\n<p><strong>Primera lectura<\/strong><\/div>\n<\/div>\n<div id=\"cs_control_3684\" class=\"cs_control  CS_Element_Textblock\">\n<div class=\"CS_Textblock_Text\">\n<div class=\"bibleReadingsWrapper\">\n<h4><strong>Is 7, 1-9<\/strong><\/h4>\n<div class=\"poetry\">\n<p><strong>Cuando Ajaz, hijo de Jotam, hijo de Oz\u00edas, reinaba en Jud\u00e1, Ras\u00f3n rey de Siria, y P\u00e9caj, hijo de Remal\u00edas y rey de Israel, fueron a Jerusal\u00e9n para atacarla, pero no lograron conquistarla.<\/strong><\/p>\n<p><strong>Cuando al heredero de David le lleg\u00f3 la noticia de que los sirios acampaban en Efra\u00edn, se estremeci\u00f3 su coraz\u00f3n y el del pueblo, como se estremecen los \u00e1rboles del bosque, agitados por el viento.<\/strong><\/p>\n<p><strong>Entonces el Se\u00f1or le dijo a Isa\u00edas: \u201cSal al encuentro de Ajaz con tu hijo Sear Yasub, donde termina el canal de la alberca superior, junto a la calzada del batanero, y dile: \u2018Mant\u00e9nte alerta, pero tranquilo. No le tengas miedo a ese par de tizones humeantes; no te acobardes ante la c\u00f3lera de Ras\u00f3n, rey de Siria, y de P\u00e9caj, rey de Israel. No importa que tramen tu ruina, diciendo: Ataquemos a Jud\u00e1, siti\u00e9mosla, conquist\u00e9mosla y nombremos rey de ella al hijo de Tabel\u2019 \u201d.<\/strong><\/p>\n<p><strong>Esto dice el Se\u00f1or:<\/strong><br \/><strong>\u201cEso no llegar\u00e1 a suceder.<\/strong><br \/><strong>Damasco es la capital de Siria<\/strong><br \/><strong>y Ras\u00f3n es el rey de Damasco;<\/strong><br \/><strong>Samaria es la capital de Efra\u00edn<\/strong><br \/><strong>y el hijo de Remal\u00edas es el rey de Samaria.<\/strong><br \/><strong>Pues bien, dentro de sesenta y cinco a\u00f1os<\/strong><br \/><strong>Efra\u00edn ser\u00e1 destruido y dejar\u00e1 de ser pueblo.<\/strong><br \/><strong>Y si ustedes no creen en m\u00ed,<\/strong><br \/><strong>tambi\u00e9n ir\u00e1n a la ruina\u201d.<\/strong><\/p>\n<\/div>\n<\/div>\n<\/div>\n<\/div>\n<div id=\"cs_control_289228\" class=\"cs_control  CS_Element_Textblock\">\n<div class=\"CS_Textblock_Text\">\n<div class=\"bibleReadingsWrapper\">\n<h4><strong>Salmo Responsorial<\/strong><\/h4>\n<h4><strong>Salmo 47, 2-3a. 3b-4. 5-6. 7-8<\/strong><\/h4>\n<div class=\"poetry\">\n<p><strong>R. (9d) Dios es nuestro defensor.<\/strong><br \/><strong>Grande es el Se\u00f1or y muy digno de alabanza<\/strong><br \/><strong>en la ciudad de nuestro Dios.<\/strong><br \/><strong>Su monte santo, altura hermosa,<\/strong><br \/><strong>es la alegr\u00eda de toda la tierra. R.<\/strong><br \/><strong>R. Dios es nuestro defensor.<br \/><\/strong><br \/><strong>El monte Si\u00f3n, en extremo norte,<\/strong><br \/><strong>es la ciudad del rey supremo.<\/strong><br \/><strong>Entre sus baluartes ha surgido Dios<\/strong><br \/><strong>como una fortaleza inexpugnable. R.<\/strong><br \/><strong>R. Dios es nuestro defensor.<br \/><\/strong><br \/><strong>Los reyes se aliaron<\/strong><br \/><strong>para atacarla juntos;<\/strong><br \/><strong>pero al verla, quedaron aterrados<\/strong><br \/><strong>y huyeron despavoridos.. R.<\/strong><br \/><strong>R. Dios es nuestro defensor.<br \/><\/strong><br \/><strong>All\u00ed los invadi\u00f3 el p\u00e1nico<\/strong><br \/><strong>y dolores como de parto;<\/strong><br \/><strong>como un viento del desierto,<\/strong><br \/><strong>que destroza las naves de Tarsis. R.<\/strong><br \/><strong>R. Dios es nuestro defensor.<\/strong><\/p>\n<\/div>\n<\/div>\n<\/div>\n<\/div>\n<div id=\"cs_control_289230\" class=\"cs_control  CS_Element_Textblock\">\n<div class=\"CS_Textblock_Text\">\n<div class=\"bibleReadingsWrapper\">\n<h4><strong>Aclamaci\u00f3n antes del Evangelio<\/strong><\/h4>\n<h4><strong>Cfr Sal 94, 8<\/strong><\/h4>\n<div class=\"poetry\">\n<p><strong>R. Aleluya, aleluya.<\/strong><br \/><strong>Hag\u00e1mosle caso al Se\u00f1or, que nos dice:<\/strong><br \/><strong>\u201cNo endurezcan su coraz\u00f3n\u201d.<\/strong><br \/><strong>R. Aleluya.<\/strong><\/p>\n<\/div>\n<\/div>\n<\/div>\n<\/div>\n<div id=\"cs_control_289231\" class=\"cs_control  CS_Element_Textblock\">\n<div class=\"CS_Textblock_Text\">\n<div class=\"bibleReadingsWrapper\">\n<h4><strong>Evangelio<\/strong><\/h4>\n<h4><strong>Mt 11, 20-24<\/strong><\/h4>\n<div class=\"poetry\">\n<p><strong>En aquel tiempo, Jes\u00fas se puso a reprender a las ciudades que hab\u00edan visto sus numerosos milagros, por no haberse arrepentido. Les dec\u00eda:<\/strong><\/p>\n<p><strong>\u201c\u00a1Ay de ti, Coroza\u00edn! \u00a1Ay de ti, Betsaida! Porque si en Tiro y en Sid\u00f3n se hubieran realizado los milagros que se han hecho en ustedes, hace tiempo que hubieran hecho penitencia, cubiertas de sayal y de ceniza. Pero yo les aseguro que el d\u00eda del juicio ser\u00e1 menos riguroso para Tiro y Sid\u00f3n, que para ustedes.<\/strong><\/p>\n<p><strong>Y t\u00fa, Cafarna\u00fam, \u00bfcrees que ser\u00e1s encumbrada hasta el cielo? No. Ser\u00e1s precipitada en el abismo, porque si en Sodoma se hubieran realizado los milagros que en ti se han hecho, quiz\u00e1 estar\u00eda en pie hasta el d\u00eda de hoy. Pero yo te digo que ser\u00e1 menos riguroso el d\u00eda del juicio para Sodoma que para ti\u2019\u2019.<\/p>\n<p><img loading=\"lazy\" decoding=\"async\" src=\"http:\/\/fatherbroom.com\/es\/wp-content\/media\/sites\/3\/Screen-Shot-2020-07-13-at-5.37.21-PM-300x99.png\" alt=\"\" width=\"509\" height=\"168\" class=\"aligncenter  wp-image-23313\" srcset=\"https:\/\/fatherbroom.com\/es\/wp-content\/media\/sites\/3\/Screen-Shot-2020-07-13-at-5.37.21-PM-300x99.png 300w, https:\/\/fatherbroom.com\/es\/wp-content\/media\/sites\/3\/Screen-Shot-2020-07-13-at-5.37.21-PM-768x254.png 768w, https:\/\/fatherbroom.com\/es\/wp-content\/media\/sites\/3\/Screen-Shot-2020-07-13-at-5.37.21-PM-1024x339.png 1024w, https:\/\/fatherbroom.com\/es\/wp-content\/media\/sites\/3\/Screen-Shot-2020-07-13-at-5.37.21-PM.png 1546w\" sizes=\"auto, (max-width: 509px) 100vw, 509px\" \/><\/p>\n<p>Catecismo de la Iglesia\u00a0Cat\u00f3lica<br \/><\/strong><\/p>\n<p><strong>42 Dios transciende toda criatura. Es preciso, pues, purificar sin cesar nuestro lenguaje de todo lo que tiene de limitado, de expresi\u00f3n por medio de im\u00e1genes, de imperfecto, para no confundir al Dios \u00abque est\u00e1 por encima de todo nombre y de todo entendimiento, el invisible y fuera de todo alcance\u00bb (Liturgia bizantina. An\u00e1fora de san Juan Cris\u00f3stomo) con nuestras representaciones humanas. Nuestras palabras humanas quedan siempre m\u00e1s ac\u00e1 del Misterio de Dios.<\/p>\n<p><img loading=\"lazy\" decoding=\"async\" src=\"http:\/\/fatherbroom.com\/es\/wp-content\/media\/sites\/3\/kateri.jpg\" alt=\"\" width=\"245\" height=\"268\" class=\"aligncenter size-full wp-image-23314\" \/><\/p>\n<p>Santa Kateri Tekakwitha,<br \/>Ruega por\u00a0nosotros.<\/strong><\/p>\n<p><strong><\/p>\n<p><\/strong><\/p>\n<\/div>\n<\/div>\n<\/div>\n<\/div>\n<\/div>\n<\/div>\n<\/div>\n<\/div>\n<\/div>\n<\/div>\n<div class=\"synved-social-container synved-social-container-share\" style=\"text-align: center\"><a class=\"synved-social-button synved-social-button-share synved-social-size-48 synved-social-resolution-single synved-social-provider-facebook nolightbox\" data-provider=\"facebook\" target=\"_blank\" rel=\"nofollow\" title=\"Share on Facebook\" href=\"https:\/\/www.facebook.com\/sharer.php?u=https%3A%2F%2Ffatherbroom.com%2Fes%2Fwp-json%2Fwp%2Fv2%2Fposts%2F23309&#038;t=LECTURAS%20DEL%20DIA%20%7C%2014%20JULIO%202020&#038;s=100&#038;p&#091;url&#093;=https%3A%2F%2Ffatherbroom.com%2Fes%2Fwp-json%2Fwp%2Fv2%2Fposts%2F23309&#038;p&#091;images&#093;&#091;0&#093;=http%3A%2F%2Ffatherbroom.com%2Fes%2Fwp-content%2Fmedia%2Fsites%2F3%2Fkateri.jpg&#038;p&#091;title&#093;=LECTURAS%20DEL%20DIA%20%7C%2014%20JULIO%202020\" style=\"font-size: 0px;width:48px;height:48px;margin:0;margin-bottom:5px;margin-right:5px\"><img loading=\"lazy\" decoding=\"async\" alt=\"Facebook\" title=\"Share on Facebook\" class=\"synved-share-image synved-social-image synved-social-image-share\" width=\"48\" height=\"48\" style=\"display: inline;width:48px;height:48px;margin: 0;padding: 0;border: none;box-shadow: none\" src=\"https:\/\/fatherbroom.com\/es\/wp-content\/plugins\/social-media-feather\/synved-social\/image\/social\/regular\/96x96\/facebook.png\" \/><\/a><a class=\"synved-social-button synved-social-button-share synved-social-size-48 synved-social-resolution-single synved-social-provider-twitter nolightbox\" data-provider=\"twitter\" target=\"_blank\" rel=\"nofollow\" title=\"Share on Twitter\" href=\"https:\/\/twitter.com\/intent\/tweet?url=https%3A%2F%2Ffatherbroom.com%2Fes%2Fwp-json%2Fwp%2Fv2%2Fposts%2F23309&#038;text=Hey%20check%20this%20out\" style=\"font-size: 0px;width:48px;height:48px;margin:0;margin-bottom:5px;margin-right:5px\"><img loading=\"lazy\" decoding=\"async\" alt=\"twitter\" title=\"Share on Twitter\" class=\"synved-share-image synved-social-image synved-social-image-share\" width=\"48\" height=\"48\" style=\"display: inline;width:48px;height:48px;margin: 0;padding: 0;border: none;box-shadow: none\" src=\"https:\/\/fatherbroom.com\/es\/wp-content\/plugins\/social-media-feather\/synved-social\/image\/social\/regular\/96x96\/twitter.png\" \/><\/a><a class=\"synved-social-button synved-social-button-share synved-social-size-48 synved-social-resolution-single synved-social-provider-reddit nolightbox\" data-provider=\"reddit\" target=\"_blank\" rel=\"nofollow\" title=\"Share on Reddit\" href=\"https:\/\/www.reddit.com\/submit?url=https%3A%2F%2Ffatherbroom.com%2Fes%2Fwp-json%2Fwp%2Fv2%2Fposts%2F23309&#038;title=LECTURAS%20DEL%20DIA%20%7C%2014%20JULIO%202020\" style=\"font-size: 0px;width:48px;height:48px;margin:0;margin-bottom:5px;margin-right:5px\"><img loading=\"lazy\" decoding=\"async\" alt=\"reddit\" title=\"Share on Reddit\" class=\"synved-share-image synved-social-image synved-social-image-share\" width=\"48\" height=\"48\" style=\"display: inline;width:48px;height:48px;margin: 0;padding: 0;border: none;box-shadow: none\" src=\"https:\/\/fatherbroom.com\/es\/wp-content\/plugins\/social-media-feather\/synved-social\/image\/social\/regular\/96x96\/reddit.png\" \/><\/a><a class=\"synved-social-button synved-social-button-share synved-social-size-48 synved-social-resolution-single synved-social-provider-pinterest nolightbox\" data-provider=\"pinterest\" target=\"_blank\" rel=\"nofollow\" title=\"Pin it with Pinterest\" href=\"https:\/\/pinterest.com\/pin\/create\/button\/?url=https%3A%2F%2Ffatherbroom.com%2Fes%2Fwp-json%2Fwp%2Fv2%2Fposts%2F23309&#038;media=http%3A%2F%2Ffatherbroom.com%2Fes%2Fwp-content%2Fmedia%2Fsites%2F3%2Fkateri.jpg&#038;description=LECTURAS%20DEL%20DIA%20%7C%2014%20JULIO%202020\" style=\"font-size: 0px;width:48px;height:48px;margin:0;margin-bottom:5px;margin-right:5px\"><img loading=\"lazy\" decoding=\"async\" alt=\"pinterest\" title=\"Pin it with Pinterest\" class=\"synved-share-image synved-social-image synved-social-image-share\" width=\"48\" height=\"48\" style=\"display: inline;width:48px;height:48px;margin: 0;padding: 0;border: none;box-shadow: none\" src=\"https:\/\/fatherbroom.com\/es\/wp-content\/plugins\/social-media-feather\/synved-social\/image\/social\/regular\/96x96\/pinterest.png\" \/><\/a><a class=\"synved-social-button synved-social-button-share synved-social-size-48 synved-social-resolution-single synved-social-provider-linkedin nolightbox\" data-provider=\"linkedin\" target=\"_blank\" rel=\"nofollow\" title=\"Share on Linkedin\" href=\"https:\/\/www.linkedin.com\/shareArticle?mini=true&#038;url=https%3A%2F%2Ffatherbroom.com%2Fes%2Fwp-json%2Fwp%2Fv2%2Fposts%2F23309&#038;title=LECTURAS%20DEL%20DIA%20%7C%2014%20JULIO%202020\" style=\"font-size: 0px;width:48px;height:48px;margin:0;margin-bottom:5px;margin-right:5px\"><img loading=\"lazy\" decoding=\"async\" alt=\"linkedin\" title=\"Share on Linkedin\" class=\"synved-share-image synved-social-image synved-social-image-share\" width=\"48\" height=\"48\" style=\"display: inline;width:48px;height:48px;margin: 0;padding: 0;border: none;box-shadow: none\" src=\"https:\/\/fatherbroom.com\/es\/wp-content\/plugins\/social-media-feather\/synved-social\/image\/social\/regular\/96x96\/linkedin.png\" \/><\/a><a class=\"synved-social-button synved-social-button-share synved-social-size-48 synved-social-resolution-single synved-social-provider-mail nolightbox\" data-provider=\"mail\" rel=\"nofollow\" title=\"Share by email\" href=\"mailto:?subject=LECTURAS%20DEL%20DIA%20%7C%2014%20JULIO%202020&#038;body=Hey%20check%20this%20out:%20https%3A%2F%2Ffatherbroom.com%2Fes%2Fwp-json%2Fwp%2Fv2%2Fposts%2F23309\" style=\"font-size: 0px;width:48px;height:48px;margin:0;margin-bottom:5px\"><img loading=\"lazy\" decoding=\"async\" alt=\"mail\" title=\"Share by email\" class=\"synved-share-image synved-social-image synved-social-image-share\" width=\"48\" height=\"48\" style=\"display: inline;width:48px;height:48px;margin: 0;padding: 0;border: none;box-shadow: none\" src=\"https:\/\/fatherbroom.com\/es\/wp-content\/plugins\/social-media-feather\/synved-social\/image\/social\/regular\/96x96\/mail.png\" \/><\/a><\/div>","protected":false},"excerpt":{"rendered":"<p>14 de julio 2020 Memoria de Santa Kateri Tekakwitha, virgen Primera lectura Is 7, 1-9 Cuando Ajaz, hijo de Jotam, hijo de Oz\u00edas, reinaba en Jud\u00e1, Ras\u00f3n rey de Siria, y P\u00e9caj, hijo de Remal\u00edas y rey de Israel, fueron a Jerusal\u00e9n para atacarla, pero no lograron conquistarla. Cuando al heredero de David le lleg\u00f3 [&hellip;]<\/p>\n","protected":false},"author":7,"featured_media":0,"comment_status":"open","ping_status":"open","sticky":false,"template":"","format":"standard","meta":{"_genesis_hide_title":false,"_genesis_hide_breadcrumbs":false,"_genesis_hide_singular_image":false,"_genesis_hide_footer_widgets":false,"_genesis_custom_body_class":"","_genesis_custom_post_class":"","_genesis_layout":"","footnotes":""},"categories":[277],"tags":[],"class_list":{"0":"post-23309","1":"post","2":"type-post","3":"status-publish","4":"format-standard","6":"category-lecturas-del-dia","7":"entry"},"_links":{"self":[{"href":"https:\/\/fatherbroom.com\/es\/wp-json\/wp\/v2\/posts\/23309","targetHints":{"allow":["GET"]}}],"collection":[{"href":"https:\/\/fatherbroom.com\/es\/wp-json\/wp\/v2\/posts"}],"about":[{"href":"https:\/\/fatherbroom.com\/es\/wp-json\/wp\/v2\/types\/post"}],"author":[{"embeddable":true,"href":"https:\/\/fatherbroom.com\/es\/wp-json\/wp\/v2\/users\/7"}],"replies":[{"embeddable":true,"href":"https:\/\/fatherbroom.com\/es\/wp-json\/wp\/v2\/comments?post=23309"}],"version-history":[{"count":3,"href":"https:\/\/fatherbroom.com\/es\/wp-json\/wp\/v2\/posts\/23309\/revisions"}],"predecessor-version":[{"id":23315,"href":"https:\/\/fatherbroom.com\/es\/wp-json\/wp\/v2\/posts\/23309\/revisions\/23315"}],"wp:attachment":[{"href":"https:\/\/fatherbroom.com\/es\/wp-json\/wp\/v2\/media?parent=23309"}],"wp:term":[{"taxonomy":"category","embeddable":true,"href":"https:\/\/fatherbroom.com\/es\/wp-json\/wp\/v2\/categories?post=23309"},{"taxonomy":"post_tag","embeddable":true,"href":"https:\/\/fatherbroom.com\/es\/wp-json\/wp\/v2\/tags?post=23309"}],"curies":[{"name":"wp","href":"https:\/\/api.w.org\/{rel}","templated":true}]}}