{"id":23282,"date":"2020-07-12T08:59:54","date_gmt":"2020-07-12T15:59:54","guid":{"rendered":"http:\/\/fatherbroom.com\/es\/?p=23282"},"modified":"2020-07-12T09:54:22","modified_gmt":"2020-07-12T16:54:22","slug":"lecturas-del-dia-12-julio-2020","status":"publish","type":"post","link":"https:\/\/fatherbroom.com\/es\/2020\/07\/lecturas-del-dia-12-julio-2020\/","title":{"rendered":"LECTURAS DEL DIA | 12 JULIO 2020"},"content":{"rendered":"<p><img loading=\"lazy\" decoding=\"async\" src=\"http:\/\/fatherbroom.com\/es\/wp-content\/media\/sites\/3\/Screen-Shot-2020-07-12-at-8.59.23-AM-300x169.png\" alt=\"\" width=\"696\" height=\"392\" class=\"aligncenter  wp-image-23284\" srcset=\"https:\/\/fatherbroom.com\/es\/wp-content\/media\/sites\/3\/Screen-Shot-2020-07-12-at-8.59.23-AM-300x169.png 300w, https:\/\/fatherbroom.com\/es\/wp-content\/media\/sites\/3\/Screen-Shot-2020-07-12-at-8.59.23-AM-768x432.png 768w, https:\/\/fatherbroom.com\/es\/wp-content\/media\/sites\/3\/Screen-Shot-2020-07-12-at-8.59.23-AM-1024x576.png 1024w, https:\/\/fatherbroom.com\/es\/wp-content\/media\/sites\/3\/Screen-Shot-2020-07-12-at-8.59.23-AM.png 1546w\" sizes=\"auto, (max-width: 696px) 100vw, 696px\" \/><\/p>\n<h4><strong>12 de julio 2020<\/strong><\/h4>\n<div class=\"contentarea\">\n<div id=\"cs_control_1386\" class=\"cs_control CS_Element_Schedule\">\n<div title=\"\" id=\"CS_Element_maincontent\">\n<div id=\"gridRow_1_1_1386\" class=\"cs_GridRow\">\n<div id=\"gridCol_1_1_1_1_1386\" class=\"cs_GridColumn\">\n<div id=\"cs_control_3683\" class=\"cs_control  CS_Element_Textblock\">\n<div class=\"CS_Textblock_Text\">\n<h4><strong>XV Domingo Ordinario<\/strong><\/p>\n<p><strong>Primera lectura<\/strong><\/h4>\n<\/div>\n<\/div>\n<div id=\"cs_control_3684\" class=\"cs_control  CS_Element_Textblock\">\n<div class=\"CS_Textblock_Text\">\n<div class=\"bibleReadingsWrapper\">\n<h4><strong>Is 55, 10-11<\/strong><\/h4>\n<div class=\"poetry\">\n<p><strong>Esto dice el Se\u00f1or:<\/strong><br \/><strong>\u201cComo bajan del cielo la lluvia y la nieve<\/strong><br \/><strong>y no vuelven all\u00e1, sino despu\u00e9s de empapar la tierra,<\/strong><br \/><strong>de fecundarla y hacerla germinar,<\/strong><br \/><strong>a fin de que d\u00e9 semilla para sembrar y pan para comer,<\/strong><br \/><strong>as\u00ed ser\u00e1 la palabra que sale de mi boca:<\/strong><br \/><strong>no volver\u00e1 a m\u00ed sin resultado,<\/strong><br \/><strong>sino que har\u00e1 mi voluntad<\/strong><br \/><strong>y cumplir\u00e1 su misi\u00f3n\u201d.<\/strong><\/p>\n<\/div>\n<\/div>\n<\/div>\n<\/div>\n<div id=\"cs_control_289228\" class=\"cs_control  CS_Element_Textblock\">\n<div class=\"CS_Textblock_Text\">\n<div class=\"bibleReadingsWrapper\">\n<h4><strong>Salmo Responsorial<\/strong><\/h4>\n<h4><strong>Salmo 64, 10abcd. 10e-11. 12-13. 14<\/strong><\/h4>\n<div class=\"poetry\">\n<p><strong>R. (Lc 8, 8) Se\u00f1or, danos siempre de tu agua.<br \/><\/strong><br \/><strong>Se\u00f1or, t\u00fa cuidas de la tierra,<\/strong><br \/><strong>la riegas y la colmas de riqueza.<\/strong><br \/><strong>Las nubes del Se\u00f1or van por los campos,<\/strong><br \/><strong>rebosantes de agua, como acequias.<\/strong><br \/><strong>R. Se\u00f1or, danos siempre de tu agua.<\/strong><\/p>\n<p><strong>T\u00fa preparas las tierras para el trigo:<\/strong><br \/><strong>riegas los surcos, aplanas los terrones,<\/strong><br \/><strong>reblandeces el suelo con la lluvia,<\/strong><br \/><strong>bendices los renuevos.<\/strong><br \/><strong>R. Se\u00f1or, danos siempre de tu agua.<\/strong><\/p>\n<p><strong>T\u00fa coronas el a\u00f1o con tus bienes,<\/strong><br \/><strong>tus senderos derraman abundancia,<\/strong><br \/><strong>est\u00e1n verdes los pastos del desierto,<\/strong><br \/><strong>las colinas con flores adornadas.<\/strong><br \/><strong>R. Se\u00f1or, danos siempre de tu agua.<\/strong><\/p>\n<p><strong>Los prados se visten de reba\u00f1os,<\/strong><br \/><strong>de trigales los valles se engalanan.<\/strong><br \/><strong>Todo aclama al Se\u00f1or.<\/strong><br \/><strong>Todo le canta.<\/strong><br \/><strong>R. Se\u00f1or, danos siempre de tu agua.<\/strong><\/p>\n<\/div>\n<\/div>\n<\/div>\n<\/div>\n<div id=\"cs_control_289230\" class=\"cs_control  CS_Element_Textblock\">\n<div class=\"CS_Textblock_Text\">\n<div class=\"bibleReadingsWrapper\">\n<h4><strong>Segunda lectura<\/strong><\/h4>\n<h4><strong>Rom 8, 18-23<\/strong><\/h4>\n<div class=\"poetry\">\n<p><strong>Hermanos: Considero que los sufrimientos de esta vida no se pueden comparar con la gloria que un d\u00eda se manifestar\u00e1 en nosotros; porque toda la creaci\u00f3n espera, con seguridad e impaciencia, la revelaci\u00f3n de esa gloria de los hijos de Dios.<\/strong><\/p>\n<p><strong>La creaci\u00f3n est\u00e1 ahora sometida al desorden, no por su querer, sino por voluntad de aquel que la someti\u00f3. Pero d\u00e1ndole al mismo tiempo esta esperanza: que tambi\u00e9n ella misma, va a ser liberada de la esclavitud de la corrupci\u00f3n, para compartir la gloriosa libertad de los hijos de Dios.<\/strong><\/p>\n<p><strong>Sabemos, en efecto, que la creaci\u00f3n entera gime hasta el presente y sufre dolores de parto; y no s\u00f3lo ella, sino tambi\u00e9n nosotros, los que poseemos las primicias del Esp\u00edritu, gemimos interiormente, anhelando que se realice plenamente nuestra condici\u00f3n de hijos de Dios, la redenci\u00f3n de nuestro cuerpo.<\/strong><\/p>\n<\/div>\n<\/div>\n<div class=\"bibleReadingsWrapper\">\n<h4><strong>Aclamaci\u00f3n antes del Evangelio<\/strong><\/h4>\n<div class=\"poetry\">\n<p><strong>R. Aleluya, aleluya.<\/strong><br \/><strong>La semilla es la palabra de Dios y el sembrador es Cristo;<\/strong><br \/><strong>todo aquel que lo encuentra vivir\u00e1 para siempre.<\/strong><br \/><strong>R. Aleluya.<\/strong><\/p>\n<\/div>\n<\/div>\n<\/div>\n<\/div>\n<div id=\"cs_control_289231\" class=\"cs_control  CS_Element_Textblock\">\n<div class=\"CS_Textblock_Text\">\n<div class=\"bibleReadingsWrapper\">\n<h4><strong>Evangelio<\/strong><\/h4>\n<h4><strong>Mt 13, 1-23<\/strong><\/h4>\n<div class=\"poetry\">\n<p><strong>Un d\u00eda sali\u00f3 Jes\u00fas de la casa donde se hospedaba y se sent\u00f3 a la orilla del mar. Se reuni\u00f3 en torno suyo tanta gente, que \u00e9l se vio obligado a subir a una barca, donde se sent\u00f3, mientras la gente permanec\u00eda en la orilla. Entonces Jes\u00fas les habl\u00f3 de muchas cosas en par\u00e1bolas y les dijo:<\/strong><\/p>\n<p><strong>\u201cUna vez sali\u00f3 un sembrador a sembrar, y al ir arrojando la semilla, unos granos cayeron a lo largo del camino; vinieron los p\u00e1jaros y se los comieron. Otros granos cayeron en terreno pedregoso, que ten\u00eda poca tierra; ah\u00ed germinaron pronto, porque la tierra no era gruesa; pero cuando subi\u00f3 el sol, los brotes se marchitaron, y como no ten\u00edan ra\u00edces, se secaron. Otros cayeron entre espinos, y cuando los espinos crecieron, sofocaron las plantitas. Otros granos cayeron en tierra buena y dieron fruto: unos, ciento por uno; otros, sesenta; y otros, treinta. El que tenga o\u00eddos, que oiga.\u201d<\/strong><\/p>\n<p><strong>Despu\u00e9s se le acercaron sus disc\u00edpulos y le preguntaron: \u201c\u00bfPor qu\u00e9 les hablas en par\u00e1bolas?\u201d \u00c9l les respondi\u00f3: \u201cA ustedes se les ha concedido conocer los misterios del Reino de los cielos; pero a ellos no. Al que tiene, se le dar\u00e1 m\u00e1s y nadar\u00e1 en la abundancia; pero al que tiene poco, aun eso poco se le quitar\u00e1. Por eso les hablo en par\u00e1bolas, porque viendo no ven y oyendo no oyen ni entienden.<\/strong><\/p>\n<p><strong>En ellos se cumple aquella profec\u00eda de Isa\u00edas que dice: <em>Oir\u00e1n una y otra vez y no entender\u00e1n; mirar\u00e1n y volver\u00e1n a mirar, pero no ver\u00e1n; porque este pueblo ha endurecido su coraz\u00f3n, ha cerrado sus ojos y tapado sus o\u00eddos, con el fin de no ver con los ojos, ni o\u00edr con los o\u00eddos, ni comprender con el coraz\u00f3n. Porque no quieren convertirse ni que yo los salve.<\/em><\/strong><\/p>\n<p><strong>Pero, dichosos ustedes, porque sus ojos ven y sus o\u00eddos oyen. Yo les aseguro que muchos profetas y muchos justos desearon ver lo que ustedes ven y no lo vieron y o\u00edr lo que ustedes oyen y no lo oyeron.<\/strong><\/p>\n<p><strong>Escuchen, pues, ustedes lo que significa la par\u00e1bola del sembrador.<\/strong><\/p>\n<p><strong>A todo hombre que oye la palabra del Reino y no la entiende, le llega el diablo y le arrebata lo sembrado en su coraz\u00f3n. Esto es lo que significan los granos que cayeron a lo largo del camino.<\/strong><\/p>\n<p><strong>Lo sembrado sobre terreno pedregoso significa al que oye la palabra y la acepta inmediatamente con alegr\u00eda; pero, como es inconstante, no la deja echar ra\u00edces, y apenas le viene una tribulaci\u00f3n o una persecuci\u00f3n por causa de la palabra, sucumbe.<\/strong><\/p>\n<p><strong>Lo sembrado entre los espinos representa a aquel que oye la palabra, pero las preocupaciones de la vida y la seducci\u00f3n de las riquezas la sofocan y queda sin fruto.<\/strong><\/p>\n<p><strong>En cambio, lo sembrado en tierra buena, representa a quienes oyen la palabra, la entienden y dan fruto: unos, el ciento por uno; otros, el sesenta; y otros, el treinta\u2019\u2019.<\/p>\n<p><img loading=\"lazy\" decoding=\"async\" src=\"http:\/\/fatherbroom.com\/es\/wp-content\/media\/sites\/3\/Screen-Shot-2020-07-12-at-9.01.12-AM-300x100.png\" alt=\"\" width=\"588\" height=\"196\" class=\"aligncenter  wp-image-23286\" srcset=\"https:\/\/fatherbroom.com\/es\/wp-content\/media\/sites\/3\/Screen-Shot-2020-07-12-at-9.01.12-AM-300x100.png 300w, https:\/\/fatherbroom.com\/es\/wp-content\/media\/sites\/3\/Screen-Shot-2020-07-12-at-9.01.12-AM-768x257.png 768w, https:\/\/fatherbroom.com\/es\/wp-content\/media\/sites\/3\/Screen-Shot-2020-07-12-at-9.01.12-AM-1024x342.png 1024w, https:\/\/fatherbroom.com\/es\/wp-content\/media\/sites\/3\/Screen-Shot-2020-07-12-at-9.01.12-AM.png 1544w\" sizes=\"auto, (max-width: 588px) 100vw, 588px\" \/><br \/>Catecismo de la Iglesia\u00a0<\/strong><b>Cat\u00f3lica<\/b><\/p>\n<p><strong>40 Puesto que nuestro conocimiento de Dios es limitado, nuestro lenguaje sobre Dios lo es tambi\u00e9n. No podemos nombrar a Dios sino a partir de las criaturas, y seg\u00fan nuestro modo humano limitado de conocer y de pensar.<\/strong><strong><br \/><img loading=\"lazy\" decoding=\"async\" src=\"http:\/\/fatherbroom.com\/es\/wp-content\/media\/sites\/3\/Screen_Shot_2018-03-14_at_5.20.22_PM__07090.1521073388-203x300.png\" alt=\"\" width=\"221\" height=\"326\" class=\"aligncenter  wp-image-23287\" \/><br \/>Pautas del P. Escobita:<\/p>\n<p>&#8211; El tema de hoy es la importancia de la Palabra d<\/strong><b>e Dios.<br \/>&#8211; Traten de estar abiertos a Dios, traten de rechazar la resistencia<br \/>&#8211; PARABOLA: Un cuento humano\u00a0con un mensaje divino. Jesus emplea la realidad humana para llegar a Dios mismo.\u00a0<br \/>&#8211;\u00a0<\/p>\n<p><\/b><\/p>\n<\/div>\n<\/div>\n<\/div>\n<\/div>\n<\/div>\n<\/div>\n<\/div>\n<\/div>\n<\/div>\n<div class=\"synved-social-container synved-social-container-share\" style=\"text-align: center\"><a class=\"synved-social-button synved-social-button-share synved-social-size-48 synved-social-resolution-single synved-social-provider-facebook nolightbox\" data-provider=\"facebook\" target=\"_blank\" rel=\"nofollow\" title=\"Share on Facebook\" href=\"https:\/\/www.facebook.com\/sharer.php?u=https%3A%2F%2Ffatherbroom.com%2Fes%2Fwp-json%2Fwp%2Fv2%2Fposts%2F23282&#038;t=LECTURAS%20DEL%20DIA%20%7C%2012%20JULIO%202020&#038;s=100&#038;p&#091;url&#093;=https%3A%2F%2Ffatherbroom.com%2Fes%2Fwp-json%2Fwp%2Fv2%2Fposts%2F23282&#038;p&#091;images&#093;&#091;0&#093;=http%3A%2F%2Ffatherbroom.com%2Fes%2Fwp-content%2Fmedia%2Fsites%2F3%2FScreen_Shot_2018-03-14_at_5.20.22_PM__07090.1521073388-203x300.png&#038;p&#091;title&#093;=LECTURAS%20DEL%20DIA%20%7C%2012%20JULIO%202020\" style=\"font-size: 0px;width:48px;height:48px;margin:0;margin-bottom:5px;margin-right:5px\"><img loading=\"lazy\" decoding=\"async\" alt=\"Facebook\" title=\"Share on Facebook\" class=\"synved-share-image synved-social-image synved-social-image-share\" width=\"48\" height=\"48\" style=\"display: inline;width:48px;height:48px;margin: 0;padding: 0;border: none;box-shadow: none\" src=\"https:\/\/fatherbroom.com\/es\/wp-content\/plugins\/social-media-feather\/synved-social\/image\/social\/regular\/96x96\/facebook.png\" \/><\/a><a class=\"synved-social-button synved-social-button-share synved-social-size-48 synved-social-resolution-single synved-social-provider-twitter nolightbox\" data-provider=\"twitter\" target=\"_blank\" rel=\"nofollow\" title=\"Share on Twitter\" href=\"https:\/\/twitter.com\/intent\/tweet?url=https%3A%2F%2Ffatherbroom.com%2Fes%2Fwp-json%2Fwp%2Fv2%2Fposts%2F23282&#038;text=Hey%20check%20this%20out\" style=\"font-size: 0px;width:48px;height:48px;margin:0;margin-bottom:5px;margin-right:5px\"><img loading=\"lazy\" decoding=\"async\" alt=\"twitter\" title=\"Share on Twitter\" class=\"synved-share-image synved-social-image synved-social-image-share\" width=\"48\" height=\"48\" style=\"display: inline;width:48px;height:48px;margin: 0;padding: 0;border: none;box-shadow: none\" src=\"https:\/\/fatherbroom.com\/es\/wp-content\/plugins\/social-media-feather\/synved-social\/image\/social\/regular\/96x96\/twitter.png\" \/><\/a><a class=\"synved-social-button synved-social-button-share synved-social-size-48 synved-social-resolution-single synved-social-provider-reddit nolightbox\" data-provider=\"reddit\" target=\"_blank\" rel=\"nofollow\" title=\"Share on Reddit\" href=\"https:\/\/www.reddit.com\/submit?url=https%3A%2F%2Ffatherbroom.com%2Fes%2Fwp-json%2Fwp%2Fv2%2Fposts%2F23282&#038;title=LECTURAS%20DEL%20DIA%20%7C%2012%20JULIO%202020\" style=\"font-size: 0px;width:48px;height:48px;margin:0;margin-bottom:5px;margin-right:5px\"><img loading=\"lazy\" decoding=\"async\" alt=\"reddit\" title=\"Share on Reddit\" class=\"synved-share-image synved-social-image synved-social-image-share\" width=\"48\" height=\"48\" style=\"display: inline;width:48px;height:48px;margin: 0;padding: 0;border: none;box-shadow: none\" src=\"https:\/\/fatherbroom.com\/es\/wp-content\/plugins\/social-media-feather\/synved-social\/image\/social\/regular\/96x96\/reddit.png\" \/><\/a><a class=\"synved-social-button synved-social-button-share synved-social-size-48 synved-social-resolution-single synved-social-provider-pinterest nolightbox\" data-provider=\"pinterest\" target=\"_blank\" rel=\"nofollow\" title=\"Pin it with Pinterest\" href=\"https:\/\/pinterest.com\/pin\/create\/button\/?url=https%3A%2F%2Ffatherbroom.com%2Fes%2Fwp-json%2Fwp%2Fv2%2Fposts%2F23282&#038;media=http%3A%2F%2Ffatherbroom.com%2Fes%2Fwp-content%2Fmedia%2Fsites%2F3%2FScreen_Shot_2018-03-14_at_5.20.22_PM__07090.1521073388-203x300.png&#038;description=LECTURAS%20DEL%20DIA%20%7C%2012%20JULIO%202020\" style=\"font-size: 0px;width:48px;height:48px;margin:0;margin-bottom:5px;margin-right:5px\"><img loading=\"lazy\" decoding=\"async\" alt=\"pinterest\" title=\"Pin it with Pinterest\" class=\"synved-share-image synved-social-image synved-social-image-share\" width=\"48\" height=\"48\" style=\"display: inline;width:48px;height:48px;margin: 0;padding: 0;border: none;box-shadow: none\" src=\"https:\/\/fatherbroom.com\/es\/wp-content\/plugins\/social-media-feather\/synved-social\/image\/social\/regular\/96x96\/pinterest.png\" \/><\/a><a class=\"synved-social-button synved-social-button-share synved-social-size-48 synved-social-resolution-single synved-social-provider-linkedin nolightbox\" data-provider=\"linkedin\" target=\"_blank\" rel=\"nofollow\" title=\"Share on Linkedin\" href=\"https:\/\/www.linkedin.com\/shareArticle?mini=true&#038;url=https%3A%2F%2Ffatherbroom.com%2Fes%2Fwp-json%2Fwp%2Fv2%2Fposts%2F23282&#038;title=LECTURAS%20DEL%20DIA%20%7C%2012%20JULIO%202020\" style=\"font-size: 0px;width:48px;height:48px;margin:0;margin-bottom:5px;margin-right:5px\"><img loading=\"lazy\" decoding=\"async\" alt=\"linkedin\" title=\"Share on Linkedin\" class=\"synved-share-image synved-social-image synved-social-image-share\" width=\"48\" height=\"48\" style=\"display: inline;width:48px;height:48px;margin: 0;padding: 0;border: none;box-shadow: none\" src=\"https:\/\/fatherbroom.com\/es\/wp-content\/plugins\/social-media-feather\/synved-social\/image\/social\/regular\/96x96\/linkedin.png\" \/><\/a><a class=\"synved-social-button synved-social-button-share synved-social-size-48 synved-social-resolution-single synved-social-provider-mail nolightbox\" data-provider=\"mail\" rel=\"nofollow\" title=\"Share by email\" href=\"mailto:?subject=LECTURAS%20DEL%20DIA%20%7C%2012%20JULIO%202020&#038;body=Hey%20check%20this%20out:%20https%3A%2F%2Ffatherbroom.com%2Fes%2Fwp-json%2Fwp%2Fv2%2Fposts%2F23282\" style=\"font-size: 0px;width:48px;height:48px;margin:0;margin-bottom:5px\"><img loading=\"lazy\" decoding=\"async\" alt=\"mail\" title=\"Share by email\" class=\"synved-share-image synved-social-image synved-social-image-share\" width=\"48\" height=\"48\" style=\"display: inline;width:48px;height:48px;margin: 0;padding: 0;border: none;box-shadow: none\" src=\"https:\/\/fatherbroom.com\/es\/wp-content\/plugins\/social-media-feather\/synved-social\/image\/social\/regular\/96x96\/mail.png\" \/><\/a><\/div>","protected":false},"excerpt":{"rendered":"<p>12 de julio 2020 XV Domingo Ordinario Primera lectura Is 55, 10-11 Esto dice el Se\u00f1or:\u201cComo bajan del cielo la lluvia y la nievey no vuelven all\u00e1, sino despu\u00e9s de empapar la tierra,de fecundarla y hacerla germinar,a fin de que d\u00e9 semilla para sembrar y pan para comer,as\u00ed ser\u00e1 la palabra que sale de mi [&hellip;]<\/p>\n","protected":false},"author":7,"featured_media":0,"comment_status":"open","ping_status":"open","sticky":false,"template":"","format":"standard","meta":{"_genesis_hide_title":false,"_genesis_hide_breadcrumbs":false,"_genesis_hide_singular_image":false,"_genesis_hide_footer_widgets":false,"_genesis_custom_body_class":"","_genesis_custom_post_class":"","_genesis_layout":"","footnotes":""},"categories":[277],"tags":[],"class_list":{"0":"post-23282","1":"post","2":"type-post","3":"status-publish","4":"format-standard","6":"category-lecturas-del-dia","7":"entry"},"_links":{"self":[{"href":"https:\/\/fatherbroom.com\/es\/wp-json\/wp\/v2\/posts\/23282","targetHints":{"allow":["GET"]}}],"collection":[{"href":"https:\/\/fatherbroom.com\/es\/wp-json\/wp\/v2\/posts"}],"about":[{"href":"https:\/\/fatherbroom.com\/es\/wp-json\/wp\/v2\/types\/post"}],"author":[{"embeddable":true,"href":"https:\/\/fatherbroom.com\/es\/wp-json\/wp\/v2\/users\/7"}],"replies":[{"embeddable":true,"href":"https:\/\/fatherbroom.com\/es\/wp-json\/wp\/v2\/comments?post=23282"}],"version-history":[{"count":5,"href":"https:\/\/fatherbroom.com\/es\/wp-json\/wp\/v2\/posts\/23282\/revisions"}],"predecessor-version":[{"id":23296,"href":"https:\/\/fatherbroom.com\/es\/wp-json\/wp\/v2\/posts\/23282\/revisions\/23296"}],"wp:attachment":[{"href":"https:\/\/fatherbroom.com\/es\/wp-json\/wp\/v2\/media?parent=23282"}],"wp:term":[{"taxonomy":"category","embeddable":true,"href":"https:\/\/fatherbroom.com\/es\/wp-json\/wp\/v2\/categories?post=23282"},{"taxonomy":"post_tag","embeddable":true,"href":"https:\/\/fatherbroom.com\/es\/wp-json\/wp\/v2\/tags?post=23282"}],"curies":[{"name":"wp","href":"https:\/\/api.w.org\/{rel}","templated":true}]}}