{"id":23263,"date":"2020-07-11T02:00:43","date_gmt":"2020-07-11T09:00:43","guid":{"rendered":"http:\/\/fatherbroom.com\/es\/?p=23263"},"modified":"2020-07-10T19:58:00","modified_gmt":"2020-07-11T02:58:00","slug":"lecturas-del-dia-11-julio-2020","status":"publish","type":"post","link":"https:\/\/fatherbroom.com\/es\/2020\/07\/lecturas-del-dia-11-julio-2020\/","title":{"rendered":"LECTURAS DEL DIA | 11 JULIO 2020"},"content":{"rendered":"<p><a href=\"http:\/\/www.usccb.org\/bible\/lecturas\/0711-memoria.cfm\"><\/p>\n<h3 class=\"LC20lb DKV0Md\"><\/h3>\n<p><\/a><\/p>\n<p><img loading=\"lazy\" decoding=\"async\" src=\"http:\/\/fatherbroom.com\/es\/wp-content\/media\/sites\/3\/Screen-Shot-2020-07-10-at-7.53.40-PM-300x169.png\" alt=\"\" width=\"568\" height=\"320\" class=\"aligncenter  wp-image-23267\" srcset=\"https:\/\/fatherbroom.com\/es\/wp-content\/media\/sites\/3\/Screen-Shot-2020-07-10-at-7.53.40-PM-300x169.png 300w, https:\/\/fatherbroom.com\/es\/wp-content\/media\/sites\/3\/Screen-Shot-2020-07-10-at-7.53.40-PM-768x434.png 768w, https:\/\/fatherbroom.com\/es\/wp-content\/media\/sites\/3\/Screen-Shot-2020-07-10-at-7.53.40-PM-1024x578.png 1024w, https:\/\/fatherbroom.com\/es\/wp-content\/media\/sites\/3\/Screen-Shot-2020-07-10-at-7.53.40-PM.png 1540w\" sizes=\"auto, (max-width: 568px) 100vw, 568px\" \/><\/p>\n<h4 style=\"text-align: center\"><strong>Memoria de San Benito, abad, \u00abPadre del monacato occidental.\u00bb<\/strong><\/h4>\n<div class=\"contentarea\" style=\"text-align: center\">\n<div id=\"cs_control_1386\" class=\"cs_control CS_Element_Schedule\">\n<div title=\"\" id=\"CS_Element_maincontent\">\n<div id=\"gridRow_1_1_1386\" class=\"cs_GridRow\">\n<div id=\"gridCol_1_1_1_1_1386\" class=\"cs_GridColumn\">\n<div id=\"cs_control_157991\" class=\"cs_control  lecturas-block\">\n<div id=\"cs_control_3683\" class=\"cs_control  CS_Element_Textblock\">\n<div class=\"CS_Textblock_Text\">\n<p style=\"text-align: left\"><strong><img loading=\"lazy\" decoding=\"async\" src=\"http:\/\/fatherbroom.com\/es\/wp-content\/media\/sites\/3\/San-Benito-Abad-o-san-Benito-de-Nursia-4-225x300.jpg\" alt=\"\" width=\"225\" height=\"300\" class=\"aligncenter size-medium wp-image-23266\" srcset=\"https:\/\/fatherbroom.com\/es\/wp-content\/media\/sites\/3\/San-Benito-Abad-o-san-Benito-de-Nursia-4-225x300.jpg 225w, https:\/\/fatherbroom.com\/es\/wp-content\/media\/sites\/3\/San-Benito-Abad-o-san-Benito-de-Nursia-4.jpg 720w\" sizes=\"auto, (max-width: 225px) 100vw, 225px\" \/><br \/><\/strong><br \/><strong>Primera lectura<\/strong><\/p>\n<\/div>\n<\/div>\n<div id=\"cs_control_3684\" class=\"cs_control  CS_Element_Textblock\">\n<div class=\"CS_Textblock_Text\">\n<div class=\"bibleReadingsWrapper\">\n<p style=\"text-align: left\"><strong>Is 6, 1-8<\/strong><\/p>\n<div class=\"poetry\">\n<p style=\"text-align: left\"><strong>El a\u00f1o de la muerte del rey Oz\u00edas, vi al Se\u00f1or, sentado sobre un trono muy alto y magn\u00edfico. La orla de su manto llenaba el templo. Hab\u00eda dos serafines junto a \u00e9l, con seis alas cada uno: con un par se cubr\u00edan el rostro; con otro, se cubr\u00edan los pies, y con el otro, volaban. Y se gritaban el uno al otro:<\/strong><\/p>\n<p style=\"text-align: left\"><strong>\u201cSanto, santo, santo es el Se\u00f1or, Dios de los ej\u00e9rcitos;<\/strong><br \/><strong>su gloria llena toda la tierra\u201d.<\/strong><\/p>\n<p style=\"text-align: left\"><strong>Temblaban las puertas al clamor de su voz y el templo se llenaba de humo. Entonces exclam\u00e9:<\/strong><\/p>\n<p style=\"text-align: left\"><strong>\u201c\u00a1Ay de m\u00ed!, estoy perdido,<\/strong><br \/><strong>porque soy un hombre de labios impuros,<\/strong><br \/><strong>que habito en medio de un pueblo de labios impuros,<\/strong><br \/><strong>porque he visto con mis ojos al rey y Se\u00f1or de los ej\u00e9rcitos\u201d.<\/strong><\/p>\n<p style=\"text-align: left\"><strong>Despu\u00e9s vol\u00f3 hacia m\u00ed uno de los serafines. Llevaba en la mano una brasa, que hab\u00eda tomado del altar con unas tenazas. Con la brasa me toc\u00f3 la boca, dici\u00e9ndome:<\/strong><\/p>\n<p style=\"text-align: left\"><strong>\u201cMira: Esto ha tocado tus labios.<\/strong><br \/><strong>Tu iniquidad ha sido quitada<\/strong><br \/><strong>y tus pecados est\u00e1n perdonados\u201d.<\/strong><\/p>\n<p style=\"text-align: left\"><strong>Escuch\u00e9 entonces la voz del Se\u00f1or que dec\u00eda: \u201c\u00bfA qui\u00e9n enviar\u00e9? \u00bfQui\u00e9n ir\u00e1 de parte m\u00eda?\u201d Yo le respond\u00ed: \u201cAqu\u00ed estoy, Se\u00f1or, env\u00edame\u201d.<\/strong><\/p>\n<\/div>\n<\/div>\n<\/div>\n<\/div>\n<div id=\"cs_control_289228\" class=\"cs_control  CS_Element_Textblock\" style=\"text-align: left\">\n<div class=\"CS_Textblock_Text\">\n<div class=\"bibleReadingsWrapper\">\n<h4><strong>Salmo Responsorial<\/strong><\/h4>\n<h4><strong>Salmo 92, 1ab. 1c-2. 5<\/strong><\/h4>\n<div class=\"poetry\">\n<p><strong>R. (1a) Se\u00f1or, t\u00fa eres nuestro rey.<\/strong><br \/><strong>T\u00fa eres, Se\u00f1or, el rey de todos los reyes.<\/strong><br \/><strong>Est\u00e1s revestido de poder y majestad. R.<\/strong><br \/><strong>R. Se\u00f1or, t\u00fa eres nuestro rey.<br \/><\/strong><br \/><strong>T\u00fa mantienes el orbe y no vacila.<\/strong><br \/><strong>Eres eterno, y para siempre est\u00e1 firme ti trono. R.<\/strong><br \/><strong>R. Se\u00f1or, t\u00fa eres nuestro rey.<br \/><\/strong><br \/><strong>Muy dignas de confianza son tus leyes<\/strong><br \/><strong>y desde hoy y para siempre, Se\u00f1or,<\/strong><br \/><strong>la santidad adorna tu templo. R.<\/strong><br \/><strong>R. Se\u00f1or, t\u00fa eres nuestro rey.<\/strong><\/p>\n<\/div>\n<\/div>\n<\/div>\n<\/div>\n<div id=\"cs_control_289230\" class=\"cs_control  CS_Element_Textblock\" style=\"text-align: left\">\n<div class=\"CS_Textblock_Text\">\n<div class=\"bibleReadingsWrapper\">\n<h4><strong>Aclamaci\u00f3n antes del Evangelio<\/strong><\/h4>\n<h4><strong>1 Pedro 4, 14<\/strong><\/h4>\n<div class=\"poetry\">\n<p><strong>R. Aleluya, aleluya.<\/strong><br \/><strong>Dichosos ustedes, si los injurian por ser cristianos;<\/strong><br \/><strong>porque el Esp\u00edritu de Dios descansa en ustedes.<\/strong><br \/><strong>R. Aleluya.<\/strong><\/p>\n<\/div>\n<\/div>\n<\/div>\n<\/div>\n<div id=\"cs_control_289231\" class=\"cs_control  CS_Element_Textblock\">\n<div class=\"CS_Textblock_Text\">\n<div class=\"bibleReadingsWrapper\">\n<h4 style=\"text-align: left\"><strong>Evangelio<\/strong><\/h4>\n<h4 style=\"text-align: left\"><strong>Mt 10, 24-33<\/strong><\/h4>\n<div class=\"poetry\">\n<p style=\"text-align: left\"><strong>En aquel tiempo, Jes\u00fas dijo a sus ap\u00f3stoles: \u201cEl disc\u00edpulo no es m\u00e1s que el maestro, ni el criado m\u00e1s que su se\u00f1or. Le basta al disc\u00edpulo ser como su maestro y al criado ser como su se\u00f1or. Si al se\u00f1or de la casa lo han llamado Satan\u00e1s, \u00a1qu\u00e9 no dir\u00e1n de sus servidores!<\/strong><\/p>\n<p style=\"text-align: left\"><strong>No teman a los hombres. No hay nada oculto que no llegue a descubrirse; no hay nada secreto que no llegue a saberse. Lo que les digo de noche, rep\u00edtanlo en pleno d\u00eda y lo que les digo al o\u00eddo, preg\u00f3nenlo desde las azoteas.<\/strong><\/p>\n<p style=\"text-align: left\"><strong>No tengan miedo a los que matan el cuerpo, pero no pueden matar el alma. Teman, m\u00e1s bien, a quien puede arrojar al lugar de castigo el alma y el cuerpo.<\/strong><\/p>\n<p style=\"text-align: left\"><strong>\u00bfNo es verdad que se venden dos pajarillos por una moneda? Sin embargo, ni uno solo de ellos cae por tierra si no lo permite el Padre. En cuanto a ustedes, hasta los cabellos de su cabeza est\u00e1n contados. Por lo tanto, no tengan miedo, porque ustedes valen mucho m\u00e1s que todos los p\u00e1jaros del mundo.<\/strong><\/p>\n<p style=\"text-align: left\"><strong>A quien me reconozca delante de los hombres, yo tambi\u00e9n lo reconocer\u00e9 ante mi Padre, que est\u00e1 en los cielos; pero al que me niegue delante de los hombres, yo tambi\u00e9n lo negar\u00e9 ante mi Padre, que est\u00e1 en los cielos\u2019\u2019.<\/strong><\/p>\n<p style=\"text-align: left\"><img loading=\"lazy\" decoding=\"async\" src=\"http:\/\/fatherbroom.com\/es\/wp-content\/media\/sites\/3\/Screen-Shot-2020-07-10-at-7.56.00-PM-300x100.png\" alt=\"\" width=\"549\" height=\"183\" class=\"aligncenter  wp-image-23268\" srcset=\"https:\/\/fatherbroom.com\/es\/wp-content\/media\/sites\/3\/Screen-Shot-2020-07-10-at-7.56.00-PM-300x100.png 300w, https:\/\/fatherbroom.com\/es\/wp-content\/media\/sites\/3\/Screen-Shot-2020-07-10-at-7.56.00-PM-768x257.png 768w, https:\/\/fatherbroom.com\/es\/wp-content\/media\/sites\/3\/Screen-Shot-2020-07-10-at-7.56.00-PM-1024x343.png 1024w, https:\/\/fatherbroom.com\/es\/wp-content\/media\/sites\/3\/Screen-Shot-2020-07-10-at-7.56.00-PM.png 1542w\" sizes=\"auto, (max-width: 549px) 100vw, 549px\" \/><\/p>\n<p style=\"text-align: left\"><strong>IV \u00bfC\u00f3mo hablar de Dios?\u00a0<\/strong><\/p>\n<p style=\"text-align: left\"><strong>39 Al defender la capacidad de la raz\u00f3n humana para conocer a Dios, la Iglesia expresa su confianza en la posibilidad de hablar de Dios a todos los hombres y con todos los hombres. Esta convicci\u00f3n est\u00e1 en la base de su di\u00e1logo con las otras religiones, con la filosof\u00eda y las ciencias, y tambi\u00e9n con los no creyentes y los ateos.<\/strong><\/p>\n<\/div>\n<\/div>\n<\/div>\n<\/div>\n<\/div>\n<\/div>\n<\/div>\n<\/div>\n<\/div>\n<\/div>\n<div class=\"synved-social-container synved-social-container-share\" style=\"text-align: center\"><a class=\"synved-social-button synved-social-button-share synved-social-size-48 synved-social-resolution-single synved-social-provider-facebook nolightbox\" data-provider=\"facebook\" target=\"_blank\" rel=\"nofollow\" title=\"Share on Facebook\" href=\"https:\/\/www.facebook.com\/sharer.php?u=https%3A%2F%2Ffatherbroom.com%2Fes%2Fwp-json%2Fwp%2Fv2%2Fposts%2F23263&#038;t=LECTURAS%20DEL%20DIA%20%7C%2011%20JULIO%202020&#038;s=100&#038;p&#091;url&#093;=https%3A%2F%2Ffatherbroom.com%2Fes%2Fwp-json%2Fwp%2Fv2%2Fposts%2F23263&#038;p&#091;images&#093;&#091;0&#093;=http%3A%2F%2Ffatherbroom.com%2Fes%2Fwp-content%2Fmedia%2Fsites%2F3%2FScreen-Shot-2020-07-10-at-7.56.00-PM-300x100.png&#038;p&#091;title&#093;=LECTURAS%20DEL%20DIA%20%7C%2011%20JULIO%202020\" style=\"font-size: 0px;width:48px;height:48px;margin:0;margin-bottom:5px;margin-right:5px\"><img loading=\"lazy\" decoding=\"async\" alt=\"Facebook\" title=\"Share on Facebook\" class=\"synved-share-image synved-social-image synved-social-image-share\" width=\"48\" height=\"48\" style=\"display: inline;width:48px;height:48px;margin: 0;padding: 0;border: none;box-shadow: none\" src=\"https:\/\/fatherbroom.com\/es\/wp-content\/plugins\/social-media-feather\/synved-social\/image\/social\/regular\/96x96\/facebook.png\" \/><\/a><a class=\"synved-social-button synved-social-button-share synved-social-size-48 synved-social-resolution-single synved-social-provider-twitter nolightbox\" data-provider=\"twitter\" target=\"_blank\" rel=\"nofollow\" title=\"Share on Twitter\" href=\"https:\/\/twitter.com\/intent\/tweet?url=https%3A%2F%2Ffatherbroom.com%2Fes%2Fwp-json%2Fwp%2Fv2%2Fposts%2F23263&#038;text=Hey%20check%20this%20out\" style=\"font-size: 0px;width:48px;height:48px;margin:0;margin-bottom:5px;margin-right:5px\"><img loading=\"lazy\" decoding=\"async\" alt=\"twitter\" title=\"Share on Twitter\" class=\"synved-share-image synved-social-image synved-social-image-share\" width=\"48\" height=\"48\" style=\"display: inline;width:48px;height:48px;margin: 0;padding: 0;border: none;box-shadow: none\" src=\"https:\/\/fatherbroom.com\/es\/wp-content\/plugins\/social-media-feather\/synved-social\/image\/social\/regular\/96x96\/twitter.png\" \/><\/a><a class=\"synved-social-button synved-social-button-share synved-social-size-48 synved-social-resolution-single synved-social-provider-reddit nolightbox\" data-provider=\"reddit\" target=\"_blank\" rel=\"nofollow\" title=\"Share on Reddit\" href=\"https:\/\/www.reddit.com\/submit?url=https%3A%2F%2Ffatherbroom.com%2Fes%2Fwp-json%2Fwp%2Fv2%2Fposts%2F23263&#038;title=LECTURAS%20DEL%20DIA%20%7C%2011%20JULIO%202020\" style=\"font-size: 0px;width:48px;height:48px;margin:0;margin-bottom:5px;margin-right:5px\"><img loading=\"lazy\" decoding=\"async\" alt=\"reddit\" title=\"Share on Reddit\" class=\"synved-share-image synved-social-image synved-social-image-share\" width=\"48\" height=\"48\" style=\"display: inline;width:48px;height:48px;margin: 0;padding: 0;border: none;box-shadow: none\" src=\"https:\/\/fatherbroom.com\/es\/wp-content\/plugins\/social-media-feather\/synved-social\/image\/social\/regular\/96x96\/reddit.png\" \/><\/a><a class=\"synved-social-button synved-social-button-share synved-social-size-48 synved-social-resolution-single synved-social-provider-pinterest nolightbox\" data-provider=\"pinterest\" target=\"_blank\" rel=\"nofollow\" title=\"Pin it with Pinterest\" href=\"https:\/\/pinterest.com\/pin\/create\/button\/?url=https%3A%2F%2Ffatherbroom.com%2Fes%2Fwp-json%2Fwp%2Fv2%2Fposts%2F23263&#038;media=http%3A%2F%2Ffatherbroom.com%2Fes%2Fwp-content%2Fmedia%2Fsites%2F3%2FScreen-Shot-2020-07-10-at-7.56.00-PM-300x100.png&#038;description=LECTURAS%20DEL%20DIA%20%7C%2011%20JULIO%202020\" style=\"font-size: 0px;width:48px;height:48px;margin:0;margin-bottom:5px;margin-right:5px\"><img loading=\"lazy\" decoding=\"async\" alt=\"pinterest\" title=\"Pin it with Pinterest\" class=\"synved-share-image synved-social-image synved-social-image-share\" width=\"48\" height=\"48\" style=\"display: inline;width:48px;height:48px;margin: 0;padding: 0;border: none;box-shadow: none\" src=\"https:\/\/fatherbroom.com\/es\/wp-content\/plugins\/social-media-feather\/synved-social\/image\/social\/regular\/96x96\/pinterest.png\" \/><\/a><a class=\"synved-social-button synved-social-button-share synved-social-size-48 synved-social-resolution-single synved-social-provider-linkedin nolightbox\" data-provider=\"linkedin\" target=\"_blank\" rel=\"nofollow\" title=\"Share on Linkedin\" href=\"https:\/\/www.linkedin.com\/shareArticle?mini=true&#038;url=https%3A%2F%2Ffatherbroom.com%2Fes%2Fwp-json%2Fwp%2Fv2%2Fposts%2F23263&#038;title=LECTURAS%20DEL%20DIA%20%7C%2011%20JULIO%202020\" style=\"font-size: 0px;width:48px;height:48px;margin:0;margin-bottom:5px;margin-right:5px\"><img loading=\"lazy\" decoding=\"async\" alt=\"linkedin\" title=\"Share on Linkedin\" class=\"synved-share-image synved-social-image synved-social-image-share\" width=\"48\" height=\"48\" style=\"display: inline;width:48px;height:48px;margin: 0;padding: 0;border: none;box-shadow: none\" src=\"https:\/\/fatherbroom.com\/es\/wp-content\/plugins\/social-media-feather\/synved-social\/image\/social\/regular\/96x96\/linkedin.png\" \/><\/a><a class=\"synved-social-button synved-social-button-share synved-social-size-48 synved-social-resolution-single synved-social-provider-mail nolightbox\" data-provider=\"mail\" rel=\"nofollow\" title=\"Share by email\" href=\"mailto:?subject=LECTURAS%20DEL%20DIA%20%7C%2011%20JULIO%202020&#038;body=Hey%20check%20this%20out:%20https%3A%2F%2Ffatherbroom.com%2Fes%2Fwp-json%2Fwp%2Fv2%2Fposts%2F23263\" style=\"font-size: 0px;width:48px;height:48px;margin:0;margin-bottom:5px\"><img loading=\"lazy\" decoding=\"async\" alt=\"mail\" title=\"Share by email\" class=\"synved-share-image synved-social-image synved-social-image-share\" width=\"48\" height=\"48\" style=\"display: inline;width:48px;height:48px;margin: 0;padding: 0;border: none;box-shadow: none\" src=\"https:\/\/fatherbroom.com\/es\/wp-content\/plugins\/social-media-feather\/synved-social\/image\/social\/regular\/96x96\/mail.png\" \/><\/a><\/div>","protected":false},"excerpt":{"rendered":"<p>Memoria de San Benito, abad, \u00abPadre del monacato occidental.\u00bb Primera lectura Is 6, 1-8 El a\u00f1o de la muerte del rey Oz\u00edas, vi al Se\u00f1or, sentado sobre un trono muy alto y magn\u00edfico. La orla de su manto llenaba el templo. Hab\u00eda dos serafines junto a \u00e9l, con seis alas cada uno: con un par [&hellip;]<\/p>\n","protected":false},"author":7,"featured_media":0,"comment_status":"open","ping_status":"open","sticky":false,"template":"","format":"standard","meta":{"_genesis_hide_title":false,"_genesis_hide_breadcrumbs":false,"_genesis_hide_singular_image":false,"_genesis_hide_footer_widgets":false,"_genesis_custom_body_class":"","_genesis_custom_post_class":"","_genesis_layout":"","footnotes":""},"categories":[277],"tags":[],"class_list":{"0":"post-23263","1":"post","2":"type-post","3":"status-publish","4":"format-standard","6":"category-lecturas-del-dia","7":"entry"},"_links":{"self":[{"href":"https:\/\/fatherbroom.com\/es\/wp-json\/wp\/v2\/posts\/23263","targetHints":{"allow":["GET"]}}],"collection":[{"href":"https:\/\/fatherbroom.com\/es\/wp-json\/wp\/v2\/posts"}],"about":[{"href":"https:\/\/fatherbroom.com\/es\/wp-json\/wp\/v2\/types\/post"}],"author":[{"embeddable":true,"href":"https:\/\/fatherbroom.com\/es\/wp-json\/wp\/v2\/users\/7"}],"replies":[{"embeddable":true,"href":"https:\/\/fatherbroom.com\/es\/wp-json\/wp\/v2\/comments?post=23263"}],"version-history":[{"count":3,"href":"https:\/\/fatherbroom.com\/es\/wp-json\/wp\/v2\/posts\/23263\/revisions"}],"predecessor-version":[{"id":23269,"href":"https:\/\/fatherbroom.com\/es\/wp-json\/wp\/v2\/posts\/23263\/revisions\/23269"}],"wp:attachment":[{"href":"https:\/\/fatherbroom.com\/es\/wp-json\/wp\/v2\/media?parent=23263"}],"wp:term":[{"taxonomy":"category","embeddable":true,"href":"https:\/\/fatherbroom.com\/es\/wp-json\/wp\/v2\/categories?post=23263"},{"taxonomy":"post_tag","embeddable":true,"href":"https:\/\/fatherbroom.com\/es\/wp-json\/wp\/v2\/tags?post=23263"}],"curies":[{"name":"wp","href":"https:\/\/api.w.org\/{rel}","templated":true}]}}