{"id":23247,"date":"2020-07-10T02:00:18","date_gmt":"2020-07-10T09:00:18","guid":{"rendered":"http:\/\/fatherbroom.com\/es\/?p=23247"},"modified":"2020-07-09T21:36:45","modified_gmt":"2020-07-10T04:36:45","slug":"lecturas-del-dia-10-julio-2020","status":"publish","type":"post","link":"https:\/\/fatherbroom.com\/es\/2020\/07\/lecturas-del-dia-10-julio-2020\/","title":{"rendered":"LECTURAS DEL DIA | 10 JULIO 2020"},"content":{"rendered":"<p><img loading=\"lazy\" decoding=\"async\" src=\"http:\/\/fatherbroom.com\/es\/wp-content\/media\/sites\/3\/Screen-Shot-2020-07-09-at-9.36.16-PM-300x169.png\" alt=\"\" width=\"621\" height=\"350\" class=\"aligncenter  wp-image-23252\" srcset=\"https:\/\/fatherbroom.com\/es\/wp-content\/media\/sites\/3\/Screen-Shot-2020-07-09-at-9.36.16-PM-300x169.png 300w, https:\/\/fatherbroom.com\/es\/wp-content\/media\/sites\/3\/Screen-Shot-2020-07-09-at-9.36.16-PM-768x434.png 768w, https:\/\/fatherbroom.com\/es\/wp-content\/media\/sites\/3\/Screen-Shot-2020-07-09-at-9.36.16-PM-1024x578.png 1024w, https:\/\/fatherbroom.com\/es\/wp-content\/media\/sites\/3\/Screen-Shot-2020-07-09-at-9.36.16-PM.png 1544w\" sizes=\"auto, (max-width: 621px) 100vw, 621px\" \/><\/p>\n<h4><strong>10 de julio 2020<\/strong><\/h4>\n<div class=\"contentarea\">\n<div id=\"cs_control_1386\" class=\"cs_control CS_Element_Schedule\">\n<div title=\"\" id=\"CS_Element_maincontent\">\n<div id=\"gridRow_1_1_1386\" class=\"cs_GridRow\">\n<div id=\"gridCol_1_1_1_1_1386\" class=\"cs_GridColumn\">\n<div id=\"cs_control_157991\" class=\"cs_control  lecturas-block\">\n<div id=\"cs_control_3683\" class=\"cs_control  CS_Element_Textblock\">\n<div class=\"CS_Textblock_Text\">\n<h4><strong>Viernes de la XIV semana del Tiempo ordinario<\/strong><\/p>\n<p><strong>Primera lectura<\/strong><\/h4>\n<\/div>\n<\/div>\n<div id=\"cs_control_3684\" class=\"cs_control  CS_Element_Textblock\">\n<div class=\"CS_Textblock_Text\">\n<div class=\"bibleReadingsWrapper\">\n<h4><strong>Os 14, 2-10<\/strong><\/h4>\n<div class=\"poetry\">\n<p><strong>Esto dice el Se\u00f1or Dios:<\/strong><br \/><strong>\u201cIsrael, convi\u00e9rtete al Se\u00f1or, Dios tuyo,<\/strong><br \/><strong>pues tu maldad te ha hecho sucumbir.<\/strong><br \/><strong>Arrepi\u00e9ntanse y ac\u00e9rquense al Se\u00f1or para decirle:<\/strong><br \/><strong>\u2018Perdona todas nuestras maldades,<\/strong><br \/><strong>acepta nuestro arrepentimiento sincero,<\/strong><br \/><strong>que solemnemente te prometemos.<\/strong><\/p>\n<p><strong>Ya no nos salvar\u00e1 Asiria,<\/strong><br \/><strong>ya no confiaremos en nuestro ej\u00e9rcito,<\/strong><br \/><strong>ni volveremos a llamar \u201cdios nuestro\u201d<\/strong><br \/><strong>a las obras de nuestras manos,<\/strong><br \/><strong>pues s\u00f3lo en ti encuentra piedad el hu\u00e9rfano\u2019.<\/strong><\/p>\n<p><strong>Yo perdonar\u00e9 sus infidelidades, dice el Se\u00f1or;<\/strong><br \/><strong>los amar\u00e9, aunque no lo merezcan,<\/strong><br \/><strong>porque mi c\u00f3lera se ha apartado de ellos.<\/strong><br \/><strong>Ser\u00e9 para Israel como roc\u00edo;<\/strong><br \/><strong>mi pueblo florecer\u00e1 como el lirio,<\/strong><br \/><strong>hundir\u00e1 profundamente sus ra\u00edces, como el \u00e1lamo,<\/strong><br \/><strong>y sus renuevos se propagar\u00e1n;<\/strong><br \/><strong>su esplendor ser\u00e1 como el del olivo<\/strong><br \/><strong>y tendr\u00e1 la fragancia de los cedros del L\u00edbano.<\/strong><\/p>\n<p><strong>Volver\u00e1n a vivir bajo mi sombra,<\/strong><br \/><strong>cultivar\u00e1n los trigales y las vi\u00f1as,<\/strong><br \/><strong>que ser\u00e1n tan famosas como las del L\u00edbano.<\/strong><br \/><strong>Ya nada tendr\u00e1 que ver Efra\u00edn con los \u00eddolos.<\/strong><\/p>\n<p><strong>Yo te he castigado, pero yo tambi\u00e9n te voy a restaurar,<\/strong><br \/><strong>pues soy como un cipr\u00e9s verde,<\/strong><br \/><strong>y gracias a m\u00ed, t\u00fa das frutos.<\/strong><\/p>\n<p><strong>Quien sea sabio, que comprenda estas cosas<\/strong><br \/><strong>y quien sea prudente, que las conozca.<\/strong><br \/><strong>Los mandamientos del Se\u00f1or son rectos<\/strong><br \/><strong>y los justos los cumplen;<\/strong><br \/><strong>los pecadores, en cambio, tropiezan en ellos y caen\u2019\u2019.<\/strong><\/p>\n<\/div>\n<\/div>\n<\/div>\n<\/div>\n<div id=\"cs_control_289228\" class=\"cs_control  CS_Element_Textblock\">\n<div class=\"CS_Textblock_Text\">\n<div class=\"bibleReadingsWrapper\">\n<h4><strong>Salmo Responsorial<\/strong><\/h4>\n<h4><strong>Salmo 50, 3-4. 8-9. 12-13. 14 y 17<\/strong><\/h4>\n<div class=\"poetry\">\n<p><strong>R. (17b) Abre, Se\u00f1or, mis labios t te alabar\u00e9.<br \/><\/strong><br \/><strong>Por tu inmensa compasi\u00f3n y misericordia,<\/strong><br \/><strong>Se\u00f1or, api\u00e1date de mi y olvida mis ofensas.<\/strong><br \/><strong>L\u00e1vame bien de todos mis delitos<\/strong><br \/><strong>y purif\u00edcame de mis pecados. R.<\/strong><br \/><strong>R. Abre, Se\u00f1or, mis labios t te alabar\u00e9.<br \/><\/strong><br \/><strong>Ens\u00e9\u00f1ame, Se\u00f1or,<\/strong><br \/><strong>La rectitud de coraz\u00f3n que quieres.<\/strong><br \/><strong>L\u00e1vame t\u00fa, Se\u00f1or, y purif\u00edcame<\/strong><br \/><strong>y quedar\u00e9 m\u00e1s blanco que la nieve. R.<\/strong><br \/><strong>R. Abre, Se\u00f1or, mis labios t te alabar\u00e9.<br \/><\/strong><br \/><strong>Crea en m\u00ed, Se\u00f1or, un coraz\u00f3n puro,<\/strong><br \/><strong>un esp\u00edritu nuevo para cumplir tus mandamientos.<\/strong><br \/><strong>No me arrojes, Se\u00f1or, lejos de ti<\/strong><br \/><strong>ni retires de m\u00ed tu santo esp\u00edritu. R.<\/strong><br \/><strong>R. Abre, Se\u00f1or, mis labios t te alabar\u00e9.<br \/><\/strong><br \/><strong>Devu\u00e9lveme tu salvaci\u00f3n, que regocija,<\/strong><br \/><strong>y mant\u00e9n en m\u00ed una alma generosa.<\/strong><br \/><strong>Se\u00f1or, abre mis labios<\/strong><br \/><strong>y cantar\u00e1 mi boca tu alabanza. R.<\/strong><br \/><strong>R. Abre, Se\u00f1or, mis labios t te alabar\u00e9.<\/strong><\/p>\n<\/div>\n<\/div>\n<\/div>\n<\/div>\n<div id=\"cs_control_289230\" class=\"cs_control  CS_Element_Textblock\">\n<div class=\"CS_Textblock_Text\">\n<div class=\"bibleReadingsWrapper\">\n<h4><strong>Aclamaci\u00f3n antes del Evangelio<\/strong><\/h4>\n<h4><strong>Jn 16, 13; 14, 26<\/strong><\/h4>\n<div class=\"poetry\">\n<p><strong>R. Aleluya, aleluya.<\/strong><br \/><strong>Cuando venga el Esp\u00edritu de verdad,<\/strong><br \/><strong>\u00e9l les ense\u00f1ar\u00e1 toda la verdad<\/strong><br \/><strong>y les recordar\u00e1 todo cuanto yo les he dicho, dice el Se\u00f1or.<\/strong><br \/><strong>R. Aleluya.<\/strong><\/p>\n<\/div>\n<\/div>\n<\/div>\n<\/div>\n<div id=\"cs_control_289231\" class=\"cs_control  CS_Element_Textblock\">\n<div class=\"CS_Textblock_Text\">\n<div class=\"bibleReadingsWrapper\">\n<h4><strong>Evangelio<\/strong><\/h4>\n<h4><strong>Mt 10, 16-23<\/strong><\/h4>\n<div class=\"poetry\">\n<p><strong>En aquel tiempo, Jes\u00fas dijo a sus ap\u00f3stoles: \u201cYo los env\u00edo como ovejas entre lobos. Sean, pues, precavidos como las serpientes y sencillos como las palomas.<\/strong><\/p>\n<p><strong>Cu\u00eddense de la gente, porque los llevar\u00e1n a los tribunales, los azotar\u00e1n en las sinagogas, los llevar\u00e1n ante gobernadores y reyes por mi causa; as\u00ed dar\u00e1n testimonio de m\u00ed ante ellos y ante los paganos. Pero, cuando los enjuicien, no se preocupen por lo que van a decir o por la forma de decirlo, porque en ese momento se les inspirar\u00e1 lo que han de decir. Pues no ser\u00e1n ustedes los que hablen, sino el Esp\u00edritu de su Padre el que hablar\u00e1 por ustedes.<\/strong><\/p>\n<p><strong>El hermano entregar\u00e1 a su hermano a la muerte, y el padre a su hijo; los hijos se levantar\u00e1n contra sus padres y los matar\u00e1n; todos los odiar\u00e1n a ustedes por mi causa, pero el que persevere hasta el fin, se salvar\u00e1.<\/strong><\/p>\n<p><strong>Cuando los persigan en una ciudad, huyan a otra. Yo les aseguro que no alcanzar\u00e1n a recorrer todas las ciudades de Israel, antes de que venga el Hijo del hombre\u2019\u2019.<\/p>\n<p><img loading=\"lazy\" decoding=\"async\" src=\"http:\/\/fatherbroom.com\/es\/wp-content\/media\/sites\/3\/Screen-Shot-2020-07-09-at-8.51.19-PM-300x100.png\" alt=\"\" width=\"573\" height=\"191\" class=\"aligncenter  wp-image-23250\" srcset=\"https:\/\/fatherbroom.com\/es\/wp-content\/media\/sites\/3\/Screen-Shot-2020-07-09-at-8.51.19-PM-300x100.png 300w, https:\/\/fatherbroom.com\/es\/wp-content\/media\/sites\/3\/Screen-Shot-2020-07-09-at-8.51.19-PM-768x256.png 768w, https:\/\/fatherbroom.com\/es\/wp-content\/media\/sites\/3\/Screen-Shot-2020-07-09-at-8.51.19-PM-1024x341.png 1024w, https:\/\/fatherbroom.com\/es\/wp-content\/media\/sites\/3\/Screen-Shot-2020-07-09-at-8.51.19-PM.png 1544w\" sizes=\"auto, (max-width: 573px) 100vw, 573px\" \/><br \/>Catecismo de la Iglesia\u00a0Cat\u00f3lica\u00a0<\/strong><\/p>\n<p><strong>38 Por esto el hombre necesita ser iluminado por la revelaci\u00f3n de Dios, no solamente acerca de lo que supera su entendimiento, sino tambi\u00e9n sobre \u00ablas verdades religiosas y morales que de suyo no son inaccesibles a la raz\u00f3n, a fin de que puedan ser, en el estado actual del g\u00e9nero humano, conocidas de todos sin dificultad, con una certeza firme y sin mezcla de error\u00bb (ibid., DS 3876; cf. Concilio Vaticano I: DS 3005; DV 6; santo Tom\u00e1s de Aquino, S.Th. 1, q. 1 a. 1, c.).<\/strong><\/p>\n<p><strong><\/p>\n<p><\/strong><\/p>\n<\/div>\n<\/div>\n<\/div>\n<\/div>\n<div id=\"cs_control_289214\" class=\"cs_control  CS_Element_Textblock\">\n<div class=\"CS_Textblock_Text\"><\/div>\n<\/div>\n<\/div>\n<\/div>\n<\/div>\n<\/div>\n<\/div>\n<\/div>\n<div class=\"synved-social-container synved-social-container-share\" style=\"text-align: center\"><a class=\"synved-social-button synved-social-button-share synved-social-size-48 synved-social-resolution-single synved-social-provider-facebook nolightbox\" data-provider=\"facebook\" target=\"_blank\" rel=\"nofollow\" title=\"Share on Facebook\" href=\"https:\/\/www.facebook.com\/sharer.php?u=https%3A%2F%2Ffatherbroom.com%2Fes%2Fwp-json%2Fwp%2Fv2%2Fposts%2F23247&#038;t=LECTURAS%20DEL%20DIA%20%7C%2010%20JULIO%202020&#038;s=100&#038;p&#091;url&#093;=https%3A%2F%2Ffatherbroom.com%2Fes%2Fwp-json%2Fwp%2Fv2%2Fposts%2F23247&#038;p&#091;images&#093;&#091;0&#093;=http%3A%2F%2Ffatherbroom.com%2Fes%2Fwp-content%2Fmedia%2Fsites%2F3%2FScreen-Shot-2020-07-09-at-8.51.19-PM-300x100.png&#038;p&#091;title&#093;=LECTURAS%20DEL%20DIA%20%7C%2010%20JULIO%202020\" style=\"font-size: 0px;width:48px;height:48px;margin:0;margin-bottom:5px;margin-right:5px\"><img loading=\"lazy\" decoding=\"async\" alt=\"Facebook\" title=\"Share on Facebook\" class=\"synved-share-image synved-social-image synved-social-image-share\" width=\"48\" height=\"48\" style=\"display: inline;width:48px;height:48px;margin: 0;padding: 0;border: none;box-shadow: none\" src=\"https:\/\/fatherbroom.com\/es\/wp-content\/plugins\/social-media-feather\/synved-social\/image\/social\/regular\/96x96\/facebook.png\" \/><\/a><a class=\"synved-social-button synved-social-button-share synved-social-size-48 synved-social-resolution-single synved-social-provider-twitter nolightbox\" data-provider=\"twitter\" target=\"_blank\" rel=\"nofollow\" title=\"Share on Twitter\" href=\"https:\/\/twitter.com\/intent\/tweet?url=https%3A%2F%2Ffatherbroom.com%2Fes%2Fwp-json%2Fwp%2Fv2%2Fposts%2F23247&#038;text=Hey%20check%20this%20out\" style=\"font-size: 0px;width:48px;height:48px;margin:0;margin-bottom:5px;margin-right:5px\"><img loading=\"lazy\" decoding=\"async\" alt=\"twitter\" title=\"Share on Twitter\" class=\"synved-share-image synved-social-image synved-social-image-share\" width=\"48\" height=\"48\" style=\"display: inline;width:48px;height:48px;margin: 0;padding: 0;border: none;box-shadow: none\" src=\"https:\/\/fatherbroom.com\/es\/wp-content\/plugins\/social-media-feather\/synved-social\/image\/social\/regular\/96x96\/twitter.png\" \/><\/a><a class=\"synved-social-button synved-social-button-share synved-social-size-48 synved-social-resolution-single synved-social-provider-reddit nolightbox\" data-provider=\"reddit\" target=\"_blank\" rel=\"nofollow\" title=\"Share on Reddit\" href=\"https:\/\/www.reddit.com\/submit?url=https%3A%2F%2Ffatherbroom.com%2Fes%2Fwp-json%2Fwp%2Fv2%2Fposts%2F23247&#038;title=LECTURAS%20DEL%20DIA%20%7C%2010%20JULIO%202020\" style=\"font-size: 0px;width:48px;height:48px;margin:0;margin-bottom:5px;margin-right:5px\"><img loading=\"lazy\" decoding=\"async\" alt=\"reddit\" title=\"Share on Reddit\" class=\"synved-share-image synved-social-image synved-social-image-share\" width=\"48\" height=\"48\" style=\"display: inline;width:48px;height:48px;margin: 0;padding: 0;border: none;box-shadow: none\" src=\"https:\/\/fatherbroom.com\/es\/wp-content\/plugins\/social-media-feather\/synved-social\/image\/social\/regular\/96x96\/reddit.png\" \/><\/a><a class=\"synved-social-button synved-social-button-share synved-social-size-48 synved-social-resolution-single synved-social-provider-pinterest nolightbox\" data-provider=\"pinterest\" target=\"_blank\" rel=\"nofollow\" title=\"Pin it with Pinterest\" href=\"https:\/\/pinterest.com\/pin\/create\/button\/?url=https%3A%2F%2Ffatherbroom.com%2Fes%2Fwp-json%2Fwp%2Fv2%2Fposts%2F23247&#038;media=http%3A%2F%2Ffatherbroom.com%2Fes%2Fwp-content%2Fmedia%2Fsites%2F3%2FScreen-Shot-2020-07-09-at-8.51.19-PM-300x100.png&#038;description=LECTURAS%20DEL%20DIA%20%7C%2010%20JULIO%202020\" style=\"font-size: 0px;width:48px;height:48px;margin:0;margin-bottom:5px;margin-right:5px\"><img loading=\"lazy\" decoding=\"async\" alt=\"pinterest\" title=\"Pin it with Pinterest\" class=\"synved-share-image synved-social-image synved-social-image-share\" width=\"48\" height=\"48\" style=\"display: inline;width:48px;height:48px;margin: 0;padding: 0;border: none;box-shadow: none\" src=\"https:\/\/fatherbroom.com\/es\/wp-content\/plugins\/social-media-feather\/synved-social\/image\/social\/regular\/96x96\/pinterest.png\" \/><\/a><a class=\"synved-social-button synved-social-button-share synved-social-size-48 synved-social-resolution-single synved-social-provider-linkedin nolightbox\" data-provider=\"linkedin\" target=\"_blank\" rel=\"nofollow\" title=\"Share on Linkedin\" href=\"https:\/\/www.linkedin.com\/shareArticle?mini=true&#038;url=https%3A%2F%2Ffatherbroom.com%2Fes%2Fwp-json%2Fwp%2Fv2%2Fposts%2F23247&#038;title=LECTURAS%20DEL%20DIA%20%7C%2010%20JULIO%202020\" style=\"font-size: 0px;width:48px;height:48px;margin:0;margin-bottom:5px;margin-right:5px\"><img loading=\"lazy\" decoding=\"async\" alt=\"linkedin\" title=\"Share on Linkedin\" class=\"synved-share-image synved-social-image synved-social-image-share\" width=\"48\" height=\"48\" style=\"display: inline;width:48px;height:48px;margin: 0;padding: 0;border: none;box-shadow: none\" src=\"https:\/\/fatherbroom.com\/es\/wp-content\/plugins\/social-media-feather\/synved-social\/image\/social\/regular\/96x96\/linkedin.png\" \/><\/a><a class=\"synved-social-button synved-social-button-share synved-social-size-48 synved-social-resolution-single synved-social-provider-mail nolightbox\" data-provider=\"mail\" rel=\"nofollow\" title=\"Share by email\" href=\"mailto:?subject=LECTURAS%20DEL%20DIA%20%7C%2010%20JULIO%202020&#038;body=Hey%20check%20this%20out:%20https%3A%2F%2Ffatherbroom.com%2Fes%2Fwp-json%2Fwp%2Fv2%2Fposts%2F23247\" style=\"font-size: 0px;width:48px;height:48px;margin:0;margin-bottom:5px\"><img loading=\"lazy\" decoding=\"async\" alt=\"mail\" title=\"Share by email\" class=\"synved-share-image synved-social-image synved-social-image-share\" width=\"48\" height=\"48\" style=\"display: inline;width:48px;height:48px;margin: 0;padding: 0;border: none;box-shadow: none\" src=\"https:\/\/fatherbroom.com\/es\/wp-content\/plugins\/social-media-feather\/synved-social\/image\/social\/regular\/96x96\/mail.png\" \/><\/a><\/div>","protected":false},"excerpt":{"rendered":"<p>10 de julio 2020 Viernes de la XIV semana del Tiempo ordinario Primera lectura Os 14, 2-10 Esto dice el Se\u00f1or Dios:\u201cIsrael, convi\u00e9rtete al Se\u00f1or, Dios tuyo,pues tu maldad te ha hecho sucumbir.Arrepi\u00e9ntanse y ac\u00e9rquense al Se\u00f1or para decirle:\u2018Perdona todas nuestras maldades,acepta nuestro arrepentimiento sincero,que solemnemente te prometemos. Ya no nos salvar\u00e1 Asiria,ya no confiaremos [&hellip;]<\/p>\n","protected":false},"author":7,"featured_media":0,"comment_status":"open","ping_status":"open","sticky":false,"template":"","format":"standard","meta":{"_genesis_hide_title":false,"_genesis_hide_breadcrumbs":false,"_genesis_hide_singular_image":false,"_genesis_hide_footer_widgets":false,"_genesis_custom_body_class":"","_genesis_custom_post_class":"","_genesis_layout":"","footnotes":""},"categories":[277],"tags":[],"class_list":{"0":"post-23247","1":"post","2":"type-post","3":"status-publish","4":"format-standard","6":"category-lecturas-del-dia","7":"entry"},"_links":{"self":[{"href":"https:\/\/fatherbroom.com\/es\/wp-json\/wp\/v2\/posts\/23247","targetHints":{"allow":["GET"]}}],"collection":[{"href":"https:\/\/fatherbroom.com\/es\/wp-json\/wp\/v2\/posts"}],"about":[{"href":"https:\/\/fatherbroom.com\/es\/wp-json\/wp\/v2\/types\/post"}],"author":[{"embeddable":true,"href":"https:\/\/fatherbroom.com\/es\/wp-json\/wp\/v2\/users\/7"}],"replies":[{"embeddable":true,"href":"https:\/\/fatherbroom.com\/es\/wp-json\/wp\/v2\/comments?post=23247"}],"version-history":[{"count":4,"href":"https:\/\/fatherbroom.com\/es\/wp-json\/wp\/v2\/posts\/23247\/revisions"}],"predecessor-version":[{"id":23253,"href":"https:\/\/fatherbroom.com\/es\/wp-json\/wp\/v2\/posts\/23247\/revisions\/23253"}],"wp:attachment":[{"href":"https:\/\/fatherbroom.com\/es\/wp-json\/wp\/v2\/media?parent=23247"}],"wp:term":[{"taxonomy":"category","embeddable":true,"href":"https:\/\/fatherbroom.com\/es\/wp-json\/wp\/v2\/categories?post=23247"},{"taxonomy":"post_tag","embeddable":true,"href":"https:\/\/fatherbroom.com\/es\/wp-json\/wp\/v2\/tags?post=23247"}],"curies":[{"name":"wp","href":"https:\/\/api.w.org\/{rel}","templated":true}]}}