{"id":23208,"date":"2020-07-08T02:00:11","date_gmt":"2020-07-08T09:00:11","guid":{"rendered":"http:\/\/fatherbroom.com\/es\/?p=23208"},"modified":"2020-07-07T19:28:37","modified_gmt":"2020-07-08T02:28:37","slug":"lecturas-del-dia-y-catecismo-8-julio-2020","status":"publish","type":"post","link":"https:\/\/fatherbroom.com\/es\/2020\/07\/lecturas-del-dia-y-catecismo-8-julio-2020\/","title":{"rendered":"LECTURAS DEL DIA Y CATECISMO | 8 JULIO 2020"},"content":{"rendered":"<p><img loading=\"lazy\" decoding=\"async\" src=\"http:\/\/fatherbroom.com\/es\/wp-content\/media\/sites\/3\/Screen-Shot-2020-07-07-at-7.12.22-PM-300x169.png\" alt=\"\" width=\"543\" height=\"306\" class=\"aligncenter  wp-image-23210\" srcset=\"https:\/\/fatherbroom.com\/es\/wp-content\/media\/sites\/3\/Screen-Shot-2020-07-07-at-7.12.22-PM-300x169.png 300w, https:\/\/fatherbroom.com\/es\/wp-content\/media\/sites\/3\/Screen-Shot-2020-07-07-at-7.12.22-PM-768x432.png 768w, https:\/\/fatherbroom.com\/es\/wp-content\/media\/sites\/3\/Screen-Shot-2020-07-07-at-7.12.22-PM-1024x576.png 1024w, https:\/\/fatherbroom.com\/es\/wp-content\/media\/sites\/3\/Screen-Shot-2020-07-07-at-7.12.22-PM.png 1544w\" sizes=\"auto, (max-width: 543px) 100vw, 543px\" \/><\/p>\n<h4><strong>8 de julio 2020<\/strong><\/h4>\n<div class=\"contentarea\">\n<div id=\"cs_control_1386\" class=\"cs_control CS_Element_Schedule\">\n<div title=\"\" id=\"CS_Element_maincontent\">\n<div id=\"gridRow_1_1_1386\" class=\"cs_GridRow\">\n<div id=\"gridCol_1_1_1_1_1386\" class=\"cs_GridColumn\">\n<div id=\"cs_control_157991\" class=\"cs_control  lecturas-block\">\n<div id=\"cs_control_3683\" class=\"cs_control  CS_Element_Textblock\">\n<div class=\"CS_Textblock_Text\"><strong>Mi\u00e9rcoles de la XIV semana del Tiempo ordinario<\/strong><\/p>\n<p><strong>Primera lectura<\/strong><\/div>\n<\/div>\n<div id=\"cs_control_3684\" class=\"cs_control  CS_Element_Textblock\">\n<div class=\"CS_Textblock_Text\">\n<div class=\"bibleReadingsWrapper\">\n<h4><strong>Os 10, 1-3. 7-8. 12<\/strong><\/h4>\n<div class=\"poetry\">\n<p><strong>Israel era una vi\u00f1a frondosa<\/strong><br \/><strong>que daba abundante fruto.<\/strong><br \/><strong>Pero cuanto m\u00e1s se multiplicaban sus frutos,<\/strong><br \/><strong>m\u00e1s se multiplicaban sus altares paganos;<\/strong><br \/><strong>cuanto m\u00e1s rico era el pa\u00eds,<\/strong><br \/><strong>m\u00e1s ricos fueron sus monumentos a los \u00eddolos.<\/strong><\/p>\n<p><strong>Su coraz\u00f3n est\u00e1 dividido<\/strong><br \/><strong>y van a pagar sus culpas.<\/strong><br \/><strong>El Se\u00f1or derribar\u00e1 sus altares<\/strong><br \/><strong>y demoler\u00e1 sus monumentos.<\/strong><br \/><strong>Pero ellos dicen: \u201cNo tenemos rey\u201d.<\/strong><br \/><strong>Pero si no temen al Se\u00f1or,<\/strong><br \/><strong>\u00bfqu\u00e9 podr\u00e1 hacer por ellos el rey?<\/strong><\/p>\n<p><strong>Samaria y su becerro desaparecer\u00e1n<\/strong><br \/><strong>como espuma sobre el agua.<\/strong><br \/><strong>Todos los santuarios de los \u00eddolos ser\u00e1n destruidos<\/strong><br \/><strong>y sobre sus altares crecer\u00e1n espinas y cardos,<\/strong><br \/><strong>porque la idolatr\u00eda ha sido el pecado de Israel.<\/strong><br \/><strong>Entonces gritar\u00e1n a los montes: \u201c\u00a1C\u00fabrannos!\u201d,<\/strong><br \/><strong>y a las colinas: \u201c\u00a1Sep\u00faltennos!\u201d<\/strong><\/p>\n<p><strong>Siembren justicia y cosechar\u00e1n misericordia;<\/strong><br \/><strong>preparen sus tierras para la siembra,<\/strong><br \/><strong>pues ya es tiempo de buscar al Se\u00f1or,<\/strong><br \/><strong>para que venga y llueva la salvaci\u00f3n sobre ustedes.<\/strong><\/p>\n<\/div>\n<\/div>\n<\/div>\n<\/div>\n<div id=\"cs_control_289228\" class=\"cs_control  CS_Element_Textblock\">\n<div class=\"CS_Textblock_Text\">\n<div class=\"bibleReadingsWrapper\">\n<h4><strong>Salmo Responsorial<\/strong><\/h4>\n<h4><strong>Salmo 104, 2-3. 4-5. 6-7.<\/strong><\/h4>\n<div class=\"poetry\">\n<p><strong>R. (4b) Recurramos al Se\u00f1or y a su poder.<\/strong><\/p>\n<p><strong>Entonen en su honor himnos y cantos<\/strong><br \/><strong>celebren los portentos del Se\u00f1or.<\/strong><br \/><strong>Del nombre del Se\u00f1or enorgull\u00e9zcanse<\/strong><br \/><strong>y si\u00e9ntase feliz el que lo busca. R.<\/strong><br \/><strong>R. Recurramos al Se\u00f1or y a su poder.<\/strong><\/p>\n<p><strong>Recurran al Se\u00f1or y a su poder,<\/strong><br \/><strong>y a su presencia acudan.<\/strong><br \/><strong>Recuerden los prodigios que \u00e9l ha hecho,<\/strong><br \/><strong>sus portentos y or\u00e1culos. R.<\/strong><br \/><strong>R. Recurramos al Se\u00f1or y a su poder.<\/strong><\/p>\n<p><strong>Descendientes de Abrah\u00e1n, su servidor,<\/strong><br \/><strong>estirpe de Jacob, su predilecto,<\/strong><br \/><strong>escuchen: El Se\u00f1or es nuestro Dios<\/strong><br \/><strong>y gobiernan la tierra sus decretos. R.<\/strong><br \/><strong>R. Recurramos al Se\u00f1or y a su poder.<\/strong><\/p>\n<\/div>\n<\/div>\n<\/div>\n<\/div>\n<div id=\"cs_control_289230\" class=\"cs_control  CS_Element_Textblock\">\n<div class=\"CS_Textblock_Text\">\n<div class=\"bibleReadingsWrapper\">\n<h4><strong>Aclamaci\u00f3n antes del Evangelio<\/strong><\/h4>\n<h4><strong>Mc 1, 15<\/strong><\/h4>\n<div class=\"poetry\">\n<p><strong>R. Aleluya, aleluya.<\/strong><br \/><strong>El Reino de Dios est\u00e1 cerca, dice el Se\u00f1or;<\/strong><br \/><strong>arrepi\u00e9ntanse y crean en el Evangelio.<\/strong><br \/><strong>R. Aleluya.<\/strong><\/p>\n<\/div>\n<\/div>\n<\/div>\n<\/div>\n<div id=\"cs_control_289231\" class=\"cs_control  CS_Element_Textblock\">\n<div class=\"CS_Textblock_Text\">\n<div class=\"bibleReadingsWrapper\">\n<h4><strong>Evangelio<\/strong><\/h4>\n<h4><strong>Mt 10, 1-7<\/strong><\/h4>\n<div class=\"poetry\">\n<p><strong>En aquel tiempo, llamando Jes\u00fas a sus doce disc\u00edpulos, les dio poder para expulsar a los esp\u00edritus impuros y curar toda clase de enfermedades y dolencias.<\/strong><\/p>\n<p><strong>Estos son los nombres de los doce ap\u00f3stoles: el primero de todos, Sim\u00f3n, llamado Pedro, y su hermano Andr\u00e9s; Santiago y su hermano Juan, hijos del Zebedeo; Felipe y Bartolom\u00e9; Tom\u00e1s y Mateo, el publicano; Santiago, hijo de Alfeo, y Tadeo; Sim\u00f3n, el cananeo, y Judas Iscariote, que fue el traidor.<\/strong><\/p>\n<p><strong>A estos doce los envi\u00f3 Jes\u00fas con estas instrucciones: \u201cNo vayan a tierra de paganos, ni entren en ciudades de samaritanos. Vayan m\u00e1s bien en busca de las ovejas perdidas de la casa de Israel. Vayan y proclamen por el camino que ya se acerca el Reino de los cielos\u201d.<\/p>\n<p><img loading=\"lazy\" decoding=\"async\" src=\"http:\/\/fatherbroom.com\/es\/wp-content\/media\/sites\/3\/Screen-Shot-2020-07-07-at-7.26.54-PM-300x100.png\" alt=\"\" width=\"537\" height=\"179\" class=\"aligncenter  wp-image-23211\" srcset=\"https:\/\/fatherbroom.com\/es\/wp-content\/media\/sites\/3\/Screen-Shot-2020-07-07-at-7.26.54-PM-300x100.png 300w, https:\/\/fatherbroom.com\/es\/wp-content\/media\/sites\/3\/Screen-Shot-2020-07-07-at-7.26.54-PM-768x256.png 768w, https:\/\/fatherbroom.com\/es\/wp-content\/media\/sites\/3\/Screen-Shot-2020-07-07-at-7.26.54-PM-1024x341.png 1024w, https:\/\/fatherbroom.com\/es\/wp-content\/media\/sites\/3\/Screen-Shot-2020-07-07-at-7.26.54-PM.png 1542w\" sizes=\"auto, (max-width: 537px) 100vw, 537px\" \/><\/strong><\/p>\n<p><strong>\u00a0Catecismo de la Iglesia\u00a0<\/strong><b>Cat\u00f3lica\u00a0<\/b><\/p>\n<p><strong>III El conocimiento de Dios seg\u00fan la Iglesia<\/strong><\/p>\n<p><strong>36 \u00abLa Santa Madre Iglesia, mantiene y ense\u00f1a que Dios, principio y fin de todas las cosas, puede ser conocido con certeza mediante la luz natural de la raz\u00f3n humana a partir de las cosas creadas\u00bb (Concilio Vaticano I, Const. dogm. Dei Filius, c.2: DS 3004; cf. Ib\u00edd., De revelatione, canon 2: DS 3026; Concilio Vaticano II, DV 6). Sin esta capacidad, el hombre no podr\u00eda acoger la revelaci\u00f3n de Dios. El hombre tiene esta capacidad porque ha sido creado \u00aba imagen de Dios\u00bb (cf. Gn 1,27).<\/strong><\/p>\n<p><strong>\u00a0<\/strong><\/p>\n<\/div>\n<\/div>\n<\/div>\n<\/div>\n<\/div>\n<\/div>\n<\/div>\n<\/div>\n<\/div>\n<\/div>\n<div class=\"synved-social-container synved-social-container-share\" style=\"text-align: center\"><a class=\"synved-social-button synved-social-button-share synved-social-size-48 synved-social-resolution-single synved-social-provider-facebook nolightbox\" data-provider=\"facebook\" target=\"_blank\" rel=\"nofollow\" title=\"Share on Facebook\" href=\"https:\/\/www.facebook.com\/sharer.php?u=https%3A%2F%2Ffatherbroom.com%2Fes%2Fwp-json%2Fwp%2Fv2%2Fposts%2F23208&#038;t=LECTURAS%20DEL%20DIA%20Y%20CATECISMO%20%7C%208%20JULIO%202020&#038;s=100&#038;p&#091;url&#093;=https%3A%2F%2Ffatherbroom.com%2Fes%2Fwp-json%2Fwp%2Fv2%2Fposts%2F23208&#038;p&#091;images&#093;&#091;0&#093;=http%3A%2F%2Ffatherbroom.com%2Fes%2Fwp-content%2Fmedia%2Fsites%2F3%2FScreen-Shot-2020-07-07-at-7.26.54-PM-300x100.png&#038;p&#091;title&#093;=LECTURAS%20DEL%20DIA%20Y%20CATECISMO%20%7C%208%20JULIO%202020\" style=\"font-size: 0px;width:48px;height:48px;margin:0;margin-bottom:5px;margin-right:5px\"><img loading=\"lazy\" decoding=\"async\" alt=\"Facebook\" title=\"Share on Facebook\" class=\"synved-share-image synved-social-image synved-social-image-share\" width=\"48\" height=\"48\" style=\"display: inline;width:48px;height:48px;margin: 0;padding: 0;border: none;box-shadow: none\" src=\"https:\/\/fatherbroom.com\/es\/wp-content\/plugins\/social-media-feather\/synved-social\/image\/social\/regular\/96x96\/facebook.png\" \/><\/a><a class=\"synved-social-button synved-social-button-share synved-social-size-48 synved-social-resolution-single synved-social-provider-twitter nolightbox\" data-provider=\"twitter\" target=\"_blank\" rel=\"nofollow\" title=\"Share on Twitter\" href=\"https:\/\/twitter.com\/intent\/tweet?url=https%3A%2F%2Ffatherbroom.com%2Fes%2Fwp-json%2Fwp%2Fv2%2Fposts%2F23208&#038;text=Hey%20check%20this%20out\" style=\"font-size: 0px;width:48px;height:48px;margin:0;margin-bottom:5px;margin-right:5px\"><img loading=\"lazy\" decoding=\"async\" alt=\"twitter\" title=\"Share on Twitter\" class=\"synved-share-image synved-social-image synved-social-image-share\" width=\"48\" height=\"48\" style=\"display: inline;width:48px;height:48px;margin: 0;padding: 0;border: none;box-shadow: none\" src=\"https:\/\/fatherbroom.com\/es\/wp-content\/plugins\/social-media-feather\/synved-social\/image\/social\/regular\/96x96\/twitter.png\" \/><\/a><a class=\"synved-social-button synved-social-button-share synved-social-size-48 synved-social-resolution-single synved-social-provider-reddit nolightbox\" data-provider=\"reddit\" target=\"_blank\" rel=\"nofollow\" title=\"Share on Reddit\" href=\"https:\/\/www.reddit.com\/submit?url=https%3A%2F%2Ffatherbroom.com%2Fes%2Fwp-json%2Fwp%2Fv2%2Fposts%2F23208&#038;title=LECTURAS%20DEL%20DIA%20Y%20CATECISMO%20%7C%208%20JULIO%202020\" style=\"font-size: 0px;width:48px;height:48px;margin:0;margin-bottom:5px;margin-right:5px\"><img loading=\"lazy\" decoding=\"async\" alt=\"reddit\" title=\"Share on Reddit\" class=\"synved-share-image synved-social-image synved-social-image-share\" width=\"48\" height=\"48\" style=\"display: inline;width:48px;height:48px;margin: 0;padding: 0;border: none;box-shadow: none\" src=\"https:\/\/fatherbroom.com\/es\/wp-content\/plugins\/social-media-feather\/synved-social\/image\/social\/regular\/96x96\/reddit.png\" \/><\/a><a class=\"synved-social-button synved-social-button-share synved-social-size-48 synved-social-resolution-single synved-social-provider-pinterest nolightbox\" data-provider=\"pinterest\" target=\"_blank\" rel=\"nofollow\" title=\"Pin it with Pinterest\" href=\"https:\/\/pinterest.com\/pin\/create\/button\/?url=https%3A%2F%2Ffatherbroom.com%2Fes%2Fwp-json%2Fwp%2Fv2%2Fposts%2F23208&#038;media=http%3A%2F%2Ffatherbroom.com%2Fes%2Fwp-content%2Fmedia%2Fsites%2F3%2FScreen-Shot-2020-07-07-at-7.26.54-PM-300x100.png&#038;description=LECTURAS%20DEL%20DIA%20Y%20CATECISMO%20%7C%208%20JULIO%202020\" style=\"font-size: 0px;width:48px;height:48px;margin:0;margin-bottom:5px;margin-right:5px\"><img loading=\"lazy\" decoding=\"async\" alt=\"pinterest\" title=\"Pin it with Pinterest\" class=\"synved-share-image synved-social-image synved-social-image-share\" width=\"48\" height=\"48\" style=\"display: inline;width:48px;height:48px;margin: 0;padding: 0;border: none;box-shadow: none\" src=\"https:\/\/fatherbroom.com\/es\/wp-content\/plugins\/social-media-feather\/synved-social\/image\/social\/regular\/96x96\/pinterest.png\" \/><\/a><a class=\"synved-social-button synved-social-button-share synved-social-size-48 synved-social-resolution-single synved-social-provider-linkedin nolightbox\" data-provider=\"linkedin\" target=\"_blank\" rel=\"nofollow\" title=\"Share on Linkedin\" href=\"https:\/\/www.linkedin.com\/shareArticle?mini=true&#038;url=https%3A%2F%2Ffatherbroom.com%2Fes%2Fwp-json%2Fwp%2Fv2%2Fposts%2F23208&#038;title=LECTURAS%20DEL%20DIA%20Y%20CATECISMO%20%7C%208%20JULIO%202020\" style=\"font-size: 0px;width:48px;height:48px;margin:0;margin-bottom:5px;margin-right:5px\"><img loading=\"lazy\" decoding=\"async\" alt=\"linkedin\" title=\"Share on Linkedin\" class=\"synved-share-image synved-social-image synved-social-image-share\" width=\"48\" height=\"48\" style=\"display: inline;width:48px;height:48px;margin: 0;padding: 0;border: none;box-shadow: none\" src=\"https:\/\/fatherbroom.com\/es\/wp-content\/plugins\/social-media-feather\/synved-social\/image\/social\/regular\/96x96\/linkedin.png\" \/><\/a><a class=\"synved-social-button synved-social-button-share synved-social-size-48 synved-social-resolution-single synved-social-provider-mail nolightbox\" data-provider=\"mail\" rel=\"nofollow\" title=\"Share by email\" href=\"mailto:?subject=LECTURAS%20DEL%20DIA%20Y%20CATECISMO%20%7C%208%20JULIO%202020&#038;body=Hey%20check%20this%20out:%20https%3A%2F%2Ffatherbroom.com%2Fes%2Fwp-json%2Fwp%2Fv2%2Fposts%2F23208\" style=\"font-size: 0px;width:48px;height:48px;margin:0;margin-bottom:5px\"><img loading=\"lazy\" decoding=\"async\" alt=\"mail\" title=\"Share by email\" class=\"synved-share-image synved-social-image synved-social-image-share\" width=\"48\" height=\"48\" style=\"display: inline;width:48px;height:48px;margin: 0;padding: 0;border: none;box-shadow: none\" src=\"https:\/\/fatherbroom.com\/es\/wp-content\/plugins\/social-media-feather\/synved-social\/image\/social\/regular\/96x96\/mail.png\" \/><\/a><\/div>","protected":false},"excerpt":{"rendered":"<p>8 de julio 2020 Mi\u00e9rcoles de la XIV semana del Tiempo ordinario Primera lectura Os 10, 1-3. 7-8. 12 Israel era una vi\u00f1a frondosaque daba abundante fruto.Pero cuanto m\u00e1s se multiplicaban sus frutos,m\u00e1s se multiplicaban sus altares paganos;cuanto m\u00e1s rico era el pa\u00eds,m\u00e1s ricos fueron sus monumentos a los \u00eddolos. Su coraz\u00f3n est\u00e1 divididoy van [&hellip;]<\/p>\n","protected":false},"author":7,"featured_media":0,"comment_status":"open","ping_status":"open","sticky":false,"template":"","format":"standard","meta":{"_genesis_hide_title":false,"_genesis_hide_breadcrumbs":false,"_genesis_hide_singular_image":false,"_genesis_hide_footer_widgets":false,"_genesis_custom_body_class":"","_genesis_custom_post_class":"","_genesis_layout":"","footnotes":""},"categories":[277],"tags":[],"class_list":{"0":"post-23208","1":"post","2":"type-post","3":"status-publish","4":"format-standard","6":"category-lecturas-del-dia","7":"entry"},"_links":{"self":[{"href":"https:\/\/fatherbroom.com\/es\/wp-json\/wp\/v2\/posts\/23208","targetHints":{"allow":["GET"]}}],"collection":[{"href":"https:\/\/fatherbroom.com\/es\/wp-json\/wp\/v2\/posts"}],"about":[{"href":"https:\/\/fatherbroom.com\/es\/wp-json\/wp\/v2\/types\/post"}],"author":[{"embeddable":true,"href":"https:\/\/fatherbroom.com\/es\/wp-json\/wp\/v2\/users\/7"}],"replies":[{"embeddable":true,"href":"https:\/\/fatherbroom.com\/es\/wp-json\/wp\/v2\/comments?post=23208"}],"version-history":[{"count":2,"href":"https:\/\/fatherbroom.com\/es\/wp-json\/wp\/v2\/posts\/23208\/revisions"}],"predecessor-version":[{"id":23212,"href":"https:\/\/fatherbroom.com\/es\/wp-json\/wp\/v2\/posts\/23208\/revisions\/23212"}],"wp:attachment":[{"href":"https:\/\/fatherbroom.com\/es\/wp-json\/wp\/v2\/media?parent=23208"}],"wp:term":[{"taxonomy":"category","embeddable":true,"href":"https:\/\/fatherbroom.com\/es\/wp-json\/wp\/v2\/categories?post=23208"},{"taxonomy":"post_tag","embeddable":true,"href":"https:\/\/fatherbroom.com\/es\/wp-json\/wp\/v2\/tags?post=23208"}],"curies":[{"name":"wp","href":"https:\/\/api.w.org\/{rel}","templated":true}]}}