{"id":23186,"date":"2020-07-07T02:00:00","date_gmt":"2020-07-07T09:00:00","guid":{"rendered":"http:\/\/fatherbroom.com\/es\/?p=23186"},"modified":"2020-07-06T21:44:21","modified_gmt":"2020-07-07T04:44:21","slug":"lecturas-del-dia-y-catecismo-7-julio-2020","status":"publish","type":"post","link":"https:\/\/fatherbroom.com\/es\/2020\/07\/lecturas-del-dia-y-catecismo-7-julio-2020\/","title":{"rendered":"LECTURAS DEL DIA Y CATECISMO | 7 JULIO 2020"},"content":{"rendered":"<p><img loading=\"lazy\" decoding=\"async\" src=\"http:\/\/fatherbroom.com\/es\/wp-content\/media\/sites\/3\/Screen-Shot-2020-07-06-at-9.40.42-PM-300x169.png\" alt=\"\" width=\"618\" height=\"348\" class=\"aligncenter  wp-image-23188\" srcset=\"https:\/\/fatherbroom.com\/es\/wp-content\/media\/sites\/3\/Screen-Shot-2020-07-06-at-9.40.42-PM-300x169.png 300w, https:\/\/fatherbroom.com\/es\/wp-content\/media\/sites\/3\/Screen-Shot-2020-07-06-at-9.40.42-PM-768x433.png 768w, https:\/\/fatherbroom.com\/es\/wp-content\/media\/sites\/3\/Screen-Shot-2020-07-06-at-9.40.42-PM-1024x578.png 1024w, https:\/\/fatherbroom.com\/es\/wp-content\/media\/sites\/3\/Screen-Shot-2020-07-06-at-9.40.42-PM.png 1542w\" sizes=\"auto, (max-width: 618px) 100vw, 618px\" \/><\/p>\n<h4><strong>7 de julio 2020<\/strong><\/h4>\n<div class=\"contentarea\">\n<div id=\"cs_control_1386\" class=\"cs_control CS_Element_Schedule\">\n<div title=\"\" id=\"CS_Element_maincontent\">\n<div id=\"gridRow_1_1_1386\" class=\"cs_GridRow\">\n<div id=\"gridCol_1_1_1_1_1386\" class=\"cs_GridColumn\">\n<div id=\"cs_control_157991\" class=\"cs_control  lecturas-block\">\n<div id=\"cs_control_3683\" class=\"cs_control  CS_Element_Textblock\">\n<div class=\"CS_Textblock_Text\">\n<h4><strong>Martes de la XIV semana del Tiempo ordinario<\/strong><\/p>\n<p><strong>Primera lectura<\/strong><\/h4>\n<\/div>\n<\/div>\n<div id=\"cs_control_3684\" class=\"cs_control  CS_Element_Textblock\">\n<div class=\"CS_Textblock_Text\">\n<div class=\"bibleReadingsWrapper\">\n<h4><strong>Os 8, 4-7. 11-13<\/strong><\/h4>\n<div class=\"poetry\">\n<p><strong>Esto dice el Se\u00f1or:<\/strong><br \/><strong>\u201cHan nombrado reyes sin contar conmigo,<\/strong><br \/><strong>han escogido pr\u00edncipes sin saberlo yo.<\/strong><br \/><strong>Con su oro y su plata se han hecho \u00eddolos,<\/strong><br \/><strong>para su perdici\u00f3n.<\/strong><br \/><strong>Tu becerro, Samaria, es repulsivo<\/strong><br \/><strong>y mi ira arde contra \u00e9l.<\/strong><br \/><strong>\u00bfHasta cu\u00e1ndo ser\u00e1n incapaces de purificarse<\/strong><br \/><strong>los hijos de Israel?<\/strong><br \/><strong>Un artesano ha hecho ese becerro, que no es Dios,<\/strong><br \/><strong>por eso quedar\u00e1 hecho trizas.<\/strong><\/p>\n<p><strong>Siembran vientos y cosechar\u00e1n tempestades;<\/strong><br \/><strong>su trigo no dar\u00e1 espigas, no producir\u00e1 harina su grano,<\/strong><br \/><strong>y si la produce, los extranjeros se la comer\u00e1n.<\/strong><\/p>\n<p><strong>Efra\u00edn ha construido multitud de altares,<\/strong><br \/><strong>y s\u00f3lo le han servido para pecar.<\/strong><br \/><strong>Aunque yo les escribiera todas mis leyes,<\/strong><br \/><strong>las ignorar\u00edan como si fueran de un extra\u00f1o.<\/strong><br \/><strong>Aunque inmolen v\u00edctimas en mi honor<\/strong><br \/><strong>y coman su carne, no me dan gusto,<\/strong><br \/><strong>pues tengo presentes sus culpas<\/strong><br \/><strong>y castigar\u00e9 sus pecados.<\/strong><br \/><strong>Por eso volver\u00e1n a la esclavitud\u2019\u2019.<\/strong><\/p>\n<\/div>\n<\/div>\n<\/div>\n<\/div>\n<div id=\"cs_control_289228\" class=\"cs_control  CS_Element_Textblock\">\n<div class=\"CS_Textblock_Text\">\n<div class=\"bibleReadingsWrapper\">\n<h4><strong>Salmo Responsorial<\/strong><\/h4>\n<h4><strong>Salmo 113B, 3-4. 5-6. 7ab-8. 9-10<\/strong><\/h4>\n<div class=\"poetry\">\n<p><strong>R. (9a) Nosotros confiamos en el Se\u00f1or.<\/strong><br \/><strong>Nuestro Dios est\u00e1 en el cielo,<\/strong><br \/><strong>y \u00e9l ha hecho todo lo que quiso.<\/strong><br \/><strong>En cambio, los \u00eddolos de los paganos son oro y plata,<\/strong><br \/><strong>son dioses hechos por artesanos. R.<\/strong><\/p>\n<p><strong>R. Nosotros confiamos en el Se\u00f1or.<\/strong><br \/><strong>Tienen boca, pero no hablan;<\/strong><br \/><strong>tienen ojos, pero no ven;<\/strong><br \/><strong>tienen orejas, pero no oyen;<\/strong><br \/><strong>tienen nariz, pero no huelen. R.<\/strong><\/p>\n<p><strong>R. Nosotros confiamos en el Se\u00f1or.<\/strong><br \/><strong>Tienen manos, pero no tocan;<\/strong><br \/><strong>tienen pies, pero no andan.<\/strong><br \/><strong>Que sean como ellos quienes los hacen<\/strong><br \/><strong>y cuantos conf\u00edan en ellos. R.<\/strong><\/p>\n<p><strong>R. Nosotros confiamos en el Se\u00f1or.<\/strong><br \/><strong>Los hijos de Israel conf\u00edan en el Se\u00f1or:<\/strong><br \/><strong>\u00e9l es su auxilio y su escudo;<\/strong><br \/><strong>los hijos de Aar\u00f3n conf\u00edan en el Se\u00f1or:<\/strong><br \/><strong>\u00e9l es su auxilio y su escudo.<\/strong><\/p>\n<p><strong>R. Nosotros confiamos en el Se\u00f1or.<\/strong><\/p>\n<\/div>\n<\/div>\n<\/div>\n<\/div>\n<div id=\"cs_control_289230\" class=\"cs_control  CS_Element_Textblock\">\n<div class=\"CS_Textblock_Text\">\n<div class=\"bibleReadingsWrapper\">\n<h4><strong>Aclamaci\u00f3n antes del Evangelio<\/strong><\/h4>\n<h4><strong>Jn 10, 14<\/strong><\/h4>\n<div class=\"poetry\">\n<p><strong>R. Aleluya, aleluya.<\/strong><br \/><strong>Yo soy el buen pastor dice el Se\u00f1or;<\/strong><br \/><strong>yo conozco a mis ovejas y ellas me conocen a m\u00ed.<\/strong><br \/><strong>R. Aleluya.<\/strong><\/p>\n<\/div>\n<\/div>\n<\/div>\n<\/div>\n<div id=\"cs_control_289231\" class=\"cs_control  CS_Element_Textblock\">\n<div class=\"CS_Textblock_Text\">\n<div class=\"bibleReadingsWrapper\">\n<h4><strong>Evangelio<\/strong><\/h4>\n<h4><strong>Mt 9, 32-38<\/strong><\/h4>\n<div class=\"poetry\">\n<p><strong>En aquel tiempo, llevaron ante Jes\u00fas a un hombre mudo, que estaba pose\u00eddo por el demonio. Jes\u00fas expuls\u00f3 al demonio y el mudo habl\u00f3. La multitud, maravillada, dec\u00eda: \u201cNunca se hab\u00eda visto nada semejante en Israel\u201d. Pero los fariseos dec\u00edan: \u201cExpulsa a los demonios por autoridad del pr\u00edncipe de los demonios\u201d.<\/strong><\/p>\n<p><strong>Jes\u00fas recorr\u00eda todas las ciudades y los pueblos, ense\u00f1ando en las sinagogas, predicando el Evangelio del Reino y curando toda enfermedad y dolencia. Al ver a las multitudes, se compadec\u00eda de ellas, porque estaban extenuadas y desamparadas, como ovejas sin pastor. Entonces dijo a sus disc\u00edpulos: \u201cLa cosecha es mucha y los trabajadores, pocos. Rueguen, por lo tanto, al due\u00f1o de la mies que env\u00ede trabajadores a sus campos\u201d.<\/p>\n<p><img loading=\"lazy\" decoding=\"async\" src=\"http:\/\/fatherbroom.com\/es\/wp-content\/media\/sites\/3\/Screen-Shot-2020-07-06-at-9.41.43-PM-300x100.png\" alt=\"\" width=\"552\" height=\"184\" class=\"aligncenter  wp-image-23190\" srcset=\"https:\/\/fatherbroom.com\/es\/wp-content\/media\/sites\/3\/Screen-Shot-2020-07-06-at-9.41.43-PM-300x100.png 300w, https:\/\/fatherbroom.com\/es\/wp-content\/media\/sites\/3\/Screen-Shot-2020-07-06-at-9.41.43-PM-768x257.png 768w, https:\/\/fatherbroom.com\/es\/wp-content\/media\/sites\/3\/Screen-Shot-2020-07-06-at-9.41.43-PM-1024x342.png 1024w, https:\/\/fatherbroom.com\/es\/wp-content\/media\/sites\/3\/Screen-Shot-2020-07-06-at-9.41.43-PM.png 1538w\" sizes=\"auto, (max-width: 552px) 100vw, 552px\" \/><br \/>Catecismo de la Iglesia\u00a0Cat\u00f3lica\u00a0<\/strong><\/p>\n<\/div>\n<\/div>\n<\/div>\n<\/div>\n<\/div>\n<\/div>\n<\/div>\n<\/div>\n<\/div>\n<\/div>\n<p><strong>35 Las facultades del hombre lo hacen capaz de conocer la existencia de un Dios personal. Pero para que el hombre pueda entrar en la intimidad de \u00c9l ha querido revelarse al hombre y darle la gracia de poder acoger en la fe esa revelaci\u00f3n. Sin embargo, las pruebas de la existencia de Dios pueden disponer a la fe y ayudar a ver que la fe no se opone a la raz\u00f3n humana.<\/strong><\/p>\n<div class=\"synved-social-container synved-social-container-share\" style=\"text-align: center\"><a class=\"synved-social-button synved-social-button-share synved-social-size-48 synved-social-resolution-single synved-social-provider-facebook nolightbox\" data-provider=\"facebook\" target=\"_blank\" rel=\"nofollow\" title=\"Share on Facebook\" href=\"https:\/\/www.facebook.com\/sharer.php?u=https%3A%2F%2Ffatherbroom.com%2Fes%2Fwp-json%2Fwp%2Fv2%2Fposts%2F23186&#038;t=LECTURAS%20DEL%20DIA%20Y%20CATECISMO%20%7C%207%20JULIO%202020&#038;s=100&#038;p&#091;url&#093;=https%3A%2F%2Ffatherbroom.com%2Fes%2Fwp-json%2Fwp%2Fv2%2Fposts%2F23186&#038;p&#091;images&#093;&#091;0&#093;=http%3A%2F%2Ffatherbroom.com%2Fes%2Fwp-content%2Fmedia%2Fsites%2F3%2FScreen-Shot-2020-07-06-at-9.41.43-PM-300x100.png&#038;p&#091;title&#093;=LECTURAS%20DEL%20DIA%20Y%20CATECISMO%20%7C%207%20JULIO%202020\" style=\"font-size: 0px;width:48px;height:48px;margin:0;margin-bottom:5px;margin-right:5px\"><img loading=\"lazy\" decoding=\"async\" alt=\"Facebook\" title=\"Share on Facebook\" class=\"synved-share-image synved-social-image synved-social-image-share\" width=\"48\" height=\"48\" style=\"display: inline;width:48px;height:48px;margin: 0;padding: 0;border: none;box-shadow: none\" src=\"https:\/\/fatherbroom.com\/es\/wp-content\/plugins\/social-media-feather\/synved-social\/image\/social\/regular\/96x96\/facebook.png\" \/><\/a><a class=\"synved-social-button synved-social-button-share synved-social-size-48 synved-social-resolution-single synved-social-provider-twitter nolightbox\" data-provider=\"twitter\" target=\"_blank\" rel=\"nofollow\" title=\"Share on Twitter\" href=\"https:\/\/twitter.com\/intent\/tweet?url=https%3A%2F%2Ffatherbroom.com%2Fes%2Fwp-json%2Fwp%2Fv2%2Fposts%2F23186&#038;text=Hey%20check%20this%20out\" style=\"font-size: 0px;width:48px;height:48px;margin:0;margin-bottom:5px;margin-right:5px\"><img loading=\"lazy\" decoding=\"async\" alt=\"twitter\" title=\"Share on Twitter\" class=\"synved-share-image synved-social-image synved-social-image-share\" width=\"48\" height=\"48\" style=\"display: inline;width:48px;height:48px;margin: 0;padding: 0;border: none;box-shadow: none\" src=\"https:\/\/fatherbroom.com\/es\/wp-content\/plugins\/social-media-feather\/synved-social\/image\/social\/regular\/96x96\/twitter.png\" \/><\/a><a class=\"synved-social-button synved-social-button-share synved-social-size-48 synved-social-resolution-single synved-social-provider-reddit nolightbox\" data-provider=\"reddit\" target=\"_blank\" rel=\"nofollow\" title=\"Share on Reddit\" href=\"https:\/\/www.reddit.com\/submit?url=https%3A%2F%2Ffatherbroom.com%2Fes%2Fwp-json%2Fwp%2Fv2%2Fposts%2F23186&#038;title=LECTURAS%20DEL%20DIA%20Y%20CATECISMO%20%7C%207%20JULIO%202020\" style=\"font-size: 0px;width:48px;height:48px;margin:0;margin-bottom:5px;margin-right:5px\"><img loading=\"lazy\" decoding=\"async\" alt=\"reddit\" title=\"Share on Reddit\" class=\"synved-share-image synved-social-image synved-social-image-share\" width=\"48\" height=\"48\" style=\"display: inline;width:48px;height:48px;margin: 0;padding: 0;border: none;box-shadow: none\" src=\"https:\/\/fatherbroom.com\/es\/wp-content\/plugins\/social-media-feather\/synved-social\/image\/social\/regular\/96x96\/reddit.png\" \/><\/a><a class=\"synved-social-button synved-social-button-share synved-social-size-48 synved-social-resolution-single synved-social-provider-pinterest nolightbox\" data-provider=\"pinterest\" target=\"_blank\" rel=\"nofollow\" title=\"Pin it with Pinterest\" href=\"https:\/\/pinterest.com\/pin\/create\/button\/?url=https%3A%2F%2Ffatherbroom.com%2Fes%2Fwp-json%2Fwp%2Fv2%2Fposts%2F23186&#038;media=http%3A%2F%2Ffatherbroom.com%2Fes%2Fwp-content%2Fmedia%2Fsites%2F3%2FScreen-Shot-2020-07-06-at-9.41.43-PM-300x100.png&#038;description=LECTURAS%20DEL%20DIA%20Y%20CATECISMO%20%7C%207%20JULIO%202020\" style=\"font-size: 0px;width:48px;height:48px;margin:0;margin-bottom:5px;margin-right:5px\"><img loading=\"lazy\" decoding=\"async\" alt=\"pinterest\" title=\"Pin it with Pinterest\" class=\"synved-share-image synved-social-image synved-social-image-share\" width=\"48\" height=\"48\" style=\"display: inline;width:48px;height:48px;margin: 0;padding: 0;border: none;box-shadow: none\" src=\"https:\/\/fatherbroom.com\/es\/wp-content\/plugins\/social-media-feather\/synved-social\/image\/social\/regular\/96x96\/pinterest.png\" \/><\/a><a class=\"synved-social-button synved-social-button-share synved-social-size-48 synved-social-resolution-single synved-social-provider-linkedin nolightbox\" data-provider=\"linkedin\" target=\"_blank\" rel=\"nofollow\" title=\"Share on Linkedin\" href=\"https:\/\/www.linkedin.com\/shareArticle?mini=true&#038;url=https%3A%2F%2Ffatherbroom.com%2Fes%2Fwp-json%2Fwp%2Fv2%2Fposts%2F23186&#038;title=LECTURAS%20DEL%20DIA%20Y%20CATECISMO%20%7C%207%20JULIO%202020\" style=\"font-size: 0px;width:48px;height:48px;margin:0;margin-bottom:5px;margin-right:5px\"><img loading=\"lazy\" decoding=\"async\" alt=\"linkedin\" title=\"Share on Linkedin\" class=\"synved-share-image synved-social-image synved-social-image-share\" width=\"48\" height=\"48\" style=\"display: inline;width:48px;height:48px;margin: 0;padding: 0;border: none;box-shadow: none\" src=\"https:\/\/fatherbroom.com\/es\/wp-content\/plugins\/social-media-feather\/synved-social\/image\/social\/regular\/96x96\/linkedin.png\" \/><\/a><a class=\"synved-social-button synved-social-button-share synved-social-size-48 synved-social-resolution-single synved-social-provider-mail nolightbox\" data-provider=\"mail\" rel=\"nofollow\" title=\"Share by email\" href=\"mailto:?subject=LECTURAS%20DEL%20DIA%20Y%20CATECISMO%20%7C%207%20JULIO%202020&#038;body=Hey%20check%20this%20out:%20https%3A%2F%2Ffatherbroom.com%2Fes%2Fwp-json%2Fwp%2Fv2%2Fposts%2F23186\" style=\"font-size: 0px;width:48px;height:48px;margin:0;margin-bottom:5px\"><img loading=\"lazy\" decoding=\"async\" alt=\"mail\" title=\"Share by email\" class=\"synved-share-image synved-social-image synved-social-image-share\" width=\"48\" height=\"48\" style=\"display: inline;width:48px;height:48px;margin: 0;padding: 0;border: none;box-shadow: none\" src=\"https:\/\/fatherbroom.com\/es\/wp-content\/plugins\/social-media-feather\/synved-social\/image\/social\/regular\/96x96\/mail.png\" \/><\/a><\/div>","protected":false},"excerpt":{"rendered":"<p>7 de julio 2020 Martes de la XIV semana del Tiempo ordinario Primera lectura Os 8, 4-7. 11-13 Esto dice el Se\u00f1or:\u201cHan nombrado reyes sin contar conmigo,han escogido pr\u00edncipes sin saberlo yo.Con su oro y su plata se han hecho \u00eddolos,para su perdici\u00f3n.Tu becerro, Samaria, es repulsivoy mi ira arde contra \u00e9l.\u00bfHasta cu\u00e1ndo ser\u00e1n incapaces [&hellip;]<\/p>\n","protected":false},"author":7,"featured_media":0,"comment_status":"open","ping_status":"open","sticky":false,"template":"","format":"standard","meta":{"_genesis_hide_title":false,"_genesis_hide_breadcrumbs":false,"_genesis_hide_singular_image":false,"_genesis_hide_footer_widgets":false,"_genesis_custom_body_class":"","_genesis_custom_post_class":"","_genesis_layout":"","footnotes":""},"categories":[277],"tags":[],"class_list":{"0":"post-23186","1":"post","2":"type-post","3":"status-publish","4":"format-standard","6":"category-lecturas-del-dia","7":"entry"},"_links":{"self":[{"href":"https:\/\/fatherbroom.com\/es\/wp-json\/wp\/v2\/posts\/23186","targetHints":{"allow":["GET"]}}],"collection":[{"href":"https:\/\/fatherbroom.com\/es\/wp-json\/wp\/v2\/posts"}],"about":[{"href":"https:\/\/fatherbroom.com\/es\/wp-json\/wp\/v2\/types\/post"}],"author":[{"embeddable":true,"href":"https:\/\/fatherbroom.com\/es\/wp-json\/wp\/v2\/users\/7"}],"replies":[{"embeddable":true,"href":"https:\/\/fatherbroom.com\/es\/wp-json\/wp\/v2\/comments?post=23186"}],"version-history":[{"count":2,"href":"https:\/\/fatherbroom.com\/es\/wp-json\/wp\/v2\/posts\/23186\/revisions"}],"predecessor-version":[{"id":23191,"href":"https:\/\/fatherbroom.com\/es\/wp-json\/wp\/v2\/posts\/23186\/revisions\/23191"}],"wp:attachment":[{"href":"https:\/\/fatherbroom.com\/es\/wp-json\/wp\/v2\/media?parent=23186"}],"wp:term":[{"taxonomy":"category","embeddable":true,"href":"https:\/\/fatherbroom.com\/es\/wp-json\/wp\/v2\/categories?post=23186"},{"taxonomy":"post_tag","embeddable":true,"href":"https:\/\/fatherbroom.com\/es\/wp-json\/wp\/v2\/tags?post=23186"}],"curies":[{"name":"wp","href":"https:\/\/api.w.org\/{rel}","templated":true}]}}