{"id":23177,"date":"2020-07-06T09:11:18","date_gmt":"2020-07-06T16:11:18","guid":{"rendered":"http:\/\/fatherbroom.com\/es\/?p=23177"},"modified":"2020-07-06T09:22:21","modified_gmt":"2020-07-06T16:22:21","slug":"lecturas-del-dia-y-catecismo-6-julio-2020","status":"publish","type":"post","link":"https:\/\/fatherbroom.com\/es\/2020\/07\/lecturas-del-dia-y-catecismo-6-julio-2020\/","title":{"rendered":"LECTURAS DEL DIA Y CATECISMO | 6 JULIO 2020"},"content":{"rendered":"<p><img loading=\"lazy\" decoding=\"async\" src=\"http:\/\/fatherbroom.com\/es\/wp-content\/media\/sites\/3\/Screen-Shot-2020-07-06-at-9.10.26-AM-300x169.png\" alt=\"\" width=\"634\" height=\"357\" class=\"aligncenter  wp-image-23179\" srcset=\"https:\/\/fatherbroom.com\/es\/wp-content\/media\/sites\/3\/Screen-Shot-2020-07-06-at-9.10.26-AM-300x169.png 300w, https:\/\/fatherbroom.com\/es\/wp-content\/media\/sites\/3\/Screen-Shot-2020-07-06-at-9.10.26-AM-768x433.png 768w, https:\/\/fatherbroom.com\/es\/wp-content\/media\/sites\/3\/Screen-Shot-2020-07-06-at-9.10.26-AM-1024x578.png 1024w, https:\/\/fatherbroom.com\/es\/wp-content\/media\/sites\/3\/Screen-Shot-2020-07-06-at-9.10.26-AM.png 1546w\" sizes=\"auto, (max-width: 634px) 100vw, 634px\" \/><\/p>\n<h4><strong>6 de julio 2020<\/strong><\/h4>\n<div class=\"contentarea\">\n<div id=\"cs_control_1386\" class=\"cs_control CS_Element_Schedule\">\n<div title=\"\" id=\"CS_Element_maincontent\">\n<div id=\"gridRow_1_1_1386\" class=\"cs_GridRow\">\n<div id=\"gridCol_1_1_1_1_1386\" class=\"cs_GridColumn\">\n<div id=\"cs_control_157991\" class=\"cs_control  lecturas-block\">\n<div id=\"cs_control_3683\" class=\"cs_control  CS_Element_Textblock\">\n<div class=\"CS_Textblock_Text\">\n<h4><strong>Lunes de la XIV semana del Tiempo ordinario<\/strong><\/p>\n<p><strong>Primera lectura<\/strong><\/h4>\n<\/div>\n<\/div>\n<div id=\"cs_control_3684\" class=\"cs_control  CS_Element_Textblock\">\n<div class=\"CS_Textblock_Text\">\n<div class=\"bibleReadingsWrapper\">\n<h4><strong>Os 2, 16. 17-18. 21-22<\/strong><\/h4>\n<div class=\"poetry\">\n<p><strong>Esto dice el Se\u00f1or:<\/strong><br \/><strong>\u201cYo conducir\u00e9 a Israel, mi esposa infiel, al desierto<\/strong><br \/><strong>y le hablar\u00e9 al coraz\u00f3n.<\/strong><br \/><strong>Ella me responder\u00e1 all\u00e1,<\/strong><br \/><strong>como cuando era joven,<\/strong><br \/><strong>como el d\u00eda en que sali\u00f3 de Egipto.<\/strong><br \/><strong>Aquel d\u00eda, palabra del Se\u00f1or,<\/strong><br \/><strong>ella me llamar\u00e1 \u2018Esposo m\u00edo\u2019,<\/strong><br \/><strong>y no me volver\u00e1 a decir \u2018Baal m\u00edo\u2019.<\/strong><\/p>\n<p><strong>Israel, yo te desposar\u00e9 conmigo para siempre.<\/strong><br \/><strong>Nos uniremos en la justicia y la rectitud,<\/strong><br \/><strong>en el amor constante y la ternura;<\/strong><br \/><strong>yo te desposar\u00e9 en la fidelidad<\/strong><br \/><strong>y entonces t\u00fa conocer\u00e1s al Se\u00f1or\u2019\u2019.<\/strong><\/p>\n<\/div>\n<\/div>\n<\/div>\n<\/div>\n<div id=\"cs_control_289228\" class=\"cs_control  CS_Element_Textblock\">\n<div class=\"CS_Textblock_Text\">\n<div class=\"bibleReadingsWrapper\">\n<h4><strong>Salmo Responsorial<\/strong><\/h4>\n<h4><strong>Salmo 144, 2-3. 4-5. 6-7. 8-9<\/strong><\/h4>\n<div class=\"poetry\">\n<p><strong>R. (8a) El Se\u00f1or es compasivo y misericordioso.<\/strong><br \/><strong>Un d\u00eda tras otro, Se\u00f1or, bendecir\u00e9 tu nombre<\/strong><br \/><strong>y no cesar\u00e1 mi boca de alabarte.<\/strong><br \/><strong>Muy digno de alabanza es el Se\u00f1or,<\/strong><br \/><strong>por ser su grandeza incalculable. R.<\/strong><\/p>\n<p><strong>R. El Se\u00f1or es compasivo y misericordioso.<\/strong><br \/><strong>Cada generaci\u00f3n a la que sigue<\/strong><br \/><strong>anunciar\u00e1 tus obras y proezas.<\/strong><br \/><strong>Se hablar\u00e1 de tus hechos portentosos,<\/strong><br \/><strong>del glorioso esplendor de tu grandeza. R.<\/strong><\/p>\n<p><strong>R. El Se\u00f1or es compasivo y misericordioso.<\/strong><br \/><strong>Alabar\u00e1n tus maravillosos prodigios<\/strong><br \/><strong>y contar\u00e1n tus grandes acciones;<\/strong><br \/><strong>difundir\u00e1n la memoria de tu inmensa bondad<\/strong><br \/><strong>y aclamar\u00e1n tus victorias. R.<\/strong><\/p>\n<p><strong>R. El Se\u00f1or es compasivo y misericordioso.<\/strong><br \/><strong>El Se\u00f1or es compasivo y misericordioso,<\/strong><br \/><strong>lento para enojarse y generoso para perdonar.<\/strong><br \/><strong>Bueno es el Se\u00f1or para con todos<\/strong><br \/><strong>y su amor se extiende a todas sus creaturas. R.<\/strong><\/p>\n<p><strong>R. El Se\u00f1or es compasivo y misericordioso.<\/strong><\/p>\n<\/div>\n<\/div>\n<\/div>\n<\/div>\n<div id=\"cs_control_289230\" class=\"cs_control  CS_Element_Textblock\">\n<div class=\"CS_Textblock_Text\">\n<div class=\"bibleReadingsWrapper\">\n<h4><strong>Aclamaci\u00f3n antes del Evangelio<\/strong><\/h4>\n<h4><strong>Cfr 2 Tim 1, 10<\/strong><\/h4>\n<div class=\"poetry\">\n<p><strong>R. Aleluya, aleluya.<\/strong><br \/><strong>Jesucristo, nuestro salvador, ha vencido la muerte<\/strong><br \/><strong>y ha hecho resplandecer la vida por medio del Evangelio.<\/strong><br \/><strong>R. Aleluya.<\/strong><\/p>\n<\/div>\n<\/div>\n<\/div>\n<\/div>\n<div id=\"cs_control_289231\" class=\"cs_control  CS_Element_Textblock\">\n<div class=\"CS_Textblock_Text\">\n<div class=\"bibleReadingsWrapper\">\n<h4><strong>Evangelio<\/strong><\/h4>\n<h5><strong>Mt 9, 18-26<\/strong><\/h5>\n<div class=\"poetry\">\n<p><strong>En aquel tiempo, mientras Jes\u00fas hablaba, se le acerc\u00f3 un jefe de la sinagoga, se postr\u00f3 ante \u00e9l y le dijo: \u201cSe\u00f1or, mi hija acaba de morir; pero ven t\u00fa a imponerle las manos y volver\u00e1 a vivir\u201d.<\/strong><\/p>\n<p><strong>Jes\u00fas se levant\u00f3 y lo sigui\u00f3, acompa\u00f1ado de sus disc\u00edpulos. Entonces, una mujer que padec\u00eda flujo de sangre desde hac\u00eda doce a\u00f1os, se le acerc\u00f3 por detr\u00e1s y le toc\u00f3 la orilla del manto, pues pensaba: \u201cCon s\u00f3lo tocar su manto, me curar\u00e9\u201d. Jes\u00fas, volvi\u00e9ndose, la mir\u00f3 y le dijo: \u201cHija, ten confianza; tu fe te ha curado\u201d. Y en aquel mismo instante qued\u00f3 curada la mujer.<\/strong><\/p>\n<p><strong>Cuando lleg\u00f3 a la casa del jefe de la sinagoga, vio Jes\u00fas a los flautistas, y el tumulto de la gente y les dijo: \u201cRet\u00edrense de aqu\u00ed. La ni\u00f1a no est\u00e1 muerta; est\u00e1 dormida\u201d. Y todos se burlaron de \u00e9l. En cuanto hicieron salir a la gente, entr\u00f3 Jes\u00fas, tom\u00f3 a la ni\u00f1a de la mano y \u00e9sta se levant\u00f3. La noticia se difundi\u00f3 por toda aquella regi\u00f3n.<\/strong><\/p>\n<p><img loading=\"lazy\" decoding=\"async\" src=\"http:\/\/fatherbroom.com\/es\/wp-content\/media\/sites\/3\/Screen-Shot-2020-07-06-at-9.20.45-AM-1-300x100.png\" alt=\"\" width=\"606\" height=\"202\" class=\"aligncenter  wp-image-23184\" srcset=\"https:\/\/fatherbroom.com\/es\/wp-content\/media\/sites\/3\/Screen-Shot-2020-07-06-at-9.20.45-AM-1-300x100.png 300w, https:\/\/fatherbroom.com\/es\/wp-content\/media\/sites\/3\/Screen-Shot-2020-07-06-at-9.20.45-AM-1-768x255.png 768w, https:\/\/fatherbroom.com\/es\/wp-content\/media\/sites\/3\/Screen-Shot-2020-07-06-at-9.20.45-AM-1-1024x340.png 1024w, https:\/\/fatherbroom.com\/es\/wp-content\/media\/sites\/3\/Screen-Shot-2020-07-06-at-9.20.45-AM-1.png 1542w\" sizes=\"auto, (max-width: 606px) 100vw, 606px\" \/><br \/><strong>Catechism of the Catholic Church<\/strong><\/p>\n<p><strong>34 The world, and man, attest that they contain within themselves neither their first principle nor their final end, but rather that they participate in Being itself, which alone is without origin or end. Thus, in different ways, man can come to know that there exists a reality which is the first cause and final end of all things, a reality \u00abthat everyone calls God\u00bb.<\/strong><\/p>\n<\/div>\n<\/div>\n<\/div>\n<\/div>\n<\/div>\n<\/div>\n<\/div>\n<\/div>\n<\/div>\n<\/div>\n<div class=\"synved-social-container synved-social-container-share\" style=\"text-align: center\"><a class=\"synved-social-button synved-social-button-share synved-social-size-48 synved-social-resolution-single synved-social-provider-facebook nolightbox\" data-provider=\"facebook\" target=\"_blank\" rel=\"nofollow\" title=\"Share on Facebook\" href=\"https:\/\/www.facebook.com\/sharer.php?u=https%3A%2F%2Ffatherbroom.com%2Fes%2Fwp-json%2Fwp%2Fv2%2Fposts%2F23177&#038;t=LECTURAS%20DEL%20DIA%20Y%20CATECISMO%20%7C%206%20JULIO%202020&#038;s=100&#038;p&#091;url&#093;=https%3A%2F%2Ffatherbroom.com%2Fes%2Fwp-json%2Fwp%2Fv2%2Fposts%2F23177&#038;p&#091;images&#093;&#091;0&#093;=http%3A%2F%2Ffatherbroom.com%2Fes%2Fwp-content%2Fmedia%2Fsites%2F3%2FScreen-Shot-2020-07-06-at-9.20.45-AM-1-300x100.png&#038;p&#091;title&#093;=LECTURAS%20DEL%20DIA%20Y%20CATECISMO%20%7C%206%20JULIO%202020\" style=\"font-size: 0px;width:48px;height:48px;margin:0;margin-bottom:5px;margin-right:5px\"><img loading=\"lazy\" decoding=\"async\" alt=\"Facebook\" title=\"Share on Facebook\" class=\"synved-share-image synved-social-image synved-social-image-share\" width=\"48\" height=\"48\" style=\"display: inline;width:48px;height:48px;margin: 0;padding: 0;border: none;box-shadow: none\" src=\"https:\/\/fatherbroom.com\/es\/wp-content\/plugins\/social-media-feather\/synved-social\/image\/social\/regular\/96x96\/facebook.png\" \/><\/a><a class=\"synved-social-button synved-social-button-share synved-social-size-48 synved-social-resolution-single synved-social-provider-twitter nolightbox\" data-provider=\"twitter\" target=\"_blank\" rel=\"nofollow\" title=\"Share on Twitter\" href=\"https:\/\/twitter.com\/intent\/tweet?url=https%3A%2F%2Ffatherbroom.com%2Fes%2Fwp-json%2Fwp%2Fv2%2Fposts%2F23177&#038;text=Hey%20check%20this%20out\" style=\"font-size: 0px;width:48px;height:48px;margin:0;margin-bottom:5px;margin-right:5px\"><img loading=\"lazy\" decoding=\"async\" alt=\"twitter\" title=\"Share on Twitter\" class=\"synved-share-image synved-social-image synved-social-image-share\" width=\"48\" height=\"48\" style=\"display: inline;width:48px;height:48px;margin: 0;padding: 0;border: none;box-shadow: none\" src=\"https:\/\/fatherbroom.com\/es\/wp-content\/plugins\/social-media-feather\/synved-social\/image\/social\/regular\/96x96\/twitter.png\" \/><\/a><a class=\"synved-social-button synved-social-button-share synved-social-size-48 synved-social-resolution-single synved-social-provider-reddit nolightbox\" data-provider=\"reddit\" target=\"_blank\" rel=\"nofollow\" title=\"Share on Reddit\" href=\"https:\/\/www.reddit.com\/submit?url=https%3A%2F%2Ffatherbroom.com%2Fes%2Fwp-json%2Fwp%2Fv2%2Fposts%2F23177&#038;title=LECTURAS%20DEL%20DIA%20Y%20CATECISMO%20%7C%206%20JULIO%202020\" style=\"font-size: 0px;width:48px;height:48px;margin:0;margin-bottom:5px;margin-right:5px\"><img loading=\"lazy\" decoding=\"async\" alt=\"reddit\" title=\"Share on Reddit\" class=\"synved-share-image synved-social-image synved-social-image-share\" width=\"48\" height=\"48\" style=\"display: inline;width:48px;height:48px;margin: 0;padding: 0;border: none;box-shadow: none\" src=\"https:\/\/fatherbroom.com\/es\/wp-content\/plugins\/social-media-feather\/synved-social\/image\/social\/regular\/96x96\/reddit.png\" \/><\/a><a class=\"synved-social-button synved-social-button-share synved-social-size-48 synved-social-resolution-single synved-social-provider-pinterest nolightbox\" data-provider=\"pinterest\" target=\"_blank\" rel=\"nofollow\" title=\"Pin it with Pinterest\" href=\"https:\/\/pinterest.com\/pin\/create\/button\/?url=https%3A%2F%2Ffatherbroom.com%2Fes%2Fwp-json%2Fwp%2Fv2%2Fposts%2F23177&#038;media=http%3A%2F%2Ffatherbroom.com%2Fes%2Fwp-content%2Fmedia%2Fsites%2F3%2FScreen-Shot-2020-07-06-at-9.20.45-AM-1-300x100.png&#038;description=LECTURAS%20DEL%20DIA%20Y%20CATECISMO%20%7C%206%20JULIO%202020\" style=\"font-size: 0px;width:48px;height:48px;margin:0;margin-bottom:5px;margin-right:5px\"><img loading=\"lazy\" decoding=\"async\" alt=\"pinterest\" title=\"Pin it with Pinterest\" class=\"synved-share-image synved-social-image synved-social-image-share\" width=\"48\" height=\"48\" style=\"display: inline;width:48px;height:48px;margin: 0;padding: 0;border: none;box-shadow: none\" src=\"https:\/\/fatherbroom.com\/es\/wp-content\/plugins\/social-media-feather\/synved-social\/image\/social\/regular\/96x96\/pinterest.png\" \/><\/a><a class=\"synved-social-button synved-social-button-share synved-social-size-48 synved-social-resolution-single synved-social-provider-linkedin nolightbox\" data-provider=\"linkedin\" target=\"_blank\" rel=\"nofollow\" title=\"Share on Linkedin\" href=\"https:\/\/www.linkedin.com\/shareArticle?mini=true&#038;url=https%3A%2F%2Ffatherbroom.com%2Fes%2Fwp-json%2Fwp%2Fv2%2Fposts%2F23177&#038;title=LECTURAS%20DEL%20DIA%20Y%20CATECISMO%20%7C%206%20JULIO%202020\" style=\"font-size: 0px;width:48px;height:48px;margin:0;margin-bottom:5px;margin-right:5px\"><img loading=\"lazy\" decoding=\"async\" alt=\"linkedin\" title=\"Share on Linkedin\" class=\"synved-share-image synved-social-image synved-social-image-share\" width=\"48\" height=\"48\" style=\"display: inline;width:48px;height:48px;margin: 0;padding: 0;border: none;box-shadow: none\" src=\"https:\/\/fatherbroom.com\/es\/wp-content\/plugins\/social-media-feather\/synved-social\/image\/social\/regular\/96x96\/linkedin.png\" \/><\/a><a class=\"synved-social-button synved-social-button-share synved-social-size-48 synved-social-resolution-single synved-social-provider-mail nolightbox\" data-provider=\"mail\" rel=\"nofollow\" title=\"Share by email\" href=\"mailto:?subject=LECTURAS%20DEL%20DIA%20Y%20CATECISMO%20%7C%206%20JULIO%202020&#038;body=Hey%20check%20this%20out:%20https%3A%2F%2Ffatherbroom.com%2Fes%2Fwp-json%2Fwp%2Fv2%2Fposts%2F23177\" style=\"font-size: 0px;width:48px;height:48px;margin:0;margin-bottom:5px\"><img loading=\"lazy\" decoding=\"async\" alt=\"mail\" title=\"Share by email\" class=\"synved-share-image synved-social-image synved-social-image-share\" width=\"48\" height=\"48\" style=\"display: inline;width:48px;height:48px;margin: 0;padding: 0;border: none;box-shadow: none\" src=\"https:\/\/fatherbroom.com\/es\/wp-content\/plugins\/social-media-feather\/synved-social\/image\/social\/regular\/96x96\/mail.png\" \/><\/a><\/div>","protected":false},"excerpt":{"rendered":"<p>6 de julio 2020 Lunes de la XIV semana del Tiempo ordinario Primera lectura Os 2, 16. 17-18. 21-22 Esto dice el Se\u00f1or:\u201cYo conducir\u00e9 a Israel, mi esposa infiel, al desiertoy le hablar\u00e9 al coraz\u00f3n.Ella me responder\u00e1 all\u00e1,como cuando era joven,como el d\u00eda en que sali\u00f3 de Egipto.Aquel d\u00eda, palabra del Se\u00f1or,ella me llamar\u00e1 \u2018Esposo [&hellip;]<\/p>\n","protected":false},"author":7,"featured_media":0,"comment_status":"open","ping_status":"open","sticky":false,"template":"","format":"standard","meta":{"_genesis_hide_title":false,"_genesis_hide_breadcrumbs":false,"_genesis_hide_singular_image":false,"_genesis_hide_footer_widgets":false,"_genesis_custom_body_class":"","_genesis_custom_post_class":"","_genesis_layout":"","footnotes":""},"categories":[277],"tags":[],"class_list":{"0":"post-23177","1":"post","2":"type-post","3":"status-publish","4":"format-standard","6":"category-lecturas-del-dia","7":"entry"},"_links":{"self":[{"href":"https:\/\/fatherbroom.com\/es\/wp-json\/wp\/v2\/posts\/23177","targetHints":{"allow":["GET"]}}],"collection":[{"href":"https:\/\/fatherbroom.com\/es\/wp-json\/wp\/v2\/posts"}],"about":[{"href":"https:\/\/fatherbroom.com\/es\/wp-json\/wp\/v2\/types\/post"}],"author":[{"embeddable":true,"href":"https:\/\/fatherbroom.com\/es\/wp-json\/wp\/v2\/users\/7"}],"replies":[{"embeddable":true,"href":"https:\/\/fatherbroom.com\/es\/wp-json\/wp\/v2\/comments?post=23177"}],"version-history":[{"count":4,"href":"https:\/\/fatherbroom.com\/es\/wp-json\/wp\/v2\/posts\/23177\/revisions"}],"predecessor-version":[{"id":23185,"href":"https:\/\/fatherbroom.com\/es\/wp-json\/wp\/v2\/posts\/23177\/revisions\/23185"}],"wp:attachment":[{"href":"https:\/\/fatherbroom.com\/es\/wp-json\/wp\/v2\/media?parent=23177"}],"wp:term":[{"taxonomy":"category","embeddable":true,"href":"https:\/\/fatherbroom.com\/es\/wp-json\/wp\/v2\/categories?post=23177"},{"taxonomy":"post_tag","embeddable":true,"href":"https:\/\/fatherbroom.com\/es\/wp-json\/wp\/v2\/tags?post=23177"}],"curies":[{"name":"wp","href":"https:\/\/api.w.org\/{rel}","templated":true}]}}