{"id":23172,"date":"2020-07-05T02:00:06","date_gmt":"2020-07-05T09:00:06","guid":{"rendered":"http:\/\/fatherbroom.com\/es\/?p=23172"},"modified":"2020-07-04T22:33:39","modified_gmt":"2020-07-05T05:33:39","slug":"lecturas-del-dia-y-catecismo-5-julio-2020","status":"publish","type":"post","link":"https:\/\/fatherbroom.com\/es\/2020\/07\/lecturas-del-dia-y-catecismo-5-julio-2020\/","title":{"rendered":"LECTURAS DEL DIA Y CATECISMO | 5 JULIO 2020"},"content":{"rendered":"<p><img loading=\"lazy\" decoding=\"async\" src=\"http:\/\/fatherbroom.com\/es\/wp-content\/media\/sites\/3\/Screen-Shot-2020-07-04-at-10.30.58-PM-300x169.png\" alt=\"\" width=\"595\" height=\"335\" class=\"aligncenter  wp-image-23174\" srcset=\"https:\/\/fatherbroom.com\/es\/wp-content\/media\/sites\/3\/Screen-Shot-2020-07-04-at-10.30.58-PM-300x169.png 300w, https:\/\/fatherbroom.com\/es\/wp-content\/media\/sites\/3\/Screen-Shot-2020-07-04-at-10.30.58-PM-768x433.png 768w, https:\/\/fatherbroom.com\/es\/wp-content\/media\/sites\/3\/Screen-Shot-2020-07-04-at-10.30.58-PM-1024x578.png 1024w, https:\/\/fatherbroom.com\/es\/wp-content\/media\/sites\/3\/Screen-Shot-2020-07-04-at-10.30.58-PM.png 1542w\" sizes=\"auto, (max-width: 595px) 100vw, 595px\" \/><\/p>\n<div id=\"cs_control_3683\" class=\"cs_control  CS_Element_Textblock\">\n<div class=\"CS_Textblock_Text\"><strong>XIV Domingo Ordinario<\/strong><\/p>\n<p><strong>Primera lectura<\/strong><\/div>\n<\/div>\n<div id=\"cs_control_3684\" class=\"cs_control  CS_Element_Textblock\">\n<div class=\"CS_Textblock_Text\">\n<div class=\"bibleReadingsWrapper\">\n<h4><strong>Zac 9, 9-10<\/strong><\/h4>\n<div class=\"poetry\">\n<p><strong>Esto dice el Se\u00f1or:<\/strong><br \/><strong>\u201cAl\u00e9grate sobremanera, hija de Si\u00f3n;<\/strong><br \/><strong>da gritos de j\u00fabilo, hija de Jerusal\u00e9n;<\/strong><br \/><strong>mira a tu rey que viene a ti,<\/strong><br \/><strong>justo y victorioso,<\/strong><br \/><strong>humilde y montado en un burrito.<\/strong><\/p>\n<p><strong>\u00c9l har\u00e1 desaparecer de la tierra de Efra\u00edn los carros de guerra,<\/strong><br \/><strong>y de Jerusal\u00e9n, los caballos de combate.<\/strong><br \/><strong>Romper\u00e1 el arco del guerrero<\/strong><br \/><strong>y anunciar\u00e1 la paz a las naciones.<\/strong><br \/><strong>Su poder se extender\u00e1 de mar a mar<\/strong><br \/><strong>y desde el gran r\u00edo hasta los \u00faltimos rincones de la tierra\u2019\u2019.<\/strong><\/p>\n<\/div>\n<\/div>\n<\/div>\n<\/div>\n<div id=\"cs_control_289228\" class=\"cs_control  CS_Element_Textblock\">\n<div class=\"CS_Textblock_Text\">\n<div class=\"bibleReadingsWrapper\">\n<h4><strong>Salmo Responsorial<\/strong><\/h4>\n<h4><strong>Salmo 144, 1-2. 8-9. 10-11. 13cd-14<\/strong><\/h4>\n<div class=\"poetry\">\n<p><strong>R. (1) Acu\u00e9rdate, Se\u00f1or, de tu misericordia.<\/strong><br \/><strong>Dios y rey m\u00edo, yo te alabar\u00e9,<\/strong><br \/><strong>bendecir\u00e9 tu nombre siempre y para siempre.<\/strong><br \/><strong>Un d\u00eda tras otro bendecir\u00e9 tu nombre<\/strong><br \/><strong>y no cesar\u00e1 mi boca de alabarte.<\/strong><\/p>\n<p><strong>R. Acu\u00e9rdate, Se\u00f1or, de tu misericordia.<\/strong><br \/><strong>El Se\u00f1or es compasivo y misericordioso,<\/strong><br \/><strong>lento para enojarse y generoso para perdonar.<\/strong><br \/><strong>Bueno es el Se\u00f1or para con todos<\/strong><br \/><strong>y su amor se extiende a todas sus creaturas.<\/strong><\/p>\n<p><strong>R. Acu\u00e9rdate, Se\u00f1or, de tu misericordia.<\/strong><br \/><strong>El Se\u00f1or es siempre fiel a sus palabras,<\/strong><br \/><strong>y lleno de bondad en sus acciones.<\/strong><br \/><strong>Da su apoyo el Se\u00f1or al que tropieza<\/strong><br \/><strong>y al agobiado alivia.<\/strong><\/p>\n<p><strong>R. Acu\u00e9rdate, Se\u00f1or, de tu misericordia.<\/strong><br \/><strong>Que te alaben, Se\u00f1or, todas tus obras,<\/strong><br \/><strong>y que todos tus fieles te bendigan.<\/strong><br \/><strong>Que proclamen la gloria de tu reino<\/strong><br \/><strong>y den a conocer tus maravillas.<\/strong><\/p>\n<p><strong>R. Acu\u00e9rdate, Se\u00f1or, de tu misericordia.<\/strong><\/p>\n<\/div>\n<\/div>\n<\/div>\n<\/div>\n<div id=\"cs_control_289230\" class=\"cs_control  CS_Element_Textblock\">\n<div class=\"CS_Textblock_Text\">\n<div class=\"bibleReadingsWrapper\">\n<h4><strong>Segunda lectura<\/strong><\/h4>\n<h4><strong>Rom 8, 9. 11-13<\/strong><\/h4>\n<div class=\"poetry\">\n<p><strong>Hermanos: Ustedes no viven conforme al desorden ego\u00edsta del hombre, sino conforme al Esp\u00edritu, puesto que el Esp\u00edritu de Dios habita verdaderamente en ustedes. Quien no tiene el Esp\u00edritu de Cristo, no es de Cristo. Si el Esp\u00edritu del Padre, que resucit\u00f3 a Jes\u00fas de entre los muertos habita en ustedes, entonces el Padre, que resucit\u00f3 a Jes\u00fas de entre los muertos, tambi\u00e9n les dar\u00e1 vida a sus cuerpos mortales, por obra de su Esp\u00edritu, que habita en ustedes.<\/strong><\/p>\n<p><strong>Por lo tanto, hermanos, no estamos sujetos al desorden ego\u00edsta del hombre, para hacer de ese desorden nuestra regla de conducta. Pues si ustedes viven de ese modo, ciertamente ser\u00e1n destruidos. Por el contrario, si con la ayuda del Esp\u00edritu destruyen sus malas acciones, entonces vivir\u00e1n.<\/strong><\/p>\n<\/div>\n<\/div>\n<div class=\"bibleReadingsWrapper\">\n<h4><strong>Aclamaci\u00f3n antes del Evangelio<\/strong><\/h4>\n<h4><strong>Cfr Mt 11, 25<\/strong><\/h4>\n<div class=\"poetry\">\n<p><strong>R. Aleluya, aleluya.<\/strong><br \/><strong>Te doy gracias, Padre, Se\u00f1or del cielo y de la tierra,<\/strong><br \/><strong>porque has revelado los misterios del Reino<\/strong><br \/><strong>a la gente sencilla.<\/strong><br \/><strong>R. Aleluya.<\/strong><\/p>\n<\/div>\n<\/div>\n<\/div>\n<\/div>\n<div id=\"cs_control_289231\" class=\"cs_control  CS_Element_Textblock\">\n<div class=\"CS_Textblock_Text\">\n<div class=\"bibleReadingsWrapper\">\n<h4><strong>Evangelio<\/strong><\/h4>\n<h4><strong>Mt 11, 25-30<\/strong><\/h4>\n<div class=\"poetry\">\n<p><strong>En aquel tiempo, Jes\u00fas exclam\u00f3: \u201c\u00a1Te doy gracias, Padre, Se\u00f1or del cielo y de la tierra, porque has escondido estas cosas a los sabios y entendidos, y las has revelado a la gente sencilla! Gracias, Padre, porque as\u00ed te ha parecido bien.<\/strong><\/p>\n<p><strong>El Padre ha puesto todas las cosas en mis manos. Nadie conoce al Hijo sino el Padre; nadie conoce al Padre sino el Hijo y aquel a quien el Hijo se lo quiera revelar.<\/strong><\/p>\n<p><strong>Vengan a m\u00ed, todos los que est\u00e1n fatigados y agobiados por la carga y yo les dar\u00e9 alivio. Tomen mi yugo sobre ustedes y aprendan de m\u00ed, que soy manso y humilde de coraz\u00f3n, y encontrar\u00e1n descanso, porque mi yugo es suave y mi carga, ligera\u2019\u2019.<\/strong><\/p>\n<\/div>\n<\/div>\n<\/div>\n<\/div>\n<div id=\"cs_control_289214\" class=\"cs_control  CS_Element_Textblock\"><img loading=\"lazy\" decoding=\"async\" src=\"http:\/\/fatherbroom.com\/es\/wp-content\/media\/sites\/3\/Screen-Shot-2020-07-04-at-10.32.22-PM-300x99.png\" alt=\"\" width=\"552\" height=\"182\" class=\"aligncenter  wp-image-23175\" srcset=\"https:\/\/fatherbroom.com\/es\/wp-content\/media\/sites\/3\/Screen-Shot-2020-07-04-at-10.32.22-PM-300x99.png 300w, https:\/\/fatherbroom.com\/es\/wp-content\/media\/sites\/3\/Screen-Shot-2020-07-04-at-10.32.22-PM-768x254.png 768w, https:\/\/fatherbroom.com\/es\/wp-content\/media\/sites\/3\/Screen-Shot-2020-07-04-at-10.32.22-PM-1024x338.png 1024w, https:\/\/fatherbroom.com\/es\/wp-content\/media\/sites\/3\/Screen-Shot-2020-07-04-at-10.32.22-PM.png 1544w\" sizes=\"auto, (max-width: 552px) 100vw, 552px\" \/><br \/><strong>Catecismo de la Iglesia Cat\u00f3lica<\/strong><\/div>\n<p><strong>33 El hombre: Con su apertura a la verdad y a la belleza, con su sentido del bien moral, con su libertad y la voz de su conciencia, con su aspiraci\u00f3n al infinito y a la dicha, el hombre se interroga sobre la existencia de Dios. En todo esto se perciben signos de su alma espiritual. La \u00absemilla de eternidad que lleva en s\u00ed, al ser irreductible a la sola materia\u00bb (GS 18,1; cf. 14,2), su alma, no puede tener origen m\u00e1s que en Dios.<\/strong><\/p>\n<div class=\"synved-social-container synved-social-container-share\" style=\"text-align: center\"><a class=\"synved-social-button synved-social-button-share synved-social-size-48 synved-social-resolution-single synved-social-provider-facebook nolightbox\" data-provider=\"facebook\" target=\"_blank\" rel=\"nofollow\" title=\"Share on Facebook\" href=\"https:\/\/www.facebook.com\/sharer.php?u=https%3A%2F%2Ffatherbroom.com%2Fes%2Fwp-json%2Fwp%2Fv2%2Fposts%2F23172&#038;t=LECTURAS%20DEL%20DIA%20Y%20CATECISMO%20%7C%205%20JULIO%202020&#038;s=100&#038;p&#091;url&#093;=https%3A%2F%2Ffatherbroom.com%2Fes%2Fwp-json%2Fwp%2Fv2%2Fposts%2F23172&#038;p&#091;images&#093;&#091;0&#093;=http%3A%2F%2Ffatherbroom.com%2Fes%2Fwp-content%2Fmedia%2Fsites%2F3%2FScreen-Shot-2020-07-04-at-10.32.22-PM-300x99.png&#038;p&#091;title&#093;=LECTURAS%20DEL%20DIA%20Y%20CATECISMO%20%7C%205%20JULIO%202020\" style=\"font-size: 0px;width:48px;height:48px;margin:0;margin-bottom:5px;margin-right:5px\"><img loading=\"lazy\" decoding=\"async\" alt=\"Facebook\" title=\"Share on Facebook\" class=\"synved-share-image synved-social-image synved-social-image-share\" width=\"48\" height=\"48\" style=\"display: inline;width:48px;height:48px;margin: 0;padding: 0;border: none;box-shadow: none\" src=\"https:\/\/fatherbroom.com\/es\/wp-content\/plugins\/social-media-feather\/synved-social\/image\/social\/regular\/96x96\/facebook.png\" \/><\/a><a class=\"synved-social-button synved-social-button-share synved-social-size-48 synved-social-resolution-single synved-social-provider-twitter nolightbox\" data-provider=\"twitter\" target=\"_blank\" rel=\"nofollow\" title=\"Share on Twitter\" href=\"https:\/\/twitter.com\/intent\/tweet?url=https%3A%2F%2Ffatherbroom.com%2Fes%2Fwp-json%2Fwp%2Fv2%2Fposts%2F23172&#038;text=Hey%20check%20this%20out\" style=\"font-size: 0px;width:48px;height:48px;margin:0;margin-bottom:5px;margin-right:5px\"><img loading=\"lazy\" decoding=\"async\" alt=\"twitter\" title=\"Share on Twitter\" class=\"synved-share-image synved-social-image synved-social-image-share\" width=\"48\" height=\"48\" style=\"display: inline;width:48px;height:48px;margin: 0;padding: 0;border: none;box-shadow: none\" src=\"https:\/\/fatherbroom.com\/es\/wp-content\/plugins\/social-media-feather\/synved-social\/image\/social\/regular\/96x96\/twitter.png\" \/><\/a><a class=\"synved-social-button synved-social-button-share synved-social-size-48 synved-social-resolution-single synved-social-provider-reddit nolightbox\" data-provider=\"reddit\" target=\"_blank\" rel=\"nofollow\" title=\"Share on Reddit\" href=\"https:\/\/www.reddit.com\/submit?url=https%3A%2F%2Ffatherbroom.com%2Fes%2Fwp-json%2Fwp%2Fv2%2Fposts%2F23172&#038;title=LECTURAS%20DEL%20DIA%20Y%20CATECISMO%20%7C%205%20JULIO%202020\" style=\"font-size: 0px;width:48px;height:48px;margin:0;margin-bottom:5px;margin-right:5px\"><img loading=\"lazy\" decoding=\"async\" alt=\"reddit\" title=\"Share on Reddit\" class=\"synved-share-image synved-social-image synved-social-image-share\" width=\"48\" height=\"48\" style=\"display: inline;width:48px;height:48px;margin: 0;padding: 0;border: none;box-shadow: none\" src=\"https:\/\/fatherbroom.com\/es\/wp-content\/plugins\/social-media-feather\/synved-social\/image\/social\/regular\/96x96\/reddit.png\" \/><\/a><a class=\"synved-social-button synved-social-button-share synved-social-size-48 synved-social-resolution-single synved-social-provider-pinterest nolightbox\" data-provider=\"pinterest\" target=\"_blank\" rel=\"nofollow\" title=\"Pin it with Pinterest\" href=\"https:\/\/pinterest.com\/pin\/create\/button\/?url=https%3A%2F%2Ffatherbroom.com%2Fes%2Fwp-json%2Fwp%2Fv2%2Fposts%2F23172&#038;media=http%3A%2F%2Ffatherbroom.com%2Fes%2Fwp-content%2Fmedia%2Fsites%2F3%2FScreen-Shot-2020-07-04-at-10.32.22-PM-300x99.png&#038;description=LECTURAS%20DEL%20DIA%20Y%20CATECISMO%20%7C%205%20JULIO%202020\" style=\"font-size: 0px;width:48px;height:48px;margin:0;margin-bottom:5px;margin-right:5px\"><img loading=\"lazy\" decoding=\"async\" alt=\"pinterest\" title=\"Pin it with Pinterest\" class=\"synved-share-image synved-social-image synved-social-image-share\" width=\"48\" height=\"48\" style=\"display: inline;width:48px;height:48px;margin: 0;padding: 0;border: none;box-shadow: none\" src=\"https:\/\/fatherbroom.com\/es\/wp-content\/plugins\/social-media-feather\/synved-social\/image\/social\/regular\/96x96\/pinterest.png\" \/><\/a><a class=\"synved-social-button synved-social-button-share synved-social-size-48 synved-social-resolution-single synved-social-provider-linkedin nolightbox\" data-provider=\"linkedin\" target=\"_blank\" rel=\"nofollow\" title=\"Share on Linkedin\" href=\"https:\/\/www.linkedin.com\/shareArticle?mini=true&#038;url=https%3A%2F%2Ffatherbroom.com%2Fes%2Fwp-json%2Fwp%2Fv2%2Fposts%2F23172&#038;title=LECTURAS%20DEL%20DIA%20Y%20CATECISMO%20%7C%205%20JULIO%202020\" style=\"font-size: 0px;width:48px;height:48px;margin:0;margin-bottom:5px;margin-right:5px\"><img loading=\"lazy\" decoding=\"async\" alt=\"linkedin\" title=\"Share on Linkedin\" class=\"synved-share-image synved-social-image synved-social-image-share\" width=\"48\" height=\"48\" style=\"display: inline;width:48px;height:48px;margin: 0;padding: 0;border: none;box-shadow: none\" src=\"https:\/\/fatherbroom.com\/es\/wp-content\/plugins\/social-media-feather\/synved-social\/image\/social\/regular\/96x96\/linkedin.png\" \/><\/a><a class=\"synved-social-button synved-social-button-share synved-social-size-48 synved-social-resolution-single synved-social-provider-mail nolightbox\" data-provider=\"mail\" rel=\"nofollow\" title=\"Share by email\" href=\"mailto:?subject=LECTURAS%20DEL%20DIA%20Y%20CATECISMO%20%7C%205%20JULIO%202020&#038;body=Hey%20check%20this%20out:%20https%3A%2F%2Ffatherbroom.com%2Fes%2Fwp-json%2Fwp%2Fv2%2Fposts%2F23172\" style=\"font-size: 0px;width:48px;height:48px;margin:0;margin-bottom:5px\"><img loading=\"lazy\" decoding=\"async\" alt=\"mail\" title=\"Share by email\" class=\"synved-share-image synved-social-image synved-social-image-share\" width=\"48\" height=\"48\" style=\"display: inline;width:48px;height:48px;margin: 0;padding: 0;border: none;box-shadow: none\" src=\"https:\/\/fatherbroom.com\/es\/wp-content\/plugins\/social-media-feather\/synved-social\/image\/social\/regular\/96x96\/mail.png\" \/><\/a><\/div>","protected":false},"excerpt":{"rendered":"<p>XIV Domingo Ordinario Primera lectura Zac 9, 9-10 Esto dice el Se\u00f1or:\u201cAl\u00e9grate sobremanera, hija de Si\u00f3n;da gritos de j\u00fabilo, hija de Jerusal\u00e9n;mira a tu rey que viene a ti,justo y victorioso,humilde y montado en un burrito. \u00c9l har\u00e1 desaparecer de la tierra de Efra\u00edn los carros de guerra,y de Jerusal\u00e9n, los caballos de combate.Romper\u00e1 el [&hellip;]<\/p>\n","protected":false},"author":7,"featured_media":0,"comment_status":"open","ping_status":"open","sticky":false,"template":"","format":"standard","meta":{"_genesis_hide_title":false,"_genesis_hide_breadcrumbs":false,"_genesis_hide_singular_image":false,"_genesis_hide_footer_widgets":false,"_genesis_custom_body_class":"","_genesis_custom_post_class":"","_genesis_layout":"","footnotes":""},"categories":[277],"tags":[],"class_list":{"0":"post-23172","1":"post","2":"type-post","3":"status-publish","4":"format-standard","6":"category-lecturas-del-dia","7":"entry"},"_links":{"self":[{"href":"https:\/\/fatherbroom.com\/es\/wp-json\/wp\/v2\/posts\/23172","targetHints":{"allow":["GET"]}}],"collection":[{"href":"https:\/\/fatherbroom.com\/es\/wp-json\/wp\/v2\/posts"}],"about":[{"href":"https:\/\/fatherbroom.com\/es\/wp-json\/wp\/v2\/types\/post"}],"author":[{"embeddable":true,"href":"https:\/\/fatherbroom.com\/es\/wp-json\/wp\/v2\/users\/7"}],"replies":[{"embeddable":true,"href":"https:\/\/fatherbroom.com\/es\/wp-json\/wp\/v2\/comments?post=23172"}],"version-history":[{"count":2,"href":"https:\/\/fatherbroom.com\/es\/wp-json\/wp\/v2\/posts\/23172\/revisions"}],"predecessor-version":[{"id":23176,"href":"https:\/\/fatherbroom.com\/es\/wp-json\/wp\/v2\/posts\/23172\/revisions\/23176"}],"wp:attachment":[{"href":"https:\/\/fatherbroom.com\/es\/wp-json\/wp\/v2\/media?parent=23172"}],"wp:term":[{"taxonomy":"category","embeddable":true,"href":"https:\/\/fatherbroom.com\/es\/wp-json\/wp\/v2\/categories?post=23172"},{"taxonomy":"post_tag","embeddable":true,"href":"https:\/\/fatherbroom.com\/es\/wp-json\/wp\/v2\/tags?post=23172"}],"curies":[{"name":"wp","href":"https:\/\/api.w.org\/{rel}","templated":true}]}}